{"id":11026,"date":"2013-11-18T19:48:11","date_gmt":"2013-11-19T00:48:11","guid":{"rendered":"http:\/\/elizabethmaymp.ca?p=11026"},"modified":"2013-11-19T15:36:59","modified_gmt":"2013-11-19T20:36:59","slug":"in-which-i-get-a-pink-badge","status":"publish","type":"post","link":"https:\/\/elizabethmaymp.ca\/fr\/in-which-i-get-a-pink-badge\/","title":{"rendered":"J\u2019ai finalement eu mon laissez-passer rose!"},"content":{"rendered":"<p>Je me suis pr\u00e9par\u00e9e t\u00f4t aujourd\u2019hui. J\u2019avais en t\u00eate l\u2019organisation \u00e9pouvantable de la Conf\u00e9rence des Parties de Copenhague o\u00f9 j\u2019avais eu tr\u00e8s froid. Lors de la 15<sup>e<\/sup> session de la Conf\u00e9rence des Parties, nous devions faire la file dehors pendant des heures (jour apr\u00e8s jour) dans un froid mordant. Pour assurer mes arri\u00e8res, cette fois-ci, je suis arriv\u00e9e \u00e0 7\u00a0h \u00e0 l\u2019immense stade de Varsovie, transform\u00e9 pour l\u2019occasion en centre des congr\u00e8s pour la 19<sup>e<\/sup> session de la Conf\u00e9rence des Parties. Je n\u2019ai eu \u00e0 attendre \u00e0 l\u2019ext\u00e9rieur qu\u2019une demi-heure avant que les agents de s\u00e9curit\u00e9 ne d\u00e9cident de nous faire entrer pour attendre au chaud.<\/p>\n<p><img loading=\"lazy\" decoding=\"async\" alt=\"Afghan Badge\" src=\"http:\/\/elizabethmaymp.ca\/wp-content\/uploads\/Afghan-Badge-250x160.jpg?1fe074\" width=\"250\" height=\"160\" align=\"left\" hspace=\"5\" vspace=\"5\" \/>Mon accr\u00e9ditation des Verts mondiaux, qui me donne un acc\u00e8s limit\u00e9 en tant qu\u2019observatrice, m\u2019attendait, mais comme je le disais hier dans mon blogue, j\u2019esp\u00e9rais obtenir mon laissez-passer rose, qui m\u2019identifierait en tant que membre d\u2019une d\u00e9l\u00e9gation gouvernementale. Bien entendu, tous les autres parlementaires Verts ici font partie d\u2019une d\u00e9l\u00e9gation gouvernementale \u2013 qu\u2019ils soient dans l\u2019opposition ou au pouvoir.<\/p>\n<p>Gr\u00e2ce aux arrangements pris par courriels, j\u2019ai rencontr\u00e9 le sous-ministre de l\u2019Agence nationale de l\u2019Environnement de l\u2019Afghanistan et chef de la d\u00e9l\u00e9gation de ce pays, Ghulam\u00a0 Mohd Malikyar. Il m\u2019a accompagn\u00e9 \u00e0 l\u2019entr\u00e9e pour m\u2019inscrire \u00e0 titre de membre de sa d\u00e9l\u00e9gation. Avec seulement trois repr\u00e9sentants du gouvernement de ce pays et un membre b\u00e9n\u00e9vole \u2013 le chercheur australien Ian McGregor, qui travaille avec la d\u00e9l\u00e9gation de l\u2019Afghanistan depuis plusieurs ann\u00e9es \u2013 mon arriv\u00e9e au sein de la d\u00e9l\u00e9gation de l\u2019Afghanistan a augment\u00e9 la taille du petit groupe de 25\u00a0pour 100.<\/p>\n<p>Je me porte volontaire pour apporter mon aide \u00e0 un pays qui a connu son lot de moments difficiles en raison de la guerre et des conflits arm\u00e9s. Selon le jargon de l\u2019ONU, l\u2019Afghanistan est d\u00e9crit comme un pays en p\u00e9riode\u00a0\u00ab\u00a0d\u2019apr\u00e8s-conflit\u00a0\u00bb. Dans les n\u00e9gociations sur le r\u00e9chauffement climatique, l\u2019Afghanistan travaille \u00e0 l\u2019int\u00e9rieur de deux groupes de pays \u2013 le G77 et la Chine (il s\u2019agit d\u2019un groupe pr\u00e9sid\u00e9 au cours de cette session par Fiji) et les pays moins d\u00e9velopp\u00e9s, pr\u00e9sid\u00e9s au cours de cette session par le N\u00e9pal. Ces groupes de pays font pression pour des mesures plus strictes et imm\u00e9diates pour r\u00e9soudre la crise du climat. En tant qu\u2019experte-conseil aupr\u00e8s de la d\u00e9l\u00e9gation de l\u2019Afghanistan, je donne des conseils sur les politiques et je les aide \u00e0 prendre des notes durant les sessions o\u00f9 la petite d\u00e9l\u00e9gation ne pourrait participer.<\/p>\n<p>Ian McGregor, ce chercheur australien, et moi, la Canadienne, avons d\u00e9cid\u00e9 que nous \u00e9tions devenus une nouvelle vari\u00e9t\u00e9 de \u00ab\u00a0r\u00e9fugi\u00e9s environnementaux\u00a0\u00bb. Nos propres gouvernements sont tellement \u00e9pouvantables que nous avons plus \u00e0 faire en tant que \u00ab\u00a0r\u00e9fugi\u00e9s\u00a0\u00bb \u2013 en cherchant asile aupr\u00e8s d\u2019un autre gouvernement.<\/p>\n<p>Aujourd\u2019hui, j\u2019ai aussi accroch\u00e9 \u00e0 mes v\u00eatements le petit cercle rouge port\u00e9 par les d\u00e9l\u00e9gu\u00e9s qui participent au je\u00fbne en signe de solidarit\u00e9 avec le chef de la d\u00e9l\u00e9gation des Philippines.<\/p>\n<p>Concr\u00e8tement, les discussions d\u2019aujourd\u2019hui ont port\u00e9 sur l\u2019\u00e9bauche d\u2019un texte donn\u00e9 par l\u2019un des copr\u00e9sidents du groupe de travail sp\u00e9cial sur la plate-forme de Durban pour une action renforc\u00e9e (qui pour une raison connue de l\u2019ONU porte l\u2019acronyme anglais ADP). Les copr\u00e9sidents ont travaill\u00e9 toute la fin de semaine pour \u00e9laborer cette proposition de texte pour ce qui sera la conclusion de cette Conf\u00e9rence des Parties de Varsovie. La prochaine session de la Conf\u00e9rence des Parties aura lieu au P\u00e9rou. La d\u00e9l\u00e9gation p\u00e9ruvienne est donc tout particuli\u00e8rement int\u00e9ress\u00e9e \u00e0 ce que des progr\u00e8s r\u00e9els sur ce texte soient faits \u00e0 Varsovie. Comme l\u2019un des d\u00e9l\u00e9gu\u00e9s (pas du P\u00e9rou) le disait, la vraie entente se fera \u00e0 Lima en 2014, et pas \u00e0 Paris en 2015, o\u00f9, par chance, le travail difficile aura \u00e9t\u00e9 fait bien avant.<\/p>\n<p>Le texte des copr\u00e9sidents ne ressemble pas du tout \u00e0 ce qu\u2019aucun des groupes de pays ne voulait. Le club des pays riches industrialis\u00e9s suiveurs (appel\u00e9 le groupe de coordination qui comprend le Canada, les \u00c9tats-Unis, le Japon, l\u2019Australie, la Nouvelle-Z\u00e9lande, la Russie et la Norv\u00e8ge \u2013 m\u00eame si ce dernier pays a une strat\u00e9gie int\u00e9rieure fantastique, et devrait atteindre un seuil de 30\u00a0% en dessous des niveaux de 1990 d\u2019ici 2020) n\u2019a pas beaucoup aim\u00e9 cette \u00e9bauche, ainsi que le groupe du G77 et de la Chine, et celui des pays moins d\u00e9velopp\u00e9s. Ce que je peux dire de mieux sur ce qui se passe, c\u2019est que c\u2019est un d\u00e9but qui permettra des n\u00e9gociations s\u00e9rieuses pour aboutir \u00e0 un texte d\u2019ici 2014. Vous pouvez trouver tous les textes des Conf\u00e9rences des Parties sur le site de la CCNUCC\u00a0: <a href=\"http:\/\/unfccc.int\/2860.php\">http:\/\/unfccc.int\/2860.php<\/a><\/p>\n<p>La ministre Aglukkaq est semble-t-il arriv\u00e9e aujourd\u2019hui, mais je ne l\u2019ai pas vue dans la salle de la Conf\u00e9rence. Elle prendra la parole durant les r\u00e9unions de haut niveau de mercredi. Heureusement, notre bilan environnemental lamentable sera \u00e9clips\u00e9 par celui de l\u2019Australie, qui devrait d\u00e9crocher le prix \u00ab Fossile du jour \u00bb cette semaine. Les r\u00e9unions de haut niveau commenceront officiellement demain.<\/p>\n<p>Quant \u00e0 moi, avec le d\u00e9calage horaire, le je\u00fbne et les efforts pour me concentrer et faire mon travail, la journ\u00e9e a \u00e9t\u00e9 longue. J\u2019en dirai plus, demain&#8230;<\/p>","protected":false},"excerpt":{"rendered":"<p>Je me suis pr\u00e9par\u00e9e t\u00f4t aujourd\u2019hui. J\u2019avais en t\u00eate l\u2019organisation \u00e9pouvantable de la Conf\u00e9rence des Parties de Copenhague o\u00f9 j\u2019avais eu tr\u00e8s froid. Lors de la 15e session&hellip;<\/p>\n","protected":false},"author":3,"featured_media":0,"comment_status":"open","ping_status":"open","sticky":false,"template":"","format":"standard","meta":{"_acf_changed":false,"_price":"","_stock":"","_tribe_ticket_header":"","_tribe_default_ticket_provider":"","_tribe_ticket_capacity":"","_ticket_start_date":"","_ticket_end_date":"","_tribe_ticket_show_description":"","_tribe_ticket_show_not_going":false,"_tribe_ticket_use_global_stock":"","_tribe_ticket_global_stock_level":"","_global_stock_mode":"","_global_stock_cap":"","_tribe_rsvp_for_event":"","_tribe_ticket_going_count":"","_tribe_ticket_not_going_count":"","_tribe_tickets_list":"[]","_tribe_ticket_has_attendee_info_fields":false,"footnotes":""},"categories":[84],"tags":[],"class_list":["post-11026","post","type-post","status-publish","format-standard","hentry","category-blogs"],"acf":[],"yoast_head":"<!-- This site is optimized with the Yoast SEO plugin v27.4 - https:\/\/yoast.com\/product\/yoast-seo-wordpress\/ -->\n<title>J\u2019ai finalement eu mon laissez-passer rose! | Elizabeth May<\/title>\n<meta name=\"robots\" content=\"index, follow, max-snippet:-1, max-image-preview:large, max-video-preview:-1\" \/>\n<link rel=\"canonical\" href=\"https:\/\/elizabethmaymp.ca\/fr\/in-which-i-get-a-pink-badge\/\" \/>\n<meta property=\"og:locale\" content=\"en_US\" \/>\n<meta property=\"og:type\" content=\"article\" \/>\n<meta property=\"og:title\" content=\"J\u2019ai finalement eu mon laissez-passer rose! | Elizabeth May\" \/>\n<meta property=\"og:description\" content=\"Je me suis pr\u00e9par\u00e9e t\u00f4t aujourd\u2019hui. J\u2019avais en t\u00eate l\u2019organisation \u00e9pouvantable de la Conf\u00e9rence des Parties de Copenhague o\u00f9 j\u2019avais eu tr\u00e8s froid. Lors de la 15e session&hellip;\" \/>\n<meta property=\"og:url\" content=\"https:\/\/elizabethmaymp.ca\/fr\/in-which-i-get-a-pink-badge\/\" \/>\n<meta property=\"og:site_name\" content=\"Elizabeth May\" \/>\n<meta property=\"article:publisher\" content=\"https:\/\/www.facebook.com\/ElizabethMayMP\" \/>\n<meta property=\"article:published_time\" content=\"2013-11-19T00:48:11+00:00\" \/>\n<meta property=\"article:modified_time\" content=\"2013-11-19T20:36:59+00:00\" \/>\n<meta property=\"og:image\" content=\"http:\/\/elizabethmaymp.ca\/wp-content\/uploads\/Afghan-Badge-250x160.jpg?1fe074\" \/>\n<meta name=\"author\" content=\"Craig Cantin\" \/>\n<meta name=\"twitter:card\" content=\"summary_large_image\" \/>\n<meta name=\"twitter:creator\" content=\"@elizabethmay\" \/>\n<meta name=\"twitter:site\" content=\"@elizabethmay\" \/>\n<meta name=\"twitter:label1\" content=\"Written by\" \/>\n\t<meta name=\"twitter:data1\" content=\"Craig Cantin\" \/>\n\t<meta name=\"twitter:label2\" content=\"Est. reading time\" \/>\n\t<meta name=\"twitter:data2\" content=\"8 minutes\" \/>\n<script type=\"application\/ld+json\" class=\"yoast-schema-graph\">{\"@context\":\"https:\\\/\\\/schema.org\",\"@graph\":[{\"@type\":\"Article\",\"@id\":\"https:\\\/\\\/elizabethmaymp.ca\\\/fr\\\/in-which-i-get-a-pink-badge\\\/#article\",\"isPartOf\":{\"@id\":\"https:\\\/\\\/elizabethmaymp.ca\\\/fr\\\/in-which-i-get-a-pink-badge\\\/\"},\"author\":{\"name\":\"Craig Cantin\",\"@id\":\"https:\\\/\\\/elizabethmaymp.ca\\\/#\\\/schema\\\/person\\\/d3f03a762a6bc9b615b1cc303ebf0c1f\"},\"headline\":\"J\u2019ai finalement eu mon laissez-passer rose!\",\"datePublished\":\"2013-11-19T00:48:11+00:00\",\"dateModified\":\"2013-11-19T20:36:59+00:00\",\"mainEntityOfPage\":{\"@id\":\"https:\\\/\\\/elizabethmaymp.ca\\\/fr\\\/in-which-i-get-a-pink-badge\\\/\"},\"wordCount\":1701,\"commentCount\":32,\"publisher\":{\"@id\":\"https:\\\/\\\/elizabethmaymp.ca\\\/#organization\"},\"image\":{\"@id\":\"https:\\\/\\\/elizabethmaymp.ca\\\/fr\\\/in-which-i-get-a-pink-badge\\\/#primaryimage\"},\"thumbnailUrl\":\"http:\\\/\\\/elizabethmaymp.ca\\\/wp-content\\\/uploads\\\/Afghan-Badge-250x160.jpg\",\"articleSection\":[\"Blogues\"],\"inLanguage\":\"en-US\"},{\"@type\":\"WebPage\",\"@id\":\"https:\\\/\\\/elizabethmaymp.ca\\\/fr\\\/in-which-i-get-a-pink-badge\\\/\",\"url\":\"https:\\\/\\\/elizabethmaymp.ca\\\/fr\\\/in-which-i-get-a-pink-badge\\\/\",\"name\":\"In which I get a pink badge!J\u2019ai finalement eu mon laissez-passer rose! | Elizabeth May\",\"isPartOf\":{\"@id\":\"https:\\\/\\\/elizabethmaymp.ca\\\/fr\\\/#website\"},\"primaryImageOfPage\":{\"@id\":\"https:\\\/\\\/elizabethmaymp.ca\\\/fr\\\/in-which-i-get-a-pink-badge\\\/#primaryimage\"},\"image\":{\"@id\":\"https:\\\/\\\/elizabethmaymp.ca\\\/fr\\\/in-which-i-get-a-pink-badge\\\/#primaryimage\"},\"thumbnailUrl\":\"http:\\\/\\\/elizabethmaymp.ca\\\/wp-content\\\/uploads\\\/Afghan-Badge-250x160.jpg\",\"datePublished\":\"2013-11-19T00:48:11+00:00\",\"dateModified\":\"2013-11-19T20:36:59+00:00\",\"breadcrumb\":{\"@id\":\"https:\\\/\\\/elizabethmaymp.ca\\\/fr\\\/in-which-i-get-a-pink-badge\\\/#breadcrumb\"},\"inLanguage\":\"en-US\",\"potentialAction\":[{\"@type\":\"ReadAction\",\"target\":[[\"https:\\\/\\\/elizabethmaymp.ca\\\/fr\\\/in-which-i-get-a-pink-badge\\\/\"]]}]},{\"@type\":\"ImageObject\",\"inLanguage\":\"en-US\",\"@id\":\"https:\\\/\\\/elizabethmaymp.ca\\\/fr\\\/in-which-i-get-a-pink-badge\\\/#primaryimage\",\"url\":\"http:\\\/\\\/elizabethmaymp.ca\\\/wp-content\\\/uploads\\\/Afghan-Badge-250x160.jpg\",\"contentUrl\":\"http:\\\/\\\/elizabethmaymp.ca\\\/wp-content\\\/uploads\\\/Afghan-Badge-250x160.jpg\"},{\"@type\":\"BreadcrumbList\",\"@id\":\"https:\\\/\\\/elizabethmaymp.ca\\\/fr\\\/in-which-i-get-a-pink-badge\\\/#breadcrumb\",\"itemListElement\":[{\"@type\":\"ListItem\",\"position\":1,\"name\":\"Home\",\"item\":\"https:\\\/\\\/elizabethmaymp.ca\\\/fr\\\/\"},{\"@type\":\"ListItem\",\"position\":2,\"name\":\"J\u2019ai finalement eu mon laissez-passer rose!\"}]},{\"@type\":\"WebSite\",\"@id\":\"https:\\\/\\\/elizabethmaymp.ca\\\/fr\\\/#website\",\"url\":\"https:\\\/\\\/elizabethmaymp.ca\\\/fr\\\/\",\"name\":\"Elizabeth May\",\"description\":\"MP for Saanich and Gulf Islands\",\"publisher\":{\"@id\":\"https:\\\/\\\/elizabethmaymp.ca\\\/fr\\\/#organization\"},\"potentialAction\":[{\"@type\":\"SearchAction\",\"target\":{\"@type\":\"EntryPoint\",\"urlTemplate\":\"https:\\\/\\\/elizabethmaymp.ca\\\/fr\\\/?s={search_term_string}\"},\"query-input\":{\"@type\":\"PropertyValueSpecification\",\"valueRequired\":true,\"valueName\":\"search_term_string\"}}],\"inLanguage\":\"en-US\"},{\"@type\":\"Organization\",\"@id\":\"https:\\\/\\\/elizabethmaymp.ca\\\/fr\\\/#organization\",\"name\":\"Elizabeth May MP\",\"url\":\"https:\\\/\\\/elizabethmaymp.ca\\\/fr\\\/\",\"logo\":{\"@type\":\"ImageObject\",\"inLanguage\":\"en-US\",\"@id\":\"https:\\\/\\\/elizabethmaymp.ca\\\/fr\\\/#\\\/schema\\\/logo\\\/image\\\/\",\"url\":\"https:\\\/\\\/elizabethmaymp.ca\\\/wp-content\\\/uploads\\\/elizabethmay-button.png\",\"contentUrl\":\"https:\\\/\\\/elizabethmaymp.ca\\\/wp-content\\\/uploads\\\/elizabethmay-button.png\",\"width\":1501,\"height\":1501,\"caption\":\"Elizabeth May MP\"},\"image\":{\"@id\":\"https:\\\/\\\/elizabethmaymp.ca\\\/fr\\\/#\\\/schema\\\/logo\\\/image\\\/\"},\"sameAs\":[\"https:\\\/\\\/www.facebook.com\\\/ElizabethMayMP\",\"https:\\\/\\\/x.com\\\/elizabethmay\"]},{\"@type\":\"Person\",\"@id\":\"https:\\\/\\\/elizabethmaymp.ca\\\/#\\\/schema\\\/person\\\/d3f03a762a6bc9b615b1cc303ebf0c1f\",\"name\":\"Craig Cantin\",\"image\":{\"@type\":\"ImageObject\",\"inLanguage\":\"en-US\",\"@id\":\"https:\\\/\\\/secure.gravatar.com\\\/avatar\\\/4c95358098caf4f50815f5fc942d6d14142d8b46ece2b18c21ac1fb7d38545a4?s=96&d=mm&r=g\",\"url\":\"https:\\\/\\\/secure.gravatar.com\\\/avatar\\\/4c95358098caf4f50815f5fc942d6d14142d8b46ece2b18c21ac1fb7d38545a4?s=96&d=mm&r=g\",\"contentUrl\":\"https:\\\/\\\/secure.gravatar.com\\\/avatar\\\/4c95358098caf4f50815f5fc942d6d14142d8b46ece2b18c21ac1fb7d38545a4?s=96&d=mm&r=g\",\"caption\":\"Craig Cantin\"},\"url\":\"https:\\\/\\\/elizabethmaymp.ca\\\/fr\\\/author\\\/craig-c\\\/\"}]}<\/script>\n<!-- \/ Yoast SEO plugin. -->","yoast_head_json":{"title":"J\u2019ai finalement eu mon laissez-passer rose! | Elizabeth May","robots":{"index":"index","follow":"follow","max-snippet":"max-snippet:-1","max-image-preview":"max-image-preview:large","max-video-preview":"max-video-preview:-1"},"canonical":"https:\/\/elizabethmaymp.ca\/fr\/in-which-i-get-a-pink-badge\/","og_locale":"en_US","og_type":"article","og_title":"J\u2019ai finalement eu mon laissez-passer rose! | Elizabeth May","og_description":"Je me suis pr\u00e9par\u00e9e t\u00f4t aujourd\u2019hui. J\u2019avais en t\u00eate l\u2019organisation \u00e9pouvantable de la Conf\u00e9rence des Parties de Copenhague o\u00f9 j\u2019avais eu tr\u00e8s froid. Lors de la 15e session&hellip;","og_url":"https:\/\/elizabethmaymp.ca\/fr\/in-which-i-get-a-pink-badge\/","og_site_name":"Elizabeth May","article_publisher":"https:\/\/www.facebook.com\/ElizabethMayMP","article_published_time":"2013-11-19T00:48:11+00:00","article_modified_time":"2013-11-19T20:36:59+00:00","og_image":[{"url":"http:\/\/elizabethmaymp.ca\/wp-content\/uploads\/Afghan-Badge-250x160.jpg?1fe074","type":"","width":"","height":""}],"author":"Craig Cantin","twitter_card":"summary_large_image","twitter_creator":"@elizabethmay","twitter_site":"@elizabethmay","twitter_misc":{"Written by":"Craig Cantin","Est. reading time":"8 minutes"},"schema":{"@context":"https:\/\/schema.org","@graph":[{"@type":"Article","@id":"https:\/\/elizabethmaymp.ca\/fr\/in-which-i-get-a-pink-badge\/#article","isPartOf":{"@id":"https:\/\/elizabethmaymp.ca\/fr\/in-which-i-get-a-pink-badge\/"},"author":{"name":"Craig Cantin","@id":"https:\/\/elizabethmaymp.ca\/#\/schema\/person\/d3f03a762a6bc9b615b1cc303ebf0c1f"},"headline":"J\u2019ai finalement eu mon laissez-passer rose!","datePublished":"2013-11-19T00:48:11+00:00","dateModified":"2013-11-19T20:36:59+00:00","mainEntityOfPage":{"@id":"https:\/\/elizabethmaymp.ca\/fr\/in-which-i-get-a-pink-badge\/"},"wordCount":1701,"commentCount":32,"publisher":{"@id":"https:\/\/elizabethmaymp.ca\/#organization"},"image":{"@id":"https:\/\/elizabethmaymp.ca\/fr\/in-which-i-get-a-pink-badge\/#primaryimage"},"thumbnailUrl":"http:\/\/elizabethmaymp.ca\/wp-content\/uploads\/Afghan-Badge-250x160.jpg","articleSection":["Blogues"],"inLanguage":"en-US"},{"@type":"WebPage","@id":"https:\/\/elizabethmaymp.ca\/fr\/in-which-i-get-a-pink-badge\/","url":"https:\/\/elizabethmaymp.ca\/fr\/in-which-i-get-a-pink-badge\/","name":"In which I get a pink badge!J\u2019ai finalement eu mon laissez-passer rose! | Elizabeth May","isPartOf":{"@id":"https:\/\/elizabethmaymp.ca\/fr\/#website"},"primaryImageOfPage":{"@id":"https:\/\/elizabethmaymp.ca\/fr\/in-which-i-get-a-pink-badge\/#primaryimage"},"image":{"@id":"https:\/\/elizabethmaymp.ca\/fr\/in-which-i-get-a-pink-badge\/#primaryimage"},"thumbnailUrl":"http:\/\/elizabethmaymp.ca\/wp-content\/uploads\/Afghan-Badge-250x160.jpg","datePublished":"2013-11-19T00:48:11+00:00","dateModified":"2013-11-19T20:36:59+00:00","breadcrumb":{"@id":"https:\/\/elizabethmaymp.ca\/fr\/in-which-i-get-a-pink-badge\/#breadcrumb"},"inLanguage":"en-US","potentialAction":[{"@type":"ReadAction","target":[["https:\/\/elizabethmaymp.ca\/fr\/in-which-i-get-a-pink-badge\/"]]}]},{"@type":"ImageObject","inLanguage":"en-US","@id":"https:\/\/elizabethmaymp.ca\/fr\/in-which-i-get-a-pink-badge\/#primaryimage","url":"http:\/\/elizabethmaymp.ca\/wp-content\/uploads\/Afghan-Badge-250x160.jpg","contentUrl":"http:\/\/elizabethmaymp.ca\/wp-content\/uploads\/Afghan-Badge-250x160.jpg"},{"@type":"BreadcrumbList","@id":"https:\/\/elizabethmaymp.ca\/fr\/in-which-i-get-a-pink-badge\/#breadcrumb","itemListElement":[{"@type":"ListItem","position":1,"name":"Home","item":"https:\/\/elizabethmaymp.ca\/fr\/"},{"@type":"ListItem","position":2,"name":"J\u2019ai finalement eu mon laissez-passer rose!"}]},{"@type":"WebSite","@id":"https:\/\/elizabethmaymp.ca\/fr\/#website","url":"https:\/\/elizabethmaymp.ca\/fr\/","name":"Elizabeth May","description":"MP for Saanich and Gulf Islands","publisher":{"@id":"https:\/\/elizabethmaymp.ca\/fr\/#organization"},"potentialAction":[{"@type":"SearchAction","target":{"@type":"EntryPoint","urlTemplate":"https:\/\/elizabethmaymp.ca\/fr\/?s={search_term_string}"},"query-input":{"@type":"PropertyValueSpecification","valueRequired":true,"valueName":"search_term_string"}}],"inLanguage":"en-US"},{"@type":"Organization","@id":"https:\/\/elizabethmaymp.ca\/fr\/#organization","name":"Elizabeth May MP","url":"https:\/\/elizabethmaymp.ca\/fr\/","logo":{"@type":"ImageObject","inLanguage":"en-US","@id":"https:\/\/elizabethmaymp.ca\/fr\/#\/schema\/logo\/image\/","url":"https:\/\/elizabethmaymp.ca\/wp-content\/uploads\/elizabethmay-button.png","contentUrl":"https:\/\/elizabethmaymp.ca\/wp-content\/uploads\/elizabethmay-button.png","width":1501,"height":1501,"caption":"Elizabeth May MP"},"image":{"@id":"https:\/\/elizabethmaymp.ca\/fr\/#\/schema\/logo\/image\/"},"sameAs":["https:\/\/www.facebook.com\/ElizabethMayMP","https:\/\/x.com\/elizabethmay"]},{"@type":"Person","@id":"https:\/\/elizabethmaymp.ca\/#\/schema\/person\/d3f03a762a6bc9b615b1cc303ebf0c1f","name":"Craig Cantin","image":{"@type":"ImageObject","inLanguage":"en-US","@id":"https:\/\/secure.gravatar.com\/avatar\/4c95358098caf4f50815f5fc942d6d14142d8b46ece2b18c21ac1fb7d38545a4?s=96&d=mm&r=g","url":"https:\/\/secure.gravatar.com\/avatar\/4c95358098caf4f50815f5fc942d6d14142d8b46ece2b18c21ac1fb7d38545a4?s=96&d=mm&r=g","contentUrl":"https:\/\/secure.gravatar.com\/avatar\/4c95358098caf4f50815f5fc942d6d14142d8b46ece2b18c21ac1fb7d38545a4?s=96&d=mm&r=g","caption":"Craig Cantin"},"url":"https:\/\/elizabethmaymp.ca\/fr\/author\/craig-c\/"}]}},"_links":{"self":[{"href":"https:\/\/elizabethmaymp.ca\/fr\/wp-json\/wp\/v2\/posts\/11026","targetHints":{"allow":["GET"]}}],"collection":[{"href":"https:\/\/elizabethmaymp.ca\/fr\/wp-json\/wp\/v2\/posts"}],"about":[{"href":"https:\/\/elizabethmaymp.ca\/fr\/wp-json\/wp\/v2\/types\/post"}],"author":[{"embeddable":true,"href":"https:\/\/elizabethmaymp.ca\/fr\/wp-json\/wp\/v2\/users\/3"}],"replies":[{"embeddable":true,"href":"https:\/\/elizabethmaymp.ca\/fr\/wp-json\/wp\/v2\/comments?post=11026"}],"version-history":[{"count":2,"href":"https:\/\/elizabethmaymp.ca\/fr\/wp-json\/wp\/v2\/posts\/11026\/revisions"}],"predecessor-version":[{"id":11045,"href":"https:\/\/elizabethmaymp.ca\/fr\/wp-json\/wp\/v2\/posts\/11026\/revisions\/11045"}],"wp:attachment":[{"href":"https:\/\/elizabethmaymp.ca\/fr\/wp-json\/wp\/v2\/media?parent=11026"}],"wp:term":[{"taxonomy":"category","embeddable":true,"href":"https:\/\/elizabethmaymp.ca\/fr\/wp-json\/wp\/v2\/categories?post=11026"},{"taxonomy":"post_tag","embeddable":true,"href":"https:\/\/elizabethmaymp.ca\/fr\/wp-json\/wp\/v2\/tags?post=11026"}],"curies":[{"name":"wp","href":"https:\/\/api.w.org\/{rel}","templated":true}]}}