{"id":11240,"date":"2013-12-05T21:00:53","date_gmt":"2013-12-06T02:00:53","guid":{"rendered":"http:\/\/elizabethmaymp.ca?p=11240"},"modified":"2013-12-06T11:05:30","modified_gmt":"2013-12-06T16:05:30","slug":"celebrating-the-life-of-nelson-mandela-statement-from-elizabeth-may","status":"publish","type":"post","link":"https:\/\/elizabethmaymp.ca\/fr\/celebrating-the-life-of-nelson-mandela-statement-from-elizabeth-may\/","title":{"rendered":"Le Parti vert du Canada c\u00e9l\u00e8bre la vie de Nelson Mandela"},"content":{"rendered":"<p>Pour souligner le d\u00e9c\u00e8s de Nelson Rolihlahla Mandela, la chef du Parti vert du Canada et d\u00e9put\u00e9e de Saanich-Gulf Islands, Elizabeth May, tient \u00e0 rendre hommage au parcours remarquable et \u00e0 l\u2019h\u00e9ritage extraordinaire du premier pr\u00e9sident \u00e9lu d\u00e9mocratiquement de l\u2019Afrique du Sud :<\/p>\n<p>[Repv3hd4vYA]<\/p>\n<p style=\"padding-left: 30px;\"><em>\u00ab Nelson Mandela a consacr\u00e9 sa vie \u00e0 la justice sociale, \u00e0 la d\u00e9mocratie et \u00e0 la paix. Son courage et sa clairvoyance seront \u00e0 jamais une inspiration. Et que personne ne s\u2019imagine que dans nos luttes, les obstacles sont trop gros ou les chances trop faibles. Le triomphe de Nelson Mandela, qui est pass\u00e9 de prisonnier pendant 27 ann\u00e9es \u00e0 pr\u00e9sident d\u2019une Afrique du Sud libre, prouve que l\u2019impossible est possible. \u00bb<\/em><\/p>\n<p><\/p>","protected":false},"excerpt":{"rendered":"<p>Pour souligner le d\u00e9c\u00e8s de Nelson Rolihlahla Mandela, la chef du Parti vert du Canada et d\u00e9put\u00e9e de Saanich-Gulf Islands, Elizabeth May, tient \u00e0 rendre hommage au parcours&hellip;<\/p>\n","protected":false},"author":3,"featured_media":0,"comment_status":"open","ping_status":"open","sticky":false,"template":"","format":"standard","meta":{"_acf_changed":false,"_price":"","_stock":"","_tribe_ticket_header":"","_tribe_default_ticket_provider":"","_tribe_ticket_capacity":"","_ticket_start_date":"","_ticket_end_date":"","_tribe_ticket_show_description":"","_tribe_ticket_show_not_going":false,"_tribe_ticket_use_global_stock":"","_tribe_ticket_global_stock_level":"","_global_stock_mode":"","_global_stock_cap":"","_tribe_rsvp_for_event":"","_tribe_ticket_going_count":"","_tribe_ticket_not_going_count":"","_tribe_tickets_list":"[]","_tribe_ticket_has_attendee_info_fields":false,"footnotes":""},"categories":[90],"tags":[],"class_list":["post-11240","post","type-post","status-publish","format-standard","hentry","category-press-releases"],"acf":[],"yoast_head":"<!-- This site is optimized with the Yoast SEO plugin v27.4 - https:\/\/yoast.com\/product\/yoast-seo-wordpress\/ -->\n<title>Le Parti vert du Canada c\u00e9l\u00e8bre la vie de Nelson Mandela | Elizabeth May<\/title>\n<meta name=\"robots\" content=\"index, follow, max-snippet:-1, max-image-preview:large, max-video-preview:-1\" \/>\n<link rel=\"canonical\" href=\"https:\/\/elizabethmaymp.ca\/fr\/celebrating-the-life-of-nelson-mandela-statement-from-elizabeth-may\/\" \/>\n<meta property=\"og:locale\" content=\"en_US\" \/>\n<meta property=\"og:type\" content=\"article\" \/>\n<meta property=\"og:title\" content=\"Le Parti vert du Canada c\u00e9l\u00e8bre la vie de Nelson Mandela | Elizabeth May\" \/>\n<meta property=\"og:description\" content=\"Pour souligner le d\u00e9c\u00e8s de Nelson Rolihlahla Mandela, la chef du Parti vert du Canada et d\u00e9put\u00e9e de Saanich-Gulf Islands, Elizabeth May, tient \u00e0 rendre hommage au parcours&hellip;\" \/>\n<meta property=\"og:url\" content=\"https:\/\/elizabethmaymp.ca\/fr\/celebrating-the-life-of-nelson-mandela-statement-from-elizabeth-may\/\" \/>\n<meta property=\"og:site_name\" content=\"Elizabeth May\" \/>\n<meta property=\"article:publisher\" content=\"https:\/\/www.facebook.com\/ElizabethMayMP\" \/>\n<meta property=\"article:published_time\" content=\"2013-12-06T02:00:53+00:00\" \/>\n<meta property=\"article:modified_time\" content=\"2013-12-06T16:05:30+00:00\" \/>\n<meta property=\"og:image\" content=\"https:\/\/elizabethmaymp.ca\/wp-content\/uploads\/cropped-elizabethmay-button.png\" \/>\n\t<meta property=\"og:image:width\" content=\"512\" \/>\n\t<meta property=\"og:image:height\" content=\"512\" \/>\n\t<meta property=\"og:image:type\" content=\"image\/png\" \/>\n<meta name=\"author\" content=\"Craig Cantin\" \/>\n<meta name=\"twitter:card\" content=\"summary_large_image\" \/>\n<meta name=\"twitter:creator\" content=\"@elizabethmay\" \/>\n<meta name=\"twitter:site\" content=\"@elizabethmay\" \/>\n<meta name=\"twitter:label1\" content=\"Written by\" \/>\n\t<meta name=\"twitter:data1\" content=\"Craig Cantin\" \/>\n\t<meta name=\"twitter:label2\" content=\"Est. reading time\" \/>\n\t<meta name=\"twitter:data2\" content=\"1 minute\" \/>\n<script type=\"application\/ld+json\" class=\"yoast-schema-graph\">{\"@context\":\"https:\\\/\\\/schema.org\",\"@graph\":[{\"@type\":\"Article\",\"@id\":\"https:\\\/\\\/elizabethmaymp.ca\\\/celebrating-the-life-of-nelson-mandela-statement-from-elizabeth-may\\\/#article\",\"isPartOf\":{\"@id\":\"https:\\\/\\\/elizabethmaymp.ca\\\/celebrating-the-life-of-nelson-mandela-statement-from-elizabeth-may\\\/\"},\"author\":{\"name\":\"Craig Cantin\",\"@id\":\"https:\\\/\\\/elizabethmaymp.ca\\\/#\\\/schema\\\/person\\\/d3f03a762a6bc9b615b1cc303ebf0c1f\"},\"headline\":\"Le Parti vert du Canada c\u00e9l\u00e8bre la vie de Nelson Mandela\",\"datePublished\":\"2013-12-06T02:00:53+00:00\",\"dateModified\":\"2013-12-06T16:05:30+00:00\",\"mainEntityOfPage\":{\"@id\":\"https:\\\/\\\/elizabethmaymp.ca\\\/celebrating-the-life-of-nelson-mandela-statement-from-elizabeth-may\\\/\"},\"wordCount\":259,\"commentCount\":53,\"publisher\":{\"@id\":\"https:\\\/\\\/elizabethmaymp.ca\\\/#organization\"},\"articleSection\":[\"Communiqu\u00e9s\"],\"inLanguage\":\"en-US\"},{\"@type\":\"WebPage\",\"@id\":\"https:\\\/\\\/elizabethmaymp.ca\\\/fr\\\/celebrating-the-life-of-nelson-mandela-statement-from-elizabeth-may\\\/\",\"url\":\"https:\\\/\\\/elizabethmaymp.ca\\\/fr\\\/celebrating-the-life-of-nelson-mandela-statement-from-elizabeth-may\\\/\",\"name\":\"Celebrating the life of Nelson Mandela: Statement from Elizabeth MayLe Parti vert du Canada c\u00e9l\u00e8bre la vie de Nelson Mandela | Elizabeth May\",\"isPartOf\":{\"@id\":\"https:\\\/\\\/elizabethmaymp.ca\\\/fr\\\/#website\"},\"datePublished\":\"2013-12-06T02:00:53+00:00\",\"dateModified\":\"2013-12-06T16:05:30+00:00\",\"breadcrumb\":{\"@id\":\"https:\\\/\\\/elizabethmaymp.ca\\\/fr\\\/celebrating-the-life-of-nelson-mandela-statement-from-elizabeth-may\\\/#breadcrumb\"},\"inLanguage\":\"en-US\",\"potentialAction\":[{\"@type\":\"ReadAction\",\"target\":[[\"https:\\\/\\\/elizabethmaymp.ca\\\/fr\\\/celebrating-the-life-of-nelson-mandela-statement-from-elizabeth-may\\\/\"]]}]},{\"@type\":\"BreadcrumbList\",\"@id\":\"https:\\\/\\\/elizabethmaymp.ca\\\/fr\\\/celebrating-the-life-of-nelson-mandela-statement-from-elizabeth-may\\\/#breadcrumb\",\"itemListElement\":[{\"@type\":\"ListItem\",\"position\":1,\"name\":\"Home\",\"item\":\"https:\\\/\\\/elizabethmaymp.ca\\\/fr\\\/\"},{\"@type\":\"ListItem\",\"position\":2,\"name\":\"Celebrating the life of Nelson Mandela: Statement from Elizabeth May\"}]},{\"@type\":\"WebSite\",\"@id\":\"https:\\\/\\\/elizabethmaymp.ca\\\/fr\\\/#website\",\"url\":\"https:\\\/\\\/elizabethmaymp.ca\\\/fr\\\/\",\"name\":\"Elizabeth May\",\"description\":\"MP for Saanich and Gulf Islands\",\"publisher\":{\"@id\":\"https:\\\/\\\/elizabethmaymp.ca\\\/fr\\\/#organization\"},\"potentialAction\":[{\"@type\":\"SearchAction\",\"target\":{\"@type\":\"EntryPoint\",\"urlTemplate\":\"https:\\\/\\\/elizabethmaymp.ca\\\/fr\\\/?s={search_term_string}\"},\"query-input\":{\"@type\":\"PropertyValueSpecification\",\"valueRequired\":true,\"valueName\":\"search_term_string\"}}],\"inLanguage\":\"en-US\"},{\"@type\":\"Organization\",\"@id\":\"https:\\\/\\\/elizabethmaymp.ca\\\/fr\\\/#organization\",\"name\":\"Elizabeth May MP\",\"url\":\"https:\\\/\\\/elizabethmaymp.ca\\\/fr\\\/\",\"logo\":{\"@type\":\"ImageObject\",\"inLanguage\":\"en-US\",\"@id\":\"https:\\\/\\\/elizabethmaymp.ca\\\/fr\\\/#\\\/schema\\\/logo\\\/image\\\/\",\"url\":\"https:\\\/\\\/elizabethmaymp.ca\\\/wp-content\\\/uploads\\\/elizabethmay-button.png\",\"contentUrl\":\"https:\\\/\\\/elizabethmaymp.ca\\\/wp-content\\\/uploads\\\/elizabethmay-button.png\",\"width\":1501,\"height\":1501,\"caption\":\"Elizabeth May MP\"},\"image\":{\"@id\":\"https:\\\/\\\/elizabethmaymp.ca\\\/fr\\\/#\\\/schema\\\/logo\\\/image\\\/\"},\"sameAs\":[\"https:\\\/\\\/www.facebook.com\\\/ElizabethMayMP\",\"https:\\\/\\\/x.com\\\/elizabethmay\"]},{\"@type\":\"Person\",\"@id\":\"https:\\\/\\\/elizabethmaymp.ca\\\/#\\\/schema\\\/person\\\/d3f03a762a6bc9b615b1cc303ebf0c1f\",\"name\":\"Craig Cantin\",\"image\":{\"@type\":\"ImageObject\",\"inLanguage\":\"en-US\",\"@id\":\"https:\\\/\\\/secure.gravatar.com\\\/avatar\\\/4c95358098caf4f50815f5fc942d6d14142d8b46ece2b18c21ac1fb7d38545a4?s=96&d=mm&r=g\",\"url\":\"https:\\\/\\\/secure.gravatar.com\\\/avatar\\\/4c95358098caf4f50815f5fc942d6d14142d8b46ece2b18c21ac1fb7d38545a4?s=96&d=mm&r=g\",\"contentUrl\":\"https:\\\/\\\/secure.gravatar.com\\\/avatar\\\/4c95358098caf4f50815f5fc942d6d14142d8b46ece2b18c21ac1fb7d38545a4?s=96&d=mm&r=g\",\"caption\":\"Craig Cantin\"},\"url\":\"https:\\\/\\\/elizabethmaymp.ca\\\/fr\\\/author\\\/craig-c\\\/\"}]}<\/script>\n<!-- \/ Yoast SEO plugin. -->","yoast_head_json":{"title":"Le Parti vert du Canada c\u00e9l\u00e8bre la vie de Nelson Mandela | Elizabeth May","robots":{"index":"index","follow":"follow","max-snippet":"max-snippet:-1","max-image-preview":"max-image-preview:large","max-video-preview":"max-video-preview:-1"},"canonical":"https:\/\/elizabethmaymp.ca\/fr\/celebrating-the-life-of-nelson-mandela-statement-from-elizabeth-may\/","og_locale":"en_US","og_type":"article","og_title":"Le Parti vert du Canada c\u00e9l\u00e8bre la vie de Nelson Mandela | Elizabeth May","og_description":"Pour souligner le d\u00e9c\u00e8s de Nelson Rolihlahla Mandela, la chef du Parti vert du Canada et d\u00e9put\u00e9e de Saanich-Gulf Islands, Elizabeth May, tient \u00e0 rendre hommage au parcours&hellip;","og_url":"https:\/\/elizabethmaymp.ca\/fr\/celebrating-the-life-of-nelson-mandela-statement-from-elizabeth-may\/","og_site_name":"Elizabeth May","article_publisher":"https:\/\/www.facebook.com\/ElizabethMayMP","article_published_time":"2013-12-06T02:00:53+00:00","article_modified_time":"2013-12-06T16:05:30+00:00","og_image":[{"width":512,"height":512,"url":"https:\/\/elizabethmaymp.ca\/wp-content\/uploads\/cropped-elizabethmay-button.png","type":"image\/png"}],"author":"Craig Cantin","twitter_card":"summary_large_image","twitter_creator":"@elizabethmay","twitter_site":"@elizabethmay","twitter_misc":{"Written by":"Craig Cantin","Est. reading time":"1 minute"},"schema":{"@context":"https:\/\/schema.org","@graph":[{"@type":"Article","@id":"https:\/\/elizabethmaymp.ca\/celebrating-the-life-of-nelson-mandela-statement-from-elizabeth-may\/#article","isPartOf":{"@id":"https:\/\/elizabethmaymp.ca\/celebrating-the-life-of-nelson-mandela-statement-from-elizabeth-may\/"},"author":{"name":"Craig Cantin","@id":"https:\/\/elizabethmaymp.ca\/#\/schema\/person\/d3f03a762a6bc9b615b1cc303ebf0c1f"},"headline":"Le Parti vert du Canada c\u00e9l\u00e8bre la vie de Nelson Mandela","datePublished":"2013-12-06T02:00:53+00:00","dateModified":"2013-12-06T16:05:30+00:00","mainEntityOfPage":{"@id":"https:\/\/elizabethmaymp.ca\/celebrating-the-life-of-nelson-mandela-statement-from-elizabeth-may\/"},"wordCount":259,"commentCount":53,"publisher":{"@id":"https:\/\/elizabethmaymp.ca\/#organization"},"articleSection":["Communiqu\u00e9s"],"inLanguage":"en-US"},{"@type":"WebPage","@id":"https:\/\/elizabethmaymp.ca\/fr\/celebrating-the-life-of-nelson-mandela-statement-from-elizabeth-may\/","url":"https:\/\/elizabethmaymp.ca\/fr\/celebrating-the-life-of-nelson-mandela-statement-from-elizabeth-may\/","name":"Celebrating the life of Nelson Mandela: Statement from Elizabeth MayLe Parti vert du Canada c\u00e9l\u00e8bre la vie de Nelson Mandela | Elizabeth May","isPartOf":{"@id":"https:\/\/elizabethmaymp.ca\/fr\/#website"},"datePublished":"2013-12-06T02:00:53+00:00","dateModified":"2013-12-06T16:05:30+00:00","breadcrumb":{"@id":"https:\/\/elizabethmaymp.ca\/fr\/celebrating-the-life-of-nelson-mandela-statement-from-elizabeth-may\/#breadcrumb"},"inLanguage":"en-US","potentialAction":[{"@type":"ReadAction","target":[["https:\/\/elizabethmaymp.ca\/fr\/celebrating-the-life-of-nelson-mandela-statement-from-elizabeth-may\/"]]}]},{"@type":"BreadcrumbList","@id":"https:\/\/elizabethmaymp.ca\/fr\/celebrating-the-life-of-nelson-mandela-statement-from-elizabeth-may\/#breadcrumb","itemListElement":[{"@type":"ListItem","position":1,"name":"Home","item":"https:\/\/elizabethmaymp.ca\/fr\/"},{"@type":"ListItem","position":2,"name":"Celebrating the life of Nelson Mandela: Statement from Elizabeth May"}]},{"@type":"WebSite","@id":"https:\/\/elizabethmaymp.ca\/fr\/#website","url":"https:\/\/elizabethmaymp.ca\/fr\/","name":"Elizabeth May","description":"MP for Saanich and Gulf Islands","publisher":{"@id":"https:\/\/elizabethmaymp.ca\/fr\/#organization"},"potentialAction":[{"@type":"SearchAction","target":{"@type":"EntryPoint","urlTemplate":"https:\/\/elizabethmaymp.ca\/fr\/?s={search_term_string}"},"query-input":{"@type":"PropertyValueSpecification","valueRequired":true,"valueName":"search_term_string"}}],"inLanguage":"en-US"},{"@type":"Organization","@id":"https:\/\/elizabethmaymp.ca\/fr\/#organization","name":"Elizabeth May MP","url":"https:\/\/elizabethmaymp.ca\/fr\/","logo":{"@type":"ImageObject","inLanguage":"en-US","@id":"https:\/\/elizabethmaymp.ca\/fr\/#\/schema\/logo\/image\/","url":"https:\/\/elizabethmaymp.ca\/wp-content\/uploads\/elizabethmay-button.png","contentUrl":"https:\/\/elizabethmaymp.ca\/wp-content\/uploads\/elizabethmay-button.png","width":1501,"height":1501,"caption":"Elizabeth May MP"},"image":{"@id":"https:\/\/elizabethmaymp.ca\/fr\/#\/schema\/logo\/image\/"},"sameAs":["https:\/\/www.facebook.com\/ElizabethMayMP","https:\/\/x.com\/elizabethmay"]},{"@type":"Person","@id":"https:\/\/elizabethmaymp.ca\/#\/schema\/person\/d3f03a762a6bc9b615b1cc303ebf0c1f","name":"Craig Cantin","image":{"@type":"ImageObject","inLanguage":"en-US","@id":"https:\/\/secure.gravatar.com\/avatar\/4c95358098caf4f50815f5fc942d6d14142d8b46ece2b18c21ac1fb7d38545a4?s=96&d=mm&r=g","url":"https:\/\/secure.gravatar.com\/avatar\/4c95358098caf4f50815f5fc942d6d14142d8b46ece2b18c21ac1fb7d38545a4?s=96&d=mm&r=g","contentUrl":"https:\/\/secure.gravatar.com\/avatar\/4c95358098caf4f50815f5fc942d6d14142d8b46ece2b18c21ac1fb7d38545a4?s=96&d=mm&r=g","caption":"Craig Cantin"},"url":"https:\/\/elizabethmaymp.ca\/fr\/author\/craig-c\/"}]}},"_links":{"self":[{"href":"https:\/\/elizabethmaymp.ca\/fr\/wp-json\/wp\/v2\/posts\/11240","targetHints":{"allow":["GET"]}}],"collection":[{"href":"https:\/\/elizabethmaymp.ca\/fr\/wp-json\/wp\/v2\/posts"}],"about":[{"href":"https:\/\/elizabethmaymp.ca\/fr\/wp-json\/wp\/v2\/types\/post"}],"author":[{"embeddable":true,"href":"https:\/\/elizabethmaymp.ca\/fr\/wp-json\/wp\/v2\/users\/3"}],"replies":[{"embeddable":true,"href":"https:\/\/elizabethmaymp.ca\/fr\/wp-json\/wp\/v2\/comments?post=11240"}],"version-history":[{"count":3,"href":"https:\/\/elizabethmaymp.ca\/fr\/wp-json\/wp\/v2\/posts\/11240\/revisions"}],"predecessor-version":[{"id":11243,"href":"https:\/\/elizabethmaymp.ca\/fr\/wp-json\/wp\/v2\/posts\/11240\/revisions\/11243"}],"wp:attachment":[{"href":"https:\/\/elizabethmaymp.ca\/fr\/wp-json\/wp\/v2\/media?parent=11240"}],"wp:term":[{"taxonomy":"category","embeddable":true,"href":"https:\/\/elizabethmaymp.ca\/fr\/wp-json\/wp\/v2\/categories?post=11240"},{"taxonomy":"post_tag","embeddable":true,"href":"https:\/\/elizabethmaymp.ca\/fr\/wp-json\/wp\/v2\/tags?post=11240"}],"curies":[{"name":"wp","href":"https:\/\/api.w.org\/{rel}","templated":true}]}}