{"id":1176,"date":"2011-11-29T10:50:37","date_gmt":"2011-11-29T15:50:37","guid":{"rendered":"http:\/\/dev2.elizabethmaymp.ca\/?p=1176"},"modified":"2015-04-10T11:24:08","modified_gmt":"2015-04-10T15:24:08","slug":"1-1-principles-guiding-the-smart-economy-the-green-economic-plan","status":"publish","type":"post","link":"https:\/\/elizabethmaymp.ca\/fr\/1-1-principles-guiding-the-smart-economy-the-green-economic-plan\/","title":{"rendered":"1.1 Principes directeurs d\u2019une \u00e9conomie sens\u00e9e, le plan \u00e9conomique vert"},"content":{"rendered":"<p><strong>1.1.1 R\u00e9duisons le gaspillage\u00a0: justice sociale am\u00e9lior\u00e9e et prosp\u00e9rit\u00e9 r\u00e9elle<\/strong><\/p>\n<div>\n<p lang=\"fr-CA\">Les verts sont bien d\u00e9termin\u00e9s \u00e0 am\u00e9liorer notre bien-\u00eatre collectif. Les verts reconnaissent que nous avons besoin de nouveaux indicateurs pour \u00e9tablir l\u2019\u00e9tat de sant\u00e9 et de bien-\u00eatre de notre soci\u00e9t\u00e9. Les verts savent que la notion de croissance \u00e9conomique sans fin est une illusion extr\u00eamement dangereuse. Nous pouvons faire bien plus avec bien moins. Le principe directeur fondamental de la strat\u00e9gie \u00e9conomique verte consiste \u00e0 am\u00e9liorer le bien-\u00eatre en \u00e9liminant le gaspillage. Le gaspillage est solidement ancr\u00e9 dans notre soci\u00e9t\u00e9. Nous gaspillons des mati\u00e8res premi\u00e8res, nous gaspillons l\u2019eau et nous gaspillons l\u2019\u00e9nergie. En fait, plus de la moiti\u00e9 de toute l\u2019\u00e9nergie utilis\u00e9e par les Canadiens est gaspill\u00e9e. La politique \u00e9conomique du Parti vert vise \u00e0 am\u00e9liorer l\u2019efficacit\u00e9 des ressources et l\u2019utilisation de l\u2019\u00e9nergie d\u2019un facteur de quatre.<\/p>\n<p lang=\"fr-CA\">Dans leur livre fondamental, Facteur quatre, Ernst von Weizsacker, Amory B. Lovins et L. Hunter Lovins concluent comme suit :<\/p>\n<p lang=\"fr-CA\"><em>\u00ab La quantit\u00e9 de richesse extraite d\u2019une unit\u00e9 de ressources naturelles peut quadrupler. En d\u2019autres termes, nous avons les capacit\u00e9s de faire deux fois mieux avec deux fois moins. \u00bb<\/em><\/p>\n<p lang=\"fr-CA\">Les ouvrages dans ce domaine abondent et sont appuy\u00e9s par d\u2019innombrables faits. Les am\u00e9liorations li\u00e9es \u00e0 la productivit\u00e9 du travail ont soutenu la p\u00e9riode de croissance \u00e9conomique qui a suivi la Seconde Guerre mondiale. Nous devons \u00e0 pr\u00e9sent r\u00e9p\u00e9ter cet exercice afin d\u2019am\u00e9liorer la productivit\u00e9 des ressources et l\u2019utilisation de l\u2019\u00e9nergie.<\/p>\n<\/div>\n<p><strong>1.1.2 Redressement des prix<\/strong><\/p>\n<div>\n<p lang=\"fr-CA\">Pour y arriver, les distorsions de l\u2019\u00e9conomie de march\u00e9, cr\u00e9\u00e9es \u00e0 d\u00e9faut de ne pas avoir su internaliser les effets externes, doivent \u00eatre \u00e9limin\u00e9es. Autrement dit, nous devons redresser les prix. Le m\u00e9canisme d\u2019intervention politique le plus important permettant de faire progresser ou de retarder la durabilit\u00e9 \u00e9conomique est le cadre financier.<\/p>\n<p lang=\"fr-CA\">Notre plan financier est simple : utiliser le r\u00e9gime fiscal en vue d\u2019atteindre les objectifs sociaux et \u00e9cologiques. Redresser les prix. Laisser les soci\u00e9t\u00e9s libres de faire des affaires, tout en transmettant des signaux clairs sur les objectifs environnementaux et sociaux.<\/p>\n<p lang=\"fr-CA\">L\u2019engagement du Parti vert au niveau de l\u2019all\u00e8gement du fardeau fiscal permettra de\u00a0:<\/p>\n<ul>\n<li>\n<p lang=\"fr-CA\">R\u00e9duire les imp\u00f4ts.<\/p>\n<\/li>\n<li>\n<p lang=\"fr-CA\">R\u00e9duire les charges sociales.<\/p>\n<\/li>\n<li>\n<p lang=\"fr-CA\">Augmenter les imp\u00f4ts sur les profits des grandes soci\u00e9t\u00e9s au niveau de la moyenne des pays de l\u2019OCDE.<\/p>\n<\/li>\n<li>\n<p lang=\"fr-CA\">R\u00e9cup\u00e9rer les taxes cach\u00e9es dans les paradis fiscaux \u00e0 l\u2019\u00e9tranger.<\/p>\n<\/li>\n<li>\n<p lang=\"fr-CA\">Instaurer une taxe sur les \u00e9missions carboniques pour transmettre des signaux \u00e9conomiques clairs qui signifient qu\u2019il y a un prix \u00e0 payer pour le gaspillage d\u2019\u00e9nergie et de ressources.<\/p>\n<\/li>\n<\/ul>\n<p>Un \u00e9ditorial du 9 septembre 2006 de l\u2019hebdomadaire The Economist rapportait ceci :<\/p>\n<p><em>\u00ab Id\u00e9alement, les politiciens opteraient pour la taxe sur les \u00e9missions carboniques la plus efficace, ce qui supposerait un prix suffisamment stable que les producteurs pourraient incorporer \u00e0 leurs plans d\u2019investissement. \u00bb<\/em> [Traduction].<\/p>\n<p lang=\"fr-CA\">Les taxes sur les \u00e9missions de carbone des t\u00eates de puits ou des mines de charbon seront vers\u00e9es \u00e0 chaque Canadien et chaque Canadienne au prorata de la population. Cela favorisera un recours plus efficace et durable des combustibles fossiles en diminution, et servira aussi en tant que m\u00e9canisme de redistribution de revenu juste et efficace.<\/p>\n<p lang=\"fr-CA\">Les verts \u00e9limineront aussi les grosses subventions et contributions vers\u00e9es aux soci\u00e9t\u00e9s.<\/p>\n<p lang=\"fr-CA\">Il est absurde de verser des subventions aux soci\u00e9t\u00e9s les plus riches de la plan\u00e8te pour l&#8217;exploitation du produit le plus profitable au monde \u2013 un baril de p\u00e9trole. L\u2019Agence internationale de l\u2019\u00e9nergie, dans son rapport de 2010, demandait l\u2019\u00e9limination des subventions relatives aux combustibles fossiles. \u00c0 l\u2019\u00e9chelle plan\u00e9taire, ces subventions atteignent plus de 300\u00a0$ milliards par ann\u00e9e, alors que les \u00e9nergies renouvelables re\u00e7oivent environ 30\u00a0$ milliards. Ces subventions pernicieuses doivent \u00eatre \u00e9limin\u00e9es. Il est logique de r\u00e9duire les imp\u00f4ts sur les choses que nous voulons, comme le revenu et l&#8217;emploi, tout en augmentant les taxes sur les choses que nous ne voulons pas, soit les \u00e9missions de gaz \u00e0 effet de serre et la pollution \u00e0 l&#8217;origine du smog.<\/p>\n<p lang=\"fr-CA\">Les soci\u00e9t\u00e9s canadiennes veulent deux choses de leur gouvernement : des politiques pr\u00e9visibles et des politiques coh\u00e9rentes. Le gouvernement vert veillera \u00e0 la clart\u00e9 des r\u00e8gles, \u00e0 l\u2019\u00e9galit\u00e9 des chances et \u00e0 la transparence du processus de prise de d\u00e9cision.<\/p>\n<p lang=\"fr-CA\">Principaux objectifs sociaux\u00a0:<\/p>\n<ul>\n<li>\n<p lang=\"fr-CA\">Faire en sorte que les Canadiennes et les Canadiens puissent passer plus de temps avec leurs amis, leur famille et leur collectivit\u00e9.<\/p>\n<\/li>\n<li>\n<p lang=\"fr-CA\">Transmettre les bons signaux de prix \u00e0 l\u2019\u00e9conomie. L\u2019\u00e8re de l\u2019\u00e9nergie bon march\u00e9 et abondante est d\u00e9sormais r\u00e9volue. Une taxe sur les \u00e9missions carboniques transmettra ce signal et fera la promotion d\u2019une transition vers autre chose que les formes d\u2019\u00e9nergie polluantes.<\/p>\n<\/li>\n<li>\n<p lang=\"fr-CA\">\u00c9liminer les subventions pernicieuses vers\u00e9es aux soci\u00e9t\u00e9s. \u00c0 bas les soci\u00e9t\u00e9s parasites. Fini les \u00ab pr\u00eats \u00bb non rembours\u00e9s aux organismes subventionnaires gouvernementaux.<\/p>\n<\/li>\n<\/ul>\n<\/div>\n<p><\/p>","protected":false},"excerpt":{"rendered":"<p>1.1.1 R\u00e9duisons le gaspillage\u00a0: justice sociale am\u00e9lior\u00e9e et prosp\u00e9rit\u00e9 r\u00e9elle Les verts sont bien d\u00e9termin\u00e9s \u00e0 am\u00e9liorer notre bien-\u00eatre collectif. Les verts reconnaissent que nous avons besoin de&hellip;<\/p>\n","protected":false},"author":3,"featured_media":0,"comment_status":"open","ping_status":"open","sticky":false,"template":"","format":"standard","meta":{"_acf_changed":false,"_price":"","_stock":"","_tribe_ticket_header":"","_tribe_default_ticket_provider":"","_tribe_ticket_capacity":"","_ticket_start_date":"","_ticket_end_date":"","_tribe_ticket_show_description":"","_tribe_ticket_show_not_going":false,"_tribe_ticket_use_global_stock":"","_tribe_ticket_global_stock_level":"","_global_stock_mode":"","_global_stock_cap":"","_tribe_rsvp_for_event":"","_tribe_ticket_going_count":"","_tribe_ticket_not_going_count":"","_tribe_tickets_list":"[]","_tribe_ticket_has_attendee_info_fields":false,"footnotes":""},"categories":[158],"tags":[45],"class_list":["post-1176","post","type-post","status-publish","format-standard","hentry","category-vision-green","tag-economy"],"acf":[],"yoast_head":"<!-- This site is optimized with the Yoast SEO plugin v27.4 - https:\/\/yoast.com\/product\/yoast-seo-wordpress\/ -->\n<title>1.1 Principes directeurs d\u2019une \u00e9conomie sens\u00e9e, le plan \u00e9conomique vert | Elizabeth May<\/title>\n<meta name=\"robots\" content=\"index, follow, max-snippet:-1, max-image-preview:large, max-video-preview:-1\" \/>\n<link rel=\"canonical\" href=\"https:\/\/elizabethmaymp.ca\/fr\/1-1-principles-guiding-the-smart-economy-the-green-economic-plan\/\" \/>\n<meta property=\"og:locale\" content=\"en_US\" \/>\n<meta property=\"og:type\" content=\"article\" \/>\n<meta property=\"og:title\" content=\"1.1 Principes directeurs d\u2019une \u00e9conomie sens\u00e9e, le plan \u00e9conomique vert | Elizabeth May\" \/>\n<meta property=\"og:description\" content=\"1.1.1 R\u00e9duisons le gaspillage\u00a0: justice sociale am\u00e9lior\u00e9e et prosp\u00e9rit\u00e9 r\u00e9elle Les verts sont bien d\u00e9termin\u00e9s \u00e0 am\u00e9liorer notre bien-\u00eatre collectif. Les verts reconnaissent que nous avons besoin de&hellip;\" \/>\n<meta property=\"og:url\" content=\"https:\/\/elizabethmaymp.ca\/fr\/1-1-principles-guiding-the-smart-economy-the-green-economic-plan\/\" \/>\n<meta property=\"og:site_name\" content=\"Elizabeth May\" \/>\n<meta property=\"article:publisher\" content=\"https:\/\/www.facebook.com\/ElizabethMayMP\" \/>\n<meta property=\"article:published_time\" content=\"2011-11-29T15:50:37+00:00\" \/>\n<meta property=\"article:modified_time\" content=\"2015-04-10T15:24:08+00:00\" \/>\n<meta property=\"og:image\" content=\"https:\/\/elizabethmaymp.ca\/wp-content\/uploads\/cropped-elizabethmay-button.png\" \/>\n\t<meta property=\"og:image:width\" content=\"512\" \/>\n\t<meta property=\"og:image:height\" content=\"512\" \/>\n\t<meta property=\"og:image:type\" content=\"image\/png\" \/>\n<meta name=\"author\" content=\"Craig Cantin\" \/>\n<meta name=\"twitter:card\" content=\"summary_large_image\" \/>\n<meta name=\"twitter:creator\" content=\"@elizabethmay\" \/>\n<meta name=\"twitter:site\" content=\"@elizabethmay\" \/>\n<meta name=\"twitter:label1\" content=\"Written by\" \/>\n\t<meta name=\"twitter:data1\" content=\"Craig Cantin\" \/>\n\t<meta name=\"twitter:label2\" content=\"Est. reading time\" \/>\n\t<meta name=\"twitter:data2\" content=\"7 minutes\" \/>\n<script type=\"application\/ld+json\" class=\"yoast-schema-graph\">{\"@context\":\"https:\\\/\\\/schema.org\",\"@graph\":[{\"@type\":\"Article\",\"@id\":\"https:\\\/\\\/elizabethmaymp.ca\\\/fr\\\/1-1-principles-guiding-the-smart-economy-the-green-economic-plan\\\/#article\",\"isPartOf\":{\"@id\":\"https:\\\/\\\/elizabethmaymp.ca\\\/fr\\\/1-1-principles-guiding-the-smart-economy-the-green-economic-plan\\\/\"},\"author\":{\"name\":\"Craig Cantin\",\"@id\":\"https:\\\/\\\/elizabethmaymp.ca\\\/#\\\/schema\\\/person\\\/d3f03a762a6bc9b615b1cc303ebf0c1f\"},\"headline\":\"1.1 Principes directeurs d\u2019une \u00e9conomie sens\u00e9e, le plan \u00e9conomique vert\",\"datePublished\":\"2011-11-29T15:50:37+00:00\",\"dateModified\":\"2015-04-10T15:24:08+00:00\",\"mainEntityOfPage\":{\"@id\":\"https:\\\/\\\/elizabethmaymp.ca\\\/fr\\\/1-1-principles-guiding-the-smart-economy-the-green-economic-plan\\\/\"},\"wordCount\":1487,\"commentCount\":0,\"publisher\":{\"@id\":\"https:\\\/\\\/elizabethmaymp.ca\\\/#organization\"},\"keywords\":[\"\u00c9conomie\"],\"articleSection\":[\"Vision Green\"],\"inLanguage\":\"en-US\"},{\"@type\":\"WebPage\",\"@id\":\"https:\\\/\\\/elizabethmaymp.ca\\\/fr\\\/1-1-principles-guiding-the-smart-economy-the-green-economic-plan\\\/\",\"url\":\"https:\\\/\\\/elizabethmaymp.ca\\\/fr\\\/1-1-principles-guiding-the-smart-economy-the-green-economic-plan\\\/\",\"name\":\"1.1 Principles guiding the Smart Economy, the Green Economic Plan1.1 Principes directeurs d\u2019une \u00e9conomie sens\u00e9e, le plan \u00e9conomique vert | Elizabeth May\",\"isPartOf\":{\"@id\":\"https:\\\/\\\/elizabethmaymp.ca\\\/fr\\\/#website\"},\"datePublished\":\"2011-11-29T15:50:37+00:00\",\"dateModified\":\"2015-04-10T15:24:08+00:00\",\"breadcrumb\":{\"@id\":\"https:\\\/\\\/elizabethmaymp.ca\\\/fr\\\/1-1-principles-guiding-the-smart-economy-the-green-economic-plan\\\/#breadcrumb\"},\"inLanguage\":\"en-US\",\"potentialAction\":[{\"@type\":\"ReadAction\",\"target\":[[\"https:\\\/\\\/elizabethmaymp.ca\\\/fr\\\/1-1-principles-guiding-the-smart-economy-the-green-economic-plan\\\/\"]]}]},{\"@type\":\"BreadcrumbList\",\"@id\":\"https:\\\/\\\/elizabethmaymp.ca\\\/fr\\\/1-1-principles-guiding-the-smart-economy-the-green-economic-plan\\\/#breadcrumb\",\"itemListElement\":[{\"@type\":\"ListItem\",\"position\":1,\"name\":\"Home\",\"item\":\"https:\\\/\\\/elizabethmaymp.ca\\\/fr\\\/\"},{\"@type\":\"ListItem\",\"position\":2,\"name\":\"1.1 Principes directeurs d\u2019une \u00e9conomie sens\u00e9e, le plan \u00e9conomique vert\"}]},{\"@type\":\"WebSite\",\"@id\":\"https:\\\/\\\/elizabethmaymp.ca\\\/fr\\\/#website\",\"url\":\"https:\\\/\\\/elizabethmaymp.ca\\\/fr\\\/\",\"name\":\"Elizabeth May\",\"description\":\"MP for Saanich and Gulf Islands\",\"publisher\":{\"@id\":\"https:\\\/\\\/elizabethmaymp.ca\\\/fr\\\/#organization\"},\"potentialAction\":[{\"@type\":\"SearchAction\",\"target\":{\"@type\":\"EntryPoint\",\"urlTemplate\":\"https:\\\/\\\/elizabethmaymp.ca\\\/fr\\\/?s={search_term_string}\"},\"query-input\":{\"@type\":\"PropertyValueSpecification\",\"valueRequired\":true,\"valueName\":\"search_term_string\"}}],\"inLanguage\":\"en-US\"},{\"@type\":\"Organization\",\"@id\":\"https:\\\/\\\/elizabethmaymp.ca\\\/fr\\\/#organization\",\"name\":\"Elizabeth May MP\",\"url\":\"https:\\\/\\\/elizabethmaymp.ca\\\/fr\\\/\",\"logo\":{\"@type\":\"ImageObject\",\"inLanguage\":\"en-US\",\"@id\":\"https:\\\/\\\/elizabethmaymp.ca\\\/fr\\\/#\\\/schema\\\/logo\\\/image\\\/\",\"url\":\"https:\\\/\\\/elizabethmaymp.ca\\\/wp-content\\\/uploads\\\/elizabethmay-button.png\",\"contentUrl\":\"https:\\\/\\\/elizabethmaymp.ca\\\/wp-content\\\/uploads\\\/elizabethmay-button.png\",\"width\":1501,\"height\":1501,\"caption\":\"Elizabeth May MP\"},\"image\":{\"@id\":\"https:\\\/\\\/elizabethmaymp.ca\\\/fr\\\/#\\\/schema\\\/logo\\\/image\\\/\"},\"sameAs\":[\"https:\\\/\\\/www.facebook.com\\\/ElizabethMayMP\",\"https:\\\/\\\/x.com\\\/elizabethmay\"]},{\"@type\":\"Person\",\"@id\":\"https:\\\/\\\/elizabethmaymp.ca\\\/#\\\/schema\\\/person\\\/d3f03a762a6bc9b615b1cc303ebf0c1f\",\"name\":\"Craig Cantin\",\"image\":{\"@type\":\"ImageObject\",\"inLanguage\":\"en-US\",\"@id\":\"https:\\\/\\\/secure.gravatar.com\\\/avatar\\\/4c95358098caf4f50815f5fc942d6d14142d8b46ece2b18c21ac1fb7d38545a4?s=96&d=mm&r=g\",\"url\":\"https:\\\/\\\/secure.gravatar.com\\\/avatar\\\/4c95358098caf4f50815f5fc942d6d14142d8b46ece2b18c21ac1fb7d38545a4?s=96&d=mm&r=g\",\"contentUrl\":\"https:\\\/\\\/secure.gravatar.com\\\/avatar\\\/4c95358098caf4f50815f5fc942d6d14142d8b46ece2b18c21ac1fb7d38545a4?s=96&d=mm&r=g\",\"caption\":\"Craig Cantin\"},\"url\":\"https:\\\/\\\/elizabethmaymp.ca\\\/fr\\\/author\\\/craig-c\\\/\"}]}<\/script>\n<!-- \/ Yoast SEO plugin. -->","yoast_head_json":{"title":"1.1 Principes directeurs d\u2019une \u00e9conomie sens\u00e9e, le plan \u00e9conomique vert | Elizabeth May","robots":{"index":"index","follow":"follow","max-snippet":"max-snippet:-1","max-image-preview":"max-image-preview:large","max-video-preview":"max-video-preview:-1"},"canonical":"https:\/\/elizabethmaymp.ca\/fr\/1-1-principles-guiding-the-smart-economy-the-green-economic-plan\/","og_locale":"en_US","og_type":"article","og_title":"1.1 Principes directeurs d\u2019une \u00e9conomie sens\u00e9e, le plan \u00e9conomique vert | Elizabeth May","og_description":"1.1.1 R\u00e9duisons le gaspillage\u00a0: justice sociale am\u00e9lior\u00e9e et prosp\u00e9rit\u00e9 r\u00e9elle Les verts sont bien d\u00e9termin\u00e9s \u00e0 am\u00e9liorer notre bien-\u00eatre collectif. Les verts reconnaissent que nous avons besoin de&hellip;","og_url":"https:\/\/elizabethmaymp.ca\/fr\/1-1-principles-guiding-the-smart-economy-the-green-economic-plan\/","og_site_name":"Elizabeth May","article_publisher":"https:\/\/www.facebook.com\/ElizabethMayMP","article_published_time":"2011-11-29T15:50:37+00:00","article_modified_time":"2015-04-10T15:24:08+00:00","og_image":[{"width":512,"height":512,"url":"https:\/\/elizabethmaymp.ca\/wp-content\/uploads\/cropped-elizabethmay-button.png","type":"image\/png"}],"author":"Craig Cantin","twitter_card":"summary_large_image","twitter_creator":"@elizabethmay","twitter_site":"@elizabethmay","twitter_misc":{"Written by":"Craig Cantin","Est. reading time":"7 minutes"},"schema":{"@context":"https:\/\/schema.org","@graph":[{"@type":"Article","@id":"https:\/\/elizabethmaymp.ca\/fr\/1-1-principles-guiding-the-smart-economy-the-green-economic-plan\/#article","isPartOf":{"@id":"https:\/\/elizabethmaymp.ca\/fr\/1-1-principles-guiding-the-smart-economy-the-green-economic-plan\/"},"author":{"name":"Craig Cantin","@id":"https:\/\/elizabethmaymp.ca\/#\/schema\/person\/d3f03a762a6bc9b615b1cc303ebf0c1f"},"headline":"1.1 Principes directeurs d\u2019une \u00e9conomie sens\u00e9e, le plan \u00e9conomique vert","datePublished":"2011-11-29T15:50:37+00:00","dateModified":"2015-04-10T15:24:08+00:00","mainEntityOfPage":{"@id":"https:\/\/elizabethmaymp.ca\/fr\/1-1-principles-guiding-the-smart-economy-the-green-economic-plan\/"},"wordCount":1487,"commentCount":0,"publisher":{"@id":"https:\/\/elizabethmaymp.ca\/#organization"},"keywords":["\u00c9conomie"],"articleSection":["Vision Green"],"inLanguage":"en-US"},{"@type":"WebPage","@id":"https:\/\/elizabethmaymp.ca\/fr\/1-1-principles-guiding-the-smart-economy-the-green-economic-plan\/","url":"https:\/\/elizabethmaymp.ca\/fr\/1-1-principles-guiding-the-smart-economy-the-green-economic-plan\/","name":"1.1 Principles guiding the Smart Economy, the Green Economic Plan1.1 Principes directeurs d\u2019une \u00e9conomie sens\u00e9e, le plan \u00e9conomique vert | Elizabeth May","isPartOf":{"@id":"https:\/\/elizabethmaymp.ca\/fr\/#website"},"datePublished":"2011-11-29T15:50:37+00:00","dateModified":"2015-04-10T15:24:08+00:00","breadcrumb":{"@id":"https:\/\/elizabethmaymp.ca\/fr\/1-1-principles-guiding-the-smart-economy-the-green-economic-plan\/#breadcrumb"},"inLanguage":"en-US","potentialAction":[{"@type":"ReadAction","target":[["https:\/\/elizabethmaymp.ca\/fr\/1-1-principles-guiding-the-smart-economy-the-green-economic-plan\/"]]}]},{"@type":"BreadcrumbList","@id":"https:\/\/elizabethmaymp.ca\/fr\/1-1-principles-guiding-the-smart-economy-the-green-economic-plan\/#breadcrumb","itemListElement":[{"@type":"ListItem","position":1,"name":"Home","item":"https:\/\/elizabethmaymp.ca\/fr\/"},{"@type":"ListItem","position":2,"name":"1.1 Principes directeurs d\u2019une \u00e9conomie sens\u00e9e, le plan \u00e9conomique vert"}]},{"@type":"WebSite","@id":"https:\/\/elizabethmaymp.ca\/fr\/#website","url":"https:\/\/elizabethmaymp.ca\/fr\/","name":"Elizabeth May","description":"MP for Saanich and Gulf Islands","publisher":{"@id":"https:\/\/elizabethmaymp.ca\/fr\/#organization"},"potentialAction":[{"@type":"SearchAction","target":{"@type":"EntryPoint","urlTemplate":"https:\/\/elizabethmaymp.ca\/fr\/?s={search_term_string}"},"query-input":{"@type":"PropertyValueSpecification","valueRequired":true,"valueName":"search_term_string"}}],"inLanguage":"en-US"},{"@type":"Organization","@id":"https:\/\/elizabethmaymp.ca\/fr\/#organization","name":"Elizabeth May MP","url":"https:\/\/elizabethmaymp.ca\/fr\/","logo":{"@type":"ImageObject","inLanguage":"en-US","@id":"https:\/\/elizabethmaymp.ca\/fr\/#\/schema\/logo\/image\/","url":"https:\/\/elizabethmaymp.ca\/wp-content\/uploads\/elizabethmay-button.png","contentUrl":"https:\/\/elizabethmaymp.ca\/wp-content\/uploads\/elizabethmay-button.png","width":1501,"height":1501,"caption":"Elizabeth May MP"},"image":{"@id":"https:\/\/elizabethmaymp.ca\/fr\/#\/schema\/logo\/image\/"},"sameAs":["https:\/\/www.facebook.com\/ElizabethMayMP","https:\/\/x.com\/elizabethmay"]},{"@type":"Person","@id":"https:\/\/elizabethmaymp.ca\/#\/schema\/person\/d3f03a762a6bc9b615b1cc303ebf0c1f","name":"Craig Cantin","image":{"@type":"ImageObject","inLanguage":"en-US","@id":"https:\/\/secure.gravatar.com\/avatar\/4c95358098caf4f50815f5fc942d6d14142d8b46ece2b18c21ac1fb7d38545a4?s=96&d=mm&r=g","url":"https:\/\/secure.gravatar.com\/avatar\/4c95358098caf4f50815f5fc942d6d14142d8b46ece2b18c21ac1fb7d38545a4?s=96&d=mm&r=g","contentUrl":"https:\/\/secure.gravatar.com\/avatar\/4c95358098caf4f50815f5fc942d6d14142d8b46ece2b18c21ac1fb7d38545a4?s=96&d=mm&r=g","caption":"Craig Cantin"},"url":"https:\/\/elizabethmaymp.ca\/fr\/author\/craig-c\/"}]}},"_links":{"self":[{"href":"https:\/\/elizabethmaymp.ca\/fr\/wp-json\/wp\/v2\/posts\/1176","targetHints":{"allow":["GET"]}}],"collection":[{"href":"https:\/\/elizabethmaymp.ca\/fr\/wp-json\/wp\/v2\/posts"}],"about":[{"href":"https:\/\/elizabethmaymp.ca\/fr\/wp-json\/wp\/v2\/types\/post"}],"author":[{"embeddable":true,"href":"https:\/\/elizabethmaymp.ca\/fr\/wp-json\/wp\/v2\/users\/3"}],"replies":[{"embeddable":true,"href":"https:\/\/elizabethmaymp.ca\/fr\/wp-json\/wp\/v2\/comments?post=1176"}],"version-history":[{"count":7,"href":"https:\/\/elizabethmaymp.ca\/fr\/wp-json\/wp\/v2\/posts\/1176\/revisions"}],"predecessor-version":[{"id":1542,"href":"https:\/\/elizabethmaymp.ca\/fr\/wp-json\/wp\/v2\/posts\/1176\/revisions\/1542"}],"wp:attachment":[{"href":"https:\/\/elizabethmaymp.ca\/fr\/wp-json\/wp\/v2\/media?parent=1176"}],"wp:term":[{"taxonomy":"category","embeddable":true,"href":"https:\/\/elizabethmaymp.ca\/fr\/wp-json\/wp\/v2\/categories?post=1176"},{"taxonomy":"post_tag","embeddable":true,"href":"https:\/\/elizabethmaymp.ca\/fr\/wp-json\/wp\/v2\/tags?post=1176"}],"curies":[{"name":"wp","href":"https:\/\/api.w.org\/{rel}","templated":true}]}}