{"id":1222,"date":"2011-11-29T11:24:45","date_gmt":"2011-11-29T16:24:45","guid":{"rendered":"http:\/\/dev2.elizabethmaymp.ca\/?p=1222"},"modified":"2015-04-10T16:42:18","modified_gmt":"2015-04-10T20:42:18","slug":"1-13-green-urban-transportation","status":"publish","type":"post","link":"https:\/\/elizabethmaymp.ca\/fr\/1-13-green-urban-transportation\/","title":{"rendered":"1.13 Transport urbain \u00e9cologique"},"content":{"rendered":"<p>Le mitage ralentit \u00e9norm\u00e9ment la circulation des migrants. Au lieu de r\u00e9gler le probl\u00e8me, l\u2019ajout de nouvelles routes l\u2019exacerbe. La saturation du r\u00e9seau routier entra\u00eene l\u2019augmentation de la pollution et des \u00e9missions de gaz \u00e0 effet de serre. La transition vers le rail l\u00e9ger et un r\u00e9seau d\u2019autobus coordonn\u00e9s permettront d\u2019all\u00e9ger notre r\u00e9seau routier; ainsi, nous sortirons du cercle vicieux qui consiste \u00e0 multiplier le nombre d\u2019usagers sur un r\u00e9seau routier de plus en plus achaland\u00e9 et \u00e0 rendre nos villes plus agr\u00e9ables.<\/p>\n<div>\n<p>Nous r\u00e9glerons le probl\u00e8me des routes congestionn\u00e9es et des villes pleines de smog, pas en construisant de nouvelles routes et de nouveaux ponts qui \u00e9loignent les banlieues, mais avec des projets de \u00ab croissance intelligente \u00bb ax\u00e9s sur l\u2019infrastructure. L\u2019am\u00e9lioration des transports en commun et du rendement \u00e9nerg\u00e9tique des b\u00e2timents dans des n\u0153uds \u00e0 haute densit\u00e9, le long de corridors de transport existants, rendra nos villes habitables et conviviales. Le gouvernement f\u00e9d\u00e9ral doit ouvrir la voie en financement l\u2019\u00e9cologisation des villes canadiennes (<a href=\"http:\/\/elizabethmaymp.ca\/fr\/vision-green\/p1.14\">voir la section 1.14 Infrastructure et collectivit\u00e9s, pour un expos\u00e9 d\u00e9taill\u00e9 sur les relations f\u00e9d\u00e9rales-municipales<\/a>.)<\/p>\n<p>Les d\u00e9put\u00e9s verts :<\/p>\n<ul>\n<li>Augmenteront le budget f\u00e9d\u00e9ral destin\u00e9 \u00e0 l\u2019infrastructure pi\u00e9tonni\u00e8re, cycliste et de covoiturage dans les villes.<\/li>\n<li>Augmenteront le budget actuel destin\u00e9 aux transports en commun en vue de stimuler un r\u00e9investissement massif dans l\u2019infrastructure publique de transports dans toutes les villes canadiennes pour la rendre facile d\u2019acc\u00e8s, s\u00e9curitaire, confortable et abordable.<\/li>\n<li>Offriront des cr\u00e9dits d\u2019imp\u00f4t pour les laissez-passer de transports en commun fournis par les employeurs afin d\u2019inciter les employ\u00e9s et les soci\u00e9t\u00e9s \u00e0 utiliser les transports en commun, et fourniront une aide financi\u00e8re aux provinces et aux territoires qui fournissent des laissez-passer gratuits aux personnes vivant sous le seuil de pauvret\u00e9.<\/li>\n<li>Annuleront les budgets pr\u00e9vus pour des projets d\u2019\u00e9largissement d\u2019autoroutes et de ponts qui favorisent le mitage et accroissent l\u2019utilisation des v\u00e9hicules particuliers, du transport de marchandises par camion et, par cons\u00e9quent, augmentent les \u00e9missions de gaz \u00e0 effet de serre.<\/li>\n<li>S\u2019assureront que le financement f\u00e9d\u00e9ral destin\u00e9 \u00e0 l\u2019infrastructure ne sert pas \u00e0 l\u2019\u00e9largissement du r\u00e9seau routier, mais plut\u00f4t \u00e0 la mise en place ou l\u2019\u00e9largissement d\u2019un r\u00e9seau de rail l\u00e9ger. Les infrastructures actuelles, comme la Transcanadienne, doivent \u00eatre maintenues selon des normes de s\u00e9curit\u00e9.<\/li>\n<\/ul>\n<\/div>\n<p><\/p>","protected":false},"excerpt":{"rendered":"<p>Le mitage ralentit \u00e9norm\u00e9ment la circulation des migrants. Au lieu de r\u00e9gler le probl\u00e8me, l\u2019ajout de nouvelles routes l\u2019exacerbe. La saturation du r\u00e9seau routier entra\u00eene l\u2019augmentation de la&hellip;<\/p>\n","protected":false},"author":3,"featured_media":0,"comment_status":"open","ping_status":"open","sticky":false,"template":"","format":"standard","meta":{"_acf_changed":false,"_price":"","_stock":"","_tribe_ticket_header":"","_tribe_default_ticket_provider":"","_tribe_ticket_capacity":"","_ticket_start_date":"","_ticket_end_date":"","_tribe_ticket_show_description":"","_tribe_ticket_show_not_going":false,"_tribe_ticket_use_global_stock":"","_tribe_ticket_global_stock_level":"","_global_stock_mode":"","_global_stock_cap":"","_tribe_rsvp_for_event":"","_tribe_ticket_going_count":"","_tribe_ticket_not_going_count":"","_tribe_tickets_list":"[]","_tribe_ticket_has_attendee_info_fields":false,"footnotes":""},"categories":[158],"tags":[1278],"class_list":["post-1222","post","type-post","status-publish","format-standard","hentry","category-vision-green","tag-public-transit"],"acf":[],"yoast_head":"<!-- This site is optimized with the Yoast SEO plugin v27.4 - https:\/\/yoast.com\/product\/yoast-seo-wordpress\/ -->\n<title>1.13 Transport urbain \u00e9cologique | Elizabeth May<\/title>\n<meta name=\"robots\" content=\"index, follow, max-snippet:-1, max-image-preview:large, max-video-preview:-1\" \/>\n<link rel=\"canonical\" href=\"https:\/\/elizabethmaymp.ca\/fr\/1-13-green-urban-transportation\/\" \/>\n<meta property=\"og:locale\" content=\"en_US\" \/>\n<meta property=\"og:type\" content=\"article\" \/>\n<meta property=\"og:title\" content=\"1.13 Transport urbain \u00e9cologique | Elizabeth May\" \/>\n<meta property=\"og:description\" content=\"Le mitage ralentit \u00e9norm\u00e9ment la circulation des migrants. Au lieu de r\u00e9gler le probl\u00e8me, l\u2019ajout de nouvelles routes l\u2019exacerbe. La saturation du r\u00e9seau routier entra\u00eene l\u2019augmentation de la&hellip;\" \/>\n<meta property=\"og:url\" content=\"https:\/\/elizabethmaymp.ca\/fr\/1-13-green-urban-transportation\/\" \/>\n<meta property=\"og:site_name\" content=\"Elizabeth May\" \/>\n<meta property=\"article:publisher\" content=\"https:\/\/www.facebook.com\/ElizabethMayMP\" \/>\n<meta property=\"article:published_time\" content=\"2011-11-29T16:24:45+00:00\" \/>\n<meta property=\"article:modified_time\" content=\"2015-04-10T20:42:18+00:00\" \/>\n<meta property=\"og:image\" content=\"http:\/\/elizabethmaymp.ca\/wp-content\/uploads\/otrain.jpg\" \/>\n<meta name=\"author\" content=\"Craig Cantin\" \/>\n<meta name=\"twitter:card\" content=\"summary_large_image\" \/>\n<meta name=\"twitter:creator\" content=\"@elizabethmay\" \/>\n<meta name=\"twitter:site\" content=\"@elizabethmay\" \/>\n<meta name=\"twitter:label1\" content=\"Written by\" \/>\n\t<meta name=\"twitter:data1\" content=\"Craig Cantin\" \/>\n\t<meta name=\"twitter:label2\" content=\"Est. reading time\" \/>\n\t<meta name=\"twitter:data2\" content=\"4 minutes\" \/>\n<script type=\"application\/ld+json\" class=\"yoast-schema-graph\">{\"@context\":\"https:\\\/\\\/schema.org\",\"@graph\":[{\"@type\":\"Article\",\"@id\":\"https:\\\/\\\/elizabethmaymp.ca\\\/fr\\\/1-13-green-urban-transportation\\\/#article\",\"isPartOf\":{\"@id\":\"https:\\\/\\\/elizabethmaymp.ca\\\/fr\\\/1-13-green-urban-transportation\\\/\"},\"author\":{\"name\":\"Craig Cantin\",\"@id\":\"https:\\\/\\\/elizabethmaymp.ca\\\/#\\\/schema\\\/person\\\/d3f03a762a6bc9b615b1cc303ebf0c1f\"},\"headline\":\"1.13 Transport urbain \u00e9cologique\",\"datePublished\":\"2011-11-29T16:24:45+00:00\",\"dateModified\":\"2015-04-10T20:42:18+00:00\",\"mainEntityOfPage\":{\"@id\":\"https:\\\/\\\/elizabethmaymp.ca\\\/fr\\\/1-13-green-urban-transportation\\\/\"},\"wordCount\":714,\"commentCount\":0,\"publisher\":{\"@id\":\"https:\\\/\\\/elizabethmaymp.ca\\\/#organization\"},\"image\":{\"@id\":\"https:\\\/\\\/elizabethmaymp.ca\\\/fr\\\/1-13-green-urban-transportation\\\/#primaryimage\"},\"thumbnailUrl\":\"http:\\\/\\\/elizabethmaymp.ca\\\/wp-content\\\/uploads\\\/otrain.jpg\",\"keywords\":[\"Public Transit\"],\"articleSection\":[\"Vision Green\"],\"inLanguage\":\"en-US\"},{\"@type\":\"WebPage\",\"@id\":\"https:\\\/\\\/elizabethmaymp.ca\\\/fr\\\/1-13-green-urban-transportation\\\/\",\"url\":\"https:\\\/\\\/elizabethmaymp.ca\\\/fr\\\/1-13-green-urban-transportation\\\/\",\"name\":\"1.13 Green urban transportation1.13 Transport urbain \u00e9cologique | Elizabeth May\",\"isPartOf\":{\"@id\":\"https:\\\/\\\/elizabethmaymp.ca\\\/fr\\\/#website\"},\"primaryImageOfPage\":{\"@id\":\"https:\\\/\\\/elizabethmaymp.ca\\\/fr\\\/1-13-green-urban-transportation\\\/#primaryimage\"},\"image\":{\"@id\":\"https:\\\/\\\/elizabethmaymp.ca\\\/fr\\\/1-13-green-urban-transportation\\\/#primaryimage\"},\"thumbnailUrl\":\"http:\\\/\\\/elizabethmaymp.ca\\\/wp-content\\\/uploads\\\/otrain.jpg\",\"datePublished\":\"2011-11-29T16:24:45+00:00\",\"dateModified\":\"2015-04-10T20:42:18+00:00\",\"breadcrumb\":{\"@id\":\"https:\\\/\\\/elizabethmaymp.ca\\\/fr\\\/1-13-green-urban-transportation\\\/#breadcrumb\"},\"inLanguage\":\"en-US\",\"potentialAction\":[{\"@type\":\"ReadAction\",\"target\":[[\"https:\\\/\\\/elizabethmaymp.ca\\\/fr\\\/1-13-green-urban-transportation\\\/\"]]}]},{\"@type\":\"ImageObject\",\"inLanguage\":\"en-US\",\"@id\":\"https:\\\/\\\/elizabethmaymp.ca\\\/fr\\\/1-13-green-urban-transportation\\\/#primaryimage\",\"url\":\"http:\\\/\\\/elizabethmaymp.ca\\\/wp-content\\\/uploads\\\/otrain.jpg\",\"contentUrl\":\"http:\\\/\\\/elizabethmaymp.ca\\\/wp-content\\\/uploads\\\/otrain.jpg\"},{\"@type\":\"BreadcrumbList\",\"@id\":\"https:\\\/\\\/elizabethmaymp.ca\\\/fr\\\/1-13-green-urban-transportation\\\/#breadcrumb\",\"itemListElement\":[{\"@type\":\"ListItem\",\"position\":1,\"name\":\"Home\",\"item\":\"https:\\\/\\\/elizabethmaymp.ca\\\/fr\\\/\"},{\"@type\":\"ListItem\",\"position\":2,\"name\":\"1.13 Transport urbain \u00e9cologique\"}]},{\"@type\":\"WebSite\",\"@id\":\"https:\\\/\\\/elizabethmaymp.ca\\\/fr\\\/#website\",\"url\":\"https:\\\/\\\/elizabethmaymp.ca\\\/fr\\\/\",\"name\":\"Elizabeth May\",\"description\":\"MP for Saanich and Gulf Islands\",\"publisher\":{\"@id\":\"https:\\\/\\\/elizabethmaymp.ca\\\/fr\\\/#organization\"},\"potentialAction\":[{\"@type\":\"SearchAction\",\"target\":{\"@type\":\"EntryPoint\",\"urlTemplate\":\"https:\\\/\\\/elizabethmaymp.ca\\\/fr\\\/?s={search_term_string}\"},\"query-input\":{\"@type\":\"PropertyValueSpecification\",\"valueRequired\":true,\"valueName\":\"search_term_string\"}}],\"inLanguage\":\"en-US\"},{\"@type\":\"Organization\",\"@id\":\"https:\\\/\\\/elizabethmaymp.ca\\\/fr\\\/#organization\",\"name\":\"Elizabeth May MP\",\"url\":\"https:\\\/\\\/elizabethmaymp.ca\\\/fr\\\/\",\"logo\":{\"@type\":\"ImageObject\",\"inLanguage\":\"en-US\",\"@id\":\"https:\\\/\\\/elizabethmaymp.ca\\\/fr\\\/#\\\/schema\\\/logo\\\/image\\\/\",\"url\":\"https:\\\/\\\/elizabethmaymp.ca\\\/wp-content\\\/uploads\\\/elizabethmay-button.png\",\"contentUrl\":\"https:\\\/\\\/elizabethmaymp.ca\\\/wp-content\\\/uploads\\\/elizabethmay-button.png\",\"width\":1501,\"height\":1501,\"caption\":\"Elizabeth May MP\"},\"image\":{\"@id\":\"https:\\\/\\\/elizabethmaymp.ca\\\/fr\\\/#\\\/schema\\\/logo\\\/image\\\/\"},\"sameAs\":[\"https:\\\/\\\/www.facebook.com\\\/ElizabethMayMP\",\"https:\\\/\\\/x.com\\\/elizabethmay\"]},{\"@type\":\"Person\",\"@id\":\"https:\\\/\\\/elizabethmaymp.ca\\\/#\\\/schema\\\/person\\\/d3f03a762a6bc9b615b1cc303ebf0c1f\",\"name\":\"Craig Cantin\",\"image\":{\"@type\":\"ImageObject\",\"inLanguage\":\"en-US\",\"@id\":\"https:\\\/\\\/secure.gravatar.com\\\/avatar\\\/4c95358098caf4f50815f5fc942d6d14142d8b46ece2b18c21ac1fb7d38545a4?s=96&d=mm&r=g\",\"url\":\"https:\\\/\\\/secure.gravatar.com\\\/avatar\\\/4c95358098caf4f50815f5fc942d6d14142d8b46ece2b18c21ac1fb7d38545a4?s=96&d=mm&r=g\",\"contentUrl\":\"https:\\\/\\\/secure.gravatar.com\\\/avatar\\\/4c95358098caf4f50815f5fc942d6d14142d8b46ece2b18c21ac1fb7d38545a4?s=96&d=mm&r=g\",\"caption\":\"Craig Cantin\"},\"url\":\"https:\\\/\\\/elizabethmaymp.ca\\\/fr\\\/author\\\/craig-c\\\/\"}]}<\/script>\n<!-- \/ Yoast SEO plugin. -->","yoast_head_json":{"title":"1.13 Transport urbain \u00e9cologique | Elizabeth May","robots":{"index":"index","follow":"follow","max-snippet":"max-snippet:-1","max-image-preview":"max-image-preview:large","max-video-preview":"max-video-preview:-1"},"canonical":"https:\/\/elizabethmaymp.ca\/fr\/1-13-green-urban-transportation\/","og_locale":"en_US","og_type":"article","og_title":"1.13 Transport urbain \u00e9cologique | Elizabeth May","og_description":"Le mitage ralentit \u00e9norm\u00e9ment la circulation des migrants. Au lieu de r\u00e9gler le probl\u00e8me, l\u2019ajout de nouvelles routes l\u2019exacerbe. La saturation du r\u00e9seau routier entra\u00eene l\u2019augmentation de la&hellip;","og_url":"https:\/\/elizabethmaymp.ca\/fr\/1-13-green-urban-transportation\/","og_site_name":"Elizabeth May","article_publisher":"https:\/\/www.facebook.com\/ElizabethMayMP","article_published_time":"2011-11-29T16:24:45+00:00","article_modified_time":"2015-04-10T20:42:18+00:00","og_image":[{"url":"http:\/\/elizabethmaymp.ca\/wp-content\/uploads\/otrain.jpg","type":"","width":"","height":""}],"author":"Craig Cantin","twitter_card":"summary_large_image","twitter_creator":"@elizabethmay","twitter_site":"@elizabethmay","twitter_misc":{"Written by":"Craig Cantin","Est. reading time":"4 minutes"},"schema":{"@context":"https:\/\/schema.org","@graph":[{"@type":"Article","@id":"https:\/\/elizabethmaymp.ca\/fr\/1-13-green-urban-transportation\/#article","isPartOf":{"@id":"https:\/\/elizabethmaymp.ca\/fr\/1-13-green-urban-transportation\/"},"author":{"name":"Craig Cantin","@id":"https:\/\/elizabethmaymp.ca\/#\/schema\/person\/d3f03a762a6bc9b615b1cc303ebf0c1f"},"headline":"1.13 Transport urbain \u00e9cologique","datePublished":"2011-11-29T16:24:45+00:00","dateModified":"2015-04-10T20:42:18+00:00","mainEntityOfPage":{"@id":"https:\/\/elizabethmaymp.ca\/fr\/1-13-green-urban-transportation\/"},"wordCount":714,"commentCount":0,"publisher":{"@id":"https:\/\/elizabethmaymp.ca\/#organization"},"image":{"@id":"https:\/\/elizabethmaymp.ca\/fr\/1-13-green-urban-transportation\/#primaryimage"},"thumbnailUrl":"http:\/\/elizabethmaymp.ca\/wp-content\/uploads\/otrain.jpg","keywords":["Public Transit"],"articleSection":["Vision Green"],"inLanguage":"en-US"},{"@type":"WebPage","@id":"https:\/\/elizabethmaymp.ca\/fr\/1-13-green-urban-transportation\/","url":"https:\/\/elizabethmaymp.ca\/fr\/1-13-green-urban-transportation\/","name":"1.13 Green urban transportation1.13 Transport urbain \u00e9cologique | Elizabeth May","isPartOf":{"@id":"https:\/\/elizabethmaymp.ca\/fr\/#website"},"primaryImageOfPage":{"@id":"https:\/\/elizabethmaymp.ca\/fr\/1-13-green-urban-transportation\/#primaryimage"},"image":{"@id":"https:\/\/elizabethmaymp.ca\/fr\/1-13-green-urban-transportation\/#primaryimage"},"thumbnailUrl":"http:\/\/elizabethmaymp.ca\/wp-content\/uploads\/otrain.jpg","datePublished":"2011-11-29T16:24:45+00:00","dateModified":"2015-04-10T20:42:18+00:00","breadcrumb":{"@id":"https:\/\/elizabethmaymp.ca\/fr\/1-13-green-urban-transportation\/#breadcrumb"},"inLanguage":"en-US","potentialAction":[{"@type":"ReadAction","target":[["https:\/\/elizabethmaymp.ca\/fr\/1-13-green-urban-transportation\/"]]}]},{"@type":"ImageObject","inLanguage":"en-US","@id":"https:\/\/elizabethmaymp.ca\/fr\/1-13-green-urban-transportation\/#primaryimage","url":"http:\/\/elizabethmaymp.ca\/wp-content\/uploads\/otrain.jpg","contentUrl":"http:\/\/elizabethmaymp.ca\/wp-content\/uploads\/otrain.jpg"},{"@type":"BreadcrumbList","@id":"https:\/\/elizabethmaymp.ca\/fr\/1-13-green-urban-transportation\/#breadcrumb","itemListElement":[{"@type":"ListItem","position":1,"name":"Home","item":"https:\/\/elizabethmaymp.ca\/fr\/"},{"@type":"ListItem","position":2,"name":"1.13 Transport urbain \u00e9cologique"}]},{"@type":"WebSite","@id":"https:\/\/elizabethmaymp.ca\/fr\/#website","url":"https:\/\/elizabethmaymp.ca\/fr\/","name":"Elizabeth May","description":"MP for Saanich and Gulf Islands","publisher":{"@id":"https:\/\/elizabethmaymp.ca\/fr\/#organization"},"potentialAction":[{"@type":"SearchAction","target":{"@type":"EntryPoint","urlTemplate":"https:\/\/elizabethmaymp.ca\/fr\/?s={search_term_string}"},"query-input":{"@type":"PropertyValueSpecification","valueRequired":true,"valueName":"search_term_string"}}],"inLanguage":"en-US"},{"@type":"Organization","@id":"https:\/\/elizabethmaymp.ca\/fr\/#organization","name":"Elizabeth May MP","url":"https:\/\/elizabethmaymp.ca\/fr\/","logo":{"@type":"ImageObject","inLanguage":"en-US","@id":"https:\/\/elizabethmaymp.ca\/fr\/#\/schema\/logo\/image\/","url":"https:\/\/elizabethmaymp.ca\/wp-content\/uploads\/elizabethmay-button.png","contentUrl":"https:\/\/elizabethmaymp.ca\/wp-content\/uploads\/elizabethmay-button.png","width":1501,"height":1501,"caption":"Elizabeth May MP"},"image":{"@id":"https:\/\/elizabethmaymp.ca\/fr\/#\/schema\/logo\/image\/"},"sameAs":["https:\/\/www.facebook.com\/ElizabethMayMP","https:\/\/x.com\/elizabethmay"]},{"@type":"Person","@id":"https:\/\/elizabethmaymp.ca\/#\/schema\/person\/d3f03a762a6bc9b615b1cc303ebf0c1f","name":"Craig Cantin","image":{"@type":"ImageObject","inLanguage":"en-US","@id":"https:\/\/secure.gravatar.com\/avatar\/4c95358098caf4f50815f5fc942d6d14142d8b46ece2b18c21ac1fb7d38545a4?s=96&d=mm&r=g","url":"https:\/\/secure.gravatar.com\/avatar\/4c95358098caf4f50815f5fc942d6d14142d8b46ece2b18c21ac1fb7d38545a4?s=96&d=mm&r=g","contentUrl":"https:\/\/secure.gravatar.com\/avatar\/4c95358098caf4f50815f5fc942d6d14142d8b46ece2b18c21ac1fb7d38545a4?s=96&d=mm&r=g","caption":"Craig Cantin"},"url":"https:\/\/elizabethmaymp.ca\/fr\/author\/craig-c\/"}]}},"_links":{"self":[{"href":"https:\/\/elizabethmaymp.ca\/fr\/wp-json\/wp\/v2\/posts\/1222","targetHints":{"allow":["GET"]}}],"collection":[{"href":"https:\/\/elizabethmaymp.ca\/fr\/wp-json\/wp\/v2\/posts"}],"about":[{"href":"https:\/\/elizabethmaymp.ca\/fr\/wp-json\/wp\/v2\/types\/post"}],"author":[{"embeddable":true,"href":"https:\/\/elizabethmaymp.ca\/fr\/wp-json\/wp\/v2\/users\/3"}],"replies":[{"embeddable":true,"href":"https:\/\/elizabethmaymp.ca\/fr\/wp-json\/wp\/v2\/comments?post=1222"}],"version-history":[{"count":7,"href":"https:\/\/elizabethmaymp.ca\/fr\/wp-json\/wp\/v2\/posts\/1222\/revisions"}],"predecessor-version":[{"id":15303,"href":"https:\/\/elizabethmaymp.ca\/fr\/wp-json\/wp\/v2\/posts\/1222\/revisions\/15303"}],"wp:attachment":[{"href":"https:\/\/elizabethmaymp.ca\/fr\/wp-json\/wp\/v2\/media?parent=1222"}],"wp:term":[{"taxonomy":"category","embeddable":true,"href":"https:\/\/elizabethmaymp.ca\/fr\/wp-json\/wp\/v2\/categories?post=1222"},{"taxonomy":"post_tag","embeddable":true,"href":"https:\/\/elizabethmaymp.ca\/fr\/wp-json\/wp\/v2\/tags?post=1222"}],"curies":[{"name":"wp","href":"https:\/\/api.w.org\/{rel}","templated":true}]}}