{"id":12252,"date":"2014-03-24T15:04:54","date_gmt":"2014-03-24T19:04:54","guid":{"rendered":"http:\/\/elizabethmaymp.ca?p=12252"},"modified":"2014-03-24T15:10:56","modified_gmt":"2014-03-24T19:10:56","slug":"party-leaders-take-youth-voting-seriously-elizabeth-may-joins-mulcair-trudeau-and-reform-bill-author-michael-chong","status":"publish","type":"post","link":"https:\/\/elizabethmaymp.ca\/fr\/party-leaders-take-youth-voting-seriously-elizabeth-may-joins-mulcair-trudeau-and-reform-bill-author-michael-chong\/","title":{"rendered":"Les chefs de parti prennent au s\u00e9rieux le vote des jeunes: Elizabeth May se joint \u00e0 MM. Mulcair, Trudeau et \u00e0 l\u2019auteur d\u2019un projet de r\u00e9forme l\u00e9gislative, Michael Chong"},"content":{"rendered":"<p><img loading=\"lazy\" decoding=\"async\" alt=\"iVote\/jeVote\" src=\"http:\/\/elizabethmaymp.ca\/wp-content\/uploads\/iVote-240x192.jpg\" width=\"240\" height=\"192\" align=\"left\" hspace=\"5\" \/>Elizabeth May, chef du Parti Vert du Canada et d\u00e9put\u00e9e de Saanich\u2013Gulf Islands, se joindra aux d\u00e9put\u00e9s Thomas Mulcair, Justin Trudeau et Michael Chong pour une discussion en panel lors d\u2019un \u00e9v\u00e9nement li\u00e9 \u00e0 <a href=\"http:\/\/www.ivote-jevote.ca\/fr\/\" target=\"_blank\">iVote-jeVote<\/a>, une nouvelle initiative visant \u00e0 promouvoir l&#8217;engagement d\u00e9mocratique des jeunes Canadiennes et Canadiens. Le panel bilingue sera anim\u00e9 conjointement par Steve Paikin de TVO et Linda Godin de TFO.<\/p>\n<p>L&#8217;initiative iVote-jeVote est coordonn\u00e9e par l&#8217;ancien directeur parlementaire du budget, Kevin Page, titulaire actuel de la Chaire de recherche Jean-Luc P\u00e9pin \u00e0 l&#8217;Universit\u00e9 d&#8217;Ottawa.<\/p>\n<ul>\n<li><strong>Quand :<\/strong> le 25 mars 2014<\/li>\n<li><strong>Heure :<\/strong> 16h-18h<\/li>\n<li><strong>Lieu :<\/strong> Universit\u00e9 d&#8217;Ottawa, \u00c9difice de la Facult\u00e9 des sciences sociales (120 University), dans le Hall<\/li>\n<\/ul>\n<p>Cet \u00e9v\u00e9nement est gratuit et ouvert au public; on trouvera <a href=\"http:\/\/www.ivote-jevote.ca\/fr\/\" target=\"_blank\">plus de renseignements sur jeVote ici<\/a>.<\/p>\n<p>CPAC offrira un <a href=\"http:\/\/www.cpac.ca\/fr\/direct\/cpac2\/\" target=\"_blank\">flux en direct en ligne de l&#8217;\u00e9v\u00e9nement<\/a>.<\/p>","protected":false},"excerpt":{"rendered":"<p>Elizabeth May, chef du Parti Vert du Canada et d\u00e9put\u00e9e de Saanich\u2013Gulf Islands, se joindra aux d\u00e9put\u00e9s Thomas Mulcair, Justin Trudeau et Michael Chong pour une discussion en&hellip;<\/p>\n","protected":false},"author":3,"featured_media":0,"comment_status":"open","ping_status":"open","sticky":false,"template":"","format":"standard","meta":{"_acf_changed":false,"_price":"","_stock":"","_tribe_ticket_header":"","_tribe_default_ticket_provider":"","_tribe_ticket_capacity":"","_ticket_start_date":"","_ticket_end_date":"","_tribe_ticket_show_description":"","_tribe_ticket_show_not_going":false,"_tribe_ticket_use_global_stock":"","_tribe_ticket_global_stock_level":"","_global_stock_mode":"","_global_stock_cap":"","_tribe_rsvp_for_event":"","_tribe_ticket_going_count":"","_tribe_ticket_not_going_count":"","_tribe_tickets_list":"[]","_tribe_ticket_has_attendee_info_fields":false,"footnotes":""},"categories":[90],"tags":[],"class_list":["post-12252","post","type-post","status-publish","format-standard","hentry","category-press-releases"],"acf":[],"yoast_head":"<!-- This site is optimized with the Yoast SEO plugin v27.5 - https:\/\/yoast.com\/product\/yoast-seo-wordpress\/ -->\n<title>Les chefs de parti prennent au s\u00e9rieux le vote des jeunes: Elizabeth May se joint \u00e0 MM. Mulcair, Trudeau et \u00e0 l\u2019auteur d\u2019un projet de r\u00e9forme l\u00e9gislative, Michael Chong | Elizabeth May<\/title>\n<meta name=\"robots\" content=\"index, follow, max-snippet:-1, max-image-preview:large, max-video-preview:-1\" \/>\n<link rel=\"canonical\" href=\"https:\/\/elizabethmaymp.ca\/fr\/party-leaders-take-youth-voting-seriously-elizabeth-may-joins-mulcair-trudeau-and-reform-bill-author-michael-chong\/\" \/>\n<meta property=\"og:locale\" content=\"en_US\" \/>\n<meta property=\"og:type\" content=\"article\" \/>\n<meta property=\"og:title\" content=\"Les chefs de parti prennent au s\u00e9rieux le vote des jeunes: Elizabeth May se joint \u00e0 MM. Mulcair, Trudeau et \u00e0 l\u2019auteur d\u2019un projet de r\u00e9forme l\u00e9gislative, Michael Chong | Elizabeth May\" \/>\n<meta property=\"og:description\" content=\"Elizabeth May, chef du Parti Vert du Canada et d\u00e9put\u00e9e de Saanich\u2013Gulf Islands, se joindra aux d\u00e9put\u00e9s Thomas Mulcair, Justin Trudeau et Michael Chong pour une discussion en&hellip;\" \/>\n<meta property=\"og:url\" content=\"https:\/\/elizabethmaymp.ca\/fr\/party-leaders-take-youth-voting-seriously-elizabeth-may-joins-mulcair-trudeau-and-reform-bill-author-michael-chong\/\" \/>\n<meta property=\"og:site_name\" content=\"Elizabeth May\" \/>\n<meta property=\"article:publisher\" content=\"https:\/\/www.facebook.com\/ElizabethMayMP\" \/>\n<meta property=\"article:published_time\" content=\"2014-03-24T19:04:54+00:00\" \/>\n<meta property=\"article:modified_time\" content=\"2014-03-24T19:10:56+00:00\" \/>\n<meta property=\"og:image\" content=\"http:\/\/elizabethmaymp.ca\/wp-content\/uploads\/iVote-240x192.jpg\" \/>\n<meta name=\"author\" content=\"Craig Cantin\" \/>\n<meta name=\"twitter:card\" content=\"summary_large_image\" \/>\n<meta name=\"twitter:creator\" content=\"@elizabethmay\" \/>\n<meta name=\"twitter:site\" content=\"@elizabethmay\" \/>\n<meta name=\"twitter:label1\" content=\"Written by\" \/>\n\t<meta name=\"twitter:data1\" content=\"Craig Cantin\" \/>\n\t<meta name=\"twitter:label2\" content=\"Est. reading time\" \/>\n\t<meta name=\"twitter:data2\" content=\"1 minute\" \/>\n<script type=\"application\/ld+json\" class=\"yoast-schema-graph\">{\"@context\":\"https:\\\/\\\/schema.org\",\"@graph\":[{\"@type\":\"Article\",\"@id\":\"https:\\\/\\\/elizabethmaymp.ca\\\/fr\\\/party-leaders-take-youth-voting-seriously-elizabeth-may-joins-mulcair-trudeau-and-reform-bill-author-michael-chong\\\/#article\",\"isPartOf\":{\"@id\":\"https:\\\/\\\/elizabethmaymp.ca\\\/fr\\\/party-leaders-take-youth-voting-seriously-elizabeth-may-joins-mulcair-trudeau-and-reform-bill-author-michael-chong\\\/\"},\"author\":{\"name\":\"Craig Cantin\",\"@id\":\"https:\\\/\\\/elizabethmaymp.ca\\\/#\\\/schema\\\/person\\\/d3f03a762a6bc9b615b1cc303ebf0c1f\"},\"headline\":\"Les chefs de parti prennent au s\u00e9rieux le vote des jeunes: Elizabeth May se joint \u00e0 MM. Mulcair, Trudeau et \u00e0 l\u2019auteur d\u2019un projet de r\u00e9forme l\u00e9gislative, Michael Chong\",\"datePublished\":\"2014-03-24T19:04:54+00:00\",\"dateModified\":\"2014-03-24T19:10:56+00:00\",\"mainEntityOfPage\":{\"@id\":\"https:\\\/\\\/elizabethmaymp.ca\\\/fr\\\/party-leaders-take-youth-voting-seriously-elizabeth-may-joins-mulcair-trudeau-and-reform-bill-author-michael-chong\\\/\"},\"wordCount\":326,\"commentCount\":2,\"publisher\":{\"@id\":\"https:\\\/\\\/elizabethmaymp.ca\\\/#organization\"},\"image\":{\"@id\":\"https:\\\/\\\/elizabethmaymp.ca\\\/fr\\\/party-leaders-take-youth-voting-seriously-elizabeth-may-joins-mulcair-trudeau-and-reform-bill-author-michael-chong\\\/#primaryimage\"},\"thumbnailUrl\":\"http:\\\/\\\/elizabethmaymp.ca\\\/wp-content\\\/uploads\\\/iVote-240x192.jpg\",\"articleSection\":[\"Communiqu\u00e9s\"],\"inLanguage\":\"en-US\"},{\"@type\":\"WebPage\",\"@id\":\"https:\\\/\\\/elizabethmaymp.ca\\\/fr\\\/party-leaders-take-youth-voting-seriously-elizabeth-may-joins-mulcair-trudeau-and-reform-bill-author-michael-chong\\\/\",\"url\":\"https:\\\/\\\/elizabethmaymp.ca\\\/fr\\\/party-leaders-take-youth-voting-seriously-elizabeth-may-joins-mulcair-trudeau-and-reform-bill-author-michael-chong\\\/\",\"name\":\"Party leaders take youth voting seriously: Elizabeth May joins Mulcair, Trudeau and Reform Bill author Michael ChongLes chefs de parti prennent au s\u00e9rieux le vote des jeunes: Elizabeth May se joint \u00e0 MM. Mulcair, Trudeau et \u00e0 l\u2019auteur d\u2019un projet de r\u00e9forme l\u00e9gislative, Michael Chong | Elizabeth May\",\"isPartOf\":{\"@id\":\"https:\\\/\\\/elizabethmaymp.ca\\\/fr\\\/#website\"},\"primaryImageOfPage\":{\"@id\":\"https:\\\/\\\/elizabethmaymp.ca\\\/fr\\\/party-leaders-take-youth-voting-seriously-elizabeth-may-joins-mulcair-trudeau-and-reform-bill-author-michael-chong\\\/#primaryimage\"},\"image\":{\"@id\":\"https:\\\/\\\/elizabethmaymp.ca\\\/fr\\\/party-leaders-take-youth-voting-seriously-elizabeth-may-joins-mulcair-trudeau-and-reform-bill-author-michael-chong\\\/#primaryimage\"},\"thumbnailUrl\":\"http:\\\/\\\/elizabethmaymp.ca\\\/wp-content\\\/uploads\\\/iVote-240x192.jpg\",\"datePublished\":\"2014-03-24T19:04:54+00:00\",\"dateModified\":\"2014-03-24T19:10:56+00:00\",\"breadcrumb\":{\"@id\":\"https:\\\/\\\/elizabethmaymp.ca\\\/fr\\\/party-leaders-take-youth-voting-seriously-elizabeth-may-joins-mulcair-trudeau-and-reform-bill-author-michael-chong\\\/#breadcrumb\"},\"inLanguage\":\"en-US\",\"potentialAction\":[{\"@type\":\"ReadAction\",\"target\":[[\"https:\\\/\\\/elizabethmaymp.ca\\\/fr\\\/party-leaders-take-youth-voting-seriously-elizabeth-may-joins-mulcair-trudeau-and-reform-bill-author-michael-chong\\\/\"]]}]},{\"@type\":\"ImageObject\",\"inLanguage\":\"en-US\",\"@id\":\"https:\\\/\\\/elizabethmaymp.ca\\\/fr\\\/party-leaders-take-youth-voting-seriously-elizabeth-may-joins-mulcair-trudeau-and-reform-bill-author-michael-chong\\\/#primaryimage\",\"url\":\"http:\\\/\\\/elizabethmaymp.ca\\\/wp-content\\\/uploads\\\/iVote-240x192.jpg\",\"contentUrl\":\"http:\\\/\\\/elizabethmaymp.ca\\\/wp-content\\\/uploads\\\/iVote-240x192.jpg\"},{\"@type\":\"BreadcrumbList\",\"@id\":\"https:\\\/\\\/elizabethmaymp.ca\\\/fr\\\/party-leaders-take-youth-voting-seriously-elizabeth-may-joins-mulcair-trudeau-and-reform-bill-author-michael-chong\\\/#breadcrumb\",\"itemListElement\":[{\"@type\":\"ListItem\",\"position\":1,\"name\":\"Home\",\"item\":\"https:\\\/\\\/elizabethmaymp.ca\\\/fr\\\/\"},{\"@type\":\"ListItem\",\"position\":2,\"name\":\"Les chefs de parti prennent au s\u00e9rieux le vote des jeunes: Elizabeth May se joint \u00e0 MM. Mulcair, Trudeau et \u00e0 l\u2019auteur d\u2019un projet de r\u00e9forme l\u00e9gislative, Michael Chong\"}]},{\"@type\":\"WebSite\",\"@id\":\"https:\\\/\\\/elizabethmaymp.ca\\\/fr\\\/#website\",\"url\":\"https:\\\/\\\/elizabethmaymp.ca\\\/fr\\\/\",\"name\":\"Elizabeth May\",\"description\":\"MP for Saanich and Gulf Islands\",\"publisher\":{\"@id\":\"https:\\\/\\\/elizabethmaymp.ca\\\/fr\\\/#organization\"},\"potentialAction\":[{\"@type\":\"SearchAction\",\"target\":{\"@type\":\"EntryPoint\",\"urlTemplate\":\"https:\\\/\\\/elizabethmaymp.ca\\\/fr\\\/?s={search_term_string}\"},\"query-input\":{\"@type\":\"PropertyValueSpecification\",\"valueRequired\":true,\"valueName\":\"search_term_string\"}}],\"inLanguage\":\"en-US\"},{\"@type\":\"Organization\",\"@id\":\"https:\\\/\\\/elizabethmaymp.ca\\\/fr\\\/#organization\",\"name\":\"Elizabeth May MP\",\"url\":\"https:\\\/\\\/elizabethmaymp.ca\\\/fr\\\/\",\"logo\":{\"@type\":\"ImageObject\",\"inLanguage\":\"en-US\",\"@id\":\"https:\\\/\\\/elizabethmaymp.ca\\\/fr\\\/#\\\/schema\\\/logo\\\/image\\\/\",\"url\":\"https:\\\/\\\/elizabethmaymp.ca\\\/wp-content\\\/uploads\\\/elizabethmay-button.png\",\"contentUrl\":\"https:\\\/\\\/elizabethmaymp.ca\\\/wp-content\\\/uploads\\\/elizabethmay-button.png\",\"width\":1501,\"height\":1501,\"caption\":\"Elizabeth May MP\"},\"image\":{\"@id\":\"https:\\\/\\\/elizabethmaymp.ca\\\/fr\\\/#\\\/schema\\\/logo\\\/image\\\/\"},\"sameAs\":[\"https:\\\/\\\/www.facebook.com\\\/ElizabethMayMP\",\"https:\\\/\\\/x.com\\\/elizabethmay\"]},{\"@type\":\"Person\",\"@id\":\"https:\\\/\\\/elizabethmaymp.ca\\\/#\\\/schema\\\/person\\\/d3f03a762a6bc9b615b1cc303ebf0c1f\",\"name\":\"Craig Cantin\",\"image\":{\"@type\":\"ImageObject\",\"inLanguage\":\"en-US\",\"@id\":\"https:\\\/\\\/secure.gravatar.com\\\/avatar\\\/4c95358098caf4f50815f5fc942d6d14142d8b46ece2b18c21ac1fb7d38545a4?s=96&d=mm&r=g\",\"url\":\"https:\\\/\\\/secure.gravatar.com\\\/avatar\\\/4c95358098caf4f50815f5fc942d6d14142d8b46ece2b18c21ac1fb7d38545a4?s=96&d=mm&r=g\",\"contentUrl\":\"https:\\\/\\\/secure.gravatar.com\\\/avatar\\\/4c95358098caf4f50815f5fc942d6d14142d8b46ece2b18c21ac1fb7d38545a4?s=96&d=mm&r=g\",\"caption\":\"Craig Cantin\"},\"url\":\"https:\\\/\\\/elizabethmaymp.ca\\\/fr\\\/author\\\/craig-c\\\/\"}]}<\/script>\n<!-- \/ Yoast SEO plugin. -->","yoast_head_json":{"title":"Les chefs de parti prennent au s\u00e9rieux le vote des jeunes: Elizabeth May se joint \u00e0 MM. Mulcair, Trudeau et \u00e0 l\u2019auteur d\u2019un projet de r\u00e9forme l\u00e9gislative, Michael Chong | Elizabeth May","robots":{"index":"index","follow":"follow","max-snippet":"max-snippet:-1","max-image-preview":"max-image-preview:large","max-video-preview":"max-video-preview:-1"},"canonical":"https:\/\/elizabethmaymp.ca\/fr\/party-leaders-take-youth-voting-seriously-elizabeth-may-joins-mulcair-trudeau-and-reform-bill-author-michael-chong\/","og_locale":"en_US","og_type":"article","og_title":"Les chefs de parti prennent au s\u00e9rieux le vote des jeunes: Elizabeth May se joint \u00e0 MM. Mulcair, Trudeau et \u00e0 l\u2019auteur d\u2019un projet de r\u00e9forme l\u00e9gislative, Michael Chong | Elizabeth May","og_description":"Elizabeth May, chef du Parti Vert du Canada et d\u00e9put\u00e9e de Saanich\u2013Gulf Islands, se joindra aux d\u00e9put\u00e9s Thomas Mulcair, Justin Trudeau et Michael Chong pour une discussion en&hellip;","og_url":"https:\/\/elizabethmaymp.ca\/fr\/party-leaders-take-youth-voting-seriously-elizabeth-may-joins-mulcair-trudeau-and-reform-bill-author-michael-chong\/","og_site_name":"Elizabeth May","article_publisher":"https:\/\/www.facebook.com\/ElizabethMayMP","article_published_time":"2014-03-24T19:04:54+00:00","article_modified_time":"2014-03-24T19:10:56+00:00","og_image":[{"url":"http:\/\/elizabethmaymp.ca\/wp-content\/uploads\/iVote-240x192.jpg","type":"","width":"","height":""}],"author":"Craig Cantin","twitter_card":"summary_large_image","twitter_creator":"@elizabethmay","twitter_site":"@elizabethmay","twitter_misc":{"Written by":"Craig Cantin","Est. reading time":"1 minute"},"schema":{"@context":"https:\/\/schema.org","@graph":[{"@type":"Article","@id":"https:\/\/elizabethmaymp.ca\/fr\/party-leaders-take-youth-voting-seriously-elizabeth-may-joins-mulcair-trudeau-and-reform-bill-author-michael-chong\/#article","isPartOf":{"@id":"https:\/\/elizabethmaymp.ca\/fr\/party-leaders-take-youth-voting-seriously-elizabeth-may-joins-mulcair-trudeau-and-reform-bill-author-michael-chong\/"},"author":{"name":"Craig Cantin","@id":"https:\/\/elizabethmaymp.ca\/#\/schema\/person\/d3f03a762a6bc9b615b1cc303ebf0c1f"},"headline":"Les chefs de parti prennent au s\u00e9rieux le vote des jeunes: Elizabeth May se joint \u00e0 MM. Mulcair, Trudeau et \u00e0 l\u2019auteur d\u2019un projet de r\u00e9forme l\u00e9gislative, Michael Chong","datePublished":"2014-03-24T19:04:54+00:00","dateModified":"2014-03-24T19:10:56+00:00","mainEntityOfPage":{"@id":"https:\/\/elizabethmaymp.ca\/fr\/party-leaders-take-youth-voting-seriously-elizabeth-may-joins-mulcair-trudeau-and-reform-bill-author-michael-chong\/"},"wordCount":326,"commentCount":2,"publisher":{"@id":"https:\/\/elizabethmaymp.ca\/#organization"},"image":{"@id":"https:\/\/elizabethmaymp.ca\/fr\/party-leaders-take-youth-voting-seriously-elizabeth-may-joins-mulcair-trudeau-and-reform-bill-author-michael-chong\/#primaryimage"},"thumbnailUrl":"http:\/\/elizabethmaymp.ca\/wp-content\/uploads\/iVote-240x192.jpg","articleSection":["Communiqu\u00e9s"],"inLanguage":"en-US"},{"@type":"WebPage","@id":"https:\/\/elizabethmaymp.ca\/fr\/party-leaders-take-youth-voting-seriously-elizabeth-may-joins-mulcair-trudeau-and-reform-bill-author-michael-chong\/","url":"https:\/\/elizabethmaymp.ca\/fr\/party-leaders-take-youth-voting-seriously-elizabeth-may-joins-mulcair-trudeau-and-reform-bill-author-michael-chong\/","name":"Party leaders take youth voting seriously: Elizabeth May joins Mulcair, Trudeau and Reform Bill author Michael ChongLes chefs de parti prennent au s\u00e9rieux le vote des jeunes: Elizabeth May se joint \u00e0 MM. Mulcair, Trudeau et \u00e0 l\u2019auteur d\u2019un projet de r\u00e9forme l\u00e9gislative, Michael Chong | Elizabeth May","isPartOf":{"@id":"https:\/\/elizabethmaymp.ca\/fr\/#website"},"primaryImageOfPage":{"@id":"https:\/\/elizabethmaymp.ca\/fr\/party-leaders-take-youth-voting-seriously-elizabeth-may-joins-mulcair-trudeau-and-reform-bill-author-michael-chong\/#primaryimage"},"image":{"@id":"https:\/\/elizabethmaymp.ca\/fr\/party-leaders-take-youth-voting-seriously-elizabeth-may-joins-mulcair-trudeau-and-reform-bill-author-michael-chong\/#primaryimage"},"thumbnailUrl":"http:\/\/elizabethmaymp.ca\/wp-content\/uploads\/iVote-240x192.jpg","datePublished":"2014-03-24T19:04:54+00:00","dateModified":"2014-03-24T19:10:56+00:00","breadcrumb":{"@id":"https:\/\/elizabethmaymp.ca\/fr\/party-leaders-take-youth-voting-seriously-elizabeth-may-joins-mulcair-trudeau-and-reform-bill-author-michael-chong\/#breadcrumb"},"inLanguage":"en-US","potentialAction":[{"@type":"ReadAction","target":[["https:\/\/elizabethmaymp.ca\/fr\/party-leaders-take-youth-voting-seriously-elizabeth-may-joins-mulcair-trudeau-and-reform-bill-author-michael-chong\/"]]}]},{"@type":"ImageObject","inLanguage":"en-US","@id":"https:\/\/elizabethmaymp.ca\/fr\/party-leaders-take-youth-voting-seriously-elizabeth-may-joins-mulcair-trudeau-and-reform-bill-author-michael-chong\/#primaryimage","url":"http:\/\/elizabethmaymp.ca\/wp-content\/uploads\/iVote-240x192.jpg","contentUrl":"http:\/\/elizabethmaymp.ca\/wp-content\/uploads\/iVote-240x192.jpg"},{"@type":"BreadcrumbList","@id":"https:\/\/elizabethmaymp.ca\/fr\/party-leaders-take-youth-voting-seriously-elizabeth-may-joins-mulcair-trudeau-and-reform-bill-author-michael-chong\/#breadcrumb","itemListElement":[{"@type":"ListItem","position":1,"name":"Home","item":"https:\/\/elizabethmaymp.ca\/fr\/"},{"@type":"ListItem","position":2,"name":"Les chefs de parti prennent au s\u00e9rieux le vote des jeunes: Elizabeth May se joint \u00e0 MM. Mulcair, Trudeau et \u00e0 l\u2019auteur d\u2019un projet de r\u00e9forme l\u00e9gislative, Michael Chong"}]},{"@type":"WebSite","@id":"https:\/\/elizabethmaymp.ca\/fr\/#website","url":"https:\/\/elizabethmaymp.ca\/fr\/","name":"Elizabeth May","description":"MP for Saanich and Gulf Islands","publisher":{"@id":"https:\/\/elizabethmaymp.ca\/fr\/#organization"},"potentialAction":[{"@type":"SearchAction","target":{"@type":"EntryPoint","urlTemplate":"https:\/\/elizabethmaymp.ca\/fr\/?s={search_term_string}"},"query-input":{"@type":"PropertyValueSpecification","valueRequired":true,"valueName":"search_term_string"}}],"inLanguage":"en-US"},{"@type":"Organization","@id":"https:\/\/elizabethmaymp.ca\/fr\/#organization","name":"Elizabeth May MP","url":"https:\/\/elizabethmaymp.ca\/fr\/","logo":{"@type":"ImageObject","inLanguage":"en-US","@id":"https:\/\/elizabethmaymp.ca\/fr\/#\/schema\/logo\/image\/","url":"https:\/\/elizabethmaymp.ca\/wp-content\/uploads\/elizabethmay-button.png","contentUrl":"https:\/\/elizabethmaymp.ca\/wp-content\/uploads\/elizabethmay-button.png","width":1501,"height":1501,"caption":"Elizabeth May MP"},"image":{"@id":"https:\/\/elizabethmaymp.ca\/fr\/#\/schema\/logo\/image\/"},"sameAs":["https:\/\/www.facebook.com\/ElizabethMayMP","https:\/\/x.com\/elizabethmay"]},{"@type":"Person","@id":"https:\/\/elizabethmaymp.ca\/#\/schema\/person\/d3f03a762a6bc9b615b1cc303ebf0c1f","name":"Craig Cantin","image":{"@type":"ImageObject","inLanguage":"en-US","@id":"https:\/\/secure.gravatar.com\/avatar\/4c95358098caf4f50815f5fc942d6d14142d8b46ece2b18c21ac1fb7d38545a4?s=96&d=mm&r=g","url":"https:\/\/secure.gravatar.com\/avatar\/4c95358098caf4f50815f5fc942d6d14142d8b46ece2b18c21ac1fb7d38545a4?s=96&d=mm&r=g","contentUrl":"https:\/\/secure.gravatar.com\/avatar\/4c95358098caf4f50815f5fc942d6d14142d8b46ece2b18c21ac1fb7d38545a4?s=96&d=mm&r=g","caption":"Craig Cantin"},"url":"https:\/\/elizabethmaymp.ca\/fr\/author\/craig-c\/"}]}},"_links":{"self":[{"href":"https:\/\/elizabethmaymp.ca\/fr\/wp-json\/wp\/v2\/posts\/12252","targetHints":{"allow":["GET"]}}],"collection":[{"href":"https:\/\/elizabethmaymp.ca\/fr\/wp-json\/wp\/v2\/posts"}],"about":[{"href":"https:\/\/elizabethmaymp.ca\/fr\/wp-json\/wp\/v2\/types\/post"}],"author":[{"embeddable":true,"href":"https:\/\/elizabethmaymp.ca\/fr\/wp-json\/wp\/v2\/users\/3"}],"replies":[{"embeddable":true,"href":"https:\/\/elizabethmaymp.ca\/fr\/wp-json\/wp\/v2\/comments?post=12252"}],"version-history":[{"count":3,"href":"https:\/\/elizabethmaymp.ca\/fr\/wp-json\/wp\/v2\/posts\/12252\/revisions"}],"predecessor-version":[{"id":12255,"href":"https:\/\/elizabethmaymp.ca\/fr\/wp-json\/wp\/v2\/posts\/12252\/revisions\/12255"}],"wp:attachment":[{"href":"https:\/\/elizabethmaymp.ca\/fr\/wp-json\/wp\/v2\/media?parent=12252"}],"wp:term":[{"taxonomy":"category","embeddable":true,"href":"https:\/\/elizabethmaymp.ca\/fr\/wp-json\/wp\/v2\/categories?post=12252"},{"taxonomy":"post_tag","embeddable":true,"href":"https:\/\/elizabethmaymp.ca\/fr\/wp-json\/wp\/v2\/tags?post=12252"}],"curies":[{"name":"wp","href":"https:\/\/api.w.org\/{rel}","templated":true}]}}