{"id":1237,"date":"2011-11-29T11:30:25","date_gmt":"2011-11-29T16:30:25","guid":{"rendered":"http:\/\/dev2.elizabethmaymp.ca\/?p=1237"},"modified":"2015-04-10T11:41:38","modified_gmt":"2015-04-10T15:41:38","slug":"1-18-green-forest-vision","status":"publish","type":"post","link":"https:\/\/elizabethmaymp.ca\/fr\/1-18-green-forest-vision\/","title":{"rendered":"1.18 Vision verte des for\u00eats"},"content":{"rendered":"<p>L\u2019incroyable patrimoine forestier du Canada \u2013 300 millions d\u2019hectares ou dix pour cent de toutes les for\u00eats du monde \u2013 est une source d\u2019immense fiert\u00e9 nationale et de grande valeur \u00e9conomique. Trente pour cent des for\u00eats bor\u00e9ales de la plan\u00e8te sont au Canada, et cet immense \u00e9cosyst\u00e8me des for\u00eats septentrionales, couvrant la moiti\u00e9 du pays, sert d\u2019\u00e9norme r\u00e9servoir de carbone.<\/p>\n<div>\n<p>Il est difficile d\u2019\u00e9valuer la valeur de ces for\u00eats, mais elle peut s\u2019exprimer de diverses mani\u00e8res : les industries du bois et du papier emploient directement plus de 350 000 personnes et g\u00e9n\u00e8rent chaque ann\u00e9e plus de 58 milliards de dollars en ventes \u2013 plus de la moiti\u00e9 de notre exc\u00e9dent commercial. Des \u00e9conomistes estiment la valeur des for\u00eats bor\u00e9ales canadiennes \u00e0 3,7 billions de dollars, mais elle est tr\u00e8s certainement inestimable.<\/p>\n<p>Le Parti vert comprend que les for\u00eats sont les fondements d\u2019\u00e9cosyst\u00e8mes complexes qui rendent de grands services qui purifient notre atmosph\u00e8re et notre eau, emp\u00eachent les inondations et l\u2019\u00e9rosion, et aident \u00e0 stabiliser notre climat. Les deux tiers des esp\u00e8ces de plantes et d\u2019animaux du Canada vivent dans nos for\u00eats. De larges zones foresti\u00e8res, notamment les for\u00eats anciennes, doivent demeurer intactes afin de pr\u00e9server les habitats naturels et la biodiversit\u00e9. Nos for\u00eats accueillent les chasseurs de subsistance et ceux et celles qui souhaitent pratiquer des loisirs et se r\u00e9g\u00e9n\u00e9rer au contact de la nature sauvage.<\/p>\n<p>Le Canada coupe environ 500\u00a0000 hectares de for\u00eat par ann\u00e9e. M\u00eame si l\u2019industrie foresti\u00e8re a \u00e9t\u00e9 durement frapp\u00e9e au cours de la derni\u00e8re d\u00e9cennie, ses r\u00e9percussions \u00e9conomiques sont importantes pour les collectivit\u00e9s partout au Canada. Malgr\u00e9 le fait que la gestion des for\u00eats est de comp\u00e9tence provinciale, le gouvernement f\u00e9d\u00e9ral a par le pass\u00e9 jou\u00e9 un important r\u00f4le en recherche et d\u00e9veloppement et en innovations technologiques. Le gouvernement f\u00e9d\u00e9ral s\u2019est largement d\u00e9parti de son r\u00f4le historique dans l\u2019\u00e9tude primaire lors de la fermeture des centres de recherche du Service canadien des for\u00eats partout au Canada. La non-utilisation de fonds du programme de for\u00eats mod\u00e8les est un autre signe du manque d\u2019engagement des conservateurs de Stephen Harper \u00e0 l\u2019endroit de l\u2019industrie foresti\u00e8re.<\/p>\n<p>Le Canada a fait peu d\u2019efforts pour am\u00e9liorer la qualit\u00e9 du bois en fonction de l\u2019Europe et du Royaume-Uni, ce qui pourrait \u00eatre une cible l\u00e9gitime de recherche par Industrie Canada, le Service canadien des for\u00eats et le Conseil national de recherche.<\/p>\n<p>Nous travaillerons guid\u00e9s par l\u2019Initiative bor\u00e9ale canadienne, avec les Premi\u00e8res nations et dans un cadre de conservation pour faire en sorte qu\u2019au moins la moiti\u00e9 des for\u00eats bor\u00e9ales du Canada soient prot\u00e9g\u00e9es, tout en pr\u00e9servant l\u2019int\u00e9grit\u00e9 \u00e9cologique de toutes les for\u00eats bor\u00e9ales canadiennes. Sa valeur comme r\u00e9servoir de carbone d\u00e9passera largement les gains \u00e9conomiques pouvant \u00eatre r\u00e9alis\u00e9s \u00e0 court terme.<\/p>\n<p>Les d\u00e9put\u00e9s verts\u00a0:<\/p>\n<ul>\n<li>Travailleront avec Industrie Canada et les industries partenaires avec Ressources naturelles Canada pour favoriser la fabrication \u00e0 valeur ajout\u00e9e, notamment les produits qui seraient avantag\u00e9s par une plus grande qualit\u00e9 du bois.<\/li>\n<li>Travailleront pour rendre accessible le financement pour la recherche (par le Service canadien des for\u00eats) pour augmenter la qualit\u00e9 du bois, notamment en faire un objectif clair de la sylviculture (il n\u2019est pas clair si c\u2019est le cas actuellement), et diversifieront le m\u00e9lange des esp\u00e8ces exploit\u00e9es.<\/li>\n<li>Travailleront \u00e0 r\u00e9soudre le potentiel inexploit\u00e9 des for\u00eats de feuillus du Canada et des lots priv\u00e9s. Un changement mod\u00e9r\u00e9 du climat pourrait entra\u00eener des occasions de r\u00e9affecter et m\u00eame augmenter le financement f\u00e9d\u00e9ral pour l\u2019adaptation aux changements climatiques dans les for\u00eats canadiennes. Travailleront avec le Service canadien des for\u00eats pour r\u00e9tablir le financement pour redynamiser le R\u00e9seau canadien de for\u00eats mod\u00e8les.<\/li>\n<li>R\u00e9tabliront le financement au r\u00e9seau d\u2019adaptation au climat pour \u00e9laborer des mesures d\u2019adaptation pour les for\u00eats du Canada, en travaillant avec des partenaires dans les universit\u00e9s et autres ordres de gouvernement. L\u2019adaptation peut englober des sc\u00e9narios de mod\u00e9lisation, des pratiques sylvicoles pour favoriser la r\u00e9silience des for\u00eats, le changement de composition d\u2019esp\u00e8ces de for\u00eats choisies, et (tout en reconnaissant l\u2019in\u00e9vitabilit\u00e9 de certains niveaux de changement climatique) l\u2019utilisation de migration assist\u00e9e d\u2019arbres pour atteindre ces objectifs.<\/li>\n<li>Feront la promotion de l\u2019utilisation de zones triades pour l\u2019exploitation foresti\u00e8re. Les zones triades visent \u00e0 d\u00e9limiter un territoire dans un domaine forestier en zones prot\u00e9g\u00e9es, en zones de sylviculture standards (extensif) et en zones de sylviculture intensive ou m\u00eame super intensive. Face au co\u00fbt \u00e0 la hausse du transport et \u00e0 une demande grandissante pour prot\u00e9ger l\u2019environnement (p. ex., l\u2019Entente sur la for\u00eat bor\u00e9ale canadienne) de m\u00eame qu\u2019\u00e0 la p\u00e9nurie d\u2019approvisionnement en bois r\u00e9gional, il est clair que l\u2019intensification de la sylviculture dans certains secteurs de la for\u00eat devra se concr\u00e9tiser pour maintenir les niveaux de production actuels. L\u2019intensification peut signifier une production de bois plus importante gr\u00e2ce \u00e0 la sylviculture, notamment les \u00e9claircies jusqu\u2019\u00e0 l\u2019augmentation de courtes rotations des cultures pour du biocombustible.<\/li>\n<li>Fourniront un all\u00e8gement fiscal, soit par abandon d\u2019imp\u00f4t ou taux d\u2019int\u00e9r\u00eat r\u00e9duits sur l\u2019argent emprunt\u00e9 sur des biens d\u2019investissement, pour r\u00e9duire le parcours de l\u2019exploitation intense actuelle du bois de seconde qualit\u00e9 de sorte que certaines entreprises concentreraient leurs efforts sur des pratiques de sylviculture intenses et \u00e0 valeur ajout\u00e9e sur de plus petits secteurs forestiers situ\u00e9s pr\u00e8s des usines de transformation.<\/li>\n<li>Appuieront les 450 000 petits propri\u00e9taires de lots bois\u00e9s du Canada pour qu\u2019ils am\u00e9liorent la qualit\u00e9 du bois. Ces propri\u00e9taires priv\u00e9s pourraient constituer un \u00e9l\u00e9ment essentiel pour l\u2019approvisionnement futur en bois, un moyen d\u2019atteindre des buts futurs de conservation en r\u00e9gions rurales et un terrain d\u2019essai pour des strat\u00e9gies d\u2019adaptation au r\u00e9chauffement climatique.<\/li>\n<li>Ren\u00e9gocieront les accords commerciaux pour que le Canada ait le pouvoir de favoriser la fabrication canadienne de produits \u00e0 valeur ajout\u00e9e en freinant les exportations de bois brut avec une importante \u00ab taxe sur l\u2019exportation de grumes enti\u00e8res \u00bb.<\/li>\n<li>Veilleront, dans le cadre de l\u2019Accord canadien sur les for\u00eats et en partenariat avec les gouvernements des provinces et des territoires de comp\u00e9tence principale, \u00e0 ce que toutes les for\u00eats \u00e9conomiques soient g\u00e9r\u00e9es de fa\u00e7on \u00e9cologique et certifi\u00e9es par le Forest Stewardship Council (FSC).<\/li>\n<li>\u00c9laboreront, en collaboration avec les provinces et les territoires, les Premi\u00e8res nations et l\u2019industrie foresti\u00e8re, des incitatifs qui favorisent la coupe de jardinage par pied d\u2019arbre et des rotations plus longues qui conservent les \u00e9cosyst\u00e8mes forestiers et augmente la valeur du bois.<\/li>\n<li>R\u00e9aliseront l\u2019objectif de la Convention pour la conservation de la for\u00eat bor\u00e9ale, finalis\u00e9e en 2010, entre un certain nombre de grandes entreprises foresti\u00e8res, les Premi\u00e8res Nations et des groupes environnementaux, qui consiste \u00e0 prot\u00e9ger au moins la moiti\u00e9 des for\u00eats bor\u00e9ales canadiennes \u00e0 l\u2019int\u00e9rieur d\u2019un large r\u00e9seau d\u2019aires prot\u00e9g\u00e9es interconnect\u00e9es et \u00e0 instituer des pratiques de pointe en mati\u00e8re de gestion et d\u2019intendance ax\u00e9es sur les \u00e9cosyst\u00e8mes dans les \u00e9copaysages restants.<\/li>\n<li>Augmenteront les subventions accord\u00e9es \u00e0 la recherche destin\u00e9e \u00e0 d\u00e9couvrir la meilleure fa\u00e7on de couper le bois attaqu\u00e9 par le dendroctone du pin ponderosa, tout en laissant intactes les essences d\u2019arbres non touch\u00e9es, et \u00e0 att\u00e9nuer, \u00e0 court et \u00e0 long terme, les r\u00e9percussions \u00e9conomiques de cette \u00e9pid\u00e9mie.<\/li>\n<li>D\u00e9velopperont un \u00ab indice de sant\u00e9 r\u00e9elle des for\u00eats \u00bb pour \u00e9valuer l\u2019\u00e9tat des for\u00eats \u00e0 intervalles de dix ans et mesurer les changements au niveau de toutes les valeurs foresti\u00e8res, y compris celles qui att\u00e9nuent de fa\u00e7on directe ou indirecte le changement climatique.<\/li>\n<li>Favoriseront l\u2019utilisation des d\u00e9chets de bois issus du chanvre et de la cellulose agricole pour fabriquer les fibres de papier et ainsi r\u00e9duire le stress sur les for\u00eats sur pied.<\/li>\n<li>Favoriseront l\u2019utilisation des d\u00e9chets de bois pour remplacer les aliments comme le ma\u00efs pour produire des biocombustibles.<\/li>\n<\/ul>\n<\/div>\n<p><\/p>","protected":false},"excerpt":{"rendered":"<p>L\u2019incroyable patrimoine forestier du Canada \u2013 300 millions d\u2019hectares ou dix pour cent de toutes les for\u00eats du monde \u2013 est une source d\u2019immense fiert\u00e9 nationale et de&hellip;<\/p>\n","protected":false},"author":3,"featured_media":0,"comment_status":"open","ping_status":"open","sticky":false,"template":"","format":"standard","meta":{"_acf_changed":false,"_price":"","_stock":"","_tribe_ticket_header":"","_tribe_default_ticket_provider":"","_tribe_ticket_capacity":"","_ticket_start_date":"","_ticket_end_date":"","_tribe_ticket_show_description":"","_tribe_ticket_show_not_going":false,"_tribe_ticket_use_global_stock":"","_tribe_ticket_global_stock_level":"","_global_stock_mode":"","_global_stock_cap":"","_tribe_rsvp_for_event":"","_tribe_ticket_going_count":"","_tribe_ticket_not_going_count":"","_tribe_tickets_list":"[]","_tribe_ticket_has_attendee_info_fields":false,"footnotes":""},"categories":[158],"tags":[],"class_list":["post-1237","post","type-post","status-publish","format-standard","hentry","category-vision-green"],"acf":[],"yoast_head":"<!-- This site is optimized with the Yoast SEO plugin v27.4 - https:\/\/yoast.com\/product\/yoast-seo-wordpress\/ -->\n<title>1.18 Vision verte des for\u00eats | Elizabeth May<\/title>\n<meta name=\"robots\" content=\"index, follow, max-snippet:-1, max-image-preview:large, max-video-preview:-1\" \/>\n<link rel=\"canonical\" href=\"https:\/\/elizabethmaymp.ca\/fr\/1-18-green-forest-vision\/\" \/>\n<meta property=\"og:locale\" content=\"en_US\" \/>\n<meta property=\"og:type\" content=\"article\" \/>\n<meta property=\"og:title\" content=\"1.18 Vision verte des for\u00eats | Elizabeth May\" \/>\n<meta property=\"og:description\" content=\"L\u2019incroyable patrimoine forestier du Canada \u2013 300 millions d\u2019hectares ou dix pour cent de toutes les for\u00eats du monde \u2013 est une source d\u2019immense fiert\u00e9 nationale et de&hellip;\" \/>\n<meta property=\"og:url\" content=\"https:\/\/elizabethmaymp.ca\/fr\/1-18-green-forest-vision\/\" \/>\n<meta property=\"og:site_name\" content=\"Elizabeth May\" \/>\n<meta property=\"article:publisher\" content=\"https:\/\/www.facebook.com\/ElizabethMayMP\" \/>\n<meta property=\"article:published_time\" content=\"2011-11-29T16:30:25+00:00\" \/>\n<meta property=\"article:modified_time\" content=\"2015-04-10T15:41:38+00:00\" \/>\n<meta property=\"og:image\" content=\"http:\/\/elizabethmaymp.ca\/wp-content\/uploads\/green-forest.jpg\" \/>\n<meta name=\"author\" content=\"Craig Cantin\" \/>\n<meta name=\"twitter:card\" content=\"summary_large_image\" \/>\n<meta name=\"twitter:creator\" content=\"@elizabethmay\" \/>\n<meta name=\"twitter:site\" content=\"@elizabethmay\" \/>\n<meta name=\"twitter:label1\" content=\"Written by\" \/>\n\t<meta name=\"twitter:data1\" content=\"Craig Cantin\" \/>\n\t<meta name=\"twitter:label2\" content=\"Est. reading time\" \/>\n\t<meta name=\"twitter:data2\" content=\"12 minutes\" \/>\n<script type=\"application\/ld+json\" class=\"yoast-schema-graph\">{\"@context\":\"https:\\\/\\\/schema.org\",\"@graph\":[{\"@type\":\"Article\",\"@id\":\"https:\\\/\\\/elizabethmaymp.ca\\\/fr\\\/1-18-green-forest-vision\\\/#article\",\"isPartOf\":{\"@id\":\"https:\\\/\\\/elizabethmaymp.ca\\\/fr\\\/1-18-green-forest-vision\\\/\"},\"author\":{\"name\":\"Craig Cantin\",\"@id\":\"https:\\\/\\\/elizabethmaymp.ca\\\/#\\\/schema\\\/person\\\/d3f03a762a6bc9b615b1cc303ebf0c1f\"},\"headline\":\"1.18 Vision verte des for\u00eats\",\"datePublished\":\"2011-11-29T16:30:25+00:00\",\"dateModified\":\"2015-04-10T15:41:38+00:00\",\"mainEntityOfPage\":{\"@id\":\"https:\\\/\\\/elizabethmaymp.ca\\\/fr\\\/1-18-green-forest-vision\\\/\"},\"wordCount\":2480,\"commentCount\":0,\"publisher\":{\"@id\":\"https:\\\/\\\/elizabethmaymp.ca\\\/#organization\"},\"image\":{\"@id\":\"https:\\\/\\\/elizabethmaymp.ca\\\/fr\\\/1-18-green-forest-vision\\\/#primaryimage\"},\"thumbnailUrl\":\"http:\\\/\\\/elizabethmaymp.ca\\\/wp-content\\\/uploads\\\/green-forest.jpg\",\"articleSection\":[\"Vision Green\"],\"inLanguage\":\"en-US\"},{\"@type\":\"WebPage\",\"@id\":\"https:\\\/\\\/elizabethmaymp.ca\\\/fr\\\/1-18-green-forest-vision\\\/\",\"url\":\"https:\\\/\\\/elizabethmaymp.ca\\\/fr\\\/1-18-green-forest-vision\\\/\",\"name\":\"1.18 Green forest vision1.18 Vision verte des for\u00eats | Elizabeth May\",\"isPartOf\":{\"@id\":\"https:\\\/\\\/elizabethmaymp.ca\\\/fr\\\/#website\"},\"primaryImageOfPage\":{\"@id\":\"https:\\\/\\\/elizabethmaymp.ca\\\/fr\\\/1-18-green-forest-vision\\\/#primaryimage\"},\"image\":{\"@id\":\"https:\\\/\\\/elizabethmaymp.ca\\\/fr\\\/1-18-green-forest-vision\\\/#primaryimage\"},\"thumbnailUrl\":\"http:\\\/\\\/elizabethmaymp.ca\\\/wp-content\\\/uploads\\\/green-forest.jpg\",\"datePublished\":\"2011-11-29T16:30:25+00:00\",\"dateModified\":\"2015-04-10T15:41:38+00:00\",\"breadcrumb\":{\"@id\":\"https:\\\/\\\/elizabethmaymp.ca\\\/fr\\\/1-18-green-forest-vision\\\/#breadcrumb\"},\"inLanguage\":\"en-US\",\"potentialAction\":[{\"@type\":\"ReadAction\",\"target\":[[\"https:\\\/\\\/elizabethmaymp.ca\\\/fr\\\/1-18-green-forest-vision\\\/\"]]}]},{\"@type\":\"ImageObject\",\"inLanguage\":\"en-US\",\"@id\":\"https:\\\/\\\/elizabethmaymp.ca\\\/fr\\\/1-18-green-forest-vision\\\/#primaryimage\",\"url\":\"http:\\\/\\\/elizabethmaymp.ca\\\/wp-content\\\/uploads\\\/green-forest.jpg\",\"contentUrl\":\"http:\\\/\\\/elizabethmaymp.ca\\\/wp-content\\\/uploads\\\/green-forest.jpg\"},{\"@type\":\"BreadcrumbList\",\"@id\":\"https:\\\/\\\/elizabethmaymp.ca\\\/fr\\\/1-18-green-forest-vision\\\/#breadcrumb\",\"itemListElement\":[{\"@type\":\"ListItem\",\"position\":1,\"name\":\"Home\",\"item\":\"https:\\\/\\\/elizabethmaymp.ca\\\/fr\\\/\"},{\"@type\":\"ListItem\",\"position\":2,\"name\":\"1.18 Vision verte des for\u00eats\"}]},{\"@type\":\"WebSite\",\"@id\":\"https:\\\/\\\/elizabethmaymp.ca\\\/fr\\\/#website\",\"url\":\"https:\\\/\\\/elizabethmaymp.ca\\\/fr\\\/\",\"name\":\"Elizabeth May\",\"description\":\"MP for Saanich and Gulf Islands\",\"publisher\":{\"@id\":\"https:\\\/\\\/elizabethmaymp.ca\\\/fr\\\/#organization\"},\"potentialAction\":[{\"@type\":\"SearchAction\",\"target\":{\"@type\":\"EntryPoint\",\"urlTemplate\":\"https:\\\/\\\/elizabethmaymp.ca\\\/fr\\\/?s={search_term_string}\"},\"query-input\":{\"@type\":\"PropertyValueSpecification\",\"valueRequired\":true,\"valueName\":\"search_term_string\"}}],\"inLanguage\":\"en-US\"},{\"@type\":\"Organization\",\"@id\":\"https:\\\/\\\/elizabethmaymp.ca\\\/fr\\\/#organization\",\"name\":\"Elizabeth May MP\",\"url\":\"https:\\\/\\\/elizabethmaymp.ca\\\/fr\\\/\",\"logo\":{\"@type\":\"ImageObject\",\"inLanguage\":\"en-US\",\"@id\":\"https:\\\/\\\/elizabethmaymp.ca\\\/fr\\\/#\\\/schema\\\/logo\\\/image\\\/\",\"url\":\"https:\\\/\\\/elizabethmaymp.ca\\\/wp-content\\\/uploads\\\/elizabethmay-button.png\",\"contentUrl\":\"https:\\\/\\\/elizabethmaymp.ca\\\/wp-content\\\/uploads\\\/elizabethmay-button.png\",\"width\":1501,\"height\":1501,\"caption\":\"Elizabeth May MP\"},\"image\":{\"@id\":\"https:\\\/\\\/elizabethmaymp.ca\\\/fr\\\/#\\\/schema\\\/logo\\\/image\\\/\"},\"sameAs\":[\"https:\\\/\\\/www.facebook.com\\\/ElizabethMayMP\",\"https:\\\/\\\/x.com\\\/elizabethmay\"]},{\"@type\":\"Person\",\"@id\":\"https:\\\/\\\/elizabethmaymp.ca\\\/#\\\/schema\\\/person\\\/d3f03a762a6bc9b615b1cc303ebf0c1f\",\"name\":\"Craig Cantin\",\"image\":{\"@type\":\"ImageObject\",\"inLanguage\":\"en-US\",\"@id\":\"https:\\\/\\\/secure.gravatar.com\\\/avatar\\\/4c95358098caf4f50815f5fc942d6d14142d8b46ece2b18c21ac1fb7d38545a4?s=96&d=mm&r=g\",\"url\":\"https:\\\/\\\/secure.gravatar.com\\\/avatar\\\/4c95358098caf4f50815f5fc942d6d14142d8b46ece2b18c21ac1fb7d38545a4?s=96&d=mm&r=g\",\"contentUrl\":\"https:\\\/\\\/secure.gravatar.com\\\/avatar\\\/4c95358098caf4f50815f5fc942d6d14142d8b46ece2b18c21ac1fb7d38545a4?s=96&d=mm&r=g\",\"caption\":\"Craig Cantin\"},\"url\":\"https:\\\/\\\/elizabethmaymp.ca\\\/fr\\\/author\\\/craig-c\\\/\"}]}<\/script>\n<!-- \/ Yoast SEO plugin. -->","yoast_head_json":{"title":"1.18 Vision verte des for\u00eats | Elizabeth May","robots":{"index":"index","follow":"follow","max-snippet":"max-snippet:-1","max-image-preview":"max-image-preview:large","max-video-preview":"max-video-preview:-1"},"canonical":"https:\/\/elizabethmaymp.ca\/fr\/1-18-green-forest-vision\/","og_locale":"en_US","og_type":"article","og_title":"1.18 Vision verte des for\u00eats | Elizabeth May","og_description":"L\u2019incroyable patrimoine forestier du Canada \u2013 300 millions d\u2019hectares ou dix pour cent de toutes les for\u00eats du monde \u2013 est une source d\u2019immense fiert\u00e9 nationale et de&hellip;","og_url":"https:\/\/elizabethmaymp.ca\/fr\/1-18-green-forest-vision\/","og_site_name":"Elizabeth May","article_publisher":"https:\/\/www.facebook.com\/ElizabethMayMP","article_published_time":"2011-11-29T16:30:25+00:00","article_modified_time":"2015-04-10T15:41:38+00:00","og_image":[{"url":"http:\/\/elizabethmaymp.ca\/wp-content\/uploads\/green-forest.jpg","type":"","width":"","height":""}],"author":"Craig Cantin","twitter_card":"summary_large_image","twitter_creator":"@elizabethmay","twitter_site":"@elizabethmay","twitter_misc":{"Written by":"Craig Cantin","Est. reading time":"12 minutes"},"schema":{"@context":"https:\/\/schema.org","@graph":[{"@type":"Article","@id":"https:\/\/elizabethmaymp.ca\/fr\/1-18-green-forest-vision\/#article","isPartOf":{"@id":"https:\/\/elizabethmaymp.ca\/fr\/1-18-green-forest-vision\/"},"author":{"name":"Craig Cantin","@id":"https:\/\/elizabethmaymp.ca\/#\/schema\/person\/d3f03a762a6bc9b615b1cc303ebf0c1f"},"headline":"1.18 Vision verte des for\u00eats","datePublished":"2011-11-29T16:30:25+00:00","dateModified":"2015-04-10T15:41:38+00:00","mainEntityOfPage":{"@id":"https:\/\/elizabethmaymp.ca\/fr\/1-18-green-forest-vision\/"},"wordCount":2480,"commentCount":0,"publisher":{"@id":"https:\/\/elizabethmaymp.ca\/#organization"},"image":{"@id":"https:\/\/elizabethmaymp.ca\/fr\/1-18-green-forest-vision\/#primaryimage"},"thumbnailUrl":"http:\/\/elizabethmaymp.ca\/wp-content\/uploads\/green-forest.jpg","articleSection":["Vision Green"],"inLanguage":"en-US"},{"@type":"WebPage","@id":"https:\/\/elizabethmaymp.ca\/fr\/1-18-green-forest-vision\/","url":"https:\/\/elizabethmaymp.ca\/fr\/1-18-green-forest-vision\/","name":"1.18 Green forest vision1.18 Vision verte des for\u00eats | Elizabeth May","isPartOf":{"@id":"https:\/\/elizabethmaymp.ca\/fr\/#website"},"primaryImageOfPage":{"@id":"https:\/\/elizabethmaymp.ca\/fr\/1-18-green-forest-vision\/#primaryimage"},"image":{"@id":"https:\/\/elizabethmaymp.ca\/fr\/1-18-green-forest-vision\/#primaryimage"},"thumbnailUrl":"http:\/\/elizabethmaymp.ca\/wp-content\/uploads\/green-forest.jpg","datePublished":"2011-11-29T16:30:25+00:00","dateModified":"2015-04-10T15:41:38+00:00","breadcrumb":{"@id":"https:\/\/elizabethmaymp.ca\/fr\/1-18-green-forest-vision\/#breadcrumb"},"inLanguage":"en-US","potentialAction":[{"@type":"ReadAction","target":[["https:\/\/elizabethmaymp.ca\/fr\/1-18-green-forest-vision\/"]]}]},{"@type":"ImageObject","inLanguage":"en-US","@id":"https:\/\/elizabethmaymp.ca\/fr\/1-18-green-forest-vision\/#primaryimage","url":"http:\/\/elizabethmaymp.ca\/wp-content\/uploads\/green-forest.jpg","contentUrl":"http:\/\/elizabethmaymp.ca\/wp-content\/uploads\/green-forest.jpg"},{"@type":"BreadcrumbList","@id":"https:\/\/elizabethmaymp.ca\/fr\/1-18-green-forest-vision\/#breadcrumb","itemListElement":[{"@type":"ListItem","position":1,"name":"Home","item":"https:\/\/elizabethmaymp.ca\/fr\/"},{"@type":"ListItem","position":2,"name":"1.18 Vision verte des for\u00eats"}]},{"@type":"WebSite","@id":"https:\/\/elizabethmaymp.ca\/fr\/#website","url":"https:\/\/elizabethmaymp.ca\/fr\/","name":"Elizabeth May","description":"MP for Saanich and Gulf Islands","publisher":{"@id":"https:\/\/elizabethmaymp.ca\/fr\/#organization"},"potentialAction":[{"@type":"SearchAction","target":{"@type":"EntryPoint","urlTemplate":"https:\/\/elizabethmaymp.ca\/fr\/?s={search_term_string}"},"query-input":{"@type":"PropertyValueSpecification","valueRequired":true,"valueName":"search_term_string"}}],"inLanguage":"en-US"},{"@type":"Organization","@id":"https:\/\/elizabethmaymp.ca\/fr\/#organization","name":"Elizabeth May MP","url":"https:\/\/elizabethmaymp.ca\/fr\/","logo":{"@type":"ImageObject","inLanguage":"en-US","@id":"https:\/\/elizabethmaymp.ca\/fr\/#\/schema\/logo\/image\/","url":"https:\/\/elizabethmaymp.ca\/wp-content\/uploads\/elizabethmay-button.png","contentUrl":"https:\/\/elizabethmaymp.ca\/wp-content\/uploads\/elizabethmay-button.png","width":1501,"height":1501,"caption":"Elizabeth May MP"},"image":{"@id":"https:\/\/elizabethmaymp.ca\/fr\/#\/schema\/logo\/image\/"},"sameAs":["https:\/\/www.facebook.com\/ElizabethMayMP","https:\/\/x.com\/elizabethmay"]},{"@type":"Person","@id":"https:\/\/elizabethmaymp.ca\/#\/schema\/person\/d3f03a762a6bc9b615b1cc303ebf0c1f","name":"Craig Cantin","image":{"@type":"ImageObject","inLanguage":"en-US","@id":"https:\/\/secure.gravatar.com\/avatar\/4c95358098caf4f50815f5fc942d6d14142d8b46ece2b18c21ac1fb7d38545a4?s=96&d=mm&r=g","url":"https:\/\/secure.gravatar.com\/avatar\/4c95358098caf4f50815f5fc942d6d14142d8b46ece2b18c21ac1fb7d38545a4?s=96&d=mm&r=g","contentUrl":"https:\/\/secure.gravatar.com\/avatar\/4c95358098caf4f50815f5fc942d6d14142d8b46ece2b18c21ac1fb7d38545a4?s=96&d=mm&r=g","caption":"Craig Cantin"},"url":"https:\/\/elizabethmaymp.ca\/fr\/author\/craig-c\/"}]}},"_links":{"self":[{"href":"https:\/\/elizabethmaymp.ca\/fr\/wp-json\/wp\/v2\/posts\/1237","targetHints":{"allow":["GET"]}}],"collection":[{"href":"https:\/\/elizabethmaymp.ca\/fr\/wp-json\/wp\/v2\/posts"}],"about":[{"href":"https:\/\/elizabethmaymp.ca\/fr\/wp-json\/wp\/v2\/types\/post"}],"author":[{"embeddable":true,"href":"https:\/\/elizabethmaymp.ca\/fr\/wp-json\/wp\/v2\/users\/3"}],"replies":[{"embeddable":true,"href":"https:\/\/elizabethmaymp.ca\/fr\/wp-json\/wp\/v2\/comments?post=1237"}],"version-history":[{"count":5,"href":"https:\/\/elizabethmaymp.ca\/fr\/wp-json\/wp\/v2\/posts\/1237\/revisions"}],"predecessor-version":[{"id":15161,"href":"https:\/\/elizabethmaymp.ca\/fr\/wp-json\/wp\/v2\/posts\/1237\/revisions\/15161"}],"wp:attachment":[{"href":"https:\/\/elizabethmaymp.ca\/fr\/wp-json\/wp\/v2\/media?parent=1237"}],"wp:term":[{"taxonomy":"category","embeddable":true,"href":"https:\/\/elizabethmaymp.ca\/fr\/wp-json\/wp\/v2\/categories?post=1237"},{"taxonomy":"post_tag","embeddable":true,"href":"https:\/\/elizabethmaymp.ca\/fr\/wp-json\/wp\/v2\/tags?post=1237"}],"curies":[{"name":"wp","href":"https:\/\/api.w.org\/{rel}","templated":true}]}}