{"id":1240,"date":"2011-11-29T11:31:20","date_gmt":"2011-11-29T16:31:20","guid":{"rendered":"http:\/\/dev2.elizabethmaymp.ca\/?p=1240"},"modified":"2015-04-10T16:43:55","modified_gmt":"2015-04-10T20:43:55","slug":"1-19-expanding-cultural-tourism-and-ecotourism","status":"publish","type":"post","link":"https:\/\/elizabethmaymp.ca\/fr\/1-19-expanding-cultural-tourism-and-ecotourism\/","title":{"rendered":"1.19 D\u00e9veloppement du tourisme culturel et de l\u2019\u00e9cotourisme"},"content":{"rendered":"<p>Les voyages et le tourisme repr\u00e9sentent le plus grand employeur \u00e0 l\u2019\u00e9chelle internationale et plus de 10 pour\u00a0cent des d\u00e9penses mondiales. Le gouvernement Harper a pourtant min\u00e9 ce secteur. De septi\u00e8me dans le monde comme destination voyage, le Canada a chut\u00e9 en dix-huiti\u00e8me place.<\/p>\n<div>\n<p lang=\"fr-CA\">Voici une courte liste des mesures de Stephen Harper depuis 2006 qui ont min\u00e9 le secteur touristique canadien. Il a \u00e9limin\u00e9 la remise de TPS pour les visiteurs \u00e9trangers, \u00e9limin\u00e9 toute promotion touristique du Canada dans les march\u00e9s am\u00e9ricains, r\u00e9duit consid\u00e9rablement le budget de Tourisme Canada (maintenant bas\u00e9 \u00e0 Vancouver), min\u00e9 la pr\u00e9visibilit\u00e9 de l\u2019assurance-emploi pour les travailleurs saisonniers, adopt\u00e9 une loi dans le cadre du Projet de loi omnibus C-45 qui rend obligatoire l\u2019obtention d\u2019un permis du minist\u00e8re de l\u2019Immigration aux touristes en provenance de pays pour lesquels il n\u2019y pas d\u2019exigence de visa (mais a exempt\u00e9 les \u00c9tats-Unis avec le Partenariat nord-am\u00e9ricain pour la s\u00e9curit\u00e9 et la prosp\u00e9rit\u00e9) et s\u2019est oppos\u00e9 \u00e0 l\u2019\u00e9rection d\u2019un pavillon du Canada \u00e0 la prochaine exposition universelle.<\/p>\n<p lang=\"fr-CA\">Le secteur touristique du Canada est unique en son genre puisqu\u2019il apporte une contribution importante au bien-\u00eatre culturel et \u00e9conomique de toutes les r\u00e9gions. Il va au-del\u00e0 de la simple cr\u00e9ation d\u2019emplois et des rentr\u00e9es sur les op\u00e9rations de change. Il permet aux Canadiennes et aux Canadiens d\u2019explorer notre pays et contribue \u00e0 cr\u00e9er des liens entre les r\u00e9gions. Avec des recettes de plus de 74\u00a0$ milliards en 2008, le tourisme correspond \u00e0 environ 2 pour cent du PIB du Canada et emploie plus de 660\u00a0000 Canadiens. C\u2019est presque autant que les industries foresti\u00e8re et agricole confondues. Au sein du gouvernement f\u00e9d\u00e9ral, le minist\u00e8re de l\u2019Industrie est le principal responsable de la politique en mati\u00e8re de tourisme.<\/p>\n<p lang=\"fr-CA\">Les verts croient que nous devons favoriser une industrie de tourisme vert, \u00e0 faibles \u00e9missions carboniques, destin\u00e9e \u00e0 \u00eatre commercialis\u00e9e de fa\u00e7on responsable \u00e0 l\u2019\u00e9chelle internationale. Nous croyons qu\u2019il faut offrir des exp\u00e9riences touristiques exceptionnelles en nous dotant du plus magnifique r\u00e9seau de parcs nationaux, des meilleurs mus\u00e9es et \u00e9v\u00e9nements culturels et du service le plus hospitalier qui soit. Pour ce faire, le gouvernement canadien doit jouer un plus grand r\u00f4le dans la coordination et l\u2019orientation des efforts \u00e0 l\u2019\u00e9chelle du pays.<\/p>\n<p lang=\"fr-CA\">Les d\u00e9put\u00e9s verts\u00a0:<\/p>\n<ul>\n<li>\n<p lang=\"fr-CA\">Renverseront la d\u00e9cision du gouvernement conservateur d\u2019\u00e9liminer la remise de TPS pour les visiteurs \u00e9trangers, feront de nouveau de la publicit\u00e9 aux \u00c9tats-Unis (le plus gros march\u00e9 du Canada en tant que destination de choix), \u00e9limineront les changements qui p\u00e9nalisent les travailleurs saisonniers sur l\u2019assurance emploi, et \u00e9limineront les exigences de poss\u00e9der un permis pour visiter le Canada pour les touristes en provenance de pays pour lesquels il n\u2019y a pas d\u2019exigence de visa.<\/p>\n<\/li>\n<li>\n<p lang=\"fr-CA\">Cr\u00e9eront un minist\u00e8re f\u00e9d\u00e9ral du Tourisme s\u00e9par\u00e9 pour coordonner tous les aspects du tourisme. Ce minist\u00e8re concentrera ses efforts \u00e0 aider le secteur du tourisme international, qui conna\u00eet actuellement la croissance la plus rapide (l\u2019\u00e9cotourisme), \u00e0 se d\u00e9velopper et, par le biais de programmes sp\u00e9ciaux, favorisera la participation accrue des Autochtones canadiens.<\/p>\n<\/li>\n<li>Augmenteront le financement aux secteurs des arts, de la culture et du patrimoine (<a href=\"http:\/\/elizabethmaymp.ca\/vision-green\/p4.16\">voir la section\u00a04.16\u00a0Arts et culture<\/a>).<\/li>\n<li>\n<p lang=\"fr-CA\">S\u2019assureront que nos fronti\u00e8res sont ouvertes et les mesures de s\u00e9curit\u00e9 raisonnables.<\/p>\n<\/li>\n<li>\n<p lang=\"fr-CA\">D\u00e9velopperont un secteur de tourisme \u00e0 faibles \u00e9missions carboniques fond\u00e9 sur le tourisme par rail intermodal et sur le cyclotourisme.<\/p>\n<\/li>\n<\/ul>\n<\/div>\n<p><\/p>","protected":false},"excerpt":{"rendered":"<p>Les voyages et le tourisme repr\u00e9sentent le plus grand employeur \u00e0 l\u2019\u00e9chelle internationale et plus de 10 pour\u00a0cent des d\u00e9penses mondiales. Le gouvernement Harper a pourtant min\u00e9 ce&hellip;<\/p>\n","protected":false},"author":3,"featured_media":0,"comment_status":"open","ping_status":"open","sticky":false,"template":"","format":"standard","meta":{"_acf_changed":false,"_price":"","_stock":"","_tribe_ticket_header":"","_tribe_default_ticket_provider":"","_tribe_ticket_capacity":"","_ticket_start_date":"","_ticket_end_date":"","_tribe_ticket_show_description":"","_tribe_ticket_show_not_going":false,"_tribe_ticket_use_global_stock":"","_tribe_ticket_global_stock_level":"","_global_stock_mode":"","_global_stock_cap":"","_tribe_rsvp_for_event":"","_tribe_ticket_going_count":"","_tribe_ticket_not_going_count":"","_tribe_tickets_list":"[]","_tribe_ticket_has_attendee_info_fields":false,"footnotes":""},"categories":[158],"tags":[],"class_list":["post-1240","post","type-post","status-publish","format-standard","hentry","category-vision-green"],"acf":[],"yoast_head":"<!-- This site is optimized with the Yoast SEO plugin v27.4 - https:\/\/yoast.com\/product\/yoast-seo-wordpress\/ -->\n<title>1.19 D\u00e9veloppement du tourisme culturel et de l\u2019\u00e9cotourisme | Elizabeth May<\/title>\n<meta name=\"robots\" content=\"index, follow, max-snippet:-1, max-image-preview:large, max-video-preview:-1\" \/>\n<link rel=\"canonical\" href=\"https:\/\/elizabethmaymp.ca\/fr\/1-19-expanding-cultural-tourism-and-ecotourism\/\" \/>\n<meta property=\"og:locale\" content=\"en_US\" \/>\n<meta property=\"og:type\" content=\"article\" \/>\n<meta property=\"og:title\" content=\"1.19 D\u00e9veloppement du tourisme culturel et de l\u2019\u00e9cotourisme | Elizabeth May\" \/>\n<meta property=\"og:description\" content=\"Les voyages et le tourisme repr\u00e9sentent le plus grand employeur \u00e0 l\u2019\u00e9chelle internationale et plus de 10 pour\u00a0cent des d\u00e9penses mondiales. Le gouvernement Harper a pourtant min\u00e9 ce&hellip;\" \/>\n<meta property=\"og:url\" content=\"https:\/\/elizabethmaymp.ca\/fr\/1-19-expanding-cultural-tourism-and-ecotourism\/\" \/>\n<meta property=\"og:site_name\" content=\"Elizabeth May\" \/>\n<meta property=\"article:publisher\" content=\"https:\/\/www.facebook.com\/ElizabethMayMP\" \/>\n<meta property=\"article:published_time\" content=\"2011-11-29T16:31:20+00:00\" \/>\n<meta property=\"article:modified_time\" content=\"2015-04-10T20:43:55+00:00\" \/>\n<meta property=\"og:image\" content=\"http:\/\/elizabethmaymp.ca\/wp-content\/uploads\/tourism.jpg\" \/>\n<meta name=\"author\" content=\"Craig Cantin\" \/>\n<meta name=\"twitter:card\" content=\"summary_large_image\" \/>\n<meta name=\"twitter:creator\" content=\"@elizabethmay\" \/>\n<meta name=\"twitter:site\" content=\"@elizabethmay\" \/>\n<meta name=\"twitter:label1\" content=\"Written by\" \/>\n\t<meta name=\"twitter:data1\" content=\"Craig Cantin\" \/>\n\t<meta name=\"twitter:label2\" content=\"Est. reading time\" \/>\n\t<meta name=\"twitter:data2\" content=\"5 minutes\" \/>\n<script type=\"application\/ld+json\" class=\"yoast-schema-graph\">{\"@context\":\"https:\\\/\\\/schema.org\",\"@graph\":[{\"@type\":\"Article\",\"@id\":\"https:\\\/\\\/elizabethmaymp.ca\\\/fr\\\/1-19-expanding-cultural-tourism-and-ecotourism\\\/#article\",\"isPartOf\":{\"@id\":\"https:\\\/\\\/elizabethmaymp.ca\\\/fr\\\/1-19-expanding-cultural-tourism-and-ecotourism\\\/\"},\"author\":{\"name\":\"Craig Cantin\",\"@id\":\"https:\\\/\\\/elizabethmaymp.ca\\\/#\\\/schema\\\/person\\\/d3f03a762a6bc9b615b1cc303ebf0c1f\"},\"headline\":\"1.19 D\u00e9veloppement du tourisme culturel et de l\u2019\u00e9cotourisme\",\"datePublished\":\"2011-11-29T16:31:20+00:00\",\"dateModified\":\"2015-04-10T20:43:55+00:00\",\"mainEntityOfPage\":{\"@id\":\"https:\\\/\\\/elizabethmaymp.ca\\\/fr\\\/1-19-expanding-cultural-tourism-and-ecotourism\\\/\"},\"wordCount\":1062,\"commentCount\":0,\"publisher\":{\"@id\":\"https:\\\/\\\/elizabethmaymp.ca\\\/#organization\"},\"image\":{\"@id\":\"https:\\\/\\\/elizabethmaymp.ca\\\/fr\\\/1-19-expanding-cultural-tourism-and-ecotourism\\\/#primaryimage\"},\"thumbnailUrl\":\"http:\\\/\\\/elizabethmaymp.ca\\\/wp-content\\\/uploads\\\/tourism.jpg\",\"articleSection\":[\"Vision Green\"],\"inLanguage\":\"en-US\"},{\"@type\":\"WebPage\",\"@id\":\"https:\\\/\\\/elizabethmaymp.ca\\\/fr\\\/1-19-expanding-cultural-tourism-and-ecotourism\\\/\",\"url\":\"https:\\\/\\\/elizabethmaymp.ca\\\/fr\\\/1-19-expanding-cultural-tourism-and-ecotourism\\\/\",\"name\":\"1.19 Expanding cultural tourism and ecotourism1.19 D\u00e9veloppement du tourisme culturel et de l\u2019\u00e9cotourisme | Elizabeth May\",\"isPartOf\":{\"@id\":\"https:\\\/\\\/elizabethmaymp.ca\\\/fr\\\/#website\"},\"primaryImageOfPage\":{\"@id\":\"https:\\\/\\\/elizabethmaymp.ca\\\/fr\\\/1-19-expanding-cultural-tourism-and-ecotourism\\\/#primaryimage\"},\"image\":{\"@id\":\"https:\\\/\\\/elizabethmaymp.ca\\\/fr\\\/1-19-expanding-cultural-tourism-and-ecotourism\\\/#primaryimage\"},\"thumbnailUrl\":\"http:\\\/\\\/elizabethmaymp.ca\\\/wp-content\\\/uploads\\\/tourism.jpg\",\"datePublished\":\"2011-11-29T16:31:20+00:00\",\"dateModified\":\"2015-04-10T20:43:55+00:00\",\"breadcrumb\":{\"@id\":\"https:\\\/\\\/elizabethmaymp.ca\\\/fr\\\/1-19-expanding-cultural-tourism-and-ecotourism\\\/#breadcrumb\"},\"inLanguage\":\"en-US\",\"potentialAction\":[{\"@type\":\"ReadAction\",\"target\":[[\"https:\\\/\\\/elizabethmaymp.ca\\\/fr\\\/1-19-expanding-cultural-tourism-and-ecotourism\\\/\"]]}]},{\"@type\":\"ImageObject\",\"inLanguage\":\"en-US\",\"@id\":\"https:\\\/\\\/elizabethmaymp.ca\\\/fr\\\/1-19-expanding-cultural-tourism-and-ecotourism\\\/#primaryimage\",\"url\":\"http:\\\/\\\/elizabethmaymp.ca\\\/wp-content\\\/uploads\\\/tourism.jpg\",\"contentUrl\":\"http:\\\/\\\/elizabethmaymp.ca\\\/wp-content\\\/uploads\\\/tourism.jpg\"},{\"@type\":\"BreadcrumbList\",\"@id\":\"https:\\\/\\\/elizabethmaymp.ca\\\/fr\\\/1-19-expanding-cultural-tourism-and-ecotourism\\\/#breadcrumb\",\"itemListElement\":[{\"@type\":\"ListItem\",\"position\":1,\"name\":\"Home\",\"item\":\"https:\\\/\\\/elizabethmaymp.ca\\\/fr\\\/\"},{\"@type\":\"ListItem\",\"position\":2,\"name\":\"1.19 D\u00e9veloppement du tourisme culturel et de l\u2019\u00e9cotourisme\"}]},{\"@type\":\"WebSite\",\"@id\":\"https:\\\/\\\/elizabethmaymp.ca\\\/fr\\\/#website\",\"url\":\"https:\\\/\\\/elizabethmaymp.ca\\\/fr\\\/\",\"name\":\"Elizabeth May\",\"description\":\"MP for Saanich and Gulf Islands\",\"publisher\":{\"@id\":\"https:\\\/\\\/elizabethmaymp.ca\\\/fr\\\/#organization\"},\"potentialAction\":[{\"@type\":\"SearchAction\",\"target\":{\"@type\":\"EntryPoint\",\"urlTemplate\":\"https:\\\/\\\/elizabethmaymp.ca\\\/fr\\\/?s={search_term_string}\"},\"query-input\":{\"@type\":\"PropertyValueSpecification\",\"valueRequired\":true,\"valueName\":\"search_term_string\"}}],\"inLanguage\":\"en-US\"},{\"@type\":\"Organization\",\"@id\":\"https:\\\/\\\/elizabethmaymp.ca\\\/fr\\\/#organization\",\"name\":\"Elizabeth May MP\",\"url\":\"https:\\\/\\\/elizabethmaymp.ca\\\/fr\\\/\",\"logo\":{\"@type\":\"ImageObject\",\"inLanguage\":\"en-US\",\"@id\":\"https:\\\/\\\/elizabethmaymp.ca\\\/fr\\\/#\\\/schema\\\/logo\\\/image\\\/\",\"url\":\"https:\\\/\\\/elizabethmaymp.ca\\\/wp-content\\\/uploads\\\/elizabethmay-button.png\",\"contentUrl\":\"https:\\\/\\\/elizabethmaymp.ca\\\/wp-content\\\/uploads\\\/elizabethmay-button.png\",\"width\":1501,\"height\":1501,\"caption\":\"Elizabeth May MP\"},\"image\":{\"@id\":\"https:\\\/\\\/elizabethmaymp.ca\\\/fr\\\/#\\\/schema\\\/logo\\\/image\\\/\"},\"sameAs\":[\"https:\\\/\\\/www.facebook.com\\\/ElizabethMayMP\",\"https:\\\/\\\/x.com\\\/elizabethmay\"]},{\"@type\":\"Person\",\"@id\":\"https:\\\/\\\/elizabethmaymp.ca\\\/#\\\/schema\\\/person\\\/d3f03a762a6bc9b615b1cc303ebf0c1f\",\"name\":\"Craig Cantin\",\"image\":{\"@type\":\"ImageObject\",\"inLanguage\":\"en-US\",\"@id\":\"https:\\\/\\\/secure.gravatar.com\\\/avatar\\\/4c95358098caf4f50815f5fc942d6d14142d8b46ece2b18c21ac1fb7d38545a4?s=96&d=mm&r=g\",\"url\":\"https:\\\/\\\/secure.gravatar.com\\\/avatar\\\/4c95358098caf4f50815f5fc942d6d14142d8b46ece2b18c21ac1fb7d38545a4?s=96&d=mm&r=g\",\"contentUrl\":\"https:\\\/\\\/secure.gravatar.com\\\/avatar\\\/4c95358098caf4f50815f5fc942d6d14142d8b46ece2b18c21ac1fb7d38545a4?s=96&d=mm&r=g\",\"caption\":\"Craig Cantin\"},\"url\":\"https:\\\/\\\/elizabethmaymp.ca\\\/fr\\\/author\\\/craig-c\\\/\"}]}<\/script>\n<!-- \/ Yoast SEO plugin. -->","yoast_head_json":{"title":"1.19 D\u00e9veloppement du tourisme culturel et de l\u2019\u00e9cotourisme | Elizabeth May","robots":{"index":"index","follow":"follow","max-snippet":"max-snippet:-1","max-image-preview":"max-image-preview:large","max-video-preview":"max-video-preview:-1"},"canonical":"https:\/\/elizabethmaymp.ca\/fr\/1-19-expanding-cultural-tourism-and-ecotourism\/","og_locale":"en_US","og_type":"article","og_title":"1.19 D\u00e9veloppement du tourisme culturel et de l\u2019\u00e9cotourisme | Elizabeth May","og_description":"Les voyages et le tourisme repr\u00e9sentent le plus grand employeur \u00e0 l\u2019\u00e9chelle internationale et plus de 10 pour\u00a0cent des d\u00e9penses mondiales. Le gouvernement Harper a pourtant min\u00e9 ce&hellip;","og_url":"https:\/\/elizabethmaymp.ca\/fr\/1-19-expanding-cultural-tourism-and-ecotourism\/","og_site_name":"Elizabeth May","article_publisher":"https:\/\/www.facebook.com\/ElizabethMayMP","article_published_time":"2011-11-29T16:31:20+00:00","article_modified_time":"2015-04-10T20:43:55+00:00","og_image":[{"url":"http:\/\/elizabethmaymp.ca\/wp-content\/uploads\/tourism.jpg","type":"","width":"","height":""}],"author":"Craig Cantin","twitter_card":"summary_large_image","twitter_creator":"@elizabethmay","twitter_site":"@elizabethmay","twitter_misc":{"Written by":"Craig Cantin","Est. reading time":"5 minutes"},"schema":{"@context":"https:\/\/schema.org","@graph":[{"@type":"Article","@id":"https:\/\/elizabethmaymp.ca\/fr\/1-19-expanding-cultural-tourism-and-ecotourism\/#article","isPartOf":{"@id":"https:\/\/elizabethmaymp.ca\/fr\/1-19-expanding-cultural-tourism-and-ecotourism\/"},"author":{"name":"Craig Cantin","@id":"https:\/\/elizabethmaymp.ca\/#\/schema\/person\/d3f03a762a6bc9b615b1cc303ebf0c1f"},"headline":"1.19 D\u00e9veloppement du tourisme culturel et de l\u2019\u00e9cotourisme","datePublished":"2011-11-29T16:31:20+00:00","dateModified":"2015-04-10T20:43:55+00:00","mainEntityOfPage":{"@id":"https:\/\/elizabethmaymp.ca\/fr\/1-19-expanding-cultural-tourism-and-ecotourism\/"},"wordCount":1062,"commentCount":0,"publisher":{"@id":"https:\/\/elizabethmaymp.ca\/#organization"},"image":{"@id":"https:\/\/elizabethmaymp.ca\/fr\/1-19-expanding-cultural-tourism-and-ecotourism\/#primaryimage"},"thumbnailUrl":"http:\/\/elizabethmaymp.ca\/wp-content\/uploads\/tourism.jpg","articleSection":["Vision Green"],"inLanguage":"en-US"},{"@type":"WebPage","@id":"https:\/\/elizabethmaymp.ca\/fr\/1-19-expanding-cultural-tourism-and-ecotourism\/","url":"https:\/\/elizabethmaymp.ca\/fr\/1-19-expanding-cultural-tourism-and-ecotourism\/","name":"1.19 Expanding cultural tourism and ecotourism1.19 D\u00e9veloppement du tourisme culturel et de l\u2019\u00e9cotourisme | Elizabeth May","isPartOf":{"@id":"https:\/\/elizabethmaymp.ca\/fr\/#website"},"primaryImageOfPage":{"@id":"https:\/\/elizabethmaymp.ca\/fr\/1-19-expanding-cultural-tourism-and-ecotourism\/#primaryimage"},"image":{"@id":"https:\/\/elizabethmaymp.ca\/fr\/1-19-expanding-cultural-tourism-and-ecotourism\/#primaryimage"},"thumbnailUrl":"http:\/\/elizabethmaymp.ca\/wp-content\/uploads\/tourism.jpg","datePublished":"2011-11-29T16:31:20+00:00","dateModified":"2015-04-10T20:43:55+00:00","breadcrumb":{"@id":"https:\/\/elizabethmaymp.ca\/fr\/1-19-expanding-cultural-tourism-and-ecotourism\/#breadcrumb"},"inLanguage":"en-US","potentialAction":[{"@type":"ReadAction","target":[["https:\/\/elizabethmaymp.ca\/fr\/1-19-expanding-cultural-tourism-and-ecotourism\/"]]}]},{"@type":"ImageObject","inLanguage":"en-US","@id":"https:\/\/elizabethmaymp.ca\/fr\/1-19-expanding-cultural-tourism-and-ecotourism\/#primaryimage","url":"http:\/\/elizabethmaymp.ca\/wp-content\/uploads\/tourism.jpg","contentUrl":"http:\/\/elizabethmaymp.ca\/wp-content\/uploads\/tourism.jpg"},{"@type":"BreadcrumbList","@id":"https:\/\/elizabethmaymp.ca\/fr\/1-19-expanding-cultural-tourism-and-ecotourism\/#breadcrumb","itemListElement":[{"@type":"ListItem","position":1,"name":"Home","item":"https:\/\/elizabethmaymp.ca\/fr\/"},{"@type":"ListItem","position":2,"name":"1.19 D\u00e9veloppement du tourisme culturel et de l\u2019\u00e9cotourisme"}]},{"@type":"WebSite","@id":"https:\/\/elizabethmaymp.ca\/fr\/#website","url":"https:\/\/elizabethmaymp.ca\/fr\/","name":"Elizabeth May","description":"MP for Saanich and Gulf Islands","publisher":{"@id":"https:\/\/elizabethmaymp.ca\/fr\/#organization"},"potentialAction":[{"@type":"SearchAction","target":{"@type":"EntryPoint","urlTemplate":"https:\/\/elizabethmaymp.ca\/fr\/?s={search_term_string}"},"query-input":{"@type":"PropertyValueSpecification","valueRequired":true,"valueName":"search_term_string"}}],"inLanguage":"en-US"},{"@type":"Organization","@id":"https:\/\/elizabethmaymp.ca\/fr\/#organization","name":"Elizabeth May MP","url":"https:\/\/elizabethmaymp.ca\/fr\/","logo":{"@type":"ImageObject","inLanguage":"en-US","@id":"https:\/\/elizabethmaymp.ca\/fr\/#\/schema\/logo\/image\/","url":"https:\/\/elizabethmaymp.ca\/wp-content\/uploads\/elizabethmay-button.png","contentUrl":"https:\/\/elizabethmaymp.ca\/wp-content\/uploads\/elizabethmay-button.png","width":1501,"height":1501,"caption":"Elizabeth May MP"},"image":{"@id":"https:\/\/elizabethmaymp.ca\/fr\/#\/schema\/logo\/image\/"},"sameAs":["https:\/\/www.facebook.com\/ElizabethMayMP","https:\/\/x.com\/elizabethmay"]},{"@type":"Person","@id":"https:\/\/elizabethmaymp.ca\/#\/schema\/person\/d3f03a762a6bc9b615b1cc303ebf0c1f","name":"Craig Cantin","image":{"@type":"ImageObject","inLanguage":"en-US","@id":"https:\/\/secure.gravatar.com\/avatar\/4c95358098caf4f50815f5fc942d6d14142d8b46ece2b18c21ac1fb7d38545a4?s=96&d=mm&r=g","url":"https:\/\/secure.gravatar.com\/avatar\/4c95358098caf4f50815f5fc942d6d14142d8b46ece2b18c21ac1fb7d38545a4?s=96&d=mm&r=g","contentUrl":"https:\/\/secure.gravatar.com\/avatar\/4c95358098caf4f50815f5fc942d6d14142d8b46ece2b18c21ac1fb7d38545a4?s=96&d=mm&r=g","caption":"Craig Cantin"},"url":"https:\/\/elizabethmaymp.ca\/fr\/author\/craig-c\/"}]}},"_links":{"self":[{"href":"https:\/\/elizabethmaymp.ca\/fr\/wp-json\/wp\/v2\/posts\/1240","targetHints":{"allow":["GET"]}}],"collection":[{"href":"https:\/\/elizabethmaymp.ca\/fr\/wp-json\/wp\/v2\/posts"}],"about":[{"href":"https:\/\/elizabethmaymp.ca\/fr\/wp-json\/wp\/v2\/types\/post"}],"author":[{"embeddable":true,"href":"https:\/\/elizabethmaymp.ca\/fr\/wp-json\/wp\/v2\/users\/3"}],"replies":[{"embeddable":true,"href":"https:\/\/elizabethmaymp.ca\/fr\/wp-json\/wp\/v2\/comments?post=1240"}],"version-history":[{"count":6,"href":"https:\/\/elizabethmaymp.ca\/fr\/wp-json\/wp\/v2\/posts\/1240\/revisions"}],"predecessor-version":[{"id":15304,"href":"https:\/\/elizabethmaymp.ca\/fr\/wp-json\/wp\/v2\/posts\/1240\/revisions\/15304"}],"wp:attachment":[{"href":"https:\/\/elizabethmaymp.ca\/fr\/wp-json\/wp\/v2\/media?parent=1240"}],"wp:term":[{"taxonomy":"category","embeddable":true,"href":"https:\/\/elizabethmaymp.ca\/fr\/wp-json\/wp\/v2\/categories?post=1240"},{"taxonomy":"post_tag","embeddable":true,"href":"https:\/\/elizabethmaymp.ca\/fr\/wp-json\/wp\/v2\/tags?post=1240"}],"curies":[{"name":"wp","href":"https:\/\/api.w.org\/{rel}","templated":true}]}}