{"id":12547,"date":"2014-04-14T13:23:42","date_gmt":"2014-04-14T17:23:42","guid":{"rendered":"http:\/\/elizabethmaymp.ca?p=12547"},"modified":"2014-08-12T12:46:32","modified_gmt":"2014-08-12T16:46:32","slug":"statement-from-elizabeth-may-on-the-death-of-mikmaq-leader-noel-knockwood","status":"publish","type":"post","link":"https:\/\/elizabethmaymp.ca\/fr\/statement-from-elizabeth-may-on-the-death-of-mikmaq-leader-noel-knockwood\/","title":{"rendered":"D\u00e9claration d\u2019Elizabeth May sur le d\u00e9c\u00e8s du chef micmac Noel Knockwood"},"content":{"rendered":"<p>Elizabeth May, chef du Parti vert du Canada et d\u00e9put\u00e9e de Saanich\u2013Gulf Islands, a d\u00e9clar\u00e9 ce qui suit :<\/p>\n<p>\u00ab Noel Knockwood \u00e9tait un leader communautaire, un militant de longue date des traditions et de la culture micmaques, et une voix forte en faveur des droits des Premi\u00e8res Nations en Nouvelle-\u00c9cosse et partout au Canada.<\/p>\n<p>Chef spiritual micmac, M. Knockwood a travaill\u00e9 pour mettre en place des programmes d\u2019\u00e9ducation postsecondaire de transition pour les \u00e9tudiants autochtones qui fr\u00e9quentent l\u2019Universit\u00e9 Dalhousie. Il a \u0153uvr\u00e9 au sein du Grand Conseil micmac et en tant que premier autochtone  sergent d\u2019armes \u00e0 l\u2019Assembl\u00e9e l\u00e9gislative de la Nouvelle-\u00c9cosse.<\/p>\n<p>Noel Knockwood \u00e9tait un homme de foi, de courage et de profonde sagesse. Son engagement pendant toute sa vie envers les droits de la personne a \u00e9t\u00e9 une inspiration pour de nombreuses personnes.<\/p>\n<p>Au nom du Parti vert du Canada, j\u2019aimerais offrir mes plus sinc\u00e8res condol\u00e9ances \u00e0 sa famille et ses proches. L\u2019avoir connu et avoir travaill\u00e9 avec lui ont \u00e9t\u00e9 un honneur. Il nous manquera beaucoup.<br \/>\n<\/p>","protected":false},"excerpt":{"rendered":"<p>Elizabeth May, chef du Parti vert du Canada et d\u00e9put\u00e9e de Saanich\u2013Gulf Islands, a d\u00e9clar\u00e9 ce qui suit : \u00ab Noel Knockwood \u00e9tait un leader communautaire, un militant&hellip;<\/p>\n","protected":false},"author":3,"featured_media":0,"comment_status":"open","ping_status":"open","sticky":false,"template":"","format":"standard","meta":{"_acf_changed":false,"_price":"","_stock":"","_tribe_ticket_header":"","_tribe_default_ticket_provider":"","_tribe_ticket_capacity":"","_ticket_start_date":"","_ticket_end_date":"","_tribe_ticket_show_description":"","_tribe_ticket_show_not_going":false,"_tribe_ticket_use_global_stock":"","_tribe_ticket_global_stock_level":"","_global_stock_mode":"","_global_stock_cap":"","_tribe_rsvp_for_event":"","_tribe_ticket_going_count":"","_tribe_ticket_not_going_count":"","_tribe_tickets_list":"[]","_tribe_ticket_has_attendee_info_fields":false,"footnotes":""},"categories":[90],"tags":[],"class_list":["post-12547","post","type-post","status-publish","format-standard","hentry","category-press-releases"],"acf":[],"yoast_head":"<!-- This site is optimized with the Yoast SEO plugin v27.5 - https:\/\/yoast.com\/product\/yoast-seo-wordpress\/ -->\n<title>D\u00e9claration d\u2019Elizabeth May sur le d\u00e9c\u00e8s du chef micmac Noel Knockwood  | Elizabeth May<\/title>\n<meta name=\"robots\" content=\"index, follow, max-snippet:-1, max-image-preview:large, max-video-preview:-1\" \/>\n<link rel=\"canonical\" href=\"https:\/\/elizabethmaymp.ca\/fr\/statement-from-elizabeth-may-on-the-death-of-mikmaq-leader-noel-knockwood\/\" \/>\n<meta property=\"og:locale\" content=\"en_US\" \/>\n<meta property=\"og:type\" content=\"article\" \/>\n<meta property=\"og:title\" content=\"D\u00e9claration d\u2019Elizabeth May sur le d\u00e9c\u00e8s du chef micmac Noel Knockwood  | Elizabeth May\" \/>\n<meta property=\"og:description\" content=\"Elizabeth May, chef du Parti vert du Canada et d\u00e9put\u00e9e de Saanich\u2013Gulf Islands, a d\u00e9clar\u00e9 ce qui suit : \u00ab Noel Knockwood \u00e9tait un leader communautaire, un militant&hellip;\" \/>\n<meta property=\"og:url\" content=\"https:\/\/elizabethmaymp.ca\/fr\/statement-from-elizabeth-may-on-the-death-of-mikmaq-leader-noel-knockwood\/\" \/>\n<meta property=\"og:site_name\" content=\"Elizabeth May\" \/>\n<meta property=\"article:publisher\" content=\"https:\/\/www.facebook.com\/ElizabethMayMP\" \/>\n<meta property=\"article:published_time\" content=\"2014-04-14T17:23:42+00:00\" \/>\n<meta property=\"article:modified_time\" content=\"2014-08-12T16:46:32+00:00\" \/>\n<meta property=\"og:image\" content=\"https:\/\/elizabethmaymp.ca\/wp-content\/uploads\/cropped-elizabethmay-button.png\" \/>\n\t<meta property=\"og:image:width\" content=\"512\" \/>\n\t<meta property=\"og:image:height\" content=\"512\" \/>\n\t<meta property=\"og:image:type\" content=\"image\/png\" \/>\n<meta name=\"author\" content=\"Craig Cantin\" \/>\n<meta name=\"twitter:card\" content=\"summary_large_image\" \/>\n<meta name=\"twitter:creator\" content=\"@elizabethmay\" \/>\n<meta name=\"twitter:site\" content=\"@elizabethmay\" \/>\n<meta name=\"twitter:label1\" content=\"Written by\" \/>\n\t<meta name=\"twitter:data1\" content=\"Craig Cantin\" \/>\n\t<meta name=\"twitter:label2\" content=\"Est. reading time\" \/>\n\t<meta name=\"twitter:data2\" content=\"2 minutes\" \/>\n<script type=\"application\/ld+json\" class=\"yoast-schema-graph\">{\"@context\":\"https:\\\/\\\/schema.org\",\"@graph\":[{\"@type\":\"Article\",\"@id\":\"https:\\\/\\\/elizabethmaymp.ca\\\/statement-from-elizabeth-may-on-the-death-of-mikmaq-leader-noel-knockwood\\\/#article\",\"isPartOf\":{\"@id\":\"https:\\\/\\\/elizabethmaymp.ca\\\/statement-from-elizabeth-may-on-the-death-of-mikmaq-leader-noel-knockwood\\\/\"},\"author\":{\"name\":\"Craig Cantin\",\"@id\":\"https:\\\/\\\/elizabethmaymp.ca\\\/#\\\/schema\\\/person\\\/d3f03a762a6bc9b615b1cc303ebf0c1f\"},\"headline\":\"D\u00e9claration d\u2019Elizabeth May sur le d\u00e9c\u00e8s du chef micmac Noel Knockwood\",\"datePublished\":\"2014-04-14T17:23:42+00:00\",\"dateModified\":\"2014-08-12T16:46:32+00:00\",\"mainEntityOfPage\":{\"@id\":\"https:\\\/\\\/elizabethmaymp.ca\\\/statement-from-elizabeth-may-on-the-death-of-mikmaq-leader-noel-knockwood\\\/\"},\"wordCount\":379,\"commentCount\":0,\"publisher\":{\"@id\":\"https:\\\/\\\/elizabethmaymp.ca\\\/#organization\"},\"articleSection\":[\"Communiqu\u00e9s\"],\"inLanguage\":\"en-US\"},{\"@type\":\"WebPage\",\"@id\":\"https:\\\/\\\/elizabethmaymp.ca\\\/fr\\\/statement-from-elizabeth-may-on-the-death-of-mikmaq-leader-noel-knockwood\\\/\",\"url\":\"https:\\\/\\\/elizabethmaymp.ca\\\/fr\\\/statement-from-elizabeth-may-on-the-death-of-mikmaq-leader-noel-knockwood\\\/\",\"name\":\"Statement from Elizabeth May on the death of Mi\u2019kmaq leader Noel Knockwood D\u00e9claration d\u2019Elizabeth May sur le d\u00e9c\u00e8s du chef micmac Noel Knockwood | Elizabeth May\",\"isPartOf\":{\"@id\":\"https:\\\/\\\/elizabethmaymp.ca\\\/fr\\\/#website\"},\"datePublished\":\"2014-04-14T17:23:42+00:00\",\"dateModified\":\"2014-08-12T16:46:32+00:00\",\"breadcrumb\":{\"@id\":\"https:\\\/\\\/elizabethmaymp.ca\\\/fr\\\/statement-from-elizabeth-may-on-the-death-of-mikmaq-leader-noel-knockwood\\\/#breadcrumb\"},\"inLanguage\":\"en-US\",\"potentialAction\":[{\"@type\":\"ReadAction\",\"target\":[[\"https:\\\/\\\/elizabethmaymp.ca\\\/fr\\\/statement-from-elizabeth-may-on-the-death-of-mikmaq-leader-noel-knockwood\\\/\"]]}]},{\"@type\":\"BreadcrumbList\",\"@id\":\"https:\\\/\\\/elizabethmaymp.ca\\\/fr\\\/statement-from-elizabeth-may-on-the-death-of-mikmaq-leader-noel-knockwood\\\/#breadcrumb\",\"itemListElement\":[{\"@type\":\"ListItem\",\"position\":1,\"name\":\"Home\",\"item\":\"https:\\\/\\\/elizabethmaymp.ca\\\/fr\\\/\"},{\"@type\":\"ListItem\",\"position\":2,\"name\":\"Statement from Elizabeth May on the death of Mi\u2019kmaq leader Noel Knockwood\"}]},{\"@type\":\"WebSite\",\"@id\":\"https:\\\/\\\/elizabethmaymp.ca\\\/fr\\\/#website\",\"url\":\"https:\\\/\\\/elizabethmaymp.ca\\\/fr\\\/\",\"name\":\"Elizabeth May\",\"description\":\"MP for Saanich and Gulf Islands\",\"publisher\":{\"@id\":\"https:\\\/\\\/elizabethmaymp.ca\\\/fr\\\/#organization\"},\"potentialAction\":[{\"@type\":\"SearchAction\",\"target\":{\"@type\":\"EntryPoint\",\"urlTemplate\":\"https:\\\/\\\/elizabethmaymp.ca\\\/fr\\\/?s={search_term_string}\"},\"query-input\":{\"@type\":\"PropertyValueSpecification\",\"valueRequired\":true,\"valueName\":\"search_term_string\"}}],\"inLanguage\":\"en-US\"},{\"@type\":\"Organization\",\"@id\":\"https:\\\/\\\/elizabethmaymp.ca\\\/fr\\\/#organization\",\"name\":\"Elizabeth May MP\",\"url\":\"https:\\\/\\\/elizabethmaymp.ca\\\/fr\\\/\",\"logo\":{\"@type\":\"ImageObject\",\"inLanguage\":\"en-US\",\"@id\":\"https:\\\/\\\/elizabethmaymp.ca\\\/fr\\\/#\\\/schema\\\/logo\\\/image\\\/\",\"url\":\"https:\\\/\\\/elizabethmaymp.ca\\\/wp-content\\\/uploads\\\/elizabethmay-button.png\",\"contentUrl\":\"https:\\\/\\\/elizabethmaymp.ca\\\/wp-content\\\/uploads\\\/elizabethmay-button.png\",\"width\":1501,\"height\":1501,\"caption\":\"Elizabeth May MP\"},\"image\":{\"@id\":\"https:\\\/\\\/elizabethmaymp.ca\\\/fr\\\/#\\\/schema\\\/logo\\\/image\\\/\"},\"sameAs\":[\"https:\\\/\\\/www.facebook.com\\\/ElizabethMayMP\",\"https:\\\/\\\/x.com\\\/elizabethmay\"]},{\"@type\":\"Person\",\"@id\":\"https:\\\/\\\/elizabethmaymp.ca\\\/#\\\/schema\\\/person\\\/d3f03a762a6bc9b615b1cc303ebf0c1f\",\"name\":\"Craig Cantin\",\"image\":{\"@type\":\"ImageObject\",\"inLanguage\":\"en-US\",\"@id\":\"https:\\\/\\\/secure.gravatar.com\\\/avatar\\\/4c95358098caf4f50815f5fc942d6d14142d8b46ece2b18c21ac1fb7d38545a4?s=96&d=mm&r=g\",\"url\":\"https:\\\/\\\/secure.gravatar.com\\\/avatar\\\/4c95358098caf4f50815f5fc942d6d14142d8b46ece2b18c21ac1fb7d38545a4?s=96&d=mm&r=g\",\"contentUrl\":\"https:\\\/\\\/secure.gravatar.com\\\/avatar\\\/4c95358098caf4f50815f5fc942d6d14142d8b46ece2b18c21ac1fb7d38545a4?s=96&d=mm&r=g\",\"caption\":\"Craig Cantin\"},\"url\":\"https:\\\/\\\/elizabethmaymp.ca\\\/fr\\\/author\\\/craig-c\\\/\"}]}<\/script>\n<!-- \/ Yoast SEO plugin. -->","yoast_head_json":{"title":"D\u00e9claration d\u2019Elizabeth May sur le d\u00e9c\u00e8s du chef micmac Noel Knockwood  | Elizabeth May","robots":{"index":"index","follow":"follow","max-snippet":"max-snippet:-1","max-image-preview":"max-image-preview:large","max-video-preview":"max-video-preview:-1"},"canonical":"https:\/\/elizabethmaymp.ca\/fr\/statement-from-elizabeth-may-on-the-death-of-mikmaq-leader-noel-knockwood\/","og_locale":"en_US","og_type":"article","og_title":"D\u00e9claration d\u2019Elizabeth May sur le d\u00e9c\u00e8s du chef micmac Noel Knockwood  | Elizabeth May","og_description":"Elizabeth May, chef du Parti vert du Canada et d\u00e9put\u00e9e de Saanich\u2013Gulf Islands, a d\u00e9clar\u00e9 ce qui suit : \u00ab Noel Knockwood \u00e9tait un leader communautaire, un militant&hellip;","og_url":"https:\/\/elizabethmaymp.ca\/fr\/statement-from-elizabeth-may-on-the-death-of-mikmaq-leader-noel-knockwood\/","og_site_name":"Elizabeth May","article_publisher":"https:\/\/www.facebook.com\/ElizabethMayMP","article_published_time":"2014-04-14T17:23:42+00:00","article_modified_time":"2014-08-12T16:46:32+00:00","og_image":[{"width":512,"height":512,"url":"https:\/\/elizabethmaymp.ca\/wp-content\/uploads\/cropped-elizabethmay-button.png","type":"image\/png"}],"author":"Craig Cantin","twitter_card":"summary_large_image","twitter_creator":"@elizabethmay","twitter_site":"@elizabethmay","twitter_misc":{"Written by":"Craig Cantin","Est. reading time":"2 minutes"},"schema":{"@context":"https:\/\/schema.org","@graph":[{"@type":"Article","@id":"https:\/\/elizabethmaymp.ca\/statement-from-elizabeth-may-on-the-death-of-mikmaq-leader-noel-knockwood\/#article","isPartOf":{"@id":"https:\/\/elizabethmaymp.ca\/statement-from-elizabeth-may-on-the-death-of-mikmaq-leader-noel-knockwood\/"},"author":{"name":"Craig Cantin","@id":"https:\/\/elizabethmaymp.ca\/#\/schema\/person\/d3f03a762a6bc9b615b1cc303ebf0c1f"},"headline":"D\u00e9claration d\u2019Elizabeth May sur le d\u00e9c\u00e8s du chef micmac Noel Knockwood","datePublished":"2014-04-14T17:23:42+00:00","dateModified":"2014-08-12T16:46:32+00:00","mainEntityOfPage":{"@id":"https:\/\/elizabethmaymp.ca\/statement-from-elizabeth-may-on-the-death-of-mikmaq-leader-noel-knockwood\/"},"wordCount":379,"commentCount":0,"publisher":{"@id":"https:\/\/elizabethmaymp.ca\/#organization"},"articleSection":["Communiqu\u00e9s"],"inLanguage":"en-US"},{"@type":"WebPage","@id":"https:\/\/elizabethmaymp.ca\/fr\/statement-from-elizabeth-may-on-the-death-of-mikmaq-leader-noel-knockwood\/","url":"https:\/\/elizabethmaymp.ca\/fr\/statement-from-elizabeth-may-on-the-death-of-mikmaq-leader-noel-knockwood\/","name":"Statement from Elizabeth May on the death of Mi\u2019kmaq leader Noel Knockwood D\u00e9claration d\u2019Elizabeth May sur le d\u00e9c\u00e8s du chef micmac Noel Knockwood | Elizabeth May","isPartOf":{"@id":"https:\/\/elizabethmaymp.ca\/fr\/#website"},"datePublished":"2014-04-14T17:23:42+00:00","dateModified":"2014-08-12T16:46:32+00:00","breadcrumb":{"@id":"https:\/\/elizabethmaymp.ca\/fr\/statement-from-elizabeth-may-on-the-death-of-mikmaq-leader-noel-knockwood\/#breadcrumb"},"inLanguage":"en-US","potentialAction":[{"@type":"ReadAction","target":[["https:\/\/elizabethmaymp.ca\/fr\/statement-from-elizabeth-may-on-the-death-of-mikmaq-leader-noel-knockwood\/"]]}]},{"@type":"BreadcrumbList","@id":"https:\/\/elizabethmaymp.ca\/fr\/statement-from-elizabeth-may-on-the-death-of-mikmaq-leader-noel-knockwood\/#breadcrumb","itemListElement":[{"@type":"ListItem","position":1,"name":"Home","item":"https:\/\/elizabethmaymp.ca\/fr\/"},{"@type":"ListItem","position":2,"name":"Statement from Elizabeth May on the death of Mi\u2019kmaq leader Noel Knockwood"}]},{"@type":"WebSite","@id":"https:\/\/elizabethmaymp.ca\/fr\/#website","url":"https:\/\/elizabethmaymp.ca\/fr\/","name":"Elizabeth May","description":"MP for Saanich and Gulf Islands","publisher":{"@id":"https:\/\/elizabethmaymp.ca\/fr\/#organization"},"potentialAction":[{"@type":"SearchAction","target":{"@type":"EntryPoint","urlTemplate":"https:\/\/elizabethmaymp.ca\/fr\/?s={search_term_string}"},"query-input":{"@type":"PropertyValueSpecification","valueRequired":true,"valueName":"search_term_string"}}],"inLanguage":"en-US"},{"@type":"Organization","@id":"https:\/\/elizabethmaymp.ca\/fr\/#organization","name":"Elizabeth May MP","url":"https:\/\/elizabethmaymp.ca\/fr\/","logo":{"@type":"ImageObject","inLanguage":"en-US","@id":"https:\/\/elizabethmaymp.ca\/fr\/#\/schema\/logo\/image\/","url":"https:\/\/elizabethmaymp.ca\/wp-content\/uploads\/elizabethmay-button.png","contentUrl":"https:\/\/elizabethmaymp.ca\/wp-content\/uploads\/elizabethmay-button.png","width":1501,"height":1501,"caption":"Elizabeth May MP"},"image":{"@id":"https:\/\/elizabethmaymp.ca\/fr\/#\/schema\/logo\/image\/"},"sameAs":["https:\/\/www.facebook.com\/ElizabethMayMP","https:\/\/x.com\/elizabethmay"]},{"@type":"Person","@id":"https:\/\/elizabethmaymp.ca\/#\/schema\/person\/d3f03a762a6bc9b615b1cc303ebf0c1f","name":"Craig Cantin","image":{"@type":"ImageObject","inLanguage":"en-US","@id":"https:\/\/secure.gravatar.com\/avatar\/4c95358098caf4f50815f5fc942d6d14142d8b46ece2b18c21ac1fb7d38545a4?s=96&d=mm&r=g","url":"https:\/\/secure.gravatar.com\/avatar\/4c95358098caf4f50815f5fc942d6d14142d8b46ece2b18c21ac1fb7d38545a4?s=96&d=mm&r=g","contentUrl":"https:\/\/secure.gravatar.com\/avatar\/4c95358098caf4f50815f5fc942d6d14142d8b46ece2b18c21ac1fb7d38545a4?s=96&d=mm&r=g","caption":"Craig Cantin"},"url":"https:\/\/elizabethmaymp.ca\/fr\/author\/craig-c\/"}]}},"_links":{"self":[{"href":"https:\/\/elizabethmaymp.ca\/fr\/wp-json\/wp\/v2\/posts\/12547","targetHints":{"allow":["GET"]}}],"collection":[{"href":"https:\/\/elizabethmaymp.ca\/fr\/wp-json\/wp\/v2\/posts"}],"about":[{"href":"https:\/\/elizabethmaymp.ca\/fr\/wp-json\/wp\/v2\/types\/post"}],"author":[{"embeddable":true,"href":"https:\/\/elizabethmaymp.ca\/fr\/wp-json\/wp\/v2\/users\/3"}],"replies":[{"embeddable":true,"href":"https:\/\/elizabethmaymp.ca\/fr\/wp-json\/wp\/v2\/comments?post=12547"}],"version-history":[{"count":1,"href":"https:\/\/elizabethmaymp.ca\/fr\/wp-json\/wp\/v2\/posts\/12547\/revisions"}],"predecessor-version":[{"id":12752,"href":"https:\/\/elizabethmaymp.ca\/fr\/wp-json\/wp\/v2\/posts\/12547\/revisions\/12752"}],"wp:attachment":[{"href":"https:\/\/elizabethmaymp.ca\/fr\/wp-json\/wp\/v2\/media?parent=12547"}],"wp:term":[{"taxonomy":"category","embeddable":true,"href":"https:\/\/elizabethmaymp.ca\/fr\/wp-json\/wp\/v2\/categories?post=12547"},{"taxonomy":"post_tag","embeddable":true,"href":"https:\/\/elizabethmaymp.ca\/fr\/wp-json\/wp\/v2\/tags?post=12547"}],"curies":[{"name":"wp","href":"https:\/\/api.w.org\/{rel}","templated":true}]}}