{"id":1298,"date":"2011-11-29T12:32:14","date_gmt":"2011-11-29T17:32:14","guid":{"rendered":"http:\/\/dev2.elizabethmaymp.ca\/?p=1298"},"modified":"2015-04-10T16:53:32","modified_gmt":"2015-04-10T20:53:32","slug":"3-2-water-protection-and-conservation","status":"publish","type":"post","link":"https:\/\/elizabethmaymp.ca\/fr\/3-2-water-protection-and-conservation\/","title":{"rendered":"3.2 La protection et la conservation de l&#8217;eau"},"content":{"rendered":"<p>L&#8217;eau douce est la source de toute forme de vie sur la Terre. La protection et la conservation de l&#8217;eau douce sont des enjeux politiques majeurs du 21e si\u00e8cle. Vu de l&#8217;espace, le Canada est l&#8217;une des r\u00e9gions du monde les plus riches en eau. Au sol, la situation est bien diff\u00e9rente. Notre consommation d&#8217;eau est concentr\u00e9e dans une zone g\u00e9ographique pr\u00e9cise. Soixante pour cent de nos cours d&#8217;eau coulent vers le Nord du pays, alors que plus de 90 pour cent de la population est concentr\u00e9e le long de la fronti\u00e8re sud. Malheureusement, les Canadiennes et les Canadiens sont parmi les plus grands gaspilleurs d&#8217;eau au monde, avec un gaspillage par personne sup\u00e9rieur \u00e0 ceux de tous les autres pays du monde, \u00e0 l&#8217;exception des \u00c9tats-Unis. L&#8217;Europe a r\u00e9duit consid\u00e9rablement sa consommation d&#8217;eau, mais les Canadiennes et les Canadiens continuent \u00e0 puiser \u00e9norm\u00e9ment dans nos infrastructures d&#8217;eau et \u00e0 \u00e9puiser nos pr\u00e9cieuses ressources d&#8217;eau douce.<\/p>\n<div>\n<p>En tant que gardiens de 9 pour\u00a0cent des ressources d&#8217;eau renouvelables de la plan\u00e8te, nous avons l&#8217;obligation morale de les pr\u00e9server pour notre g\u00e9n\u00e9ration et pour les g\u00e9n\u00e9rations futures. Les eaux souterraines canadiennes comptent pour plus de 90 pour\u00a0cent des r\u00e9serves d\u2019eau douce du pays. Cette ressource est exploit\u00e9e par l\u2019industrie p\u00e9troli\u00e8re et gazi\u00e8re canadienne alors que nous ignorons presque tout des incidences sur les grands aquif\u00e8res qui alimentent les eaux de surface. Si la majorit\u00e9 de nos concitoyens a acc\u00e8s \u00e0 de l&#8217;eau potable, Sant\u00e9 Canada rapporte que 85 collectivit\u00e9s des Premi\u00e8res nations (sous la seule autorit\u00e9 du gouvernement f\u00e9d\u00e9ral) ont re\u00e7u la recommandation de faire bouillir l&#8217;eau avant de l&#8217;utiliser. L\u2019accroissement de notre population, de nos activit\u00e9s \u00e9conomiques et de nos collectivit\u00e9s ne peut qu\u2019exacerber les probl\u00e8mes li\u00e9s \u00e0 l&#8217;eau. Dans certains cas, comme \u00e0 Walkerton ou \u00e0 Kashechewan, le probl\u00e8me tient \u00e0 la qualit\u00e9 de l&#8217;eau; ailleurs, comme dans les Prairies qui ont connu des s\u00e9cheresses r\u00e9cemment, c&#8217;est la quantit\u00e9 d&#8217;eau qui est insuffisante. Certains probl\u00e8mes touchent toute une province; d&#8217;autres, tout le pays. Tous demandent que le gouvernement f\u00e9d\u00e9ral, en partenariat avec les provinces, les territoires, les Premi\u00e8res Nations, les ONG et les municipalit\u00e9s, accorde une attention particuli\u00e8re aux politiques de l&#8217;eau dans l\u2019ensemble du pays.<\/p>\n<p>Les collectivit\u00e9s durables et les modes de vie durables ont besoin de r\u00e9serves d&#8217;eau saine. Le Parti vert s&#8217;est engag\u00e9 \u00e0 g\u00e9rer l&#8217;eau de mani\u00e8re responsable. La gestion responsable comporte la responsabilit\u00e9 de restaurer les r\u00e9serves d&#8217;eau et de les prot\u00e9ger des activit\u00e9s industrielles. Nous pr\u00f4nons un renouvellement du r\u00f4le du gouvernement f\u00e9d\u00e9ral dans la gestion de l&#8217;eau, avec des r\u00e9glementations strictes et des programmes efficaces con\u00e7us avec la participation des gouvernements des provinces, des territoires et des municipalit\u00e9s. La vision des verts pour l&#8217;eau douce est un message tr\u00e8s clair : gardons-la, conservons-la, prot\u00e9geons-la.<\/p>\n<ul>\n<li>Gardons-la. La pression augmente pour exporter notre eau douce au sud de la fronti\u00e8re, avec des accords commerciaux comme l\u2019Accord de libre-\u00e9change nord-am\u00e9ricain (AL\u00c9NA) qui nous poussent \u00e0 abandonner le contr\u00f4le de nos eaux. Le Parti vert soutient la Politique f\u00e9d\u00e9rale relative aux eaux qui interdit formellement les exportations \u00e0 grande \u00e9chelle (exportations en vrac) de notre eau.<\/li>\n<li>Conservons-la. Le gouvernement f\u00e9d\u00e9ral doit s\u2019employer \u00e0 assurer une utilisation durable de nos ressources en eau, et en m\u00eame temps entretenir et am\u00e9liorer l\u2019acc\u00e8s \u00e0 une eau saine pour toutes les Canadiennes et tous les Canadiens. Cette orientation mettrait en place des mesures de la consommation et une facturation qui correspondent \u00e0 la valeur de l\u2019eau et favorise un usage efficace, et des r\u00e8glements qui prot\u00e8gent et am\u00e9liorent la qualit\u00e9 de l\u2019eau et font en sorte que le Canada ne devienne pas un haut lieu des technologies industrielles gaspilleuses d\u2019eau.<\/li>\n<li>Prot\u00e9geons-la. Pour prot\u00e9ger et restaurer les \u00e9cosyst\u00e8mes d\u2019eau douce et leurs services \u00e9cologiques (par exemple, comme habitats pour les poissons et des esp\u00e8ces aquatiques, comme r\u00e9serves d\u2019eau domestique, pour la production d\u2019\u00e9nergie, pour les loisirs, comme r\u00e9serves d\u2019eau d\u2019irrigation et pour d\u2019autres usages \u00e9conomiques), le gouvernement f\u00e9d\u00e9ral doit employer tous ses pouvoirs, y compris la Loi sur les p\u00eaches, et miser sur son r\u00f4le dans les processus de partage d\u2019eau entre juridictions. Cette action est particuli\u00e8rement importante au vu des changements de la qualit\u00e9 et de la quantit\u00e9 de l&#8217;eau douce au Canada qui seront caus\u00e9s par le changement climatique. Le niveau des Grands Lacs va baisser, ce qui se traduira par des concentrations plus \u00e9lev\u00e9es de produits chimiques toxiques et d\u2019autres polluants; les fleuves de Colombie-Britannique surchaufferont, ce qui emp\u00eachera la fraie des saumons, et les agriculteurs feront face \u00e0 des s\u00e9cheresses de plus en plus fr\u00e9quentes. L\u2019Athabasca conna\u00eet d\u00e9j\u00e0 des baisses de r\u00e9gimes substantielles caus\u00e9es par le changement climatique et les retomb\u00e9es de l\u2019extraction de p\u00e9trole des sables bitumineux.<\/li>\n<\/ul>\n<p>Le gouvernement f\u00e9d\u00e9ral doit accorder la priorit\u00e9 absolue \u00e0 la protection de nos bassins hydrographiques et d\u00e9terminer les flux environnementaux n\u00e9cessaires \u00e0 la sant\u00e9 de nos rivi\u00e8res et cours d\u2019eau de premier et de deuxi\u00e8me ordre. Une gestion rigoureuse de l\u2019utilisation des terres autour des bassins fluviaux doit \u00eatre mise en place pour assurer la protection des fonctions \u00e9cologiques des bassins fluviaux.<\/p>\n<p>Les d\u00e9put\u00e9s verts :<\/p>\n<ul>\n<li>Prot\u00e8geront le droit fondamental d\u2019acc\u00e8s \u00e0 l\u2019eau pour toutes les Canadiennes et tous les Canadiens de notre g\u00e9n\u00e9ration et pour les g\u00e9n\u00e9rations futures en amendant la Charte canadienne des droits et libert\u00e9s de fa\u00e7on \u00e0 y inclure officiellement le droit des futures Canadiennes et des futurs Canadiens \u00e0 un h\u00e9ritage \u00e9cologique qui comprenne un air respirable et de l\u2019eau potable.<\/li>\n<li>Cr\u00e9eront un fonds canadien de l\u2019eau de 215\u00a0$ millions par ann\u00e9e pour cinq ans afin de mettre l\u2019accent sur la bonne condition \u00e0 long terme des bassins hydrographiques en att\u00e9nuant le probl\u00e8me du ruissellement de polluants et de nutriments et afin de continuer \u00e0 financer le Programme concernant la qualit\u00e9 de l&#8217;eau dans les Grands Lacs.<\/li>\n<li>Pousseront le gouvernement \u00e0 mettre en \u0153uvre de fa\u00e7on strat\u00e9gique la Politique f\u00e9d\u00e9rale relative aux eaux de 1987 afin d\u2019atteindre les crit\u00e8res de gestion durable de l\u2019eau : \u00e9quit\u00e9, efficacit\u00e9 et int\u00e9grit\u00e9 \u00e9cologique par le biais des mesures suivantes :<\/li>\n<\/ul>\n<ol>\n<li>Adopter des l\u00e9gislations f\u00e9d\u00e9rales qui interdisent les exportations d\u2019eau en vrac en travaillant \u00e0 partir des lois actuelles qui interdisent les exportations d\u2019eau des bassins transfrontaliers, et retirer imm\u00e9diatement les exportations de l\u2019eau de l\u2019Accord \u00e9conomique global entre le Canada et l&#8217;Union europ\u00e9enne, un \u00e9l\u00e9ment qui est actuellement en n\u00e9gociation.<\/li>\n<li>Adopter des mesures pour emp\u00eacher le transport de d\u00e9chets radioactifs comme les g\u00e9n\u00e9rateurs de vapeur finis et hautement radioactifs de r\u00e9acteurs nucl\u00e9aires vers le port d\u2019Owen Sound par la voie marine du Saint-Laurent jusqu\u2019en Su\u00e8de.<\/li>\n<li>\u00c9tablir des r\u00e8glements et des normes de produits favorisant les technologies \u00e0 efficacit\u00e9 hydrique au Canada.<\/li>\n<li>Assurer une alimentation en eau s\u00e9curitaire pour toute la population, notamment pour les collectivit\u00e9s des Premi\u00e8res nations, en \u00e9tablissant des r\u00e8glements imposant la protection de l&#8217;eau potable \u00e0 sa source, l&#8217;inspection des r\u00e9serves d&#8217;eau domestique par l&#8217;\u00e9tat et des analyses r\u00e9guli\u00e8res de l&#8217;eau potable.<\/li>\n<li>Fournir du financement aux municipalit\u00e9s par le biais d&#8217;un nouveau Fonds pour les installations de traitement des eaux et des d\u00e9chets (<a href=\"http:\/\/elizabethmaymp.ca\/fr\/vision-green\/p1.14\">voir la section 1.14 Infrastructure et collectivit\u00e9s pour de plus amples informations sur les relations f\u00e9d\u00e9rales-municipales<\/a>) afin de remplacer la chloration par l&#8217;ozonation, la st\u00e9rilisation aux ultraviolets, la filtration sur sable et d&#8217;autres proc\u00e9d\u00e9s s\u00e9curitaires de purification de l&#8217;eau.<\/li>\n<li>Entreprendre un inventaire des eaux terrestres et des masses d&#8217;eau pollu\u00e9e pour d\u00e9finir et mettre en place des strat\u00e9gies de d\u00e9pollution.<\/li>\n<li>Renforcer les capacit\u00e9s des minist\u00e8res et organismes gouvernementaux \u00e0 prot\u00e9ger et \u00e0 restaurer la sant\u00e9 des \u00e9cosyst\u00e8mes aquatiques.<\/li>\n<\/ol>\n<ul>\n<li>S&#8217;assureront que l&#8217;eau est g\u00e9r\u00e9e de fa\u00e7on \u00e0 cr\u00e9er des collectivit\u00e9s saines et durables et \u00e0 favoriser des modes de vie durables en exigeant que le gouvernement :<\/li>\n<\/ul>\n<ol>\n<li>Remplace les directives f\u00e9d\u00e9rales sur la qualit\u00e9 de l&#8217;eau potable par des normes nationales ayant force de loi, qui assurent la fourniture d&#8217;une eau potable s\u00e9curitaire et propre, dans l&#8217;int\u00e9r\u00eat de la sant\u00e9 de nos concitoyens.<\/li>\n<li>Cr\u00e9e des financements f\u00e9d\u00e9raux pour la r\u00e9alisation d&#8217;une infrastructure hydrique urbaine bas\u00e9e sur des plans d&#8217;efficacit\u00e9 hydrique comportant des cibles et des objectifs mesurables et applicables.<\/li>\n<li>Fournisse un financement ad\u00e9quat pour la protection contre les inondations \u00e0 l\u2019\u00e9chelle locale et r\u00e9gionale et pour la gestion de la planification en cas de s\u00e9cheresse.<\/li>\n<li>Fournisse un financement pour les programmes strat\u00e9giques d&#8217;adaptation aux changements climatiques par la conservation de l&#8217;eau, car la conservation de l&#8217;eau g\u00e9n\u00e8re des \u00e9conomies d&#8217;\u00e9nergie, donc une r\u00e9duction des \u00e9missions de gaz \u00e0 effet de serre.<\/li>\n<li>R\u00e9instaure le programme InfraGuide qui soutenait les stages pour \u00e9tudiants dipl\u00f4m\u00e9s dans des projets d&#8217;infrastructure municipaux d&#8217;avant-garde.<\/li>\n<li>Op\u00e8re un virage des subventions et du financement des barrages et d\u00e9viations (\u00e9tudes de faisabilit\u00e9 comprises) vers des strat\u00e9gies globales de protection de l&#8217;eau potable \u00ab de la terre au verre \u00bb, notamment des programmes et des plans de protection de l&#8217;eau de source, de restauration des r\u00e9serves d&#8217;eau et d&#8217;efficacit\u00e9 hydrique.<\/li>\n<li>Revoie les subventions f\u00e9d\u00e9rales \u00e0 l&#8217;agriculture et d\u00e9veloppe des strat\u00e9gies de transition pour amorcer un virage des cultures \u00e0 grande consommation d&#8217;eau vers une agriculture locale durable.<\/li>\n<\/ol>\n<ul>\n<li>Traiteront les dossiers interprovinciaux, interterritoriaux et internationaux relatifs \u00e0 l&#8217;eau en exigeant du gouvernement :<\/li>\n<\/ul>\n<ol>\n<li>La restauration d&#8217;un \u00e9cosyst\u00e8me sain sur les c\u00f4tes canadiennes et dans les r\u00e9serves d&#8217;eau terrestres en finan\u00e7ant des am\u00e9liorations aux syst\u00e8mes municipaux de traitement des eaux us\u00e9es, notamment pour inciter les collectivit\u00e9s c\u00f4ti\u00e8res et les usines \u00e0 cesser de d\u00e9verser des d\u00e9chets non trait\u00e9s dans les rivi\u00e8res, les fleuves, les lacs et les oc\u00e9ans.<\/li>\n<li>La mise en place d&#8217;accords de partage de l&#8217;eau dans le bassin du Mackenzie d&#8217;ici un an. Les accords devront s\u2019inspirer des informations scientifiques les plus pertinentes et \u00eatre bas\u00e9s sur les principes d&#8217;\u00e9quit\u00e9 sociale, d&#8217;efficacit\u00e9 et d&#8217;int\u00e9grit\u00e9 \u00e9cologique. Ils devront comporter les volets suivants :\n<ul>\n<li>Une limite aux volumes d&#8217;eau soutir\u00e9s dans l&#8217;Athabasca, bas\u00e9e sur une estimation du r\u00e9gime requis.<\/li>\n<li>L\u2019obligation pour les soci\u00e9t\u00e9s qui extraient le p\u00e9trole des sables bitumineux de traiter de fa\u00e7on responsable les eaux pollu\u00e9es entrepos\u00e9es dans les bassins de r\u00e9tention, qui sont les plus grandes structures artificielles au monde.<\/li>\n<li>L&#8217;imposition d&#8217;un moratoire sur les extractions futures de p\u00e9trole des sables bitumineux (en d&#8217;autres termes, sur les augmentations de la production annuelle).<\/li>\n<\/ul>\n<\/li>\n<li>Une r\u00e9vision de l&#8217;Accord-cadre sur la r\u00e9partition des eaux des Prairies qui a permis de reconstituer la R\u00e9gie des eaux des provinces des Prairies pour s&#8217;assurer qu&#8217;il tient compte des informations scientifiques les plus pertinentes et des principes d&#8217;\u00e9quit\u00e9 sociale, d&#8217;efficacit\u00e9 et d&#8217;int\u00e9grit\u00e9 \u00e9cologique.<\/li>\n<li>La gestion du probl\u00e8me des esp\u00e8ces envahissantes dans les Grands Lacs par la mise en place de protocoles scientifiques rigoureux pour le d\u00e9lestage de l&#8217;eau de ballast avant d&#8217;entrer dans le cours du Saint-Laurent et par le financement, la supervision et l&#8217;application de ces protocoles.<\/li>\n<li>Le renforcement de l&#8217;Accord relatif \u00e0 la qualit\u00e9 de l&#8217;eau dans les Grands Lacs pour s&#8217;assurer qu&#8217;il couvre des questions \u00e9mergentes comme les perturbateurs endocriniens ou les substances pharmaceutiques.<\/li>\n<\/ol>\n<ul>\n<li>Soutiendront le mouvement international pour le droit d&#8217;acc\u00e8s \u00e0 l&#8217;eau en \u00e9tablissant un droit fondamental d&#8217;acc\u00e8s \u00e0 l&#8217;eau (en qualit\u00e9 et en quantit\u00e9) ayant force de loi, \u00e0 l&#8217;\u00e9chelle nationale, pour toutes les Canadiennes et tous les Canadiens.<\/li>\n<li>Augmenteront l&#8217;aide du gouvernement canadien \u00e0 la fourniture des besoins de base en eau et en hygi\u00e8ne, conform\u00e9ment aux Objectifs du mill\u00e9naire pour le d\u00e9veloppement.<\/li>\n<li>Pourvoiront aux besoins de renforcement de nos ressources scientifiques sp\u00e9cialis\u00e9es dans le domaine de l&#8217;eau en exigeant du gouvernement :\n<ul>\n<li>\n<p lang=\"en-US\">Un renforcement du financement destin\u00e9 au recueil de donn\u00e9es et aux syst\u00e8mes d&#8217;information int\u00e9gr\u00e9s sur la consommation d&#8217;eau, la qualit\u00e9 de l&#8217;eau et les quantit\u00e9s d\u2019eau disponibles.<\/p>\n<\/li>\n<li>\n<p lang=\"en-US\">Une ad\u00e9quation entre les d\u00e9penses de recherche en sciences naturelles et sociales et les objectifs des politiques de l&#8217;eau, afin de s&#8217;assurer que nos \u00e9tablissements d&#8217;enseignement sup\u00e9rieur cr\u00e9ent les connaissances n\u00e9cessaires \u00e0 la gestion de l&#8217;eau au 21e si\u00e8cle, en l&#8217;occurrence les questions \u00e9mergentes telles que les perturbateurs endocriniens, les produits pharmaceutiques, les substances toxiques, les d\u00e9bits r\u00e9siduels, les rendements d&#8217;eau terrestre durables et l&#8217;adaptation aux changements climatiques.<\/p>\n<\/li>\n<\/ul>\n<\/li>\n<\/ul>\n<\/div>\n<p><\/p>","protected":false},"excerpt":{"rendered":"<p>L&#8217;eau douce est la source de toute forme de vie sur la Terre. La protection et la conservation de l&#8217;eau douce sont des enjeux politiques majeurs du 21e&hellip;<\/p>\n","protected":false},"author":3,"featured_media":0,"comment_status":"open","ping_status":"open","sticky":false,"template":"","format":"standard","meta":{"_acf_changed":false,"_price":"","_stock":"","_tribe_ticket_header":"","_tribe_default_ticket_provider":"","_tribe_ticket_capacity":"","_ticket_start_date":"","_ticket_end_date":"","_tribe_ticket_show_description":"","_tribe_ticket_show_not_going":false,"_tribe_ticket_use_global_stock":"","_tribe_ticket_global_stock_level":"","_global_stock_mode":"","_global_stock_cap":"","_tribe_rsvp_for_event":"","_tribe_ticket_going_count":"","_tribe_ticket_not_going_count":"","_tribe_tickets_list":"[]","_tribe_ticket_has_attendee_info_fields":false,"footnotes":""},"categories":[158],"tags":[],"class_list":["post-1298","post","type-post","status-publish","format-standard","hentry","category-vision-green"],"acf":[],"yoast_head":"<!-- This site is optimized with the Yoast SEO plugin v27.4 - https:\/\/yoast.com\/product\/yoast-seo-wordpress\/ -->\n<title>3.2 La protection et la conservation de l&#039;eau | Elizabeth May<\/title>\n<meta name=\"robots\" content=\"index, follow, max-snippet:-1, max-image-preview:large, max-video-preview:-1\" \/>\n<link rel=\"canonical\" href=\"https:\/\/elizabethmaymp.ca\/fr\/3-2-water-protection-and-conservation\/\" \/>\n<meta property=\"og:locale\" content=\"en_US\" \/>\n<meta property=\"og:type\" content=\"article\" \/>\n<meta property=\"og:title\" content=\"3.2 La protection et la conservation de l&#039;eau | Elizabeth May\" \/>\n<meta property=\"og:description\" content=\"L&#8217;eau douce est la source de toute forme de vie sur la Terre. La protection et la conservation de l&#8217;eau douce sont des enjeux politiques majeurs du 21e&hellip;\" \/>\n<meta property=\"og:url\" content=\"https:\/\/elizabethmaymp.ca\/fr\/3-2-water-protection-and-conservation\/\" \/>\n<meta property=\"og:site_name\" content=\"Elizabeth May\" \/>\n<meta property=\"article:publisher\" content=\"https:\/\/www.facebook.com\/ElizabethMayMP\" \/>\n<meta property=\"article:published_time\" content=\"2011-11-29T17:32:14+00:00\" \/>\n<meta property=\"article:modified_time\" content=\"2015-04-10T20:53:32+00:00\" \/>\n<meta property=\"og:image\" content=\"https:\/\/elizabethmaymp.ca\/wp-content\/uploads\/cropped-elizabethmay-button.png\" \/>\n\t<meta property=\"og:image:width\" content=\"512\" \/>\n\t<meta property=\"og:image:height\" content=\"512\" \/>\n\t<meta property=\"og:image:type\" content=\"image\/png\" \/>\n<meta name=\"author\" content=\"Craig Cantin\" \/>\n<meta name=\"twitter:card\" content=\"summary_large_image\" \/>\n<meta name=\"twitter:creator\" content=\"@elizabethmay\" \/>\n<meta name=\"twitter:site\" content=\"@elizabethmay\" \/>\n<meta name=\"twitter:label1\" content=\"Written by\" \/>\n\t<meta name=\"twitter:data1\" content=\"Craig Cantin\" \/>\n\t<meta name=\"twitter:label2\" content=\"Est. reading time\" \/>\n\t<meta name=\"twitter:data2\" content=\"18 minutes\" \/>\n<script type=\"application\/ld+json\" class=\"yoast-schema-graph\">{\"@context\":\"https:\\\/\\\/schema.org\",\"@graph\":[{\"@type\":\"Article\",\"@id\":\"https:\\\/\\\/elizabethmaymp.ca\\\/fr\\\/3-2-water-protection-and-conservation\\\/#article\",\"isPartOf\":{\"@id\":\"https:\\\/\\\/elizabethmaymp.ca\\\/fr\\\/3-2-water-protection-and-conservation\\\/\"},\"author\":{\"name\":\"Craig Cantin\",\"@id\":\"https:\\\/\\\/elizabethmaymp.ca\\\/#\\\/schema\\\/person\\\/d3f03a762a6bc9b615b1cc303ebf0c1f\"},\"headline\":\"3.2 La protection et la conservation de l&#8217;eau\",\"datePublished\":\"2011-11-29T17:32:14+00:00\",\"dateModified\":\"2015-04-10T20:53:32+00:00\",\"mainEntityOfPage\":{\"@id\":\"https:\\\/\\\/elizabethmaymp.ca\\\/fr\\\/3-2-water-protection-and-conservation\\\/\"},\"wordCount\":3801,\"commentCount\":2,\"publisher\":{\"@id\":\"https:\\\/\\\/elizabethmaymp.ca\\\/#organization\"},\"articleSection\":[\"Vision Green\"],\"inLanguage\":\"en-US\"},{\"@type\":\"WebPage\",\"@id\":\"https:\\\/\\\/elizabethmaymp.ca\\\/fr\\\/3-2-water-protection-and-conservation\\\/\",\"url\":\"https:\\\/\\\/elizabethmaymp.ca\\\/fr\\\/3-2-water-protection-and-conservation\\\/\",\"name\":\"3.2 Water protection and conservation3.2 La protection et la conservation de l'eau | Elizabeth May\",\"isPartOf\":{\"@id\":\"https:\\\/\\\/elizabethmaymp.ca\\\/fr\\\/#website\"},\"datePublished\":\"2011-11-29T17:32:14+00:00\",\"dateModified\":\"2015-04-10T20:53:32+00:00\",\"breadcrumb\":{\"@id\":\"https:\\\/\\\/elizabethmaymp.ca\\\/fr\\\/3-2-water-protection-and-conservation\\\/#breadcrumb\"},\"inLanguage\":\"en-US\",\"potentialAction\":[{\"@type\":\"ReadAction\",\"target\":[[\"https:\\\/\\\/elizabethmaymp.ca\\\/fr\\\/3-2-water-protection-and-conservation\\\/\"]]}]},{\"@type\":\"BreadcrumbList\",\"@id\":\"https:\\\/\\\/elizabethmaymp.ca\\\/fr\\\/3-2-water-protection-and-conservation\\\/#breadcrumb\",\"itemListElement\":[{\"@type\":\"ListItem\",\"position\":1,\"name\":\"Home\",\"item\":\"https:\\\/\\\/elizabethmaymp.ca\\\/fr\\\/\"},{\"@type\":\"ListItem\",\"position\":2,\"name\":\"3.2 La protection et la conservation de l&#8217;eau\"}]},{\"@type\":\"WebSite\",\"@id\":\"https:\\\/\\\/elizabethmaymp.ca\\\/fr\\\/#website\",\"url\":\"https:\\\/\\\/elizabethmaymp.ca\\\/fr\\\/\",\"name\":\"Elizabeth May\",\"description\":\"MP for Saanich and Gulf Islands\",\"publisher\":{\"@id\":\"https:\\\/\\\/elizabethmaymp.ca\\\/fr\\\/#organization\"},\"potentialAction\":[{\"@type\":\"SearchAction\",\"target\":{\"@type\":\"EntryPoint\",\"urlTemplate\":\"https:\\\/\\\/elizabethmaymp.ca\\\/fr\\\/?s={search_term_string}\"},\"query-input\":{\"@type\":\"PropertyValueSpecification\",\"valueRequired\":true,\"valueName\":\"search_term_string\"}}],\"inLanguage\":\"en-US\"},{\"@type\":\"Organization\",\"@id\":\"https:\\\/\\\/elizabethmaymp.ca\\\/fr\\\/#organization\",\"name\":\"Elizabeth May MP\",\"url\":\"https:\\\/\\\/elizabethmaymp.ca\\\/fr\\\/\",\"logo\":{\"@type\":\"ImageObject\",\"inLanguage\":\"en-US\",\"@id\":\"https:\\\/\\\/elizabethmaymp.ca\\\/fr\\\/#\\\/schema\\\/logo\\\/image\\\/\",\"url\":\"https:\\\/\\\/elizabethmaymp.ca\\\/wp-content\\\/uploads\\\/elizabethmay-button.png\",\"contentUrl\":\"https:\\\/\\\/elizabethmaymp.ca\\\/wp-content\\\/uploads\\\/elizabethmay-button.png\",\"width\":1501,\"height\":1501,\"caption\":\"Elizabeth May MP\"},\"image\":{\"@id\":\"https:\\\/\\\/elizabethmaymp.ca\\\/fr\\\/#\\\/schema\\\/logo\\\/image\\\/\"},\"sameAs\":[\"https:\\\/\\\/www.facebook.com\\\/ElizabethMayMP\",\"https:\\\/\\\/x.com\\\/elizabethmay\"]},{\"@type\":\"Person\",\"@id\":\"https:\\\/\\\/elizabethmaymp.ca\\\/#\\\/schema\\\/person\\\/d3f03a762a6bc9b615b1cc303ebf0c1f\",\"name\":\"Craig Cantin\",\"image\":{\"@type\":\"ImageObject\",\"inLanguage\":\"en-US\",\"@id\":\"https:\\\/\\\/secure.gravatar.com\\\/avatar\\\/4c95358098caf4f50815f5fc942d6d14142d8b46ece2b18c21ac1fb7d38545a4?s=96&d=mm&r=g\",\"url\":\"https:\\\/\\\/secure.gravatar.com\\\/avatar\\\/4c95358098caf4f50815f5fc942d6d14142d8b46ece2b18c21ac1fb7d38545a4?s=96&d=mm&r=g\",\"contentUrl\":\"https:\\\/\\\/secure.gravatar.com\\\/avatar\\\/4c95358098caf4f50815f5fc942d6d14142d8b46ece2b18c21ac1fb7d38545a4?s=96&d=mm&r=g\",\"caption\":\"Craig Cantin\"},\"url\":\"https:\\\/\\\/elizabethmaymp.ca\\\/fr\\\/author\\\/craig-c\\\/\"}]}<\/script>\n<!-- \/ Yoast SEO plugin. -->","yoast_head_json":{"title":"3.2 La protection et la conservation de l'eau | Elizabeth May","robots":{"index":"index","follow":"follow","max-snippet":"max-snippet:-1","max-image-preview":"max-image-preview:large","max-video-preview":"max-video-preview:-1"},"canonical":"https:\/\/elizabethmaymp.ca\/fr\/3-2-water-protection-and-conservation\/","og_locale":"en_US","og_type":"article","og_title":"3.2 La protection et la conservation de l'eau | Elizabeth May","og_description":"L&#8217;eau douce est la source de toute forme de vie sur la Terre. La protection et la conservation de l&#8217;eau douce sont des enjeux politiques majeurs du 21e&hellip;","og_url":"https:\/\/elizabethmaymp.ca\/fr\/3-2-water-protection-and-conservation\/","og_site_name":"Elizabeth May","article_publisher":"https:\/\/www.facebook.com\/ElizabethMayMP","article_published_time":"2011-11-29T17:32:14+00:00","article_modified_time":"2015-04-10T20:53:32+00:00","og_image":[{"width":512,"height":512,"url":"https:\/\/elizabethmaymp.ca\/wp-content\/uploads\/cropped-elizabethmay-button.png","type":"image\/png"}],"author":"Craig Cantin","twitter_card":"summary_large_image","twitter_creator":"@elizabethmay","twitter_site":"@elizabethmay","twitter_misc":{"Written by":"Craig Cantin","Est. reading time":"18 minutes"},"schema":{"@context":"https:\/\/schema.org","@graph":[{"@type":"Article","@id":"https:\/\/elizabethmaymp.ca\/fr\/3-2-water-protection-and-conservation\/#article","isPartOf":{"@id":"https:\/\/elizabethmaymp.ca\/fr\/3-2-water-protection-and-conservation\/"},"author":{"name":"Craig Cantin","@id":"https:\/\/elizabethmaymp.ca\/#\/schema\/person\/d3f03a762a6bc9b615b1cc303ebf0c1f"},"headline":"3.2 La protection et la conservation de l&#8217;eau","datePublished":"2011-11-29T17:32:14+00:00","dateModified":"2015-04-10T20:53:32+00:00","mainEntityOfPage":{"@id":"https:\/\/elizabethmaymp.ca\/fr\/3-2-water-protection-and-conservation\/"},"wordCount":3801,"commentCount":2,"publisher":{"@id":"https:\/\/elizabethmaymp.ca\/#organization"},"articleSection":["Vision Green"],"inLanguage":"en-US"},{"@type":"WebPage","@id":"https:\/\/elizabethmaymp.ca\/fr\/3-2-water-protection-and-conservation\/","url":"https:\/\/elizabethmaymp.ca\/fr\/3-2-water-protection-and-conservation\/","name":"3.2 Water protection and conservation3.2 La protection et la conservation de l'eau | Elizabeth May","isPartOf":{"@id":"https:\/\/elizabethmaymp.ca\/fr\/#website"},"datePublished":"2011-11-29T17:32:14+00:00","dateModified":"2015-04-10T20:53:32+00:00","breadcrumb":{"@id":"https:\/\/elizabethmaymp.ca\/fr\/3-2-water-protection-and-conservation\/#breadcrumb"},"inLanguage":"en-US","potentialAction":[{"@type":"ReadAction","target":[["https:\/\/elizabethmaymp.ca\/fr\/3-2-water-protection-and-conservation\/"]]}]},{"@type":"BreadcrumbList","@id":"https:\/\/elizabethmaymp.ca\/fr\/3-2-water-protection-and-conservation\/#breadcrumb","itemListElement":[{"@type":"ListItem","position":1,"name":"Home","item":"https:\/\/elizabethmaymp.ca\/fr\/"},{"@type":"ListItem","position":2,"name":"3.2 La protection et la conservation de l&#8217;eau"}]},{"@type":"WebSite","@id":"https:\/\/elizabethmaymp.ca\/fr\/#website","url":"https:\/\/elizabethmaymp.ca\/fr\/","name":"Elizabeth May","description":"MP for Saanich and Gulf Islands","publisher":{"@id":"https:\/\/elizabethmaymp.ca\/fr\/#organization"},"potentialAction":[{"@type":"SearchAction","target":{"@type":"EntryPoint","urlTemplate":"https:\/\/elizabethmaymp.ca\/fr\/?s={search_term_string}"},"query-input":{"@type":"PropertyValueSpecification","valueRequired":true,"valueName":"search_term_string"}}],"inLanguage":"en-US"},{"@type":"Organization","@id":"https:\/\/elizabethmaymp.ca\/fr\/#organization","name":"Elizabeth May MP","url":"https:\/\/elizabethmaymp.ca\/fr\/","logo":{"@type":"ImageObject","inLanguage":"en-US","@id":"https:\/\/elizabethmaymp.ca\/fr\/#\/schema\/logo\/image\/","url":"https:\/\/elizabethmaymp.ca\/wp-content\/uploads\/elizabethmay-button.png","contentUrl":"https:\/\/elizabethmaymp.ca\/wp-content\/uploads\/elizabethmay-button.png","width":1501,"height":1501,"caption":"Elizabeth May MP"},"image":{"@id":"https:\/\/elizabethmaymp.ca\/fr\/#\/schema\/logo\/image\/"},"sameAs":["https:\/\/www.facebook.com\/ElizabethMayMP","https:\/\/x.com\/elizabethmay"]},{"@type":"Person","@id":"https:\/\/elizabethmaymp.ca\/#\/schema\/person\/d3f03a762a6bc9b615b1cc303ebf0c1f","name":"Craig Cantin","image":{"@type":"ImageObject","inLanguage":"en-US","@id":"https:\/\/secure.gravatar.com\/avatar\/4c95358098caf4f50815f5fc942d6d14142d8b46ece2b18c21ac1fb7d38545a4?s=96&d=mm&r=g","url":"https:\/\/secure.gravatar.com\/avatar\/4c95358098caf4f50815f5fc942d6d14142d8b46ece2b18c21ac1fb7d38545a4?s=96&d=mm&r=g","contentUrl":"https:\/\/secure.gravatar.com\/avatar\/4c95358098caf4f50815f5fc942d6d14142d8b46ece2b18c21ac1fb7d38545a4?s=96&d=mm&r=g","caption":"Craig Cantin"},"url":"https:\/\/elizabethmaymp.ca\/fr\/author\/craig-c\/"}]}},"_links":{"self":[{"href":"https:\/\/elizabethmaymp.ca\/fr\/wp-json\/wp\/v2\/posts\/1298","targetHints":{"allow":["GET"]}}],"collection":[{"href":"https:\/\/elizabethmaymp.ca\/fr\/wp-json\/wp\/v2\/posts"}],"about":[{"href":"https:\/\/elizabethmaymp.ca\/fr\/wp-json\/wp\/v2\/types\/post"}],"author":[{"embeddable":true,"href":"https:\/\/elizabethmaymp.ca\/fr\/wp-json\/wp\/v2\/users\/3"}],"replies":[{"embeddable":true,"href":"https:\/\/elizabethmaymp.ca\/fr\/wp-json\/wp\/v2\/comments?post=1298"}],"version-history":[{"count":5,"href":"https:\/\/elizabethmaymp.ca\/fr\/wp-json\/wp\/v2\/posts\/1298\/revisions"}],"predecessor-version":[{"id":15311,"href":"https:\/\/elizabethmaymp.ca\/fr\/wp-json\/wp\/v2\/posts\/1298\/revisions\/15311"}],"wp:attachment":[{"href":"https:\/\/elizabethmaymp.ca\/fr\/wp-json\/wp\/v2\/media?parent=1298"}],"wp:term":[{"taxonomy":"category","embeddable":true,"href":"https:\/\/elizabethmaymp.ca\/fr\/wp-json\/wp\/v2\/categories?post=1298"},{"taxonomy":"post_tag","embeddable":true,"href":"https:\/\/elizabethmaymp.ca\/fr\/wp-json\/wp\/v2\/tags?post=1298"}],"curies":[{"name":"wp","href":"https:\/\/api.w.org\/{rel}","templated":true}]}}