{"id":13057,"date":"2013-11-06T13:16:09","date_gmt":"2013-11-06T18:16:09","guid":{"rendered":"http:\/\/elizabethmaymp.ca?p=13057"},"modified":"2014-09-25T11:35:01","modified_gmt":"2014-09-25T15:35:01","slug":"adjournment-proceedings-the-environment-5","status":"publish","type":"post","link":"https:\/\/elizabethmaymp.ca\/fr\/adjournment-proceedings-the-environment-5\/","title":{"rendered":"Motion d&#8217;ajournement \u2013 l&#8217;environnement"},"content":{"rendered":"<p><b>Elizabeth May : <\/b>Monsieur le Pr\u00e9sident, j&#8217;aimerais commencer le d\u00e9bat d&#8217;ajournement de ce soir un peu diff\u00e9remment. Je jette un coup d&#8217;oeil de l&#8217;autre c\u00f4t\u00e9 de la salle et je constate que, lorsque mes quatre minutes seront \u00e9coul\u00e9es \u2014 je reviendrai sur la question que j&#8217;ai pos\u00e9e lundi \u00e0 propos des n\u00e9gociations entourant les changements climatiques qui auront lieu bient\u00f4t \u00e0 Varsovie \u2014, ce sera le d\u00e9put\u00e9 d&#8217;Oshawa qui interviendra. Je souhaite le f\u00e9liciter de sa r\u00e9cente nomination \u00e0 titre de secr\u00e9taire parlementaire de la ministre de l&#8217;Environnement. J&#8217;ai eu \u00e9norm\u00e9ment de plaisir \u00e0 travailler avec lui lorsqu&#8217;il \u00e9tait secr\u00e9taire parlementaire de la ministre de la Sant\u00e9.<\/p>\n<p>La question qui nous occupe est de la plus haute importance. Il ne sert \u00e0 rien de la minimiser. Ce soir, nous parlons de la plus grande menace \u00e0 notre avenir et \u00e0 un monde vivable pour nos enfants.<\/p>\n<p>Le lundi 11 novembre, \u00e0 Varsovie, en Pologne, les parties de la Convention-cadre des Nations Unies sur les changements climatiques se rencontreront pour la 19e fois dans le but de faire progresser le dossier. Personne ne peut pr\u00e9tendre \u00e0 ce stade-ci que nous avons ne serait-ce qu&#8217;effleur\u00e9 la gravit\u00e9 de la crise, qui prend de l&#8217;ampleur d&#8217;ann\u00e9e en ann\u00e9e.<\/p>\n<p>Le Canada a d\u00e9j\u00e0 \u00e9t\u00e9 l&#8217;une des nations de la communaut\u00e9 internationale qui participait \u00e0 l&#8217;avancement des travaux dans ce genre de n\u00e9gociations. Notre contribution \u00e9tait tr\u00e8s importante \u00e0 la fin des ann\u00e9es 1980 et au d\u00e9but des ann\u00e9es 1990. En 1992, le Canada a \u00e9t\u00e9 le premier pays industrialis\u00e9, le premier pays du monde en fait, \u00e0 signer et \u00e0 ratifier la convention qui continue de rassembler nombre de pays du monde, comme nous le verrons la semaine prochaine \u00e0 Varsovie.<\/p>\n<p>Les conseils de la communaut\u00e9 scientifique ont \u00e9t\u00e9 largement ignor\u00e9s partout dans le monde. Pourtant, les pays qui se sont efforc\u00e9s d&#8217;atteindre leurs cibles les ont atteintes pour la plus large part. Je pense \u00e0 l&#8217;Union europ\u00e9enne, qui a atteint en grande partie ses objectifs de Kyoto.<\/p>\n<p>D&#8217;apr\u00e8s les scientifiques, nous sommes dangereusement pr\u00e8s de ce que l&#8217;on ne peut que qualifier de \u00ab point de non-retour \u00bb. Il s&#8217;agit du point o\u00f9 les gaz \u00e0 effet de serre s&#8217;accumulent \u00e0 un niveau tel dans l&#8217;atmosph\u00e8re que les \u00eatres humains et la civilisation seront incapables d&#8217;emp\u00eacher ce que les scientifiques nomment le \u00ab r\u00e9chauffement plan\u00e9taire effr\u00e9n\u00e9 \u00bb, une situation o\u00f9 la plan\u00e8te cr\u00e9era d&#8217;elle-m\u00eame de nouvelles sources de chaleur, entra\u00eenant ainsi une r\u00e9action en boucle.<\/p>\n<p>J&#8217;informe la ministre de l\u2019Environnement que, lundi, j&#8217;assisterai aux n\u00e9gociations de la CdP-19 en Pologne. \u00c0 ma connaissance, je suis la seule d\u00e9put\u00e9e qui sera pr\u00e9sente l\u00e0-bas, \u00e0 l&#8217;exception de la ministre de l\u2019Environnement. Le Canada n&#8217;a certainement plus l&#8217;habitude d&#8217;inviter les d\u00e9put\u00e9s de l&#8217;opposition \u00e0 faire partie des d\u00e9l\u00e9gations gouvernementales. Toutefois, c&#8217;est un petit probl\u00e8me par rapport \u00e0 la menace qui plane sur nous.<\/p>\n<p>Le premier ministre canadien a particip\u00e9 \u00e0 la 15e session de la Conf\u00e9rence des Parties, qui a eu lieu \u00e0 Copenhague, en 2009, et il a adopt\u00e9 des cibles extr\u00eamement faibles. Je pense qu&#8217;il faut souligner que, dans leur ensemble, les cibles adopt\u00e9es dans le cadre de l&#8217;accord de Copenhague ne sont pas suffisantes pour \u00e9viter un r\u00e9chauffement plan\u00e9taire de deux degr\u00e9s par rapport aux temp\u00e9ratures qui existaient avant la r\u00e9volution industrielle, un objectif pourtant pr\u00e9vu dans l&#8217;accord.<\/p>\n<p>Cela signifie que le Canada doit r\u00e9duire ses \u00e9missions \u00e0 607 m\u00e9gatonnes d&#8217;ici 2020. D&#8217;apr\u00e8s le rapport le plus r\u00e9cent d&#8217;Environnement Canada, nous sommes plus \u00e9loign\u00e9s de cette cible en 2013 que nous l&#8217;\u00e9tions en 2012 et, au lieu de 607 m\u00e9gatonnes, nos \u00e9missions seront de 734 m\u00e9gatonnes. Cela repr\u00e9sente un \u00e9chec lamentable sur le plan du leadership et des programmes et montre que la soi-disant approche sectorielle pr\u00e9conis\u00e9e par le gouvernement ne fonctionne pas du tout.<\/p>\n<p>\u00c0 Copenhague, le premier ministre s&#8217;\u00e9tait \u00e9galement engag\u00e9 \u00e0 contribuer au financement d&#8217;un fonds de 100 milliards de dollars par ann\u00e9e visant \u00e0 fournir de l&#8217;aide en mati\u00e8re de changements climatiques aux pays en d\u00e9veloppement pour qu&#8217;ils puissent r\u00e9duire leurs \u00e9missions et s&#8217;adapter.<\/p>\n<p>Tout comme moi, la plan\u00e8te n&#8217;a plus beaucoup de temps. Est-ce que le gouvernement et le premier ministre respecteront leur promesse de r\u00e9duire les \u00e9missions de gaz \u00e0 effet de serre et d&#8217;aider les pays en d\u00e9veloppement?<\/p>\n<p><b>Colin Carrie : <\/b>Monsieur le Pr\u00e9sident, je remercie la chef du Parti vert de ses paroles aimables. Je me r\u00e9jouis \u00e0 l&#8217;id\u00e9e de travailler avec elle.<\/p>\n<p>Je veux qu&#8217;elle sache que le gouvernement tient \u00e0 atteindre les objectifs du Canada et que notre bilan est \u00e9loquent. Nous continuerons \u00e0 agir selon l&#8217;approche sectorielle qui a donn\u00e9 des r\u00e9sultats concrets tout en favorisant la croissance \u00e9conomique.<\/p>\n<p>Nous avons entrepris de nous attaquer syst\u00e9matiquement aux principales sources d&#8217;\u00e9missions de gaz \u00e0 effet de serre. Jusqu&#8217;ici, le gouvernement a contribu\u00e9 \u00e0 r\u00e9duire les \u00e9missions du Canada gr\u00e2ce \u00e0 une r\u00e9glementation stricte visant les secteurs du transport et de l&#8217;\u00e9lectricit\u00e9, deux des principales sources d&#8217;\u00e9missions au Canada.<\/p>\n<p>Je vais prendre un instant pour souligner quelques-unes de nos belles r\u00e9alisations.<\/p>\n<p>Premi\u00e8rement, le Canada a renforc\u00e9 sa position de chef de file mondial en mati\u00e8re de production d&#8217;\u00e9nergie propre en devenant le premier grand consommateur de charbon \u00e0 interdire la construction de centrales thermiques traditionnelles aliment\u00e9es au charbon.<\/p>\n<p>Deuxi\u00e8mement, je viens d&#8217;Oshawa et je suis fier de signaler que les voitures de tourisme et les camions l\u00e9gers de 2025 \u00e9mettront environ deux fois moins de gaz \u00e0 effet de serre que les v\u00e9hicules de 2008.<\/p>\n<p>Troisi\u00e8mement, les v\u00e9hicules lourds de 2018 \u00e9mettront moins de gaz \u00e0 effet de serre que ceux de maintenant, dans une proportion de l&#8217;ordre de 23 %.<\/p>\n<p>Je r\u00e9p\u00e8te: l&#8217;ensemble des mesures du gouvernement portent fruit, et gr\u00e2ce \u00e0 ces mesures, les \u00e9missions de carbone diminueront de pr\u00e8s de 130 m\u00e9gatonnes comparativement \u00e0 ce qu&#8217;elles \u00e9taient sous les lib\u00e9raux.<\/p>\n<p>C&#8217;est une r\u00e9duction qui \u00e9quivaut \u00e0 l&#8217;\u00e9limination de 37 centrales \u00e9lectriques aliment\u00e9es au charbon. Nous atteignons cet objectif sans la taxe sur le carbone du NPD qui, comme le savent les d\u00e9put\u00e9s, ferait grimper tous les prix \u00e0 la consommation.<\/p>\n<p>De 2005 \u00e0 2011, les \u00e9missions de gaz \u00e0 effet de serre ont diminu\u00e9 de 4,8 %. C&#8217;est consid\u00e9rable: les \u00e9missions ont diminu\u00e9 de 4,8 % alors que l&#8217;\u00e9conomie a cr\u00fb de 8,4 %, et le taux d&#8217;\u00e9missions par habitant n&#8217;a jamais \u00e9t\u00e9 aussi bas.<\/p>\n<p>En plus de faire notre part avec les Nations Unies, nous participons activement \u00e0 des forums comme le Conseil de l&#8217;Arctique, le Protocole de Montr\u00e9al et la Coalition pour le climat et l&#8217;air pur afin d&#8217;\u00e9laborer des initiatives pratiques et communes visant la r\u00e9duction des \u00e9missions de gaz \u00e0 effet de serre et des polluants de courte dur\u00e9e.<\/p>\n<p>En r\u00e9ponse \u00e0 la deuxi\u00e8me partie de la question de la d\u00e9put\u00e9e, je lui fais remarquer que le Canada a pris de robustes engagements internationaux venant appuyer les efforts d&#8217;att\u00e9nuation et d&#8217;adaptation des pays en d\u00e9veloppement. Le gouvernement conservateur, en partenariat avec d&#8217;autres pays d\u00e9velopp\u00e9s, a enti\u00e8rement tenu sa premi\u00e8re promesse de financement acc\u00e9l\u00e9r\u00e9, dans le cadre duquel 30 milliards de dollars ont \u00e9t\u00e9 accord\u00e9s sur une p\u00e9riode de trois ans, de 2010 \u00e0 2012. En fait, nous avons contribu\u00e9 33 milliards de dollars, allant au-del\u00e0 de ce que nous avions promis.<\/p>\n<p>Comme vous pouvez le constater, les chiffres sont \u00e9loquents. Le gouvernement a fait la promesse la plus ambitieuse de contribuer aux efforts internationaux de lutte contre les changements climatiques, contribution qui vient appuyer les efforts d&#8217;att\u00e9nuation et d&#8217;adaptation dans plus de 60 pays en d\u00e9veloppement.<\/p>\n<p>Nous demeurons d\u00e9termin\u00e9s \u00e0 travailler avec d&#8217;autres pays dans la lutte contre les changements climatiques.<\/p>\n<p>&nbsp;<\/p>","protected":false},"excerpt":{"rendered":"<p>Elizabeth May : Monsieur le Pr\u00e9sident, j&#8217;aimerais commencer le d\u00e9bat d&#8217;ajournement de ce soir un peu diff\u00e9remment. Je jette un coup d&#8217;oeil de l&#8217;autre c\u00f4t\u00e9 de la salle&hellip;<\/p>\n","protected":false},"author":1376,"featured_media":0,"comment_status":"open","ping_status":"open","sticky":false,"template":"","format":"standard","meta":{"_acf_changed":false,"_price":"","_stock":"","_tribe_ticket_header":"","_tribe_default_ticket_provider":"","_tribe_ticket_capacity":"","_ticket_start_date":"","_ticket_end_date":"","_tribe_ticket_show_description":"","_tribe_ticket_show_not_going":false,"_tribe_ticket_use_global_stock":"","_tribe_ticket_global_stock_level":"","_global_stock_mode":"","_global_stock_cap":"","_tribe_rsvp_for_event":"","_tribe_ticket_going_count":"","_tribe_ticket_not_going_count":"","_tribe_tickets_list":"[]","_tribe_ticket_has_attendee_info_fields":false,"footnotes":""},"categories":[1881],"tags":[2547,2237,32,488],"class_list":["post-13057","post","type-post","status-publish","format-standard","hentry","category-adjournment-proceedings","tag-adjournment-proceedings","tag-colin-carrie","tag-environment","tag-greenhouse-gases"],"acf":[],"yoast_head":"<!-- This site is optimized with the Yoast SEO plugin v27.5 - https:\/\/yoast.com\/product\/yoast-seo-wordpress\/ -->\n<title>Motion d&#039;ajournement \u2013 l&#039;environnement | Elizabeth May<\/title>\n<meta name=\"robots\" content=\"index, follow, max-snippet:-1, max-image-preview:large, max-video-preview:-1\" \/>\n<link rel=\"canonical\" href=\"https:\/\/elizabethmaymp.ca\/fr\/adjournment-proceedings-the-environment-5\/\" \/>\n<meta property=\"og:locale\" content=\"en_US\" \/>\n<meta property=\"og:type\" content=\"article\" \/>\n<meta property=\"og:title\" content=\"Motion d&#039;ajournement \u2013 l&#039;environnement | Elizabeth May\" \/>\n<meta property=\"og:description\" content=\"Elizabeth May : Monsieur le Pr\u00e9sident, j&#8217;aimerais commencer le d\u00e9bat d&#8217;ajournement de ce soir un peu diff\u00e9remment. Je jette un coup d&#8217;oeil de l&#8217;autre c\u00f4t\u00e9 de la salle&hellip;\" \/>\n<meta property=\"og:url\" content=\"https:\/\/elizabethmaymp.ca\/fr\/adjournment-proceedings-the-environment-5\/\" \/>\n<meta property=\"og:site_name\" content=\"Elizabeth May\" \/>\n<meta property=\"article:publisher\" content=\"https:\/\/www.facebook.com\/ElizabethMayMP\" \/>\n<meta property=\"article:published_time\" content=\"2013-11-06T18:16:09+00:00\" \/>\n<meta property=\"article:modified_time\" content=\"2014-09-25T15:35:01+00:00\" \/>\n<meta property=\"og:image\" content=\"https:\/\/elizabethmaymp.ca\/wp-content\/uploads\/cropped-elizabethmay-button.png\" \/>\n\t<meta property=\"og:image:width\" content=\"512\" \/>\n\t<meta property=\"og:image:height\" content=\"512\" \/>\n\t<meta property=\"og:image:type\" content=\"image\/png\" \/>\n<meta name=\"author\" content=\"Matt Lakatos-Hayward\" \/>\n<meta name=\"twitter:card\" content=\"summary_large_image\" \/>\n<meta name=\"twitter:creator\" content=\"@elizabethmay\" \/>\n<meta name=\"twitter:site\" content=\"@elizabethmay\" \/>\n<meta name=\"twitter:label1\" content=\"Written by\" \/>\n\t<meta name=\"twitter:data1\" content=\"Matt Lakatos-Hayward\" \/>\n\t<meta name=\"twitter:label2\" content=\"Est. reading time\" \/>\n\t<meta name=\"twitter:data2\" content=\"12 minutes\" \/>\n<script type=\"application\/ld+json\" class=\"yoast-schema-graph\">{\"@context\":\"https:\\\/\\\/schema.org\",\"@graph\":[{\"@type\":\"Article\",\"@id\":\"https:\\\/\\\/elizabethmaymp.ca\\\/adjournment-proceedings-the-environment-5\\\/#article\",\"isPartOf\":{\"@id\":\"https:\\\/\\\/elizabethmaymp.ca\\\/adjournment-proceedings-the-environment-5\\\/\"},\"author\":{\"name\":\"Matt Lakatos-Hayward\",\"@id\":\"https:\\\/\\\/elizabethmaymp.ca\\\/#\\\/schema\\\/person\\\/88b2632df464b5617cd271b91f2a0044\"},\"headline\":\"Motion d&#8217;ajournement \u2013 l&#8217;environnement\",\"datePublished\":\"2013-11-06T18:16:09+00:00\",\"dateModified\":\"2014-09-25T15:35:01+00:00\",\"mainEntityOfPage\":{\"@id\":\"https:\\\/\\\/elizabethmaymp.ca\\\/adjournment-proceedings-the-environment-5\\\/\"},\"wordCount\":2499,\"commentCount\":0,\"publisher\":{\"@id\":\"https:\\\/\\\/elizabethmaymp.ca\\\/#organization\"},\"keywords\":[\"D\u00e9bat d'ajournement\",\"Colin Carrie\",\"L'environnement\",\"Greenhouse Gases\"],\"articleSection\":[\"D\u00e9bat d'ajournement\"],\"inLanguage\":\"en-US\"},{\"@type\":\"WebPage\",\"@id\":\"https:\\\/\\\/elizabethmaymp.ca\\\/fr\\\/adjournment-proceedings-the-environment-5\\\/\",\"url\":\"https:\\\/\\\/elizabethmaymp.ca\\\/fr\\\/adjournment-proceedings-the-environment-5\\\/\",\"name\":\"Adjournment Proceedings \u2013 the EnvironmentMotion d'ajournement \u2013 l'environnement | Elizabeth May\",\"isPartOf\":{\"@id\":\"https:\\\/\\\/elizabethmaymp.ca\\\/fr\\\/#website\"},\"datePublished\":\"2013-11-06T18:16:09+00:00\",\"dateModified\":\"2014-09-25T15:35:01+00:00\",\"breadcrumb\":{\"@id\":\"https:\\\/\\\/elizabethmaymp.ca\\\/fr\\\/adjournment-proceedings-the-environment-5\\\/#breadcrumb\"},\"inLanguage\":\"en-US\",\"potentialAction\":[{\"@type\":\"ReadAction\",\"target\":[[\"https:\\\/\\\/elizabethmaymp.ca\\\/fr\\\/adjournment-proceedings-the-environment-5\\\/\"]]}]},{\"@type\":\"BreadcrumbList\",\"@id\":\"https:\\\/\\\/elizabethmaymp.ca\\\/fr\\\/adjournment-proceedings-the-environment-5\\\/#breadcrumb\",\"itemListElement\":[{\"@type\":\"ListItem\",\"position\":1,\"name\":\"Home\",\"item\":\"https:\\\/\\\/elizabethmaymp.ca\\\/fr\\\/\"},{\"@type\":\"ListItem\",\"position\":2,\"name\":\"Motion d&#8217;ajournement \u2013 l&#8217;environnement\"}]},{\"@type\":\"WebSite\",\"@id\":\"https:\\\/\\\/elizabethmaymp.ca\\\/fr\\\/#website\",\"url\":\"https:\\\/\\\/elizabethmaymp.ca\\\/fr\\\/\",\"name\":\"Elizabeth May\",\"description\":\"MP for Saanich and Gulf Islands\",\"publisher\":{\"@id\":\"https:\\\/\\\/elizabethmaymp.ca\\\/fr\\\/#organization\"},\"potentialAction\":[{\"@type\":\"SearchAction\",\"target\":{\"@type\":\"EntryPoint\",\"urlTemplate\":\"https:\\\/\\\/elizabethmaymp.ca\\\/fr\\\/?s={search_term_string}\"},\"query-input\":{\"@type\":\"PropertyValueSpecification\",\"valueRequired\":true,\"valueName\":\"search_term_string\"}}],\"inLanguage\":\"en-US\"},{\"@type\":\"Organization\",\"@id\":\"https:\\\/\\\/elizabethmaymp.ca\\\/fr\\\/#organization\",\"name\":\"Elizabeth May MP\",\"url\":\"https:\\\/\\\/elizabethmaymp.ca\\\/fr\\\/\",\"logo\":{\"@type\":\"ImageObject\",\"inLanguage\":\"en-US\",\"@id\":\"https:\\\/\\\/elizabethmaymp.ca\\\/fr\\\/#\\\/schema\\\/logo\\\/image\\\/\",\"url\":\"https:\\\/\\\/elizabethmaymp.ca\\\/wp-content\\\/uploads\\\/elizabethmay-button.png\",\"contentUrl\":\"https:\\\/\\\/elizabethmaymp.ca\\\/wp-content\\\/uploads\\\/elizabethmay-button.png\",\"width\":1501,\"height\":1501,\"caption\":\"Elizabeth May MP\"},\"image\":{\"@id\":\"https:\\\/\\\/elizabethmaymp.ca\\\/fr\\\/#\\\/schema\\\/logo\\\/image\\\/\"},\"sameAs\":[\"https:\\\/\\\/www.facebook.com\\\/ElizabethMayMP\",\"https:\\\/\\\/x.com\\\/elizabethmay\"]},{\"@type\":\"Person\",\"@id\":\"https:\\\/\\\/elizabethmaymp.ca\\\/#\\\/schema\\\/person\\\/88b2632df464b5617cd271b91f2a0044\",\"name\":\"Matt Lakatos-Hayward\",\"image\":{\"@type\":\"ImageObject\",\"inLanguage\":\"en-US\",\"@id\":\"https:\\\/\\\/secure.gravatar.com\\\/avatar\\\/7841fa94ac52e6c52aa11d1d3665001fa938a5e0f636589314b7939034e84d47?s=96&d=mm&r=g\",\"url\":\"https:\\\/\\\/secure.gravatar.com\\\/avatar\\\/7841fa94ac52e6c52aa11d1d3665001fa938a5e0f636589314b7939034e84d47?s=96&d=mm&r=g\",\"contentUrl\":\"https:\\\/\\\/secure.gravatar.com\\\/avatar\\\/7841fa94ac52e6c52aa11d1d3665001fa938a5e0f636589314b7939034e84d47?s=96&d=mm&r=g\",\"caption\":\"Matt Lakatos-Hayward\"},\"url\":\"https:\\\/\\\/elizabethmaymp.ca\\\/fr\\\/author\\\/matt-l-h\\\/\"}]}<\/script>\n<!-- \/ Yoast SEO plugin. -->","yoast_head_json":{"title":"Motion d'ajournement \u2013 l'environnement | Elizabeth May","robots":{"index":"index","follow":"follow","max-snippet":"max-snippet:-1","max-image-preview":"max-image-preview:large","max-video-preview":"max-video-preview:-1"},"canonical":"https:\/\/elizabethmaymp.ca\/fr\/adjournment-proceedings-the-environment-5\/","og_locale":"en_US","og_type":"article","og_title":"Motion d'ajournement \u2013 l'environnement | Elizabeth May","og_description":"Elizabeth May : Monsieur le Pr\u00e9sident, j&#8217;aimerais commencer le d\u00e9bat d&#8217;ajournement de ce soir un peu diff\u00e9remment. Je jette un coup d&#8217;oeil de l&#8217;autre c\u00f4t\u00e9 de la salle&hellip;","og_url":"https:\/\/elizabethmaymp.ca\/fr\/adjournment-proceedings-the-environment-5\/","og_site_name":"Elizabeth May","article_publisher":"https:\/\/www.facebook.com\/ElizabethMayMP","article_published_time":"2013-11-06T18:16:09+00:00","article_modified_time":"2014-09-25T15:35:01+00:00","og_image":[{"width":512,"height":512,"url":"https:\/\/elizabethmaymp.ca\/wp-content\/uploads\/cropped-elizabethmay-button.png","type":"image\/png"}],"author":"Matt Lakatos-Hayward","twitter_card":"summary_large_image","twitter_creator":"@elizabethmay","twitter_site":"@elizabethmay","twitter_misc":{"Written by":"Matt Lakatos-Hayward","Est. reading time":"12 minutes"},"schema":{"@context":"https:\/\/schema.org","@graph":[{"@type":"Article","@id":"https:\/\/elizabethmaymp.ca\/adjournment-proceedings-the-environment-5\/#article","isPartOf":{"@id":"https:\/\/elizabethmaymp.ca\/adjournment-proceedings-the-environment-5\/"},"author":{"name":"Matt Lakatos-Hayward","@id":"https:\/\/elizabethmaymp.ca\/#\/schema\/person\/88b2632df464b5617cd271b91f2a0044"},"headline":"Motion d&#8217;ajournement \u2013 l&#8217;environnement","datePublished":"2013-11-06T18:16:09+00:00","dateModified":"2014-09-25T15:35:01+00:00","mainEntityOfPage":{"@id":"https:\/\/elizabethmaymp.ca\/adjournment-proceedings-the-environment-5\/"},"wordCount":2499,"commentCount":0,"publisher":{"@id":"https:\/\/elizabethmaymp.ca\/#organization"},"keywords":["D\u00e9bat d'ajournement","Colin Carrie","L'environnement","Greenhouse Gases"],"articleSection":["D\u00e9bat d'ajournement"],"inLanguage":"en-US"},{"@type":"WebPage","@id":"https:\/\/elizabethmaymp.ca\/fr\/adjournment-proceedings-the-environment-5\/","url":"https:\/\/elizabethmaymp.ca\/fr\/adjournment-proceedings-the-environment-5\/","name":"Adjournment Proceedings \u2013 the EnvironmentMotion d'ajournement \u2013 l'environnement | Elizabeth May","isPartOf":{"@id":"https:\/\/elizabethmaymp.ca\/fr\/#website"},"datePublished":"2013-11-06T18:16:09+00:00","dateModified":"2014-09-25T15:35:01+00:00","breadcrumb":{"@id":"https:\/\/elizabethmaymp.ca\/fr\/adjournment-proceedings-the-environment-5\/#breadcrumb"},"inLanguage":"en-US","potentialAction":[{"@type":"ReadAction","target":[["https:\/\/elizabethmaymp.ca\/fr\/adjournment-proceedings-the-environment-5\/"]]}]},{"@type":"BreadcrumbList","@id":"https:\/\/elizabethmaymp.ca\/fr\/adjournment-proceedings-the-environment-5\/#breadcrumb","itemListElement":[{"@type":"ListItem","position":1,"name":"Home","item":"https:\/\/elizabethmaymp.ca\/fr\/"},{"@type":"ListItem","position":2,"name":"Motion d&#8217;ajournement \u2013 l&#8217;environnement"}]},{"@type":"WebSite","@id":"https:\/\/elizabethmaymp.ca\/fr\/#website","url":"https:\/\/elizabethmaymp.ca\/fr\/","name":"Elizabeth May","description":"MP for Saanich and Gulf Islands","publisher":{"@id":"https:\/\/elizabethmaymp.ca\/fr\/#organization"},"potentialAction":[{"@type":"SearchAction","target":{"@type":"EntryPoint","urlTemplate":"https:\/\/elizabethmaymp.ca\/fr\/?s={search_term_string}"},"query-input":{"@type":"PropertyValueSpecification","valueRequired":true,"valueName":"search_term_string"}}],"inLanguage":"en-US"},{"@type":"Organization","@id":"https:\/\/elizabethmaymp.ca\/fr\/#organization","name":"Elizabeth May MP","url":"https:\/\/elizabethmaymp.ca\/fr\/","logo":{"@type":"ImageObject","inLanguage":"en-US","@id":"https:\/\/elizabethmaymp.ca\/fr\/#\/schema\/logo\/image\/","url":"https:\/\/elizabethmaymp.ca\/wp-content\/uploads\/elizabethmay-button.png","contentUrl":"https:\/\/elizabethmaymp.ca\/wp-content\/uploads\/elizabethmay-button.png","width":1501,"height":1501,"caption":"Elizabeth May MP"},"image":{"@id":"https:\/\/elizabethmaymp.ca\/fr\/#\/schema\/logo\/image\/"},"sameAs":["https:\/\/www.facebook.com\/ElizabethMayMP","https:\/\/x.com\/elizabethmay"]},{"@type":"Person","@id":"https:\/\/elizabethmaymp.ca\/#\/schema\/person\/88b2632df464b5617cd271b91f2a0044","name":"Matt Lakatos-Hayward","image":{"@type":"ImageObject","inLanguage":"en-US","@id":"https:\/\/secure.gravatar.com\/avatar\/7841fa94ac52e6c52aa11d1d3665001fa938a5e0f636589314b7939034e84d47?s=96&d=mm&r=g","url":"https:\/\/secure.gravatar.com\/avatar\/7841fa94ac52e6c52aa11d1d3665001fa938a5e0f636589314b7939034e84d47?s=96&d=mm&r=g","contentUrl":"https:\/\/secure.gravatar.com\/avatar\/7841fa94ac52e6c52aa11d1d3665001fa938a5e0f636589314b7939034e84d47?s=96&d=mm&r=g","caption":"Matt Lakatos-Hayward"},"url":"https:\/\/elizabethmaymp.ca\/fr\/author\/matt-l-h\/"}]}},"_links":{"self":[{"href":"https:\/\/elizabethmaymp.ca\/fr\/wp-json\/wp\/v2\/posts\/13057","targetHints":{"allow":["GET"]}}],"collection":[{"href":"https:\/\/elizabethmaymp.ca\/fr\/wp-json\/wp\/v2\/posts"}],"about":[{"href":"https:\/\/elizabethmaymp.ca\/fr\/wp-json\/wp\/v2\/types\/post"}],"author":[{"embeddable":true,"href":"https:\/\/elizabethmaymp.ca\/fr\/wp-json\/wp\/v2\/users\/1376"}],"replies":[{"embeddable":true,"href":"https:\/\/elizabethmaymp.ca\/fr\/wp-json\/wp\/v2\/comments?post=13057"}],"version-history":[{"count":6,"href":"https:\/\/elizabethmaymp.ca\/fr\/wp-json\/wp\/v2\/posts\/13057\/revisions"}],"predecessor-version":[{"id":13403,"href":"https:\/\/elizabethmaymp.ca\/fr\/wp-json\/wp\/v2\/posts\/13057\/revisions\/13403"}],"wp:attachment":[{"href":"https:\/\/elizabethmaymp.ca\/fr\/wp-json\/wp\/v2\/media?parent=13057"}],"wp:term":[{"taxonomy":"category","embeddable":true,"href":"https:\/\/elizabethmaymp.ca\/fr\/wp-json\/wp\/v2\/categories?post=13057"},{"taxonomy":"post_tag","embeddable":true,"href":"https:\/\/elizabethmaymp.ca\/fr\/wp-json\/wp\/v2\/tags?post=13057"}],"curies":[{"name":"wp","href":"https:\/\/api.w.org\/{rel}","templated":true}]}}