{"id":1315,"date":"2011-11-29T15:37:41","date_gmt":"2011-11-29T20:37:41","guid":{"rendered":"http:\/\/dev2.elizabethmaymp.ca\/?p=1315"},"modified":"2015-04-10T16:54:55","modified_gmt":"2015-04-10T20:54:55","slug":"3-6-environmental-science-support-reverse-the-%e2%80%9cbrain-drain%e2%80%9d-in-federal-science-capacity","status":"publish","type":"post","link":"https:\/\/elizabethmaymp.ca\/fr\/3-6-environmental-science-support-reverse-the-%e2%80%9cbrain-drain%e2%80%9d-in-federal-science-capacity\/","title":{"rendered":"3.6 Soutien des sciences de l&#8217;environnement : R\u00e9tablir la capacit\u00e9 scientifique du gouvernement f\u00e9d\u00e9ral"},"content":{"rendered":"<p>Au cours des neuf derni\u00e8res ann\u00e9es, le gouvernement Harper a fait la guerre aux sciences. De nombreux programmes ont \u00e9t\u00e9 \u00e9limin\u00e9s alors que d\u2019autres ont connu des coupes budg\u00e9taires si radicales que le travail \u00e9manant de ces programmes ne peut plus se faire. Cela s\u2019est produit au moment o\u00f9 la taille de la bureaucratie f\u00e9d\u00e9rale s\u2019est accrue. \u00a0Le gouvernement est plus gros de fa\u00e7on g\u00e9n\u00e9rale. En fait, le nombre de fonctionnaires dans la fonction publique f\u00e9d\u00e9rale n\u2019a jamais \u00e9t\u00e9 si \u00e9lev\u00e9. Ces gens ne font plus de la recherche fondamentale ou du travail dans des domaines importants de la recherche environnementale ou de la surveillance. Ces scientifiques encore en poste ont \u00e9t\u00e9 musel\u00e9s et b\u00e2illonn\u00e9s. Des institutions importantes qui fournissent des perspectives scientifiques, comme le \u00a0Conseil consultatif scientifique du premier ministre, ont \u00e9t\u00e9 ferm\u00e9es.<\/p>\n<div>\n<p>Le carnage des neuf derni\u00e8res ann\u00e9es vient s\u2019ajouter \u00e0 deux d\u00e9cennies de nombreux facteurs qui ont \u00e9rod\u00e9 les comp\u00e9tences scientifiques de la fonction publique f\u00e9d\u00e9rale. Restaurer la capacit\u00e9 scientifique du gouvernement f\u00e9d\u00e9ral n\u00e9cessitera beaucoup plus que de montrer la porte \u00e0 Stephen Harper.<\/p>\n<p>Des compressions budg\u00e9taires appr\u00e9ciables r\u00e9alis\u00e9es pendant la phase d&#8217;examen des programmes de l&#8217;ancien gouvernement lib\u00e9ral ont co\u00efncid\u00e9 avec un engouement g\u00e9n\u00e9ralis\u00e9 (du moins parmi les pays de l&#8217;OCDE) pour un \u00ab gouvernement r\u00e9duit \u00bb et l&#8217;injection d&#8217;une obsession de gestion dans la fonction publique. De nombreux scientifiques chevronn\u00e9s ont pris alors une retraite anticip\u00e9e dans des conditions extr\u00eamement int\u00e9ressantes. Des gestionnaires d&#8217;autres minist\u00e8res, sans connaissances strat\u00e9giques ni exp\u00e9rience scientifique, se sont vu attribuer des postes cl\u00e9s dans des minist\u00e8res tels qu\u2019Environnement Canada et P\u00eaches et Oc\u00e9ans.<\/p>\n<p>De nombreuses personnes ont d\u00e9plor\u00e9 ce virage vers une culture de fonctionnaire, o\u00f9 l&#8217;expertise politique est d\u00e9valu\u00e9e pour donner la premi\u00e8re place \u00e0 une exp\u00e9rience de gestion g\u00e9n\u00e9raliste. Le syndicat de la fonction publique a \u00e9galement not\u00e9 que le carri\u00e9risme en vogue dans la fonction publique faisait fi de l\u2019int\u00e9r\u00eat sup\u00e9rieur du grand public. Le professionnalisme et les comp\u00e9tences qui existaient auparavant dans des minist\u00e8res fond\u00e9s sur les sciences servaient bien mieux les int\u00e9r\u00eats de la nation.<\/p>\n<p>Si les verts ne sont pas pour le principe d&#8217;une grosse machine gouvernementale, ils savent que priver ainsi les l\u00e9gislateurs de ressources scientifiques solides nous co\u00fbtera tr\u00e8s cher \u00e0 long terme. Le Parti vert remarque \u00e9galement une autre r\u00e9alit\u00e9 \u00e9conomique des fonctions publiques \u00ab all\u00e9g\u00e9es \u00bb : de nombreux travaux sont sous-trait\u00e9s, ce qui revient beaucoup plus cher qu&#8217;une \u00e9quipe scientifique permanente.<\/p>\n<p>Les verts consid\u00e8rent que le gouvernement f\u00e9d\u00e9ral doit faire comprendre \u00e0 la fonction publique qu&#8217;il consid\u00e8re important de doter le gouvernement du Canada d&#8217;une capacit\u00e9 scientifique solide et de lui accorde son soutien. Pour cela, il doit consulter r\u00e9guli\u00e8rement des scientifiques \u00e0 toutes les \u00e9tapes du processus de prise de d\u00e9cisions relatives \u00e0 l&#8217;environnement.<\/p>\n<p>Nous d\u00e9plorons la r\u00e9duction de la capacit\u00e9 scientifique fondamentale. Sans expertise scientifique f\u00e9d\u00e9rale et surveillance coh\u00e9rence et fiable d\u2019indicateurs \u00e9cologiques cl\u00e9 et des niveaux de pollution, nous avan\u00e7ons litt\u00e9ralement \u00e0 l\u2019aveuglette.<\/p>\n<p>Les d\u00e9put\u00e9s verts :<\/p>\n<ul>\n<li>S\u2019attaqueront en priorit\u00e9 \u00e0 reb\u00e2tir la capacit\u00e9 scientifique du gouvernement du Canada avec une attention particuli\u00e8re aux minist\u00e8res qui ont connu les pertes les plus grandes \u2013 Environnement Canada, P\u00eaches et Oc\u00e9ans, Parcs Canada et Sant\u00e9 Canada. Ces efforts seront faits en m\u00eame temps que l\u2019abrogation des projets de lois omnibus C-38 et C-45 (adopt\u00e9es en 2012) dans tous les domaines qui touchent la capacit\u00e9 scientifique f\u00e9d\u00e9rale.<\/li>\n<li>R\u00e9tabliront le poste de conseiller national des sciences aupr\u00e8s du premier ministre.<\/li>\n<li>Cr\u00e9eront un nouveau poste de conseiller parlementaire des sciences en tant qu\u2019agent du Parlement, ind\u00e9pendant du contr\u00f4le politique.<\/li>\n<li>Ordonneront au greffier du Conseil priv\u00e9 d&#8217;entreprendre une r\u00e9forme de la fonction publique de mani\u00e8re \u00e0 favoriser l&#8217;avancement des personnes poss\u00e9dant des comp\u00e9tences de fond, plut\u00f4t qu&#8217;une culture bureaucratique.<\/li>\n<li>Alloueront 150\u00a0$ millions suppl\u00e9mentaires au budget f\u00e9d\u00e9ral annuel pour adjoindre du personnel scientifique qualifi\u00e9 \u00e0 Environnement Canada, Sant\u00e9 Canada et P\u00eaches et Oc\u00e9ans Canada (soit 50\u00a0$ millions chacun) afin d&#8217;am\u00e9liorer leurs niveaux de comp\u00e9tence.<\/li>\n<li>Garantiront que les scientifiques du gouvernement f\u00e9d\u00e9ral sont libres de publier leurs travaux de recherche et de parler aux m\u00e9dias \u00e0 propos des r\u00e9sultats de leurs recherches. Les scientifiques seront aussi invit\u00e9s \u00e0 accro\u00eetre l\u2019\u00e9ducation scientifique des Canadiens et des Canadiennes.<\/li>\n<li>R\u00e9tabliront le poste d\u2019ambassadeur du Canada pour l&#8217;Environnement et le D\u00e9veloppement durable, un poste \u00e9limin\u00e9 par les conservateurs en 2006.<\/li>\n<li>R\u00e9tabliront le financement f\u00e9d\u00e9ral \u00e0 la r\u00e9gion des lacs exp\u00e9rimentaux pour aider le gouvernement de l\u2019Ontario et l\u2019Institut international du d\u00e9veloppement durable \u00e0 g\u00e9rer les 58\u00a0plans d\u2019eau int\u00e9rieurs et les travaux de recherche qui y sont effectu\u00e9s.<\/li>\n<li>R\u00e9tabliront le groupe de recherche en adaptation au sein d\u2019Environnement Canada et le financement en climatologie au Forum canadien du climat.<\/li>\n<li>R\u00e9tabliront le programme de surveillance des contaminants dans les mammif\u00e8res marins au sein du minist\u00e8re de P\u00eaches et Oc\u00e9ans.<\/li>\n<li>R\u00e9tabliront le financement et affecteront du personnel au minist\u00e8re de P\u00eaches et Oc\u00e9ans pour son travail de protection des habitats (apr\u00e8s avoir abrog\u00e9 les amendements \u00e0 la Loi sur les p\u00eaches adopt\u00e9s en 2012 avec le Projet de loi omnibus C-38).<\/li>\n<li>Veilleront \u00e0 l\u2019ind\u00e9pendance du commissaire \u00e0 l\u2019environnement et au d\u00e9veloppement durable par l\u2019entremise d\u2019une loi autonome permettant au commissaire de se rapporter directement \u00e0 la Chambre des communes et d\u2019\u00eatre consid\u00e9r\u00e9 un agent du Parlement.<\/li>\n<li>Cr\u00e9eront un groupe de travail avec une expertise tir\u00e9e de biblioth\u00e9caires scientifiques, de la Soci\u00e9t\u00e9 royale du Canada et d\u2019autres biblioth\u00e8ques et archives pour examiner la fermeture des librairies scientifiques f\u00e9d\u00e9rales qui a eu lieu sous la gouverne de Stephen Harper. Un examen complet devra \u00eatre effectu\u00e9 pour v\u00e9rifier si les lois f\u00e9d\u00e9rales qui prot\u00e8gent notre patrimoine documentaire ont \u00e9t\u00e9 viol\u00e9es, pour \u00e9valuer les dommages et faire des recommandations pour restaurer la capacit\u00e9 des biblioth\u00e8ques scientifiques f\u00e9d\u00e9rales. Cet examen devra \u00eatre effectu\u00e9 rapidement dans un d\u00e9lai de douze mois.<\/li>\n<\/ul>\n<\/div>\n<p><\/p>","protected":false},"excerpt":{"rendered":"<p>Au cours des neuf derni\u00e8res ann\u00e9es, le gouvernement Harper a fait la guerre aux sciences. De nombreux programmes ont \u00e9t\u00e9 \u00e9limin\u00e9s alors que d\u2019autres ont connu des coupes&hellip;<\/p>\n","protected":false},"author":3,"featured_media":0,"comment_status":"open","ping_status":"open","sticky":false,"template":"","format":"standard","meta":{"_acf_changed":false,"_price":"","_stock":"","_tribe_ticket_header":"","_tribe_default_ticket_provider":"","_tribe_ticket_capacity":"","_ticket_start_date":"","_ticket_end_date":"","_tribe_ticket_show_description":"","_tribe_ticket_show_not_going":false,"_tribe_ticket_use_global_stock":"","_tribe_ticket_global_stock_level":"","_global_stock_mode":"","_global_stock_cap":"","_tribe_rsvp_for_event":"","_tribe_ticket_going_count":"","_tribe_ticket_not_going_count":"","_tribe_tickets_list":"[]","_tribe_ticket_has_attendee_info_fields":false,"footnotes":""},"categories":[158],"tags":[],"class_list":["post-1315","post","type-post","status-publish","format-standard","hentry","category-vision-green"],"acf":[],"yoast_head":"<!-- This site is optimized with the Yoast SEO plugin v27.4 - https:\/\/yoast.com\/product\/yoast-seo-wordpress\/ -->\n<title>3.6 Soutien des sciences de l&#039;environnement : R\u00e9tablir la capacit\u00e9 scientifique du gouvernement f\u00e9d\u00e9ral | Elizabeth May<\/title>\n<meta name=\"robots\" content=\"index, follow, max-snippet:-1, max-image-preview:large, max-video-preview:-1\" \/>\n<link rel=\"canonical\" href=\"https:\/\/elizabethmaymp.ca\/fr\/3-6-environmental-science-support-reverse-the-\u201cbrain-drain\u201d-in-federal-science-capacity\/\" \/>\n<meta property=\"og:locale\" content=\"en_US\" \/>\n<meta property=\"og:type\" content=\"article\" \/>\n<meta property=\"og:title\" content=\"3.6 Soutien des sciences de l&#039;environnement : R\u00e9tablir la capacit\u00e9 scientifique du gouvernement f\u00e9d\u00e9ral | Elizabeth May\" \/>\n<meta property=\"og:description\" content=\"Au cours des neuf derni\u00e8res ann\u00e9es, le gouvernement Harper a fait la guerre aux sciences. De nombreux programmes ont \u00e9t\u00e9 \u00e9limin\u00e9s alors que d\u2019autres ont connu des coupes&hellip;\" \/>\n<meta property=\"og:url\" content=\"https:\/\/elizabethmaymp.ca\/fr\/3-6-environmental-science-support-reverse-the-\u201cbrain-drain\u201d-in-federal-science-capacity\/\" \/>\n<meta property=\"og:site_name\" content=\"Elizabeth May\" \/>\n<meta property=\"article:publisher\" content=\"https:\/\/www.facebook.com\/ElizabethMayMP\" \/>\n<meta property=\"article:published_time\" content=\"2011-11-29T20:37:41+00:00\" \/>\n<meta property=\"article:modified_time\" content=\"2015-04-10T20:54:55+00:00\" \/>\n<meta property=\"og:image\" content=\"https:\/\/elizabethmaymp.ca\/wp-content\/uploads\/cropped-elizabethmay-button.png\" \/>\n\t<meta property=\"og:image:width\" content=\"512\" \/>\n\t<meta property=\"og:image:height\" content=\"512\" \/>\n\t<meta property=\"og:image:type\" content=\"image\/png\" \/>\n<meta name=\"author\" content=\"Craig Cantin\" \/>\n<meta name=\"twitter:card\" content=\"summary_large_image\" \/>\n<meta name=\"twitter:creator\" content=\"@elizabethmay\" \/>\n<meta name=\"twitter:site\" content=\"@elizabethmay\" \/>\n<meta name=\"twitter:label1\" content=\"Written by\" \/>\n\t<meta name=\"twitter:data1\" content=\"Craig Cantin\" \/>\n\t<meta name=\"twitter:label2\" content=\"Est. reading time\" \/>\n\t<meta name=\"twitter:data2\" content=\"10 minutes\" \/>\n<script type=\"application\/ld+json\" class=\"yoast-schema-graph\">{\"@context\":\"https:\\\/\\\/schema.org\",\"@graph\":[{\"@type\":\"Article\",\"@id\":\"https:\\\/\\\/elizabethmaymp.ca\\\/fr\\\/3-6-environmental-science-support-reverse-the-%e2%80%9cbrain-drain%e2%80%9d-in-federal-science-capacity\\\/#article\",\"isPartOf\":{\"@id\":\"https:\\\/\\\/elizabethmaymp.ca\\\/fr\\\/3-6-environmental-science-support-reverse-the-%e2%80%9cbrain-drain%e2%80%9d-in-federal-science-capacity\\\/\"},\"author\":{\"name\":\"Craig Cantin\",\"@id\":\"https:\\\/\\\/elizabethmaymp.ca\\\/#\\\/schema\\\/person\\\/d3f03a762a6bc9b615b1cc303ebf0c1f\"},\"headline\":\"3.6 Soutien des sciences de l&#8217;environnement : R\u00e9tablir la capacit\u00e9 scientifique du gouvernement f\u00e9d\u00e9ral\",\"datePublished\":\"2011-11-29T20:37:41+00:00\",\"dateModified\":\"2015-04-10T20:54:55+00:00\",\"mainEntityOfPage\":{\"@id\":\"https:\\\/\\\/elizabethmaymp.ca\\\/fr\\\/3-6-environmental-science-support-reverse-the-%e2%80%9cbrain-drain%e2%80%9d-in-federal-science-capacity\\\/\"},\"wordCount\":1976,\"commentCount\":2,\"publisher\":{\"@id\":\"https:\\\/\\\/elizabethmaymp.ca\\\/#organization\"},\"articleSection\":[\"Vision Green\"],\"inLanguage\":\"en-US\"},{\"@type\":\"WebPage\",\"@id\":\"https:\\\/\\\/elizabethmaymp.ca\\\/fr\\\/3-6-environmental-science-support-reverse-the-%e2%80%9cbrain-drain%e2%80%9d-in-federal-science-capacity\\\/\",\"url\":\"https:\\\/\\\/elizabethmaymp.ca\\\/fr\\\/3-6-environmental-science-support-reverse-the-%e2%80%9cbrain-drain%e2%80%9d-in-federal-science-capacity\\\/\",\"name\":\"3.6 Environmental science support: Reverse the \u201cbrain drain\u201d in federal science capacity3.6 Soutien des sciences de l'environnement : R\u00e9tablir la capacit\u00e9 scientifique du gouvernement f\u00e9d\u00e9ral | Elizabeth May\",\"isPartOf\":{\"@id\":\"https:\\\/\\\/elizabethmaymp.ca\\\/fr\\\/#website\"},\"datePublished\":\"2011-11-29T20:37:41+00:00\",\"dateModified\":\"2015-04-10T20:54:55+00:00\",\"breadcrumb\":{\"@id\":\"https:\\\/\\\/elizabethmaymp.ca\\\/fr\\\/3-6-environmental-science-support-reverse-the-%e2%80%9cbrain-drain%e2%80%9d-in-federal-science-capacity\\\/#breadcrumb\"},\"inLanguage\":\"en-US\",\"potentialAction\":[{\"@type\":\"ReadAction\",\"target\":[[\"https:\\\/\\\/elizabethmaymp.ca\\\/fr\\\/3-6-environmental-science-support-reverse-the-%e2%80%9cbrain-drain%e2%80%9d-in-federal-science-capacity\\\/\"]]}]},{\"@type\":\"BreadcrumbList\",\"@id\":\"https:\\\/\\\/elizabethmaymp.ca\\\/fr\\\/3-6-environmental-science-support-reverse-the-%e2%80%9cbrain-drain%e2%80%9d-in-federal-science-capacity\\\/#breadcrumb\",\"itemListElement\":[{\"@type\":\"ListItem\",\"position\":1,\"name\":\"Home\",\"item\":\"https:\\\/\\\/elizabethmaymp.ca\\\/fr\\\/\"},{\"@type\":\"ListItem\",\"position\":2,\"name\":\"3.6 Soutien des sciences de l&#8217;environnement : R\u00e9tablir la capacit\u00e9 scientifique du gouvernement f\u00e9d\u00e9ral\"}]},{\"@type\":\"WebSite\",\"@id\":\"https:\\\/\\\/elizabethmaymp.ca\\\/fr\\\/#website\",\"url\":\"https:\\\/\\\/elizabethmaymp.ca\\\/fr\\\/\",\"name\":\"Elizabeth May\",\"description\":\"MP for Saanich and Gulf Islands\",\"publisher\":{\"@id\":\"https:\\\/\\\/elizabethmaymp.ca\\\/fr\\\/#organization\"},\"potentialAction\":[{\"@type\":\"SearchAction\",\"target\":{\"@type\":\"EntryPoint\",\"urlTemplate\":\"https:\\\/\\\/elizabethmaymp.ca\\\/fr\\\/?s={search_term_string}\"},\"query-input\":{\"@type\":\"PropertyValueSpecification\",\"valueRequired\":true,\"valueName\":\"search_term_string\"}}],\"inLanguage\":\"en-US\"},{\"@type\":\"Organization\",\"@id\":\"https:\\\/\\\/elizabethmaymp.ca\\\/fr\\\/#organization\",\"name\":\"Elizabeth May MP\",\"url\":\"https:\\\/\\\/elizabethmaymp.ca\\\/fr\\\/\",\"logo\":{\"@type\":\"ImageObject\",\"inLanguage\":\"en-US\",\"@id\":\"https:\\\/\\\/elizabethmaymp.ca\\\/fr\\\/#\\\/schema\\\/logo\\\/image\\\/\",\"url\":\"https:\\\/\\\/elizabethmaymp.ca\\\/wp-content\\\/uploads\\\/elizabethmay-button.png\",\"contentUrl\":\"https:\\\/\\\/elizabethmaymp.ca\\\/wp-content\\\/uploads\\\/elizabethmay-button.png\",\"width\":1501,\"height\":1501,\"caption\":\"Elizabeth May MP\"},\"image\":{\"@id\":\"https:\\\/\\\/elizabethmaymp.ca\\\/fr\\\/#\\\/schema\\\/logo\\\/image\\\/\"},\"sameAs\":[\"https:\\\/\\\/www.facebook.com\\\/ElizabethMayMP\",\"https:\\\/\\\/x.com\\\/elizabethmay\"]},{\"@type\":\"Person\",\"@id\":\"https:\\\/\\\/elizabethmaymp.ca\\\/#\\\/schema\\\/person\\\/d3f03a762a6bc9b615b1cc303ebf0c1f\",\"name\":\"Craig Cantin\",\"image\":{\"@type\":\"ImageObject\",\"inLanguage\":\"en-US\",\"@id\":\"https:\\\/\\\/secure.gravatar.com\\\/avatar\\\/4c95358098caf4f50815f5fc942d6d14142d8b46ece2b18c21ac1fb7d38545a4?s=96&d=mm&r=g\",\"url\":\"https:\\\/\\\/secure.gravatar.com\\\/avatar\\\/4c95358098caf4f50815f5fc942d6d14142d8b46ece2b18c21ac1fb7d38545a4?s=96&d=mm&r=g\",\"contentUrl\":\"https:\\\/\\\/secure.gravatar.com\\\/avatar\\\/4c95358098caf4f50815f5fc942d6d14142d8b46ece2b18c21ac1fb7d38545a4?s=96&d=mm&r=g\",\"caption\":\"Craig Cantin\"},\"url\":\"https:\\\/\\\/elizabethmaymp.ca\\\/fr\\\/author\\\/craig-c\\\/\"}]}<\/script>\n<!-- \/ Yoast SEO plugin. -->","yoast_head_json":{"title":"3.6 Soutien des sciences de l'environnement : R\u00e9tablir la capacit\u00e9 scientifique du gouvernement f\u00e9d\u00e9ral | Elizabeth May","robots":{"index":"index","follow":"follow","max-snippet":"max-snippet:-1","max-image-preview":"max-image-preview:large","max-video-preview":"max-video-preview:-1"},"canonical":"https:\/\/elizabethmaymp.ca\/fr\/3-6-environmental-science-support-reverse-the-\u201cbrain-drain\u201d-in-federal-science-capacity\/","og_locale":"en_US","og_type":"article","og_title":"3.6 Soutien des sciences de l'environnement : R\u00e9tablir la capacit\u00e9 scientifique du gouvernement f\u00e9d\u00e9ral | Elizabeth May","og_description":"Au cours des neuf derni\u00e8res ann\u00e9es, le gouvernement Harper a fait la guerre aux sciences. De nombreux programmes ont \u00e9t\u00e9 \u00e9limin\u00e9s alors que d\u2019autres ont connu des coupes&hellip;","og_url":"https:\/\/elizabethmaymp.ca\/fr\/3-6-environmental-science-support-reverse-the-\u201cbrain-drain\u201d-in-federal-science-capacity\/","og_site_name":"Elizabeth May","article_publisher":"https:\/\/www.facebook.com\/ElizabethMayMP","article_published_time":"2011-11-29T20:37:41+00:00","article_modified_time":"2015-04-10T20:54:55+00:00","og_image":[{"width":512,"height":512,"url":"https:\/\/elizabethmaymp.ca\/wp-content\/uploads\/cropped-elizabethmay-button.png","type":"image\/png"}],"author":"Craig Cantin","twitter_card":"summary_large_image","twitter_creator":"@elizabethmay","twitter_site":"@elizabethmay","twitter_misc":{"Written by":"Craig Cantin","Est. reading time":"10 minutes"},"schema":{"@context":"https:\/\/schema.org","@graph":[{"@type":"Article","@id":"https:\/\/elizabethmaymp.ca\/fr\/3-6-environmental-science-support-reverse-the-%e2%80%9cbrain-drain%e2%80%9d-in-federal-science-capacity\/#article","isPartOf":{"@id":"https:\/\/elizabethmaymp.ca\/fr\/3-6-environmental-science-support-reverse-the-%e2%80%9cbrain-drain%e2%80%9d-in-federal-science-capacity\/"},"author":{"name":"Craig Cantin","@id":"https:\/\/elizabethmaymp.ca\/#\/schema\/person\/d3f03a762a6bc9b615b1cc303ebf0c1f"},"headline":"3.6 Soutien des sciences de l&#8217;environnement : R\u00e9tablir la capacit\u00e9 scientifique du gouvernement f\u00e9d\u00e9ral","datePublished":"2011-11-29T20:37:41+00:00","dateModified":"2015-04-10T20:54:55+00:00","mainEntityOfPage":{"@id":"https:\/\/elizabethmaymp.ca\/fr\/3-6-environmental-science-support-reverse-the-%e2%80%9cbrain-drain%e2%80%9d-in-federal-science-capacity\/"},"wordCount":1976,"commentCount":2,"publisher":{"@id":"https:\/\/elizabethmaymp.ca\/#organization"},"articleSection":["Vision Green"],"inLanguage":"en-US"},{"@type":"WebPage","@id":"https:\/\/elizabethmaymp.ca\/fr\/3-6-environmental-science-support-reverse-the-%e2%80%9cbrain-drain%e2%80%9d-in-federal-science-capacity\/","url":"https:\/\/elizabethmaymp.ca\/fr\/3-6-environmental-science-support-reverse-the-%e2%80%9cbrain-drain%e2%80%9d-in-federal-science-capacity\/","name":"3.6 Environmental science support: Reverse the \u201cbrain drain\u201d in federal science capacity3.6 Soutien des sciences de l'environnement : R\u00e9tablir la capacit\u00e9 scientifique du gouvernement f\u00e9d\u00e9ral | Elizabeth May","isPartOf":{"@id":"https:\/\/elizabethmaymp.ca\/fr\/#website"},"datePublished":"2011-11-29T20:37:41+00:00","dateModified":"2015-04-10T20:54:55+00:00","breadcrumb":{"@id":"https:\/\/elizabethmaymp.ca\/fr\/3-6-environmental-science-support-reverse-the-%e2%80%9cbrain-drain%e2%80%9d-in-federal-science-capacity\/#breadcrumb"},"inLanguage":"en-US","potentialAction":[{"@type":"ReadAction","target":[["https:\/\/elizabethmaymp.ca\/fr\/3-6-environmental-science-support-reverse-the-%e2%80%9cbrain-drain%e2%80%9d-in-federal-science-capacity\/"]]}]},{"@type":"BreadcrumbList","@id":"https:\/\/elizabethmaymp.ca\/fr\/3-6-environmental-science-support-reverse-the-%e2%80%9cbrain-drain%e2%80%9d-in-federal-science-capacity\/#breadcrumb","itemListElement":[{"@type":"ListItem","position":1,"name":"Home","item":"https:\/\/elizabethmaymp.ca\/fr\/"},{"@type":"ListItem","position":2,"name":"3.6 Soutien des sciences de l&#8217;environnement : R\u00e9tablir la capacit\u00e9 scientifique du gouvernement f\u00e9d\u00e9ral"}]},{"@type":"WebSite","@id":"https:\/\/elizabethmaymp.ca\/fr\/#website","url":"https:\/\/elizabethmaymp.ca\/fr\/","name":"Elizabeth May","description":"MP for Saanich and Gulf Islands","publisher":{"@id":"https:\/\/elizabethmaymp.ca\/fr\/#organization"},"potentialAction":[{"@type":"SearchAction","target":{"@type":"EntryPoint","urlTemplate":"https:\/\/elizabethmaymp.ca\/fr\/?s={search_term_string}"},"query-input":{"@type":"PropertyValueSpecification","valueRequired":true,"valueName":"search_term_string"}}],"inLanguage":"en-US"},{"@type":"Organization","@id":"https:\/\/elizabethmaymp.ca\/fr\/#organization","name":"Elizabeth May MP","url":"https:\/\/elizabethmaymp.ca\/fr\/","logo":{"@type":"ImageObject","inLanguage":"en-US","@id":"https:\/\/elizabethmaymp.ca\/fr\/#\/schema\/logo\/image\/","url":"https:\/\/elizabethmaymp.ca\/wp-content\/uploads\/elizabethmay-button.png","contentUrl":"https:\/\/elizabethmaymp.ca\/wp-content\/uploads\/elizabethmay-button.png","width":1501,"height":1501,"caption":"Elizabeth May MP"},"image":{"@id":"https:\/\/elizabethmaymp.ca\/fr\/#\/schema\/logo\/image\/"},"sameAs":["https:\/\/www.facebook.com\/ElizabethMayMP","https:\/\/x.com\/elizabethmay"]},{"@type":"Person","@id":"https:\/\/elizabethmaymp.ca\/#\/schema\/person\/d3f03a762a6bc9b615b1cc303ebf0c1f","name":"Craig Cantin","image":{"@type":"ImageObject","inLanguage":"en-US","@id":"https:\/\/secure.gravatar.com\/avatar\/4c95358098caf4f50815f5fc942d6d14142d8b46ece2b18c21ac1fb7d38545a4?s=96&d=mm&r=g","url":"https:\/\/secure.gravatar.com\/avatar\/4c95358098caf4f50815f5fc942d6d14142d8b46ece2b18c21ac1fb7d38545a4?s=96&d=mm&r=g","contentUrl":"https:\/\/secure.gravatar.com\/avatar\/4c95358098caf4f50815f5fc942d6d14142d8b46ece2b18c21ac1fb7d38545a4?s=96&d=mm&r=g","caption":"Craig Cantin"},"url":"https:\/\/elizabethmaymp.ca\/fr\/author\/craig-c\/"}]}},"_links":{"self":[{"href":"https:\/\/elizabethmaymp.ca\/fr\/wp-json\/wp\/v2\/posts\/1315","targetHints":{"allow":["GET"]}}],"collection":[{"href":"https:\/\/elizabethmaymp.ca\/fr\/wp-json\/wp\/v2\/posts"}],"about":[{"href":"https:\/\/elizabethmaymp.ca\/fr\/wp-json\/wp\/v2\/types\/post"}],"author":[{"embeddable":true,"href":"https:\/\/elizabethmaymp.ca\/fr\/wp-json\/wp\/v2\/users\/3"}],"replies":[{"embeddable":true,"href":"https:\/\/elizabethmaymp.ca\/fr\/wp-json\/wp\/v2\/comments?post=1315"}],"version-history":[{"count":5,"href":"https:\/\/elizabethmaymp.ca\/fr\/wp-json\/wp\/v2\/posts\/1315\/revisions"}],"predecessor-version":[{"id":15313,"href":"https:\/\/elizabethmaymp.ca\/fr\/wp-json\/wp\/v2\/posts\/1315\/revisions\/15313"}],"wp:attachment":[{"href":"https:\/\/elizabethmaymp.ca\/fr\/wp-json\/wp\/v2\/media?parent=1315"}],"wp:term":[{"taxonomy":"category","embeddable":true,"href":"https:\/\/elizabethmaymp.ca\/fr\/wp-json\/wp\/v2\/categories?post=1315"},{"taxonomy":"post_tag","embeddable":true,"href":"https:\/\/elizabethmaymp.ca\/fr\/wp-json\/wp\/v2\/tags?post=1315"}],"curies":[{"name":"wp","href":"https:\/\/api.w.org\/{rel}","templated":true}]}}