{"id":1339,"date":"2011-11-29T16:06:40","date_gmt":"2011-11-29T21:06:40","guid":{"rendered":"http:\/\/dev2.elizabethmaymp.ca\/?p=1339"},"modified":"2015-04-13T11:07:27","modified_gmt":"2015-04-13T15:07:27","slug":"4-1-family-focused-program","status":"publish","type":"post","link":"https:\/\/elizabethmaymp.ca\/fr\/4-1-family-focused-program\/","title":{"rendered":"4.13 La r\u00e9forme du syst\u00e8me d\u2019assurance-emploi"},"content":{"rendered":"<p>Les r\u00e9cents changements au programme d\u2019assurance-emploi ont eu comme effet de r\u00e9duire les prestations, le nombre de semaines de prestation et de refuser des avantages \u00e0 de nombreux travailleurs et travailleuses. Les compressions \u00e0 Service Canada ont impos\u00e9 des temps d\u2019attente inacceptable \u00e0 des milliers de Canadiens et de Canadiennes qui ont droit \u00e0 ces prestations.<\/p>\n<p>Apr\u00e8s avoir contribu\u00e9 \u00e0 ce syst\u00e8me pendant plusieurs ann\u00e9es, plusieurs se retrouvent sans emploi et r\u00e9alisent combien il est difficile de recevoir des prestations. De fait, les r\u00e9formes apport\u00e9es \u00e0 l&#8217;assurance-emploi durant les ann\u00e9es 90 ont eu pour effet de diminuer consid\u00e9rablement l&#8217;utilit\u00e9 de ce programme. Si, avant ces r\u00e9formes, 82,9 pour\u00a0cent des sans-emploi parvenaient \u00e0 b\u00e9n\u00e9ficier de prestations, ce n&#8217;\u00e9tait plus que 43,8 pour\u00a0cent d&#8217;entre eux qui pouvaient esp\u00e9rer la m\u00eame chose en 1997, un pourcentage qui n&#8217;aura pas boug\u00e9 jusqu&#8217;en 2004. Ces r\u00e9formes ont non seulement oblig\u00e9 les travailleuses et les travailleurs \u00e0 accumuler plus d&#8217;heures de travail pour avoir droit \u00e0 des prestations, mais les prestations qui leur \u00e9taient offertes \u00e9taient moins importantes.Des \u00e9conomistes tels que Ian Lee, directeur de la Sprott School of Business, ont d\u00e9montr\u00e9 que les d\u00e9penses faites dans le cadre de l&#8217;assurance-emploi \u00e9taient des outils de stimulation \u00e9conomique particuli\u00e8rement efficaces, les personnes b\u00e9n\u00e9ficiant de prestations d\u00e9pensant presque enti\u00e8rement l&#8217;argent re\u00e7u en biens essentiels (nourriture, v\u00eatements et logement). \u00c9tendre la couverture de l&#8217;assurance-emploi est non seulement une question d&#8217;\u00e9quit\u00e9, mais cette mesure contribuerait de mani\u00e8re importante \u00e0 relancer l&#8217;\u00e9conomie. De plus, une telle mesure n&#8217;exigerait pas de \u00ab trouver \u00bb de l&#8217;argent frais puisque le syst\u00e8me de l&#8217;assurance-emploi a pu accumuler des fonds importants, des fonds dont ne peuvent profiter actuellement la majorit\u00e9 des travailleuses et des travailleurs sans emploi.Les d\u00e9put\u00e9s verts :<\/p>\n<ul>\n<li>R\u00e9tabliront l\u2019acc\u00e8s au syst\u00e8me d\u2019assurance-emploi pour les travailleurs saisonniers.<\/li>\n<li>Assureront un nombre ad\u00e9quat d\u2019employ\u00e9s \u00e0 Service Canada pour faire en sorte que les travailleurs et les travailleuses qui y ont droit puissent recevoir des prestations d\u2019assurance-emploi.<\/li>\n<li>Se serviront des taxes pr\u00e9lev\u00e9es sur les contaminants chimiques et sur la malbouffe pour r\u00e9duire les cotisations des travailleurs et des employeurs \u00e0 l\u2019assurance-emploi.<\/li>\n<\/ul>\n<p><\/p>","protected":false},"excerpt":{"rendered":"<p>Les r\u00e9cents changements au programme d\u2019assurance-emploi ont eu comme effet de r\u00e9duire les prestations, le nombre de semaines de prestation et de refuser des avantages \u00e0 de nombreux&hellip;<\/p>\n","protected":false},"author":3,"featured_media":0,"comment_status":"open","ping_status":"open","sticky":false,"template":"","format":"standard","meta":{"_acf_changed":false,"_price":"","_stock":"","_tribe_ticket_header":"","_tribe_default_ticket_provider":"","_tribe_ticket_capacity":"","_ticket_start_date":"","_ticket_end_date":"","_tribe_ticket_show_description":"","_tribe_ticket_show_not_going":false,"_tribe_ticket_use_global_stock":"","_tribe_ticket_global_stock_level":"","_global_stock_mode":"","_global_stock_cap":"","_tribe_rsvp_for_event":"","_tribe_ticket_going_count":"","_tribe_ticket_not_going_count":"","_tribe_tickets_list":"[]","_tribe_ticket_has_attendee_info_fields":false,"footnotes":""},"categories":[158],"tags":[],"class_list":["post-1339","post","type-post","status-publish","format-standard","hentry","category-vision-green"],"acf":[],"yoast_head":"<!-- This site is optimized with the Yoast SEO plugin v27.4 - https:\/\/yoast.com\/product\/yoast-seo-wordpress\/ -->\n<title>4.13 La r\u00e9forme du syst\u00e8me d\u2019assurance-emploi | Elizabeth May<\/title>\n<meta name=\"robots\" content=\"index, follow, max-snippet:-1, max-image-preview:large, max-video-preview:-1\" \/>\n<link rel=\"canonical\" href=\"https:\/\/elizabethmaymp.ca\/fr\/4-1-family-focused-program\/\" \/>\n<meta property=\"og:locale\" content=\"en_US\" \/>\n<meta property=\"og:type\" content=\"article\" \/>\n<meta property=\"og:title\" content=\"4.13 La r\u00e9forme du syst\u00e8me d\u2019assurance-emploi | Elizabeth May\" \/>\n<meta property=\"og:description\" content=\"Les r\u00e9cents changements au programme d\u2019assurance-emploi ont eu comme effet de r\u00e9duire les prestations, le nombre de semaines de prestation et de refuser des avantages \u00e0 de nombreux&hellip;\" \/>\n<meta property=\"og:url\" content=\"https:\/\/elizabethmaymp.ca\/fr\/4-1-family-focused-program\/\" \/>\n<meta property=\"og:site_name\" content=\"Elizabeth May\" \/>\n<meta property=\"article:publisher\" content=\"https:\/\/www.facebook.com\/ElizabethMayMP\" \/>\n<meta property=\"article:published_time\" content=\"2011-11-29T21:06:40+00:00\" \/>\n<meta property=\"article:modified_time\" content=\"2015-04-13T15:07:27+00:00\" \/>\n<meta property=\"og:image\" content=\"https:\/\/elizabethmaymp.ca\/wp-content\/uploads\/cropped-elizabethmay-button.png\" \/>\n\t<meta property=\"og:image:width\" content=\"512\" \/>\n\t<meta property=\"og:image:height\" content=\"512\" \/>\n\t<meta property=\"og:image:type\" content=\"image\/png\" \/>\n<meta name=\"author\" content=\"Craig Cantin\" \/>\n<meta name=\"twitter:card\" content=\"summary_large_image\" \/>\n<meta name=\"twitter:creator\" content=\"@elizabethmay\" \/>\n<meta name=\"twitter:site\" content=\"@elizabethmay\" \/>\n<meta name=\"twitter:label1\" content=\"Written by\" \/>\n\t<meta name=\"twitter:data1\" content=\"Craig Cantin\" \/>\n\t<meta name=\"twitter:label2\" content=\"Est. reading time\" \/>\n\t<meta name=\"twitter:data2\" content=\"3 minutes\" \/>\n<script type=\"application\/ld+json\" class=\"yoast-schema-graph\">{\"@context\":\"https:\\\/\\\/schema.org\",\"@graph\":[{\"@type\":\"Article\",\"@id\":\"https:\\\/\\\/elizabethmaymp.ca\\\/fr\\\/4-1-family-focused-program\\\/#article\",\"isPartOf\":{\"@id\":\"https:\\\/\\\/elizabethmaymp.ca\\\/fr\\\/4-1-family-focused-program\\\/\"},\"author\":{\"name\":\"Craig Cantin\",\"@id\":\"https:\\\/\\\/elizabethmaymp.ca\\\/#\\\/schema\\\/person\\\/d3f03a762a6bc9b615b1cc303ebf0c1f\"},\"headline\":\"4.13 La r\u00e9forme du syst\u00e8me d\u2019assurance-emploi\",\"datePublished\":\"2011-11-29T21:06:40+00:00\",\"dateModified\":\"2015-04-13T15:07:27+00:00\",\"mainEntityOfPage\":{\"@id\":\"https:\\\/\\\/elizabethmaymp.ca\\\/fr\\\/4-1-family-focused-program\\\/\"},\"wordCount\":659,\"commentCount\":0,\"publisher\":{\"@id\":\"https:\\\/\\\/elizabethmaymp.ca\\\/#organization\"},\"articleSection\":[\"Vision Green\"],\"inLanguage\":\"en-US\"},{\"@type\":\"WebPage\",\"@id\":\"https:\\\/\\\/elizabethmaymp.ca\\\/fr\\\/4-1-family-focused-program\\\/\",\"url\":\"https:\\\/\\\/elizabethmaymp.ca\\\/fr\\\/4-1-family-focused-program\\\/\",\"name\":\"4.13 Reforming the Employment Insurance system4.13 La r\u00e9forme du syst\u00e8me d\u2019assurance-emploi | Elizabeth May\",\"isPartOf\":{\"@id\":\"https:\\\/\\\/elizabethmaymp.ca\\\/fr\\\/#website\"},\"datePublished\":\"2011-11-29T21:06:40+00:00\",\"dateModified\":\"2015-04-13T15:07:27+00:00\",\"breadcrumb\":{\"@id\":\"https:\\\/\\\/elizabethmaymp.ca\\\/fr\\\/4-1-family-focused-program\\\/#breadcrumb\"},\"inLanguage\":\"en-US\",\"potentialAction\":[{\"@type\":\"ReadAction\",\"target\":[[\"https:\\\/\\\/elizabethmaymp.ca\\\/fr\\\/4-1-family-focused-program\\\/\"]]}]},{\"@type\":\"BreadcrumbList\",\"@id\":\"https:\\\/\\\/elizabethmaymp.ca\\\/fr\\\/4-1-family-focused-program\\\/#breadcrumb\",\"itemListElement\":[{\"@type\":\"ListItem\",\"position\":1,\"name\":\"Home\",\"item\":\"https:\\\/\\\/elizabethmaymp.ca\\\/fr\\\/\"},{\"@type\":\"ListItem\",\"position\":2,\"name\":\"4.13 La r\u00e9forme du syst\u00e8me d\u2019assurance-emploi\"}]},{\"@type\":\"WebSite\",\"@id\":\"https:\\\/\\\/elizabethmaymp.ca\\\/fr\\\/#website\",\"url\":\"https:\\\/\\\/elizabethmaymp.ca\\\/fr\\\/\",\"name\":\"Elizabeth May\",\"description\":\"MP for Saanich and Gulf Islands\",\"publisher\":{\"@id\":\"https:\\\/\\\/elizabethmaymp.ca\\\/fr\\\/#organization\"},\"potentialAction\":[{\"@type\":\"SearchAction\",\"target\":{\"@type\":\"EntryPoint\",\"urlTemplate\":\"https:\\\/\\\/elizabethmaymp.ca\\\/fr\\\/?s={search_term_string}\"},\"query-input\":{\"@type\":\"PropertyValueSpecification\",\"valueRequired\":true,\"valueName\":\"search_term_string\"}}],\"inLanguage\":\"en-US\"},{\"@type\":\"Organization\",\"@id\":\"https:\\\/\\\/elizabethmaymp.ca\\\/fr\\\/#organization\",\"name\":\"Elizabeth May MP\",\"url\":\"https:\\\/\\\/elizabethmaymp.ca\\\/fr\\\/\",\"logo\":{\"@type\":\"ImageObject\",\"inLanguage\":\"en-US\",\"@id\":\"https:\\\/\\\/elizabethmaymp.ca\\\/fr\\\/#\\\/schema\\\/logo\\\/image\\\/\",\"url\":\"https:\\\/\\\/elizabethmaymp.ca\\\/wp-content\\\/uploads\\\/elizabethmay-button.png\",\"contentUrl\":\"https:\\\/\\\/elizabethmaymp.ca\\\/wp-content\\\/uploads\\\/elizabethmay-button.png\",\"width\":1501,\"height\":1501,\"caption\":\"Elizabeth May MP\"},\"image\":{\"@id\":\"https:\\\/\\\/elizabethmaymp.ca\\\/fr\\\/#\\\/schema\\\/logo\\\/image\\\/\"},\"sameAs\":[\"https:\\\/\\\/www.facebook.com\\\/ElizabethMayMP\",\"https:\\\/\\\/x.com\\\/elizabethmay\"]},{\"@type\":\"Person\",\"@id\":\"https:\\\/\\\/elizabethmaymp.ca\\\/#\\\/schema\\\/person\\\/d3f03a762a6bc9b615b1cc303ebf0c1f\",\"name\":\"Craig Cantin\",\"image\":{\"@type\":\"ImageObject\",\"inLanguage\":\"en-US\",\"@id\":\"https:\\\/\\\/secure.gravatar.com\\\/avatar\\\/4c95358098caf4f50815f5fc942d6d14142d8b46ece2b18c21ac1fb7d38545a4?s=96&d=mm&r=g\",\"url\":\"https:\\\/\\\/secure.gravatar.com\\\/avatar\\\/4c95358098caf4f50815f5fc942d6d14142d8b46ece2b18c21ac1fb7d38545a4?s=96&d=mm&r=g\",\"contentUrl\":\"https:\\\/\\\/secure.gravatar.com\\\/avatar\\\/4c95358098caf4f50815f5fc942d6d14142d8b46ece2b18c21ac1fb7d38545a4?s=96&d=mm&r=g\",\"caption\":\"Craig Cantin\"},\"url\":\"https:\\\/\\\/elizabethmaymp.ca\\\/fr\\\/author\\\/craig-c\\\/\"}]}<\/script>\n<!-- \/ Yoast SEO plugin. -->","yoast_head_json":{"title":"4.13 La r\u00e9forme du syst\u00e8me d\u2019assurance-emploi | Elizabeth May","robots":{"index":"index","follow":"follow","max-snippet":"max-snippet:-1","max-image-preview":"max-image-preview:large","max-video-preview":"max-video-preview:-1"},"canonical":"https:\/\/elizabethmaymp.ca\/fr\/4-1-family-focused-program\/","og_locale":"en_US","og_type":"article","og_title":"4.13 La r\u00e9forme du syst\u00e8me d\u2019assurance-emploi | Elizabeth May","og_description":"Les r\u00e9cents changements au programme d\u2019assurance-emploi ont eu comme effet de r\u00e9duire les prestations, le nombre de semaines de prestation et de refuser des avantages \u00e0 de nombreux&hellip;","og_url":"https:\/\/elizabethmaymp.ca\/fr\/4-1-family-focused-program\/","og_site_name":"Elizabeth May","article_publisher":"https:\/\/www.facebook.com\/ElizabethMayMP","article_published_time":"2011-11-29T21:06:40+00:00","article_modified_time":"2015-04-13T15:07:27+00:00","og_image":[{"width":512,"height":512,"url":"https:\/\/elizabethmaymp.ca\/wp-content\/uploads\/cropped-elizabethmay-button.png","type":"image\/png"}],"author":"Craig Cantin","twitter_card":"summary_large_image","twitter_creator":"@elizabethmay","twitter_site":"@elizabethmay","twitter_misc":{"Written by":"Craig Cantin","Est. reading time":"3 minutes"},"schema":{"@context":"https:\/\/schema.org","@graph":[{"@type":"Article","@id":"https:\/\/elizabethmaymp.ca\/fr\/4-1-family-focused-program\/#article","isPartOf":{"@id":"https:\/\/elizabethmaymp.ca\/fr\/4-1-family-focused-program\/"},"author":{"name":"Craig Cantin","@id":"https:\/\/elizabethmaymp.ca\/#\/schema\/person\/d3f03a762a6bc9b615b1cc303ebf0c1f"},"headline":"4.13 La r\u00e9forme du syst\u00e8me d\u2019assurance-emploi","datePublished":"2011-11-29T21:06:40+00:00","dateModified":"2015-04-13T15:07:27+00:00","mainEntityOfPage":{"@id":"https:\/\/elizabethmaymp.ca\/fr\/4-1-family-focused-program\/"},"wordCount":659,"commentCount":0,"publisher":{"@id":"https:\/\/elizabethmaymp.ca\/#organization"},"articleSection":["Vision Green"],"inLanguage":"en-US"},{"@type":"WebPage","@id":"https:\/\/elizabethmaymp.ca\/fr\/4-1-family-focused-program\/","url":"https:\/\/elizabethmaymp.ca\/fr\/4-1-family-focused-program\/","name":"4.13 Reforming the Employment Insurance system4.13 La r\u00e9forme du syst\u00e8me d\u2019assurance-emploi | Elizabeth May","isPartOf":{"@id":"https:\/\/elizabethmaymp.ca\/fr\/#website"},"datePublished":"2011-11-29T21:06:40+00:00","dateModified":"2015-04-13T15:07:27+00:00","breadcrumb":{"@id":"https:\/\/elizabethmaymp.ca\/fr\/4-1-family-focused-program\/#breadcrumb"},"inLanguage":"en-US","potentialAction":[{"@type":"ReadAction","target":[["https:\/\/elizabethmaymp.ca\/fr\/4-1-family-focused-program\/"]]}]},{"@type":"BreadcrumbList","@id":"https:\/\/elizabethmaymp.ca\/fr\/4-1-family-focused-program\/#breadcrumb","itemListElement":[{"@type":"ListItem","position":1,"name":"Home","item":"https:\/\/elizabethmaymp.ca\/fr\/"},{"@type":"ListItem","position":2,"name":"4.13 La r\u00e9forme du syst\u00e8me d\u2019assurance-emploi"}]},{"@type":"WebSite","@id":"https:\/\/elizabethmaymp.ca\/fr\/#website","url":"https:\/\/elizabethmaymp.ca\/fr\/","name":"Elizabeth May","description":"MP for Saanich and Gulf Islands","publisher":{"@id":"https:\/\/elizabethmaymp.ca\/fr\/#organization"},"potentialAction":[{"@type":"SearchAction","target":{"@type":"EntryPoint","urlTemplate":"https:\/\/elizabethmaymp.ca\/fr\/?s={search_term_string}"},"query-input":{"@type":"PropertyValueSpecification","valueRequired":true,"valueName":"search_term_string"}}],"inLanguage":"en-US"},{"@type":"Organization","@id":"https:\/\/elizabethmaymp.ca\/fr\/#organization","name":"Elizabeth May MP","url":"https:\/\/elizabethmaymp.ca\/fr\/","logo":{"@type":"ImageObject","inLanguage":"en-US","@id":"https:\/\/elizabethmaymp.ca\/fr\/#\/schema\/logo\/image\/","url":"https:\/\/elizabethmaymp.ca\/wp-content\/uploads\/elizabethmay-button.png","contentUrl":"https:\/\/elizabethmaymp.ca\/wp-content\/uploads\/elizabethmay-button.png","width":1501,"height":1501,"caption":"Elizabeth May MP"},"image":{"@id":"https:\/\/elizabethmaymp.ca\/fr\/#\/schema\/logo\/image\/"},"sameAs":["https:\/\/www.facebook.com\/ElizabethMayMP","https:\/\/x.com\/elizabethmay"]},{"@type":"Person","@id":"https:\/\/elizabethmaymp.ca\/#\/schema\/person\/d3f03a762a6bc9b615b1cc303ebf0c1f","name":"Craig Cantin","image":{"@type":"ImageObject","inLanguage":"en-US","@id":"https:\/\/secure.gravatar.com\/avatar\/4c95358098caf4f50815f5fc942d6d14142d8b46ece2b18c21ac1fb7d38545a4?s=96&d=mm&r=g","url":"https:\/\/secure.gravatar.com\/avatar\/4c95358098caf4f50815f5fc942d6d14142d8b46ece2b18c21ac1fb7d38545a4?s=96&d=mm&r=g","contentUrl":"https:\/\/secure.gravatar.com\/avatar\/4c95358098caf4f50815f5fc942d6d14142d8b46ece2b18c21ac1fb7d38545a4?s=96&d=mm&r=g","caption":"Craig Cantin"},"url":"https:\/\/elizabethmaymp.ca\/fr\/author\/craig-c\/"}]}},"_links":{"self":[{"href":"https:\/\/elizabethmaymp.ca\/fr\/wp-json\/wp\/v2\/posts\/1339","targetHints":{"allow":["GET"]}}],"collection":[{"href":"https:\/\/elizabethmaymp.ca\/fr\/wp-json\/wp\/v2\/posts"}],"about":[{"href":"https:\/\/elizabethmaymp.ca\/fr\/wp-json\/wp\/v2\/types\/post"}],"author":[{"embeddable":true,"href":"https:\/\/elizabethmaymp.ca\/fr\/wp-json\/wp\/v2\/users\/3"}],"replies":[{"embeddable":true,"href":"https:\/\/elizabethmaymp.ca\/fr\/wp-json\/wp\/v2\/comments?post=1339"}],"version-history":[{"count":8,"href":"https:\/\/elizabethmaymp.ca\/fr\/wp-json\/wp\/v2\/posts\/1339\/revisions"}],"predecessor-version":[{"id":15364,"href":"https:\/\/elizabethmaymp.ca\/fr\/wp-json\/wp\/v2\/posts\/1339\/revisions\/15364"}],"wp:attachment":[{"href":"https:\/\/elizabethmaymp.ca\/fr\/wp-json\/wp\/v2\/media?parent=1339"}],"wp:term":[{"taxonomy":"category","embeddable":true,"href":"https:\/\/elizabethmaymp.ca\/fr\/wp-json\/wp\/v2\/categories?post=1339"},{"taxonomy":"post_tag","embeddable":true,"href":"https:\/\/elizabethmaymp.ca\/fr\/wp-json\/wp\/v2\/tags?post=1339"}],"curies":[{"name":"wp","href":"https:\/\/api.w.org\/{rel}","templated":true}]}}