{"id":14079,"date":"2014-10-06T09:21:22","date_gmt":"2014-10-06T13:21:22","guid":{"rendered":"http:\/\/elizabethmaymp.ca?p=14079"},"modified":"2014-10-07T09:31:11","modified_gmt":"2014-10-07T13:31:11","slug":"military-contribution-against-isil","status":"publish","type":"post","link":"https:\/\/elizabethmaymp.ca\/fr\/military-contribution-against-isil\/","title":{"rendered":"La contribution militaire \u00e0 la lutte contre l&#8217;EIIL"},"content":{"rendered":"<p><\/p>\n<p style=\"padding-left: 30px;\"><em>Que la Chambre (i) reconnaisse que le chef du groupe terroriste connu sous le nom d\u2019\u00c9tat islamique de l\u2019Irak et du Levant (EIIL) a demand\u00e9 \u00e0 ses membres de cibler le Canada et les Canadiens au pays et \u00e0 l\u2019\u00e9tranger, (ii) reconnaisse, en outre, la menace claire et directe que l\u2019EIIL pr\u00e9sente pour les gens de la r\u00e9gion, y compris les membres des minorit\u00e9s religieuses et ethniques vuln\u00e9rables qui sont victimes d\u2019une campagne soutenue de violence sexuelle brutale, de meurtre et d\u2019intimidation barbare de la part de l\u2019EIIL, (iii) accepte que, sans le d\u00e9ploiement d\u2019une force puissante et directe, la menace que repr\u00e9sente l\u2019EIIL pour la paix et la s\u00e9curit\u00e9 internationales, y compris pour les communaut\u00e9s canadiennes, continuera de cro\u00eetre, (iv) affirme la volont\u00e9 du Canada, conform\u00e9ment aux valeurs et aux int\u00e9r\u00eats du pays, \u00e0 prot\u00e9ger les civils vuln\u00e9rables et innocents de la r\u00e9gion, y compris au moyen d\u2019aide humanitaire d&#8217;urgence, (v) reconnaisse que le gouvernement irakien demande \u00e0 la communaut\u00e9 internationale, y compris au gouvernement du Canada, de fournir un soutien militaire pour lutter contre l\u2019EIIL, (vi) reconnaisse, en outre, la participation des amis et alli\u00e9s du Canada, dont de nombreux pays du Moyen-Orient, \u00e0 la vaste coalition internationale engag\u00e9e \u00e0 la lutte contre l\u2019EIIL, (vii) note que le Conseil de s\u00e9curit\u00e9 des Nations Unies est maintenant saisi de la menace que constitue le terrorisme international avec l\u2019adoption \u00e0 l\u2019unanimit\u00e9 de la R\u00e9solution 2178 du Conseil de s\u00e9curit\u00e9 des Nations Unies, et, par cons\u00e9quent : a) appuie la d\u00e9cision du gouvernement de fournir des ressources militaires canadiennes dans le cadre de la lutte contre l\u2019EIIL et contre les terroristes associ\u00e9s \u00e0 l\u2019EIIL, y compris une capacit\u00e9 de frappes a\u00e9riennes, pour une p\u00e9riode pouvant atteindre six mois; b) note que le gouvernement du Canada ne d\u00e9ploiera pas de militaires dans le cadre d\u2019op\u00e9rations de combat terrestre; c) continue \u00e0 offrir son soutien ferme et sans r\u00e9serve aux courageux hommes et femmes des Forces arm\u00e9es canadiennes qui se tiennent pr\u00eats \u00e0 nous d\u00e9fendre tous.<\/em><\/p>\n<p><strong>Elizabeth May :<\/strong> Monsieur le Pr\u00e9sident, je suis heureuse de pouvoir poser une question directement au ministre de la D\u00e9fense nationale. J&#8217;ai bien peur que nous ayons tous abord\u00e9 le d\u00e9bat en supposant qu&#8217;une mission de combat serait efficace. Nous discutons de ce que le Canada devrait faire, mais il est en quelque sorte sous-entendu qu&#8217;il va r\u00e9ussir \u00e0 stopper l&#8217;\u00c9tat islamique en Irak et en Syrie. Rien ne justifie toutefois une telle supposition. On peut lire dans le Guardian d&#8217;aujourd&#8217;hui que les combattants kurdes ne constatent aucun ralentissement des attaques de la part des membres de l&#8217;\u00c9tat islamique en Irak et en Syrie contre les r\u00e9gions kurdes, m\u00eame si les \u00c9tats-Unis dirigent des frappes a\u00e9riennes contre eux, parce qu&#8217;ils se dispersent puis se regroupent une fois que les avions partent.<\/p>\n<p>Le ministre de la D\u00e9fense peut-il nous donner une preuve quelconque que la mission pr\u00e9vue du Canada servirait \u00e0 autre chose que de tomber dans le pi\u00e8ge que nous a tendu l&#8217;\u00c9tat islamique en Irak et en Syrie afin de nous inciter \u00e0 prendre part aux combats et ainsi faire avancer ses activit\u00e9s de propagande et ses efforts continus qui visent \u00e0 d\u00e9stabiliser et \u00e0 favoriser le recrutement?<\/p>\n<p><strong>L&#8217;hon. Rob Nicholson : <\/strong>Monsieur le Pr\u00e9sident, encore une fois, je tiens \u00e0 signaler \u00e0 la d\u00e9put\u00e9e que nous participons \u00e0 diverses activit\u00e9s dans cette r\u00e9gion du monde. \u00c0 ce moment-ci, nous croyons qu&#8217;il est appropri\u00e9 de frapper l&#8217;EIIL afin de diminuer sa capacit\u00e9 de commettre des actes terroristes.<\/p>\n<p>Les n\u00e9o-d\u00e9mocrates nous ont fait une suggestion vendredi dernier. Je pense qu&#8217;ils souhaitent que nous envoyions des avocats l\u00e0-bas afin qu&#8217;ils puissent commencer \u00e0 poursuivre les individus qui commettent ces crimes. Qu&#8217;on me comprenne bien: j&#8217;aime beaucoup les avocats. Je tiens \u00e0 ce que cela soit bien clair. Je voulais le pr\u00e9ciser. Par ailleurs, nous prenons des mesures raisonnables dans les circonstances. Je suis tr\u00e8s d\u00e9\u00e7u de constater que les d\u00e9put\u00e9s d&#8217;en face n&#8217;appuient pas nos d\u00e9cisions \u00e0 l&#8217;unanimit\u00e9.<\/p>","protected":false},"excerpt":{"rendered":"<p>Que la Chambre (i) reconnaisse que le chef du groupe terroriste connu sous le nom d\u2019\u00c9tat islamique de l\u2019Irak et du Levant (EIIL) a demand\u00e9 \u00e0 ses membres&hellip;<\/p>\n","protected":false},"author":3,"featured_media":0,"comment_status":"open","ping_status":"open","sticky":false,"template":"","format":"standard","meta":{"_acf_changed":false,"_price":"","_stock":"","_tribe_ticket_header":"","_tribe_default_ticket_provider":"","_tribe_ticket_capacity":"","_ticket_start_date":"","_ticket_end_date":"","_tribe_ticket_show_description":"","_tribe_ticket_show_not_going":false,"_tribe_ticket_use_global_stock":"","_tribe_ticket_global_stock_level":"","_global_stock_mode":"","_global_stock_cap":"","_tribe_rsvp_for_event":"","_tribe_ticket_going_count":"","_tribe_ticket_not_going_count":"","_tribe_tickets_list":"[]","_tribe_ticket_has_attendee_info_fields":false,"footnotes":""},"categories":[20],"tags":[],"class_list":["post-14079","post","type-post","status-publish","format-standard","hentry","category-debate"],"acf":[],"yoast_head":"<!-- This site is optimized with the Yoast SEO plugin v27.5 - https:\/\/yoast.com\/product\/yoast-seo-wordpress\/ -->\n<title>La contribution militaire \u00e0 la lutte contre l&#039;EIIL | Elizabeth May<\/title>\n<meta name=\"robots\" content=\"index, follow, max-snippet:-1, max-image-preview:large, max-video-preview:-1\" \/>\n<link rel=\"canonical\" href=\"https:\/\/elizabethmaymp.ca\/fr\/military-contribution-against-isil\/\" \/>\n<meta property=\"og:locale\" content=\"en_US\" \/>\n<meta property=\"og:type\" content=\"article\" \/>\n<meta property=\"og:title\" content=\"La contribution militaire \u00e0 la lutte contre l&#039;EIIL | Elizabeth May\" \/>\n<meta property=\"og:description\" content=\"Que la Chambre (i) reconnaisse que le chef du groupe terroriste connu sous le nom d\u2019\u00c9tat islamique de l\u2019Irak et du Levant (EIIL) a demand\u00e9 \u00e0 ses membres&hellip;\" \/>\n<meta property=\"og:url\" content=\"https:\/\/elizabethmaymp.ca\/fr\/military-contribution-against-isil\/\" \/>\n<meta property=\"og:site_name\" content=\"Elizabeth May\" \/>\n<meta property=\"article:publisher\" content=\"https:\/\/www.facebook.com\/ElizabethMayMP\" \/>\n<meta property=\"article:published_time\" content=\"2014-10-06T13:21:22+00:00\" \/>\n<meta property=\"article:modified_time\" content=\"2014-10-07T13:31:11+00:00\" \/>\n<meta property=\"og:image\" content=\"https:\/\/elizabethmaymp.ca\/wp-content\/uploads\/cropped-elizabethmay-button.png\" \/>\n\t<meta property=\"og:image:width\" content=\"512\" \/>\n\t<meta property=\"og:image:height\" content=\"512\" \/>\n\t<meta property=\"og:image:type\" content=\"image\/png\" \/>\n<meta name=\"author\" content=\"Craig Cantin\" \/>\n<meta name=\"twitter:card\" content=\"summary_large_image\" \/>\n<meta name=\"twitter:creator\" content=\"@elizabethmay\" \/>\n<meta name=\"twitter:site\" content=\"@elizabethmay\" \/>\n<meta name=\"twitter:label1\" content=\"Written by\" \/>\n\t<meta name=\"twitter:data1\" content=\"Craig Cantin\" \/>\n\t<meta name=\"twitter:label2\" content=\"Est. reading time\" \/>\n\t<meta name=\"twitter:data2\" content=\"6 minutes\" \/>\n<script type=\"application\/ld+json\" class=\"yoast-schema-graph\">{\"@context\":\"https:\\\/\\\/schema.org\",\"@graph\":[{\"@type\":\"Article\",\"@id\":\"https:\\\/\\\/elizabethmaymp.ca\\\/military-contribution-against-isil\\\/#article\",\"isPartOf\":{\"@id\":\"https:\\\/\\\/elizabethmaymp.ca\\\/military-contribution-against-isil\\\/\"},\"author\":{\"name\":\"Craig Cantin\",\"@id\":\"https:\\\/\\\/elizabethmaymp.ca\\\/#\\\/schema\\\/person\\\/d3f03a762a6bc9b615b1cc303ebf0c1f\"},\"headline\":\"La contribution militaire \u00e0 la lutte contre l&#8217;EIIL\",\"datePublished\":\"2014-10-06T13:21:22+00:00\",\"dateModified\":\"2014-10-07T13:31:11+00:00\",\"mainEntityOfPage\":{\"@id\":\"https:\\\/\\\/elizabethmaymp.ca\\\/military-contribution-against-isil\\\/\"},\"wordCount\":1308,\"commentCount\":0,\"publisher\":{\"@id\":\"https:\\\/\\\/elizabethmaymp.ca\\\/#organization\"},\"articleSection\":[\"D\u00e9bat\"],\"inLanguage\":\"en-US\"},{\"@type\":\"WebPage\",\"@id\":\"https:\\\/\\\/elizabethmaymp.ca\\\/fr\\\/military-contribution-against-isil\\\/\",\"url\":\"https:\\\/\\\/elizabethmaymp.ca\\\/fr\\\/military-contribution-against-isil\\\/\",\"name\":\"Military Contribution Against ISILLa contribution militaire \u00e0 la lutte contre l'EIIL | Elizabeth May\",\"isPartOf\":{\"@id\":\"https:\\\/\\\/elizabethmaymp.ca\\\/fr\\\/#website\"},\"datePublished\":\"2014-10-06T13:21:22+00:00\",\"dateModified\":\"2014-10-07T13:31:11+00:00\",\"breadcrumb\":{\"@id\":\"https:\\\/\\\/elizabethmaymp.ca\\\/fr\\\/military-contribution-against-isil\\\/#breadcrumb\"},\"inLanguage\":\"en-US\",\"potentialAction\":[{\"@type\":\"ReadAction\",\"target\":[[\"https:\\\/\\\/elizabethmaymp.ca\\\/fr\\\/military-contribution-against-isil\\\/\"]]}]},{\"@type\":\"BreadcrumbList\",\"@id\":\"https:\\\/\\\/elizabethmaymp.ca\\\/fr\\\/military-contribution-against-isil\\\/#breadcrumb\",\"itemListElement\":[{\"@type\":\"ListItem\",\"position\":1,\"name\":\"Home\",\"item\":\"https:\\\/\\\/elizabethmaymp.ca\\\/fr\\\/\"},{\"@type\":\"ListItem\",\"position\":2,\"name\":\"Military Contribution Against ISIL\"}]},{\"@type\":\"WebSite\",\"@id\":\"https:\\\/\\\/elizabethmaymp.ca\\\/fr\\\/#website\",\"url\":\"https:\\\/\\\/elizabethmaymp.ca\\\/fr\\\/\",\"name\":\"Elizabeth May\",\"description\":\"MP for Saanich and Gulf Islands\",\"publisher\":{\"@id\":\"https:\\\/\\\/elizabethmaymp.ca\\\/fr\\\/#organization\"},\"potentialAction\":[{\"@type\":\"SearchAction\",\"target\":{\"@type\":\"EntryPoint\",\"urlTemplate\":\"https:\\\/\\\/elizabethmaymp.ca\\\/fr\\\/?s={search_term_string}\"},\"query-input\":{\"@type\":\"PropertyValueSpecification\",\"valueRequired\":true,\"valueName\":\"search_term_string\"}}],\"inLanguage\":\"en-US\"},{\"@type\":\"Organization\",\"@id\":\"https:\\\/\\\/elizabethmaymp.ca\\\/fr\\\/#organization\",\"name\":\"Elizabeth May MP\",\"url\":\"https:\\\/\\\/elizabethmaymp.ca\\\/fr\\\/\",\"logo\":{\"@type\":\"ImageObject\",\"inLanguage\":\"en-US\",\"@id\":\"https:\\\/\\\/elizabethmaymp.ca\\\/fr\\\/#\\\/schema\\\/logo\\\/image\\\/\",\"url\":\"https:\\\/\\\/elizabethmaymp.ca\\\/wp-content\\\/uploads\\\/elizabethmay-button.png\",\"contentUrl\":\"https:\\\/\\\/elizabethmaymp.ca\\\/wp-content\\\/uploads\\\/elizabethmay-button.png\",\"width\":1501,\"height\":1501,\"caption\":\"Elizabeth May MP\"},\"image\":{\"@id\":\"https:\\\/\\\/elizabethmaymp.ca\\\/fr\\\/#\\\/schema\\\/logo\\\/image\\\/\"},\"sameAs\":[\"https:\\\/\\\/www.facebook.com\\\/ElizabethMayMP\",\"https:\\\/\\\/x.com\\\/elizabethmay\"]},{\"@type\":\"Person\",\"@id\":\"https:\\\/\\\/elizabethmaymp.ca\\\/#\\\/schema\\\/person\\\/d3f03a762a6bc9b615b1cc303ebf0c1f\",\"name\":\"Craig Cantin\",\"image\":{\"@type\":\"ImageObject\",\"inLanguage\":\"en-US\",\"@id\":\"https:\\\/\\\/secure.gravatar.com\\\/avatar\\\/4c95358098caf4f50815f5fc942d6d14142d8b46ece2b18c21ac1fb7d38545a4?s=96&d=mm&r=g\",\"url\":\"https:\\\/\\\/secure.gravatar.com\\\/avatar\\\/4c95358098caf4f50815f5fc942d6d14142d8b46ece2b18c21ac1fb7d38545a4?s=96&d=mm&r=g\",\"contentUrl\":\"https:\\\/\\\/secure.gravatar.com\\\/avatar\\\/4c95358098caf4f50815f5fc942d6d14142d8b46ece2b18c21ac1fb7d38545a4?s=96&d=mm&r=g\",\"caption\":\"Craig Cantin\"},\"url\":\"https:\\\/\\\/elizabethmaymp.ca\\\/fr\\\/author\\\/craig-c\\\/\"}]}<\/script>\n<!-- \/ Yoast SEO plugin. -->","yoast_head_json":{"title":"La contribution militaire \u00e0 la lutte contre l'EIIL | Elizabeth May","robots":{"index":"index","follow":"follow","max-snippet":"max-snippet:-1","max-image-preview":"max-image-preview:large","max-video-preview":"max-video-preview:-1"},"canonical":"https:\/\/elizabethmaymp.ca\/fr\/military-contribution-against-isil\/","og_locale":"en_US","og_type":"article","og_title":"La contribution militaire \u00e0 la lutte contre l'EIIL | Elizabeth May","og_description":"Que la Chambre (i) reconnaisse que le chef du groupe terroriste connu sous le nom d\u2019\u00c9tat islamique de l\u2019Irak et du Levant (EIIL) a demand\u00e9 \u00e0 ses membres&hellip;","og_url":"https:\/\/elizabethmaymp.ca\/fr\/military-contribution-against-isil\/","og_site_name":"Elizabeth May","article_publisher":"https:\/\/www.facebook.com\/ElizabethMayMP","article_published_time":"2014-10-06T13:21:22+00:00","article_modified_time":"2014-10-07T13:31:11+00:00","og_image":[{"width":512,"height":512,"url":"https:\/\/elizabethmaymp.ca\/wp-content\/uploads\/cropped-elizabethmay-button.png","type":"image\/png"}],"author":"Craig Cantin","twitter_card":"summary_large_image","twitter_creator":"@elizabethmay","twitter_site":"@elizabethmay","twitter_misc":{"Written by":"Craig Cantin","Est. reading time":"6 minutes"},"schema":{"@context":"https:\/\/schema.org","@graph":[{"@type":"Article","@id":"https:\/\/elizabethmaymp.ca\/military-contribution-against-isil\/#article","isPartOf":{"@id":"https:\/\/elizabethmaymp.ca\/military-contribution-against-isil\/"},"author":{"name":"Craig Cantin","@id":"https:\/\/elizabethmaymp.ca\/#\/schema\/person\/d3f03a762a6bc9b615b1cc303ebf0c1f"},"headline":"La contribution militaire \u00e0 la lutte contre l&#8217;EIIL","datePublished":"2014-10-06T13:21:22+00:00","dateModified":"2014-10-07T13:31:11+00:00","mainEntityOfPage":{"@id":"https:\/\/elizabethmaymp.ca\/military-contribution-against-isil\/"},"wordCount":1308,"commentCount":0,"publisher":{"@id":"https:\/\/elizabethmaymp.ca\/#organization"},"articleSection":["D\u00e9bat"],"inLanguage":"en-US"},{"@type":"WebPage","@id":"https:\/\/elizabethmaymp.ca\/fr\/military-contribution-against-isil\/","url":"https:\/\/elizabethmaymp.ca\/fr\/military-contribution-against-isil\/","name":"Military Contribution Against ISILLa contribution militaire \u00e0 la lutte contre l'EIIL | Elizabeth May","isPartOf":{"@id":"https:\/\/elizabethmaymp.ca\/fr\/#website"},"datePublished":"2014-10-06T13:21:22+00:00","dateModified":"2014-10-07T13:31:11+00:00","breadcrumb":{"@id":"https:\/\/elizabethmaymp.ca\/fr\/military-contribution-against-isil\/#breadcrumb"},"inLanguage":"en-US","potentialAction":[{"@type":"ReadAction","target":[["https:\/\/elizabethmaymp.ca\/fr\/military-contribution-against-isil\/"]]}]},{"@type":"BreadcrumbList","@id":"https:\/\/elizabethmaymp.ca\/fr\/military-contribution-against-isil\/#breadcrumb","itemListElement":[{"@type":"ListItem","position":1,"name":"Home","item":"https:\/\/elizabethmaymp.ca\/fr\/"},{"@type":"ListItem","position":2,"name":"Military Contribution Against ISIL"}]},{"@type":"WebSite","@id":"https:\/\/elizabethmaymp.ca\/fr\/#website","url":"https:\/\/elizabethmaymp.ca\/fr\/","name":"Elizabeth May","description":"MP for Saanich and Gulf Islands","publisher":{"@id":"https:\/\/elizabethmaymp.ca\/fr\/#organization"},"potentialAction":[{"@type":"SearchAction","target":{"@type":"EntryPoint","urlTemplate":"https:\/\/elizabethmaymp.ca\/fr\/?s={search_term_string}"},"query-input":{"@type":"PropertyValueSpecification","valueRequired":true,"valueName":"search_term_string"}}],"inLanguage":"en-US"},{"@type":"Organization","@id":"https:\/\/elizabethmaymp.ca\/fr\/#organization","name":"Elizabeth May MP","url":"https:\/\/elizabethmaymp.ca\/fr\/","logo":{"@type":"ImageObject","inLanguage":"en-US","@id":"https:\/\/elizabethmaymp.ca\/fr\/#\/schema\/logo\/image\/","url":"https:\/\/elizabethmaymp.ca\/wp-content\/uploads\/elizabethmay-button.png","contentUrl":"https:\/\/elizabethmaymp.ca\/wp-content\/uploads\/elizabethmay-button.png","width":1501,"height":1501,"caption":"Elizabeth May MP"},"image":{"@id":"https:\/\/elizabethmaymp.ca\/fr\/#\/schema\/logo\/image\/"},"sameAs":["https:\/\/www.facebook.com\/ElizabethMayMP","https:\/\/x.com\/elizabethmay"]},{"@type":"Person","@id":"https:\/\/elizabethmaymp.ca\/#\/schema\/person\/d3f03a762a6bc9b615b1cc303ebf0c1f","name":"Craig Cantin","image":{"@type":"ImageObject","inLanguage":"en-US","@id":"https:\/\/secure.gravatar.com\/avatar\/4c95358098caf4f50815f5fc942d6d14142d8b46ece2b18c21ac1fb7d38545a4?s=96&d=mm&r=g","url":"https:\/\/secure.gravatar.com\/avatar\/4c95358098caf4f50815f5fc942d6d14142d8b46ece2b18c21ac1fb7d38545a4?s=96&d=mm&r=g","contentUrl":"https:\/\/secure.gravatar.com\/avatar\/4c95358098caf4f50815f5fc942d6d14142d8b46ece2b18c21ac1fb7d38545a4?s=96&d=mm&r=g","caption":"Craig Cantin"},"url":"https:\/\/elizabethmaymp.ca\/fr\/author\/craig-c\/"}]}},"_links":{"self":[{"href":"https:\/\/elizabethmaymp.ca\/fr\/wp-json\/wp\/v2\/posts\/14079","targetHints":{"allow":["GET"]}}],"collection":[{"href":"https:\/\/elizabethmaymp.ca\/fr\/wp-json\/wp\/v2\/posts"}],"about":[{"href":"https:\/\/elizabethmaymp.ca\/fr\/wp-json\/wp\/v2\/types\/post"}],"author":[{"embeddable":true,"href":"https:\/\/elizabethmaymp.ca\/fr\/wp-json\/wp\/v2\/users\/3"}],"replies":[{"embeddable":true,"href":"https:\/\/elizabethmaymp.ca\/fr\/wp-json\/wp\/v2\/comments?post=14079"}],"version-history":[{"count":2,"href":"https:\/\/elizabethmaymp.ca\/fr\/wp-json\/wp\/v2\/posts\/14079\/revisions"}],"predecessor-version":[{"id":14082,"href":"https:\/\/elizabethmaymp.ca\/fr\/wp-json\/wp\/v2\/posts\/14079\/revisions\/14082"}],"wp:attachment":[{"href":"https:\/\/elizabethmaymp.ca\/fr\/wp-json\/wp\/v2\/media?parent=14079"}],"wp:term":[{"taxonomy":"category","embeddable":true,"href":"https:\/\/elizabethmaymp.ca\/fr\/wp-json\/wp\/v2\/categories?post=14079"},{"taxonomy":"post_tag","embeddable":true,"href":"https:\/\/elizabethmaymp.ca\/fr\/wp-json\/wp\/v2\/tags?post=14079"}],"curies":[{"name":"wp","href":"https:\/\/api.w.org\/{rel}","templated":true}]}}