{"id":14743,"date":"2015-01-28T17:15:59","date_gmt":"2015-01-28T22:15:59","guid":{"rendered":"http:\/\/elizabethmaymp.ca?p=14743"},"modified":"2015-01-28T17:15:59","modified_gmt":"2015-01-28T22:15:59","slug":"greens-join-the-conversation-on-mental-health-on-bells-lets-talk-day","status":"publish","type":"post","link":"https:\/\/elizabethmaymp.ca\/fr\/greens-join-the-conversation-on-mental-health-on-bells-lets-talk-day\/","title":{"rendered":"Les verts appuient la Journ\u00e9e Bell Cause pour la cause"},"content":{"rendered":"<p>OTTAWA \u2013 La chef du Parti vert du Canada et d\u00e9put\u00e9e de Saanich \u2013 Gulf Islands, Elizabeth May, appuie les efforts annuels de Bell Canada d\u2019engager le dialogue \u00e0 l\u2019\u00e9chelle du pays sur la sant\u00e9 mentale par l\u2019entremise de sa Journ\u00e9e Bell Cause pour la cause.<\/p>\n<p>\u00ab Les pr\u00e9jug\u00e9s autour de la maladie mentale sont des obstacles majeurs aux traitements efficaces et aux soins \u00bb, a affirm\u00e9 Mme May. \u00ab Nous devons sans rel\u00e2che avoir ce dialogue nationale pour sensibiliser la population au fardeau de la maladie mentale. Voil\u00e0 pourquoi des initiatives comme la Journ\u00e9e Bell Cause pour la cause sont si importantes. \u00bb<\/p>\n<p>La Journ\u00e9e Bell Cause pour la cause a \u00e9t\u00e9 cr\u00e9\u00e9e voil\u00e0 cinq ans et visait \u00e0 mettre fin aux pr\u00e9jug\u00e9s autour de la maladie mentale, \u00e0 am\u00e9liorer l\u2019acc\u00e8s \u00e0 l\u2019aide aux Canadiens qui ont des probl\u00e8mes de sant\u00e9 mentale, \u00e0 sensibiliser la population aux enjeux entourant la sant\u00e9 mentale en milieux de travail et \u00e0 amasser des fonds pour la recherche de nouveaux traitements. <\/p>\n<p>\u00ab De bien trop nombreuses familles ont du mal \u00e0 trouver l\u2019aide et le soutien dont elles ont besoin pour surmonter la maladie mentale \u00bb, a conclu Mme May. \u00ab Je remercie Bell d\u2019avoir entam\u00e9 cet important dialogue et d\u2019aider les Canadiens qui ont des besoins en ce sens. \u00bb<br \/>\n<\/p>","protected":false},"excerpt":{"rendered":"<p>OTTAWA \u2013 La chef du Parti vert du Canada et d\u00e9put\u00e9e de Saanich \u2013 Gulf Islands, Elizabeth May, appuie les efforts annuels de Bell Canada d\u2019engager le dialogue&hellip;<\/p>\n","protected":false},"author":1378,"featured_media":0,"comment_status":"open","ping_status":"open","sticky":false,"template":"","format":"standard","meta":{"_acf_changed":false,"_price":"","_stock":"","_tribe_ticket_header":"","_tribe_default_ticket_provider":"","_tribe_ticket_capacity":"","_ticket_start_date":"","_ticket_end_date":"","_tribe_ticket_show_description":"","_tribe_ticket_show_not_going":false,"_tribe_ticket_use_global_stock":"","_tribe_ticket_global_stock_level":"","_global_stock_mode":"","_global_stock_cap":"","_tribe_rsvp_for_event":"","_tribe_ticket_going_count":"","_tribe_ticket_not_going_count":"","_tribe_tickets_list":"[]","_tribe_ticket_has_attendee_info_fields":false,"footnotes":""},"categories":[90],"tags":[],"class_list":["post-14743","post","type-post","status-publish","format-standard","hentry","category-press-releases"],"acf":[],"yoast_head":"<!-- This site is optimized with the Yoast SEO plugin v27.5 - https:\/\/yoast.com\/product\/yoast-seo-wordpress\/ -->\n<title>Les verts appuient la Journ\u00e9e Bell Cause pour la cause | Elizabeth May<\/title>\n<meta name=\"robots\" content=\"index, follow, max-snippet:-1, max-image-preview:large, max-video-preview:-1\" \/>\n<link rel=\"canonical\" href=\"https:\/\/elizabethmaymp.ca\/fr\/greens-join-the-conversation-on-mental-health-on-bells-lets-talk-day\/\" \/>\n<meta property=\"og:locale\" content=\"en_US\" \/>\n<meta property=\"og:type\" content=\"article\" \/>\n<meta property=\"og:title\" content=\"Les verts appuient la Journ\u00e9e Bell Cause pour la cause | Elizabeth May\" \/>\n<meta property=\"og:description\" content=\"OTTAWA \u2013 La chef du Parti vert du Canada et d\u00e9put\u00e9e de Saanich \u2013 Gulf Islands, Elizabeth May, appuie les efforts annuels de Bell Canada d\u2019engager le dialogue&hellip;\" \/>\n<meta property=\"og:url\" content=\"https:\/\/elizabethmaymp.ca\/fr\/greens-join-the-conversation-on-mental-health-on-bells-lets-talk-day\/\" \/>\n<meta property=\"og:site_name\" content=\"Elizabeth May\" \/>\n<meta property=\"article:publisher\" content=\"https:\/\/www.facebook.com\/ElizabethMayMP\" \/>\n<meta property=\"article:published_time\" content=\"2015-01-28T22:15:59+00:00\" \/>\n<meta property=\"og:image\" content=\"https:\/\/elizabethmaymp.ca\/wp-content\/uploads\/cropped-elizabethmay-button.png\" \/>\n\t<meta property=\"og:image:width\" content=\"512\" \/>\n\t<meta property=\"og:image:height\" content=\"512\" \/>\n\t<meta property=\"og:image:type\" content=\"image\/png\" \/>\n<meta name=\"author\" content=\"Elizabeth May\" \/>\n<meta name=\"twitter:card\" content=\"summary_large_image\" \/>\n<meta name=\"twitter:creator\" content=\"@elizabethmay\" \/>\n<meta name=\"twitter:site\" content=\"@elizabethmay\" \/>\n<meta name=\"twitter:label1\" content=\"Written by\" \/>\n\t<meta name=\"twitter:data1\" content=\"Elizabeth May\" \/>\n\t<meta name=\"twitter:label2\" content=\"Est. reading time\" \/>\n\t<meta name=\"twitter:data2\" content=\"2 minutes\" \/>\n<script type=\"application\/ld+json\" class=\"yoast-schema-graph\">{\"@context\":\"https:\\\/\\\/schema.org\",\"@graph\":[{\"@type\":\"Article\",\"@id\":\"https:\\\/\\\/elizabethmaymp.ca\\\/greens-join-the-conversation-on-mental-health-on-bells-lets-talk-day\\\/#article\",\"isPartOf\":{\"@id\":\"https:\\\/\\\/elizabethmaymp.ca\\\/greens-join-the-conversation-on-mental-health-on-bells-lets-talk-day\\\/\"},\"author\":{\"name\":\"Elizabeth May\",\"@id\":\"https:\\\/\\\/elizabethmaymp.ca\\\/#\\\/schema\\\/person\\\/e7a1fbc380fd4c19176b5982c661d059\"},\"headline\":\"Les verts appuient la Journ\u00e9e Bell Cause pour la cause\",\"datePublished\":\"2015-01-28T22:15:59+00:00\",\"mainEntityOfPage\":{\"@id\":\"https:\\\/\\\/elizabethmaymp.ca\\\/greens-join-the-conversation-on-mental-health-on-bells-lets-talk-day\\\/\"},\"wordCount\":421,\"commentCount\":7,\"publisher\":{\"@id\":\"https:\\\/\\\/elizabethmaymp.ca\\\/#organization\"},\"articleSection\":[\"Communiqu\u00e9s\"],\"inLanguage\":\"en-US\"},{\"@type\":\"WebPage\",\"@id\":\"https:\\\/\\\/elizabethmaymp.ca\\\/fr\\\/greens-join-the-conversation-on-mental-health-on-bells-lets-talk-day\\\/\",\"url\":\"https:\\\/\\\/elizabethmaymp.ca\\\/fr\\\/greens-join-the-conversation-on-mental-health-on-bells-lets-talk-day\\\/\",\"name\":\"Greens Join the Conversation on Mental Health on Bell\u2019s Let\u2019s Talk DayLes verts appuient la Journ\u00e9e Bell Cause pour la cause | Elizabeth May\",\"isPartOf\":{\"@id\":\"https:\\\/\\\/elizabethmaymp.ca\\\/fr\\\/#website\"},\"datePublished\":\"2015-01-28T22:15:59+00:00\",\"breadcrumb\":{\"@id\":\"https:\\\/\\\/elizabethmaymp.ca\\\/fr\\\/greens-join-the-conversation-on-mental-health-on-bells-lets-talk-day\\\/#breadcrumb\"},\"inLanguage\":\"en-US\",\"potentialAction\":[{\"@type\":\"ReadAction\",\"target\":[[\"https:\\\/\\\/elizabethmaymp.ca\\\/fr\\\/greens-join-the-conversation-on-mental-health-on-bells-lets-talk-day\\\/\"]]}]},{\"@type\":\"BreadcrumbList\",\"@id\":\"https:\\\/\\\/elizabethmaymp.ca\\\/fr\\\/greens-join-the-conversation-on-mental-health-on-bells-lets-talk-day\\\/#breadcrumb\",\"itemListElement\":[{\"@type\":\"ListItem\",\"position\":1,\"name\":\"Home\",\"item\":\"https:\\\/\\\/elizabethmaymp.ca\\\/fr\\\/\"},{\"@type\":\"ListItem\",\"position\":2,\"name\":\"Greens Join the Conversation on Mental Health on Bell\u2019s Let\u2019s Talk Day\"}]},{\"@type\":\"WebSite\",\"@id\":\"https:\\\/\\\/elizabethmaymp.ca\\\/fr\\\/#website\",\"url\":\"https:\\\/\\\/elizabethmaymp.ca\\\/fr\\\/\",\"name\":\"Elizabeth May\",\"description\":\"MP for Saanich and Gulf Islands\",\"publisher\":{\"@id\":\"https:\\\/\\\/elizabethmaymp.ca\\\/fr\\\/#organization\"},\"potentialAction\":[{\"@type\":\"SearchAction\",\"target\":{\"@type\":\"EntryPoint\",\"urlTemplate\":\"https:\\\/\\\/elizabethmaymp.ca\\\/fr\\\/?s={search_term_string}\"},\"query-input\":{\"@type\":\"PropertyValueSpecification\",\"valueRequired\":true,\"valueName\":\"search_term_string\"}}],\"inLanguage\":\"en-US\"},{\"@type\":\"Organization\",\"@id\":\"https:\\\/\\\/elizabethmaymp.ca\\\/fr\\\/#organization\",\"name\":\"Elizabeth May MP\",\"url\":\"https:\\\/\\\/elizabethmaymp.ca\\\/fr\\\/\",\"logo\":{\"@type\":\"ImageObject\",\"inLanguage\":\"en-US\",\"@id\":\"https:\\\/\\\/elizabethmaymp.ca\\\/fr\\\/#\\\/schema\\\/logo\\\/image\\\/\",\"url\":\"https:\\\/\\\/elizabethmaymp.ca\\\/wp-content\\\/uploads\\\/elizabethmay-button.png\",\"contentUrl\":\"https:\\\/\\\/elizabethmaymp.ca\\\/wp-content\\\/uploads\\\/elizabethmay-button.png\",\"width\":1501,\"height\":1501,\"caption\":\"Elizabeth May MP\"},\"image\":{\"@id\":\"https:\\\/\\\/elizabethmaymp.ca\\\/fr\\\/#\\\/schema\\\/logo\\\/image\\\/\"},\"sameAs\":[\"https:\\\/\\\/www.facebook.com\\\/ElizabethMayMP\",\"https:\\\/\\\/x.com\\\/elizabethmay\"]},{\"@type\":\"Person\",\"@id\":\"https:\\\/\\\/elizabethmaymp.ca\\\/#\\\/schema\\\/person\\\/e7a1fbc380fd4c19176b5982c661d059\",\"name\":\"Elizabeth May\",\"image\":{\"@type\":\"ImageObject\",\"inLanguage\":\"en-US\",\"@id\":\"https:\\\/\\\/secure.gravatar.com\\\/avatar\\\/b8efd941c6eba6725d889f361d17f353cac505020f96e94b01d8405a4e1bdf17?s=96&d=mm&r=g\",\"url\":\"https:\\\/\\\/secure.gravatar.com\\\/avatar\\\/b8efd941c6eba6725d889f361d17f353cac505020f96e94b01d8405a4e1bdf17?s=96&d=mm&r=g\",\"contentUrl\":\"https:\\\/\\\/secure.gravatar.com\\\/avatar\\\/b8efd941c6eba6725d889f361d17f353cac505020f96e94b01d8405a4e1bdf17?s=96&d=mm&r=g\",\"caption\":\"Elizabeth May\"},\"url\":\"https:\\\/\\\/elizabethmaymp.ca\\\/fr\\\/author\\\/holly-stanczak\\\/\"}]}<\/script>\n<!-- \/ Yoast SEO plugin. -->","yoast_head_json":{"title":"Les verts appuient la Journ\u00e9e Bell Cause pour la cause | Elizabeth May","robots":{"index":"index","follow":"follow","max-snippet":"max-snippet:-1","max-image-preview":"max-image-preview:large","max-video-preview":"max-video-preview:-1"},"canonical":"https:\/\/elizabethmaymp.ca\/fr\/greens-join-the-conversation-on-mental-health-on-bells-lets-talk-day\/","og_locale":"en_US","og_type":"article","og_title":"Les verts appuient la Journ\u00e9e Bell Cause pour la cause | Elizabeth May","og_description":"OTTAWA \u2013 La chef du Parti vert du Canada et d\u00e9put\u00e9e de Saanich \u2013 Gulf Islands, Elizabeth May, appuie les efforts annuels de Bell Canada d\u2019engager le dialogue&hellip;","og_url":"https:\/\/elizabethmaymp.ca\/fr\/greens-join-the-conversation-on-mental-health-on-bells-lets-talk-day\/","og_site_name":"Elizabeth May","article_publisher":"https:\/\/www.facebook.com\/ElizabethMayMP","article_published_time":"2015-01-28T22:15:59+00:00","og_image":[{"width":512,"height":512,"url":"https:\/\/elizabethmaymp.ca\/wp-content\/uploads\/cropped-elizabethmay-button.png","type":"image\/png"}],"author":"Elizabeth May","twitter_card":"summary_large_image","twitter_creator":"@elizabethmay","twitter_site":"@elizabethmay","twitter_misc":{"Written by":"Elizabeth May","Est. reading time":"2 minutes"},"schema":{"@context":"https:\/\/schema.org","@graph":[{"@type":"Article","@id":"https:\/\/elizabethmaymp.ca\/greens-join-the-conversation-on-mental-health-on-bells-lets-talk-day\/#article","isPartOf":{"@id":"https:\/\/elizabethmaymp.ca\/greens-join-the-conversation-on-mental-health-on-bells-lets-talk-day\/"},"author":{"name":"Elizabeth May","@id":"https:\/\/elizabethmaymp.ca\/#\/schema\/person\/e7a1fbc380fd4c19176b5982c661d059"},"headline":"Les verts appuient la Journ\u00e9e Bell Cause pour la cause","datePublished":"2015-01-28T22:15:59+00:00","mainEntityOfPage":{"@id":"https:\/\/elizabethmaymp.ca\/greens-join-the-conversation-on-mental-health-on-bells-lets-talk-day\/"},"wordCount":421,"commentCount":7,"publisher":{"@id":"https:\/\/elizabethmaymp.ca\/#organization"},"articleSection":["Communiqu\u00e9s"],"inLanguage":"en-US"},{"@type":"WebPage","@id":"https:\/\/elizabethmaymp.ca\/fr\/greens-join-the-conversation-on-mental-health-on-bells-lets-talk-day\/","url":"https:\/\/elizabethmaymp.ca\/fr\/greens-join-the-conversation-on-mental-health-on-bells-lets-talk-day\/","name":"Greens Join the Conversation on Mental Health on Bell\u2019s Let\u2019s Talk DayLes verts appuient la Journ\u00e9e Bell Cause pour la cause | Elizabeth May","isPartOf":{"@id":"https:\/\/elizabethmaymp.ca\/fr\/#website"},"datePublished":"2015-01-28T22:15:59+00:00","breadcrumb":{"@id":"https:\/\/elizabethmaymp.ca\/fr\/greens-join-the-conversation-on-mental-health-on-bells-lets-talk-day\/#breadcrumb"},"inLanguage":"en-US","potentialAction":[{"@type":"ReadAction","target":[["https:\/\/elizabethmaymp.ca\/fr\/greens-join-the-conversation-on-mental-health-on-bells-lets-talk-day\/"]]}]},{"@type":"BreadcrumbList","@id":"https:\/\/elizabethmaymp.ca\/fr\/greens-join-the-conversation-on-mental-health-on-bells-lets-talk-day\/#breadcrumb","itemListElement":[{"@type":"ListItem","position":1,"name":"Home","item":"https:\/\/elizabethmaymp.ca\/fr\/"},{"@type":"ListItem","position":2,"name":"Greens Join the Conversation on Mental Health on Bell\u2019s Let\u2019s Talk Day"}]},{"@type":"WebSite","@id":"https:\/\/elizabethmaymp.ca\/fr\/#website","url":"https:\/\/elizabethmaymp.ca\/fr\/","name":"Elizabeth May","description":"MP for Saanich and Gulf Islands","publisher":{"@id":"https:\/\/elizabethmaymp.ca\/fr\/#organization"},"potentialAction":[{"@type":"SearchAction","target":{"@type":"EntryPoint","urlTemplate":"https:\/\/elizabethmaymp.ca\/fr\/?s={search_term_string}"},"query-input":{"@type":"PropertyValueSpecification","valueRequired":true,"valueName":"search_term_string"}}],"inLanguage":"en-US"},{"@type":"Organization","@id":"https:\/\/elizabethmaymp.ca\/fr\/#organization","name":"Elizabeth May MP","url":"https:\/\/elizabethmaymp.ca\/fr\/","logo":{"@type":"ImageObject","inLanguage":"en-US","@id":"https:\/\/elizabethmaymp.ca\/fr\/#\/schema\/logo\/image\/","url":"https:\/\/elizabethmaymp.ca\/wp-content\/uploads\/elizabethmay-button.png","contentUrl":"https:\/\/elizabethmaymp.ca\/wp-content\/uploads\/elizabethmay-button.png","width":1501,"height":1501,"caption":"Elizabeth May MP"},"image":{"@id":"https:\/\/elizabethmaymp.ca\/fr\/#\/schema\/logo\/image\/"},"sameAs":["https:\/\/www.facebook.com\/ElizabethMayMP","https:\/\/x.com\/elizabethmay"]},{"@type":"Person","@id":"https:\/\/elizabethmaymp.ca\/#\/schema\/person\/e7a1fbc380fd4c19176b5982c661d059","name":"Elizabeth May","image":{"@type":"ImageObject","inLanguage":"en-US","@id":"https:\/\/secure.gravatar.com\/avatar\/b8efd941c6eba6725d889f361d17f353cac505020f96e94b01d8405a4e1bdf17?s=96&d=mm&r=g","url":"https:\/\/secure.gravatar.com\/avatar\/b8efd941c6eba6725d889f361d17f353cac505020f96e94b01d8405a4e1bdf17?s=96&d=mm&r=g","contentUrl":"https:\/\/secure.gravatar.com\/avatar\/b8efd941c6eba6725d889f361d17f353cac505020f96e94b01d8405a4e1bdf17?s=96&d=mm&r=g","caption":"Elizabeth May"},"url":"https:\/\/elizabethmaymp.ca\/fr\/author\/holly-stanczak\/"}]}},"_links":{"self":[{"href":"https:\/\/elizabethmaymp.ca\/fr\/wp-json\/wp\/v2\/posts\/14743","targetHints":{"allow":["GET"]}}],"collection":[{"href":"https:\/\/elizabethmaymp.ca\/fr\/wp-json\/wp\/v2\/posts"}],"about":[{"href":"https:\/\/elizabethmaymp.ca\/fr\/wp-json\/wp\/v2\/types\/post"}],"author":[{"embeddable":true,"href":"https:\/\/elizabethmaymp.ca\/fr\/wp-json\/wp\/v2\/users\/1378"}],"replies":[{"embeddable":true,"href":"https:\/\/elizabethmaymp.ca\/fr\/wp-json\/wp\/v2\/comments?post=14743"}],"version-history":[{"count":1,"href":"https:\/\/elizabethmaymp.ca\/fr\/wp-json\/wp\/v2\/posts\/14743\/revisions"}],"predecessor-version":[{"id":14744,"href":"https:\/\/elizabethmaymp.ca\/fr\/wp-json\/wp\/v2\/posts\/14743\/revisions\/14744"}],"wp:attachment":[{"href":"https:\/\/elizabethmaymp.ca\/fr\/wp-json\/wp\/v2\/media?parent=14743"}],"wp:term":[{"taxonomy":"category","embeddable":true,"href":"https:\/\/elizabethmaymp.ca\/fr\/wp-json\/wp\/v2\/categories?post=14743"},{"taxonomy":"post_tag","embeddable":true,"href":"https:\/\/elizabethmaymp.ca\/fr\/wp-json\/wp\/v2\/tags?post=14743"}],"curies":[{"name":"wp","href":"https:\/\/api.w.org\/{rel}","templated":true}]}}