{"id":1488,"date":"2011-11-29T17:26:25","date_gmt":"2011-11-29T22:26:25","guid":{"rendered":"http:\/\/dev2.elizabethmaymp.ca\/?p=1488"},"modified":"2015-04-10T16:21:01","modified_gmt":"2015-04-10T20:21:01","slug":"6-1-democratic-renewal-and-proportional-representation","status":"publish","type":"post","link":"https:\/\/elizabethmaymp.ca\/fr\/6-1-democratic-renewal-and-proportional-representation\/","title":{"rendered":"6.1 Renouvellement d\u00e9mocratique et repr\u00e9sentation proportionnelle"},"content":{"rendered":"<p>Notre syst\u00e8me \u00e9lectoral punit injustement les \u00e9lectrices et les \u00e9lecteurs du Parti conservateur vivant dans les villes, les \u00e9lectrices et les \u00e9lecteurs lib\u00e9raux et du NPD de l\u2019Ouest, et les \u00e9lectrices et les \u00e9lecteurs des verts de l\u2019ensemble du Canada. Ce syst\u00e8me ne permet pas d\u2019\u00e9lire un gouvernement repr\u00e9sentatif de la diversit\u00e9 des gens du Canada, en plus de ne pas correspondre pr\u00e9cis\u00e9ment aux souhaits de l\u2019\u00e9lectorat. En fait, le Canada est l\u2019une des derni\u00e8res d\u00e9mocraties parlementaires au monde \u00e0 utiliser ce syst\u00e8me majoritaire uninominal d\u00e9suet. Les Canadiens en ont assez d\u2019un syst\u00e8me \u00e9lectoral qui fait en sorte que la moiti\u00e9 des \u00e9lecteurs n\u2019ont pas de repr\u00e9sentation. Les Canadiennes et les Canadiens sont pr\u00eats pour une r\u00e9forme d\u00e9mocratique.<\/p>\n<div>\n<p>Le Parti vert du Canada croit que la d\u00e9mocratie canadienne profiterait de la r\u00e9duction des obstacles financiers \u00e0 la pr\u00e9sentation d\u2019une candidature lors d\u2019une \u00e9lection, \u00e0 la r\u00e9duction de l\u2019\u00e2ge \u00e9lectoral (\u00e0 16 ans) pour accro\u00eetre la participation des jeunes, et au passage \u00e0 un syst\u00e8me \u00e9lectoral qui traduit de fa\u00e7on plus juste les suffrages exprim\u00e9s en repr\u00e9sentation au Parlement.<\/p>\n<p>Les d\u00e9put\u00e9s verts\u00a0:<\/p>\n<ul>\n<li>L\u00e9gif\u00e9reront pour abolir le syst\u00e8me uninominal \u00e0 majorit\u00e9 simple et cr\u00e9eront imm\u00e9diatement une assembl\u00e9e citoyenne non partisane pour examiner les diff\u00e9rents syst\u00e8mes \u00e9lectoraux utilis\u00e9s de par le monde et entamer des consultations publiques sur le type de repr\u00e9sentation proportionnelle le plus adapt\u00e9 aux besoins du Canada. L\u2019assembl\u00e9e aura pour mandat de faire des recommandations au Parlement dans un d\u00e9lai de douze mois sur la r\u00e9forme \u00e0 entreprendre avec une \u00e9bauche de projet de loi.<\/li>\n<li>L\u2019assembl\u00e9e citoyenne invitera les Canadiens et les Canadiennes d\u2019un bout \u00e0 l\u2019autre du pays \u00e0 se pencher sur les tendances antid\u00e9mocratiques suivantes\u00a0:<\/li>\n<\/ul>\n<ol>\n<li>Le pouvoir de plus en plus grand et malsain du bureau du premier ministre.<\/li>\n<li>Le peu de port\u00e9e des initiatives ind\u00e9pendantes de d\u00e9put\u00e9s.<\/li>\n<li>L\u2019utilisation de la prorogation pour \u00e9viter tout ce qui pourrait embarrasser le gouvernement, en violation avec les coutumes et les traditions du Parlement.<\/li>\n<li>L\u2019abus par le S\u00e9nat du r\u00f4le de second examen o\u00f9 l\u2019on rejette des projets de loi adopt\u00e9s par la Chambre des communes, comme ce f\u00fbt le cas en novembre 2010 lorsque le Projet de loi C-311 a \u00e9t\u00e9 battu sans d\u00e9bat (la Loi sur la responsabilit\u00e9 en mati\u00e8re de changements climatiques).<\/li>\n<li>Les recommandations de l\u2019enqu\u00eate publique seront pr\u00e9sent\u00e9es comme des options aux \u00e9lecteurs et \u00e9lectrices canadiens.<\/li>\n<\/ol>\n<ul>\n<li>Tiendront des \u00e9lections \u00e0 intervalles fixes, contribuant ainsi \u00e0 une stabilit\u00e9 politique accrue et \u00e0 des \u00e9lections plus justes.<\/li>\n<li>R\u00e9duiront le d\u00e9p\u00f4t du candidat obligatoire de 1000 $ pour inciter davantage de Canadiennes et de Canadiens \u00e0 participer \u00e0 la vie politique.<\/li>\n<li>\u00c9limineront tout syst\u00e8me qui permet de faire fi au sein des partis du processus de s\u00e9lection des candidats.<\/li>\n<li>Couperont de moiti\u00e9 le budget du bureau du premier ministre.<\/li>\n<\/ul>\n<\/div>\n<p><\/p>","protected":false},"excerpt":{"rendered":"<p>Notre syst\u00e8me \u00e9lectoral punit injustement les \u00e9lectrices et les \u00e9lecteurs du Parti conservateur vivant dans les villes, les \u00e9lectrices et les \u00e9lecteurs lib\u00e9raux et du NPD de l\u2019Ouest,&hellip;<\/p>\n","protected":false},"author":3,"featured_media":0,"comment_status":"open","ping_status":"open","sticky":false,"template":"","format":"standard","meta":{"_acf_changed":false,"_price":"","_stock":"","_tribe_ticket_header":"","_tribe_default_ticket_provider":"","_tribe_ticket_capacity":"","_ticket_start_date":"","_ticket_end_date":"","_tribe_ticket_show_description":"","_tribe_ticket_show_not_going":false,"_tribe_ticket_use_global_stock":"","_tribe_ticket_global_stock_level":"","_global_stock_mode":"","_global_stock_cap":"","_tribe_rsvp_for_event":"","_tribe_ticket_going_count":"","_tribe_ticket_not_going_count":"","_tribe_tickets_list":"[]","_tribe_ticket_has_attendee_info_fields":false,"footnotes":""},"categories":[158],"tags":[],"class_list":["post-1488","post","type-post","status-publish","format-standard","hentry","category-vision-green"],"acf":[],"yoast_head":"<!-- This site is optimized with the Yoast SEO plugin v27.5 - https:\/\/yoast.com\/product\/yoast-seo-wordpress\/ -->\n<title>6.1 Renouvellement d\u00e9mocratique et repr\u00e9sentation proportionnelle | Elizabeth May<\/title>\n<meta name=\"robots\" content=\"index, follow, max-snippet:-1, max-image-preview:large, max-video-preview:-1\" \/>\n<link rel=\"canonical\" href=\"https:\/\/elizabethmaymp.ca\/fr\/6-1-democratic-renewal-and-proportional-representation\/\" \/>\n<meta property=\"og:locale\" content=\"en_US\" \/>\n<meta property=\"og:type\" content=\"article\" \/>\n<meta property=\"og:title\" content=\"6.1 Renouvellement d\u00e9mocratique et repr\u00e9sentation proportionnelle | Elizabeth May\" \/>\n<meta property=\"og:description\" content=\"Notre syst\u00e8me \u00e9lectoral punit injustement les \u00e9lectrices et les \u00e9lecteurs du Parti conservateur vivant dans les villes, les \u00e9lectrices et les \u00e9lecteurs lib\u00e9raux et du NPD de l\u2019Ouest,&hellip;\" \/>\n<meta property=\"og:url\" content=\"https:\/\/elizabethmaymp.ca\/fr\/6-1-democratic-renewal-and-proportional-representation\/\" \/>\n<meta property=\"og:site_name\" content=\"Elizabeth May\" \/>\n<meta property=\"article:publisher\" content=\"https:\/\/www.facebook.com\/ElizabethMayMP\" \/>\n<meta property=\"article:published_time\" content=\"2011-11-29T22:26:25+00:00\" \/>\n<meta property=\"article:modified_time\" content=\"2015-04-10T20:21:01+00:00\" \/>\n<meta property=\"og:image\" content=\"https:\/\/elizabethmaymp.ca\/wp-content\/uploads\/cropped-elizabethmay-button.png\" \/>\n\t<meta property=\"og:image:width\" content=\"512\" \/>\n\t<meta property=\"og:image:height\" content=\"512\" \/>\n\t<meta property=\"og:image:type\" content=\"image\/png\" \/>\n<meta name=\"author\" content=\"Craig Cantin\" \/>\n<meta name=\"twitter:card\" content=\"summary_large_image\" \/>\n<meta name=\"twitter:creator\" content=\"@elizabethmay\" \/>\n<meta name=\"twitter:site\" content=\"@elizabethmay\" \/>\n<meta name=\"twitter:label1\" content=\"Written by\" \/>\n\t<meta name=\"twitter:data1\" content=\"Craig Cantin\" \/>\n\t<meta name=\"twitter:label2\" content=\"Est. reading time\" \/>\n\t<meta name=\"twitter:data2\" content=\"4 minutes\" \/>\n<script type=\"application\/ld+json\" class=\"yoast-schema-graph\">{\"@context\":\"https:\\\/\\\/schema.org\",\"@graph\":[{\"@type\":\"Article\",\"@id\":\"https:\\\/\\\/elizabethmaymp.ca\\\/fr\\\/6-1-democratic-renewal-and-proportional-representation\\\/#article\",\"isPartOf\":{\"@id\":\"https:\\\/\\\/elizabethmaymp.ca\\\/fr\\\/6-1-democratic-renewal-and-proportional-representation\\\/\"},\"author\":{\"name\":\"Craig Cantin\",\"@id\":\"https:\\\/\\\/elizabethmaymp.ca\\\/#\\\/schema\\\/person\\\/d3f03a762a6bc9b615b1cc303ebf0c1f\"},\"headline\":\"6.1 Renouvellement d\u00e9mocratique et repr\u00e9sentation proportionnelle\",\"datePublished\":\"2011-11-29T22:26:25+00:00\",\"dateModified\":\"2015-04-10T20:21:01+00:00\",\"mainEntityOfPage\":{\"@id\":\"https:\\\/\\\/elizabethmaymp.ca\\\/fr\\\/6-1-democratic-renewal-and-proportional-representation\\\/\"},\"wordCount\":888,\"commentCount\":0,\"publisher\":{\"@id\":\"https:\\\/\\\/elizabethmaymp.ca\\\/#organization\"},\"articleSection\":[\"Vision Green\"],\"inLanguage\":\"en-US\"},{\"@type\":\"WebPage\",\"@id\":\"https:\\\/\\\/elizabethmaymp.ca\\\/fr\\\/6-1-democratic-renewal-and-proportional-representation\\\/\",\"url\":\"https:\\\/\\\/elizabethmaymp.ca\\\/fr\\\/6-1-democratic-renewal-and-proportional-representation\\\/\",\"name\":\"6.1 Democratic renewal and proportional representation6.1 Renouvellement d\u00e9mocratique et repr\u00e9sentation proportionnelle | Elizabeth May\",\"isPartOf\":{\"@id\":\"https:\\\/\\\/elizabethmaymp.ca\\\/fr\\\/#website\"},\"datePublished\":\"2011-11-29T22:26:25+00:00\",\"dateModified\":\"2015-04-10T20:21:01+00:00\",\"breadcrumb\":{\"@id\":\"https:\\\/\\\/elizabethmaymp.ca\\\/fr\\\/6-1-democratic-renewal-and-proportional-representation\\\/#breadcrumb\"},\"inLanguage\":\"en-US\",\"potentialAction\":[{\"@type\":\"ReadAction\",\"target\":[[\"https:\\\/\\\/elizabethmaymp.ca\\\/fr\\\/6-1-democratic-renewal-and-proportional-representation\\\/\"]]}]},{\"@type\":\"BreadcrumbList\",\"@id\":\"https:\\\/\\\/elizabethmaymp.ca\\\/fr\\\/6-1-democratic-renewal-and-proportional-representation\\\/#breadcrumb\",\"itemListElement\":[{\"@type\":\"ListItem\",\"position\":1,\"name\":\"Home\",\"item\":\"https:\\\/\\\/elizabethmaymp.ca\\\/fr\\\/\"},{\"@type\":\"ListItem\",\"position\":2,\"name\":\"6.1 Democratic renewal and proportional representation\"}]},{\"@type\":\"WebSite\",\"@id\":\"https:\\\/\\\/elizabethmaymp.ca\\\/fr\\\/#website\",\"url\":\"https:\\\/\\\/elizabethmaymp.ca\\\/fr\\\/\",\"name\":\"Elizabeth May\",\"description\":\"MP for Saanich and Gulf Islands\",\"publisher\":{\"@id\":\"https:\\\/\\\/elizabethmaymp.ca\\\/fr\\\/#organization\"},\"potentialAction\":[{\"@type\":\"SearchAction\",\"target\":{\"@type\":\"EntryPoint\",\"urlTemplate\":\"https:\\\/\\\/elizabethmaymp.ca\\\/fr\\\/?s={search_term_string}\"},\"query-input\":{\"@type\":\"PropertyValueSpecification\",\"valueRequired\":true,\"valueName\":\"search_term_string\"}}],\"inLanguage\":\"en-US\"},{\"@type\":\"Organization\",\"@id\":\"https:\\\/\\\/elizabethmaymp.ca\\\/fr\\\/#organization\",\"name\":\"Elizabeth May MP\",\"url\":\"https:\\\/\\\/elizabethmaymp.ca\\\/fr\\\/\",\"logo\":{\"@type\":\"ImageObject\",\"inLanguage\":\"en-US\",\"@id\":\"https:\\\/\\\/elizabethmaymp.ca\\\/fr\\\/#\\\/schema\\\/logo\\\/image\\\/\",\"url\":\"https:\\\/\\\/elizabethmaymp.ca\\\/wp-content\\\/uploads\\\/elizabethmay-button.png\",\"contentUrl\":\"https:\\\/\\\/elizabethmaymp.ca\\\/wp-content\\\/uploads\\\/elizabethmay-button.png\",\"width\":1501,\"height\":1501,\"caption\":\"Elizabeth May MP\"},\"image\":{\"@id\":\"https:\\\/\\\/elizabethmaymp.ca\\\/fr\\\/#\\\/schema\\\/logo\\\/image\\\/\"},\"sameAs\":[\"https:\\\/\\\/www.facebook.com\\\/ElizabethMayMP\",\"https:\\\/\\\/x.com\\\/elizabethmay\"]},{\"@type\":\"Person\",\"@id\":\"https:\\\/\\\/elizabethmaymp.ca\\\/#\\\/schema\\\/person\\\/d3f03a762a6bc9b615b1cc303ebf0c1f\",\"name\":\"Craig Cantin\",\"image\":{\"@type\":\"ImageObject\",\"inLanguage\":\"en-US\",\"@id\":\"https:\\\/\\\/secure.gravatar.com\\\/avatar\\\/4c95358098caf4f50815f5fc942d6d14142d8b46ece2b18c21ac1fb7d38545a4?s=96&d=mm&r=g\",\"url\":\"https:\\\/\\\/secure.gravatar.com\\\/avatar\\\/4c95358098caf4f50815f5fc942d6d14142d8b46ece2b18c21ac1fb7d38545a4?s=96&d=mm&r=g\",\"contentUrl\":\"https:\\\/\\\/secure.gravatar.com\\\/avatar\\\/4c95358098caf4f50815f5fc942d6d14142d8b46ece2b18c21ac1fb7d38545a4?s=96&d=mm&r=g\",\"caption\":\"Craig Cantin\"},\"url\":\"https:\\\/\\\/elizabethmaymp.ca\\\/fr\\\/author\\\/craig-c\\\/\"}]}<\/script>\n<!-- \/ Yoast SEO plugin. -->","yoast_head_json":{"title":"6.1 Renouvellement d\u00e9mocratique et repr\u00e9sentation proportionnelle | Elizabeth May","robots":{"index":"index","follow":"follow","max-snippet":"max-snippet:-1","max-image-preview":"max-image-preview:large","max-video-preview":"max-video-preview:-1"},"canonical":"https:\/\/elizabethmaymp.ca\/fr\/6-1-democratic-renewal-and-proportional-representation\/","og_locale":"en_US","og_type":"article","og_title":"6.1 Renouvellement d\u00e9mocratique et repr\u00e9sentation proportionnelle | Elizabeth May","og_description":"Notre syst\u00e8me \u00e9lectoral punit injustement les \u00e9lectrices et les \u00e9lecteurs du Parti conservateur vivant dans les villes, les \u00e9lectrices et les \u00e9lecteurs lib\u00e9raux et du NPD de l\u2019Ouest,&hellip;","og_url":"https:\/\/elizabethmaymp.ca\/fr\/6-1-democratic-renewal-and-proportional-representation\/","og_site_name":"Elizabeth May","article_publisher":"https:\/\/www.facebook.com\/ElizabethMayMP","article_published_time":"2011-11-29T22:26:25+00:00","article_modified_time":"2015-04-10T20:21:01+00:00","og_image":[{"width":512,"height":512,"url":"https:\/\/elizabethmaymp.ca\/wp-content\/uploads\/cropped-elizabethmay-button.png","type":"image\/png"}],"author":"Craig Cantin","twitter_card":"summary_large_image","twitter_creator":"@elizabethmay","twitter_site":"@elizabethmay","twitter_misc":{"Written by":"Craig Cantin","Est. reading time":"4 minutes"},"schema":{"@context":"https:\/\/schema.org","@graph":[{"@type":"Article","@id":"https:\/\/elizabethmaymp.ca\/fr\/6-1-democratic-renewal-and-proportional-representation\/#article","isPartOf":{"@id":"https:\/\/elizabethmaymp.ca\/fr\/6-1-democratic-renewal-and-proportional-representation\/"},"author":{"name":"Craig Cantin","@id":"https:\/\/elizabethmaymp.ca\/#\/schema\/person\/d3f03a762a6bc9b615b1cc303ebf0c1f"},"headline":"6.1 Renouvellement d\u00e9mocratique et repr\u00e9sentation proportionnelle","datePublished":"2011-11-29T22:26:25+00:00","dateModified":"2015-04-10T20:21:01+00:00","mainEntityOfPage":{"@id":"https:\/\/elizabethmaymp.ca\/fr\/6-1-democratic-renewal-and-proportional-representation\/"},"wordCount":888,"commentCount":0,"publisher":{"@id":"https:\/\/elizabethmaymp.ca\/#organization"},"articleSection":["Vision Green"],"inLanguage":"en-US"},{"@type":"WebPage","@id":"https:\/\/elizabethmaymp.ca\/fr\/6-1-democratic-renewal-and-proportional-representation\/","url":"https:\/\/elizabethmaymp.ca\/fr\/6-1-democratic-renewal-and-proportional-representation\/","name":"6.1 Democratic renewal and proportional representation6.1 Renouvellement d\u00e9mocratique et repr\u00e9sentation proportionnelle | Elizabeth May","isPartOf":{"@id":"https:\/\/elizabethmaymp.ca\/fr\/#website"},"datePublished":"2011-11-29T22:26:25+00:00","dateModified":"2015-04-10T20:21:01+00:00","breadcrumb":{"@id":"https:\/\/elizabethmaymp.ca\/fr\/6-1-democratic-renewal-and-proportional-representation\/#breadcrumb"},"inLanguage":"en-US","potentialAction":[{"@type":"ReadAction","target":[["https:\/\/elizabethmaymp.ca\/fr\/6-1-democratic-renewal-and-proportional-representation\/"]]}]},{"@type":"BreadcrumbList","@id":"https:\/\/elizabethmaymp.ca\/fr\/6-1-democratic-renewal-and-proportional-representation\/#breadcrumb","itemListElement":[{"@type":"ListItem","position":1,"name":"Home","item":"https:\/\/elizabethmaymp.ca\/fr\/"},{"@type":"ListItem","position":2,"name":"6.1 Democratic renewal and proportional representation"}]},{"@type":"WebSite","@id":"https:\/\/elizabethmaymp.ca\/fr\/#website","url":"https:\/\/elizabethmaymp.ca\/fr\/","name":"Elizabeth May","description":"MP for Saanich and Gulf Islands","publisher":{"@id":"https:\/\/elizabethmaymp.ca\/fr\/#organization"},"potentialAction":[{"@type":"SearchAction","target":{"@type":"EntryPoint","urlTemplate":"https:\/\/elizabethmaymp.ca\/fr\/?s={search_term_string}"},"query-input":{"@type":"PropertyValueSpecification","valueRequired":true,"valueName":"search_term_string"}}],"inLanguage":"en-US"},{"@type":"Organization","@id":"https:\/\/elizabethmaymp.ca\/fr\/#organization","name":"Elizabeth May MP","url":"https:\/\/elizabethmaymp.ca\/fr\/","logo":{"@type":"ImageObject","inLanguage":"en-US","@id":"https:\/\/elizabethmaymp.ca\/fr\/#\/schema\/logo\/image\/","url":"https:\/\/elizabethmaymp.ca\/wp-content\/uploads\/elizabethmay-button.png","contentUrl":"https:\/\/elizabethmaymp.ca\/wp-content\/uploads\/elizabethmay-button.png","width":1501,"height":1501,"caption":"Elizabeth May MP"},"image":{"@id":"https:\/\/elizabethmaymp.ca\/fr\/#\/schema\/logo\/image\/"},"sameAs":["https:\/\/www.facebook.com\/ElizabethMayMP","https:\/\/x.com\/elizabethmay"]},{"@type":"Person","@id":"https:\/\/elizabethmaymp.ca\/#\/schema\/person\/d3f03a762a6bc9b615b1cc303ebf0c1f","name":"Craig Cantin","image":{"@type":"ImageObject","inLanguage":"en-US","@id":"https:\/\/secure.gravatar.com\/avatar\/4c95358098caf4f50815f5fc942d6d14142d8b46ece2b18c21ac1fb7d38545a4?s=96&d=mm&r=g","url":"https:\/\/secure.gravatar.com\/avatar\/4c95358098caf4f50815f5fc942d6d14142d8b46ece2b18c21ac1fb7d38545a4?s=96&d=mm&r=g","contentUrl":"https:\/\/secure.gravatar.com\/avatar\/4c95358098caf4f50815f5fc942d6d14142d8b46ece2b18c21ac1fb7d38545a4?s=96&d=mm&r=g","caption":"Craig Cantin"},"url":"https:\/\/elizabethmaymp.ca\/fr\/author\/craig-c\/"}]}},"_links":{"self":[{"href":"https:\/\/elizabethmaymp.ca\/fr\/wp-json\/wp\/v2\/posts\/1488","targetHints":{"allow":["GET"]}}],"collection":[{"href":"https:\/\/elizabethmaymp.ca\/fr\/wp-json\/wp\/v2\/posts"}],"about":[{"href":"https:\/\/elizabethmaymp.ca\/fr\/wp-json\/wp\/v2\/types\/post"}],"author":[{"embeddable":true,"href":"https:\/\/elizabethmaymp.ca\/fr\/wp-json\/wp\/v2\/users\/3"}],"replies":[{"embeddable":true,"href":"https:\/\/elizabethmaymp.ca\/fr\/wp-json\/wp\/v2\/comments?post=1488"}],"version-history":[{"count":3,"href":"https:\/\/elizabethmaymp.ca\/fr\/wp-json\/wp\/v2\/posts\/1488\/revisions"}],"predecessor-version":[{"id":15282,"href":"https:\/\/elizabethmaymp.ca\/fr\/wp-json\/wp\/v2\/posts\/1488\/revisions\/15282"}],"wp:attachment":[{"href":"https:\/\/elizabethmaymp.ca\/fr\/wp-json\/wp\/v2\/media?parent=1488"}],"wp:term":[{"taxonomy":"category","embeddable":true,"href":"https:\/\/elizabethmaymp.ca\/fr\/wp-json\/wp\/v2\/categories?post=1488"},{"taxonomy":"post_tag","embeddable":true,"href":"https:\/\/elizabethmaymp.ca\/fr\/wp-json\/wp\/v2\/tags?post=1488"}],"curies":[{"name":"wp","href":"https:\/\/api.w.org\/{rel}","templated":true}]}}