{"id":15807,"date":"2015-06-21T08:58:26","date_gmt":"2015-06-21T12:58:26","guid":{"rendered":"http:\/\/elizabethmaymp.ca?p=15807"},"modified":"2015-10-28T17:18:36","modified_gmt":"2015-10-28T21:18:36","slug":"elizabeth-may-statement-on-national-aboriginal-day","status":"publish","type":"post","link":"https:\/\/elizabethmaymp.ca\/fr\/elizabeth-may-statement-on-national-aboriginal-day\/","title":{"rendered":"D\u00e9claration du Parti vert \u00e0 l\u2019occasion de la Journ\u00e9e nationale des Autochtones"},"content":{"rendered":"<p>OTTAWA \u2013 Elizabeth May, chef du Parti vert du Canada et d\u00e9put\u00e9e de Saanich \u2013 Gulf Islands, fait la d\u00e9claration suivante \u00e0 l\u2019occasion de la Journ\u00e9e nationale des Autochtones:<\/p>\n<p>\u00ab Nous avons aujourd\u2019hui l\u2019occasion de c\u00e9l\u00e9brer la richesse et la diversit\u00e9 des cultures autochtones du Canada. Il s\u2019agit d\u2019un moment important dans notre histoire alors que nous reconnaissons les contributions remarquables faites au Canada par les peuples autochtones. Nous devons toutefois faire mieux pour corriger les erreurs du pass\u00e9. \u00bb<\/p>\n<p>\u00ab J\u2019\u00e9tais ravie lorsque la Chambre des communes a donn\u00e9 son consentement unanime \u00e0 ma motion visant \u00e0 d\u00e9poser les conclusions de la Commission de v\u00e9rit\u00e9 et de r\u00e9conciliation. Lors de la prochaine session parlementaire, nous travaillerons avec les d\u00e9put\u00e9s de tous les partis pour assurer que les recommandations de la Commission soient adopt\u00e9es. \u00bb<\/p>\n<p>Lorraine Rekmans, porte-parole du Parti vert en mati\u00e8re d\u2019affaires autochtones, candidate dans Leeds \u2013 Grenville \u2013 Thousand Islands et Rideau Lakes et membre de la Premi\u00e8re Nation de la rivi\u00e8re au Serpent de l\u2019Ontario, a \u00e9galement d\u00e9clar\u00e9 :<\/p>\n<p>\u00ab Le Canada doit s\u2019engager \u00e0 nouveau \u00e0 corriger les injustices du pass\u00e9. \u00c0 la suite des t\u00e9moignages des personnes qui ont \u00e9t\u00e9 entendues par la Commission de v\u00e9rit\u00e9 et de r\u00e9conciliation, nous sommes bien au fait des pr\u00e9judices qui ont \u00e9t\u00e9 caus\u00e9s. Nous connaissions la voie \u00e0 suivre depuis que la Commission royale sur les peuples autochtones a fait ses 440 recommandations il y a pr\u00e8s de 20 ans, en 1996. Le Canada doit investir dans la gu\u00e9rison pour les g\u00e9n\u00e9rations vol\u00e9es et travailler en partenariat avec les peuples autochtones pour effectuer un changement v\u00e9ritable et significatif. \u00bb<\/p>\n<p>\u00ab Nous devons honorer les peuples autochtones dont les anc\u00eatres ont parcouru ces terres bien avant la Conf\u00e9d\u00e9ration. Nous partageons ces terres et, avec eux, elles sont la Terre m\u00e8re pour nous tous. \u00bb<\/p>\n<p>Fran Hunt-Jinnouchi, porte-parole du Parti vert en mati\u00e8re de questions sur le statut de la femme, candidate dans Cowichan \u2013 Malahat \u2013 Langford et membre des Premi\u00e8res Nations Kawkiutl et Quatsino, a ajout\u00e9 :<\/p>\n<p>\u00ab Alors que nous c\u00e9l\u00e9brons la Journ\u00e9e nationale des Autochtones et la r\u00e9silience des Autochtones au Canada, il est important de noter l\u2019importance historique de 2015. La publication du rapport de la Commission de v\u00e9rit\u00e9 et de r\u00e9conciliation est un progr\u00e8s majeur pour aborder la question du sombre reliquat des pensionnats indiens et du g\u00e9nocide culturel. Les r\u00e9v\u00e9lations r\u00e9centes du v\u00e9rificateur g\u00e9n\u00e9ral et du Conseil priv\u00e9 de la Reine pour le Canada ont donn\u00e9 un aper\u00e7u du sous-financement chronique des Affaires autochtones, du manque de services de soins de sant\u00e9 ad\u00e9quats et des disparit\u00e9s socio\u00e9conomiques persistantes entre les Autochtones et les non Autochtones au Canada. \u00bb<\/p>\n<p>\u00ab Cette ann\u00e9e \u00e9lectorale est une occasion pour le Parti vert de continuer \u00e0 faire sortir de l\u2019ombre les probl\u00e8mes des Autochtones. Je suis fi\u00e8re du leadership d\u2019Elizabeth May qui a obtenu un appui unanime de la Chambre des communes pour d\u00e9poser le rapport de la CVR cette semaine. \u00bb<\/p>\n<p>Brenda Sayers, candidate du Parti vert dans North Island \u2013 Powell River et membre de la Premi\u00e8rer Nation Hupacasath, a conclu :<\/p>\n<p>\u00ab Nous savons toujours lorsque notre souverainet\u00e9 personnelle et nos droits ont \u00e9t\u00e9 viol\u00e9s. C\u2019est cet \u00e9veil qui nous inspire \u00e0 remettre les choses en question, \u00e0 nous tenir debout et \u00e0 dire la v\u00e9rit\u00e9 pour le plus grand bien de tous. Il faut beaucoup de courage pour le faire. \u00bb<\/p>\n<p>\u00ab En cette Journ\u00e9e nationale des Autochtones, je suis aux c\u00f4t\u00e9s de notre peuple pour continuer \u00e0 lutter contre l\u2019injustice et c\u00e9l\u00e9brer nos cultures. Je dis \u00e0 tous les guerriers qui ont d\u00e9fendu notre territoire et nos traditions \u2013 grands-m\u00e8res, grands-p\u00e8res, m\u00e8res, p\u00e8res, enfants et petits-enfants \u2013 je vous honore aujourd\u2019hui. \u00bb<\/p>","protected":false},"excerpt":{"rendered":"<p>OTTAWA \u2013 Elizabeth May, chef du Parti vert du Canada et d\u00e9put\u00e9e de Saanich \u2013 Gulf Islands, fait la d\u00e9claration suivante \u00e0 l\u2019occasion de la Journ\u00e9e nationale des&hellip;<\/p>\n","protected":false},"author":1378,"featured_media":0,"comment_status":"open","ping_status":"open","sticky":false,"template":"","format":"standard","meta":{"_acf_changed":false,"_price":"","_stock":"","_tribe_ticket_header":"","_tribe_default_ticket_provider":"","_tribe_ticket_capacity":"","_ticket_start_date":"","_ticket_end_date":"","_tribe_ticket_show_description":"","_tribe_ticket_show_not_going":false,"_tribe_ticket_use_global_stock":"","_tribe_ticket_global_stock_level":"","_global_stock_mode":"","_global_stock_cap":"","_tribe_rsvp_for_event":"","_tribe_ticket_going_count":"","_tribe_ticket_not_going_count":"","_tribe_tickets_list":"[]","_tribe_ticket_has_attendee_info_fields":false,"footnotes":""},"categories":[90,11],"tags":[75],"class_list":["post-15807","post","type-post","status-publish","format-standard","hentry","category-press-releases","category-publications","tag-first-nations"],"acf":[],"yoast_head":"<!-- This site is optimized with the Yoast SEO plugin v27.5 - https:\/\/yoast.com\/product\/yoast-seo-wordpress\/ -->\n<title>D\u00e9claration du Parti vert \u00e0 l\u2019occasion de la Journ\u00e9e nationale des Autochtones | Elizabeth May<\/title>\n<meta name=\"robots\" content=\"index, follow, max-snippet:-1, max-image-preview:large, max-video-preview:-1\" \/>\n<link rel=\"canonical\" href=\"https:\/\/elizabethmaymp.ca\/fr\/elizabeth-may-statement-on-national-aboriginal-day\/\" \/>\n<meta property=\"og:locale\" content=\"en_US\" \/>\n<meta property=\"og:type\" content=\"article\" \/>\n<meta property=\"og:title\" content=\"D\u00e9claration du Parti vert \u00e0 l\u2019occasion de la Journ\u00e9e nationale des Autochtones | Elizabeth May\" \/>\n<meta property=\"og:description\" content=\"OTTAWA \u2013 Elizabeth May, chef du Parti vert du Canada et d\u00e9put\u00e9e de Saanich \u2013 Gulf Islands, fait la d\u00e9claration suivante \u00e0 l\u2019occasion de la Journ\u00e9e nationale des&hellip;\" \/>\n<meta property=\"og:url\" content=\"https:\/\/elizabethmaymp.ca\/fr\/elizabeth-may-statement-on-national-aboriginal-day\/\" \/>\n<meta property=\"og:site_name\" content=\"Elizabeth May\" \/>\n<meta property=\"article:publisher\" content=\"https:\/\/www.facebook.com\/ElizabethMayMP\" \/>\n<meta property=\"article:published_time\" content=\"2015-06-21T12:58:26+00:00\" \/>\n<meta property=\"article:modified_time\" content=\"2015-10-28T21:18:36+00:00\" \/>\n<meta property=\"og:image\" content=\"https:\/\/elizabethmaymp.ca\/wp-content\/uploads\/cropped-elizabethmay-button.png\" \/>\n\t<meta property=\"og:image:width\" content=\"512\" \/>\n\t<meta property=\"og:image:height\" content=\"512\" \/>\n\t<meta property=\"og:image:type\" content=\"image\/png\" \/>\n<meta name=\"author\" content=\"Elizabeth May\" \/>\n<meta name=\"twitter:card\" content=\"summary_large_image\" \/>\n<meta name=\"twitter:creator\" content=\"@elizabethmay\" \/>\n<meta name=\"twitter:site\" content=\"@elizabethmay\" \/>\n<meta name=\"twitter:label1\" content=\"Written by\" \/>\n\t<meta name=\"twitter:data1\" content=\"Elizabeth May\" \/>\n\t<meta name=\"twitter:label2\" content=\"Est. reading time\" \/>\n\t<meta name=\"twitter:data2\" content=\"6 minutes\" \/>\n<script type=\"application\/ld+json\" class=\"yoast-schema-graph\">{\"@context\":\"https:\\\/\\\/schema.org\",\"@graph\":[{\"@type\":\"Article\",\"@id\":\"https:\\\/\\\/elizabethmaymp.ca\\\/fr\\\/elizabeth-may-statement-on-national-aboriginal-day\\\/#article\",\"isPartOf\":{\"@id\":\"https:\\\/\\\/elizabethmaymp.ca\\\/fr\\\/elizabeth-may-statement-on-national-aboriginal-day\\\/\"},\"author\":{\"name\":\"Elizabeth May\",\"@id\":\"https:\\\/\\\/elizabethmaymp.ca\\\/#\\\/schema\\\/person\\\/e7a1fbc380fd4c19176b5982c661d059\"},\"headline\":\"D\u00e9claration du Parti vert \u00e0 l\u2019occasion de la Journ\u00e9e nationale des Autochtones\",\"datePublished\":\"2015-06-21T12:58:26+00:00\",\"dateModified\":\"2015-10-28T21:18:36+00:00\",\"mainEntityOfPage\":{\"@id\":\"https:\\\/\\\/elizabethmaymp.ca\\\/fr\\\/elizabeth-may-statement-on-national-aboriginal-day\\\/\"},\"wordCount\":1181,\"commentCount\":0,\"publisher\":{\"@id\":\"https:\\\/\\\/elizabethmaymp.ca\\\/#organization\"},\"keywords\":[\"Les Premi\u00e8res nations\"],\"articleSection\":[\"Communiqu\u00e9s\",\"Publications\"],\"inLanguage\":\"en-US\"},{\"@type\":\"WebPage\",\"@id\":\"https:\\\/\\\/elizabethmaymp.ca\\\/fr\\\/elizabeth-may-statement-on-national-aboriginal-day\\\/\",\"url\":\"https:\\\/\\\/elizabethmaymp.ca\\\/fr\\\/elizabeth-may-statement-on-national-aboriginal-day\\\/\",\"name\":\"Elizabeth May Statement on National Aboriginal DayD\u00e9claration du Parti vert \u00e0 l\u2019occasion de la Journ\u00e9e nationale des Autochtones | Elizabeth May\",\"isPartOf\":{\"@id\":\"https:\\\/\\\/elizabethmaymp.ca\\\/fr\\\/#website\"},\"datePublished\":\"2015-06-21T12:58:26+00:00\",\"dateModified\":\"2015-10-28T21:18:36+00:00\",\"breadcrumb\":{\"@id\":\"https:\\\/\\\/elizabethmaymp.ca\\\/fr\\\/elizabeth-may-statement-on-national-aboriginal-day\\\/#breadcrumb\"},\"inLanguage\":\"en-US\",\"potentialAction\":[{\"@type\":\"ReadAction\",\"target\":[[\"https:\\\/\\\/elizabethmaymp.ca\\\/fr\\\/elizabeth-may-statement-on-national-aboriginal-day\\\/\"]]}]},{\"@type\":\"BreadcrumbList\",\"@id\":\"https:\\\/\\\/elizabethmaymp.ca\\\/fr\\\/elizabeth-may-statement-on-national-aboriginal-day\\\/#breadcrumb\",\"itemListElement\":[{\"@type\":\"ListItem\",\"position\":1,\"name\":\"Home\",\"item\":\"https:\\\/\\\/elizabethmaymp.ca\\\/fr\\\/\"},{\"@type\":\"ListItem\",\"position\":2,\"name\":\"D\u00e9claration du Parti vert \u00e0 l\u2019occasion de la Journ\u00e9e nationale des Autochtones\"}]},{\"@type\":\"WebSite\",\"@id\":\"https:\\\/\\\/elizabethmaymp.ca\\\/fr\\\/#website\",\"url\":\"https:\\\/\\\/elizabethmaymp.ca\\\/fr\\\/\",\"name\":\"Elizabeth May\",\"description\":\"MP for Saanich and Gulf Islands\",\"publisher\":{\"@id\":\"https:\\\/\\\/elizabethmaymp.ca\\\/fr\\\/#organization\"},\"potentialAction\":[{\"@type\":\"SearchAction\",\"target\":{\"@type\":\"EntryPoint\",\"urlTemplate\":\"https:\\\/\\\/elizabethmaymp.ca\\\/fr\\\/?s={search_term_string}\"},\"query-input\":{\"@type\":\"PropertyValueSpecification\",\"valueRequired\":true,\"valueName\":\"search_term_string\"}}],\"inLanguage\":\"en-US\"},{\"@type\":\"Organization\",\"@id\":\"https:\\\/\\\/elizabethmaymp.ca\\\/fr\\\/#organization\",\"name\":\"Elizabeth May MP\",\"url\":\"https:\\\/\\\/elizabethmaymp.ca\\\/fr\\\/\",\"logo\":{\"@type\":\"ImageObject\",\"inLanguage\":\"en-US\",\"@id\":\"https:\\\/\\\/elizabethmaymp.ca\\\/fr\\\/#\\\/schema\\\/logo\\\/image\\\/\",\"url\":\"https:\\\/\\\/elizabethmaymp.ca\\\/wp-content\\\/uploads\\\/elizabethmay-button.png\",\"contentUrl\":\"https:\\\/\\\/elizabethmaymp.ca\\\/wp-content\\\/uploads\\\/elizabethmay-button.png\",\"width\":1501,\"height\":1501,\"caption\":\"Elizabeth May MP\"},\"image\":{\"@id\":\"https:\\\/\\\/elizabethmaymp.ca\\\/fr\\\/#\\\/schema\\\/logo\\\/image\\\/\"},\"sameAs\":[\"https:\\\/\\\/www.facebook.com\\\/ElizabethMayMP\",\"https:\\\/\\\/x.com\\\/elizabethmay\"]},{\"@type\":\"Person\",\"@id\":\"https:\\\/\\\/elizabethmaymp.ca\\\/#\\\/schema\\\/person\\\/e7a1fbc380fd4c19176b5982c661d059\",\"name\":\"Elizabeth May\",\"image\":{\"@type\":\"ImageObject\",\"inLanguage\":\"en-US\",\"@id\":\"https:\\\/\\\/secure.gravatar.com\\\/avatar\\\/b8efd941c6eba6725d889f361d17f353cac505020f96e94b01d8405a4e1bdf17?s=96&d=mm&r=g\",\"url\":\"https:\\\/\\\/secure.gravatar.com\\\/avatar\\\/b8efd941c6eba6725d889f361d17f353cac505020f96e94b01d8405a4e1bdf17?s=96&d=mm&r=g\",\"contentUrl\":\"https:\\\/\\\/secure.gravatar.com\\\/avatar\\\/b8efd941c6eba6725d889f361d17f353cac505020f96e94b01d8405a4e1bdf17?s=96&d=mm&r=g\",\"caption\":\"Elizabeth May\"},\"url\":\"https:\\\/\\\/elizabethmaymp.ca\\\/fr\\\/author\\\/holly-stanczak\\\/\"}]}<\/script>\n<!-- \/ Yoast SEO plugin. -->","yoast_head_json":{"title":"D\u00e9claration du Parti vert \u00e0 l\u2019occasion de la Journ\u00e9e nationale des Autochtones | Elizabeth May","robots":{"index":"index","follow":"follow","max-snippet":"max-snippet:-1","max-image-preview":"max-image-preview:large","max-video-preview":"max-video-preview:-1"},"canonical":"https:\/\/elizabethmaymp.ca\/fr\/elizabeth-may-statement-on-national-aboriginal-day\/","og_locale":"en_US","og_type":"article","og_title":"D\u00e9claration du Parti vert \u00e0 l\u2019occasion de la Journ\u00e9e nationale des Autochtones | Elizabeth May","og_description":"OTTAWA \u2013 Elizabeth May, chef du Parti vert du Canada et d\u00e9put\u00e9e de Saanich \u2013 Gulf Islands, fait la d\u00e9claration suivante \u00e0 l\u2019occasion de la Journ\u00e9e nationale des&hellip;","og_url":"https:\/\/elizabethmaymp.ca\/fr\/elizabeth-may-statement-on-national-aboriginal-day\/","og_site_name":"Elizabeth May","article_publisher":"https:\/\/www.facebook.com\/ElizabethMayMP","article_published_time":"2015-06-21T12:58:26+00:00","article_modified_time":"2015-10-28T21:18:36+00:00","og_image":[{"width":512,"height":512,"url":"https:\/\/elizabethmaymp.ca\/wp-content\/uploads\/cropped-elizabethmay-button.png","type":"image\/png"}],"author":"Elizabeth May","twitter_card":"summary_large_image","twitter_creator":"@elizabethmay","twitter_site":"@elizabethmay","twitter_misc":{"Written by":"Elizabeth May","Est. reading time":"6 minutes"},"schema":{"@context":"https:\/\/schema.org","@graph":[{"@type":"Article","@id":"https:\/\/elizabethmaymp.ca\/fr\/elizabeth-may-statement-on-national-aboriginal-day\/#article","isPartOf":{"@id":"https:\/\/elizabethmaymp.ca\/fr\/elizabeth-may-statement-on-national-aboriginal-day\/"},"author":{"name":"Elizabeth May","@id":"https:\/\/elizabethmaymp.ca\/#\/schema\/person\/e7a1fbc380fd4c19176b5982c661d059"},"headline":"D\u00e9claration du Parti vert \u00e0 l\u2019occasion de la Journ\u00e9e nationale des Autochtones","datePublished":"2015-06-21T12:58:26+00:00","dateModified":"2015-10-28T21:18:36+00:00","mainEntityOfPage":{"@id":"https:\/\/elizabethmaymp.ca\/fr\/elizabeth-may-statement-on-national-aboriginal-day\/"},"wordCount":1181,"commentCount":0,"publisher":{"@id":"https:\/\/elizabethmaymp.ca\/#organization"},"keywords":["Les Premi\u00e8res nations"],"articleSection":["Communiqu\u00e9s","Publications"],"inLanguage":"en-US"},{"@type":"WebPage","@id":"https:\/\/elizabethmaymp.ca\/fr\/elizabeth-may-statement-on-national-aboriginal-day\/","url":"https:\/\/elizabethmaymp.ca\/fr\/elizabeth-may-statement-on-national-aboriginal-day\/","name":"Elizabeth May Statement on National Aboriginal DayD\u00e9claration du Parti vert \u00e0 l\u2019occasion de la Journ\u00e9e nationale des Autochtones | Elizabeth May","isPartOf":{"@id":"https:\/\/elizabethmaymp.ca\/fr\/#website"},"datePublished":"2015-06-21T12:58:26+00:00","dateModified":"2015-10-28T21:18:36+00:00","breadcrumb":{"@id":"https:\/\/elizabethmaymp.ca\/fr\/elizabeth-may-statement-on-national-aboriginal-day\/#breadcrumb"},"inLanguage":"en-US","potentialAction":[{"@type":"ReadAction","target":[["https:\/\/elizabethmaymp.ca\/fr\/elizabeth-may-statement-on-national-aboriginal-day\/"]]}]},{"@type":"BreadcrumbList","@id":"https:\/\/elizabethmaymp.ca\/fr\/elizabeth-may-statement-on-national-aboriginal-day\/#breadcrumb","itemListElement":[{"@type":"ListItem","position":1,"name":"Home","item":"https:\/\/elizabethmaymp.ca\/fr\/"},{"@type":"ListItem","position":2,"name":"D\u00e9claration du Parti vert \u00e0 l\u2019occasion de la Journ\u00e9e nationale des Autochtones"}]},{"@type":"WebSite","@id":"https:\/\/elizabethmaymp.ca\/fr\/#website","url":"https:\/\/elizabethmaymp.ca\/fr\/","name":"Elizabeth May","description":"MP for Saanich and Gulf Islands","publisher":{"@id":"https:\/\/elizabethmaymp.ca\/fr\/#organization"},"potentialAction":[{"@type":"SearchAction","target":{"@type":"EntryPoint","urlTemplate":"https:\/\/elizabethmaymp.ca\/fr\/?s={search_term_string}"},"query-input":{"@type":"PropertyValueSpecification","valueRequired":true,"valueName":"search_term_string"}}],"inLanguage":"en-US"},{"@type":"Organization","@id":"https:\/\/elizabethmaymp.ca\/fr\/#organization","name":"Elizabeth May MP","url":"https:\/\/elizabethmaymp.ca\/fr\/","logo":{"@type":"ImageObject","inLanguage":"en-US","@id":"https:\/\/elizabethmaymp.ca\/fr\/#\/schema\/logo\/image\/","url":"https:\/\/elizabethmaymp.ca\/wp-content\/uploads\/elizabethmay-button.png","contentUrl":"https:\/\/elizabethmaymp.ca\/wp-content\/uploads\/elizabethmay-button.png","width":1501,"height":1501,"caption":"Elizabeth May MP"},"image":{"@id":"https:\/\/elizabethmaymp.ca\/fr\/#\/schema\/logo\/image\/"},"sameAs":["https:\/\/www.facebook.com\/ElizabethMayMP","https:\/\/x.com\/elizabethmay"]},{"@type":"Person","@id":"https:\/\/elizabethmaymp.ca\/#\/schema\/person\/e7a1fbc380fd4c19176b5982c661d059","name":"Elizabeth May","image":{"@type":"ImageObject","inLanguage":"en-US","@id":"https:\/\/secure.gravatar.com\/avatar\/b8efd941c6eba6725d889f361d17f353cac505020f96e94b01d8405a4e1bdf17?s=96&d=mm&r=g","url":"https:\/\/secure.gravatar.com\/avatar\/b8efd941c6eba6725d889f361d17f353cac505020f96e94b01d8405a4e1bdf17?s=96&d=mm&r=g","contentUrl":"https:\/\/secure.gravatar.com\/avatar\/b8efd941c6eba6725d889f361d17f353cac505020f96e94b01d8405a4e1bdf17?s=96&d=mm&r=g","caption":"Elizabeth May"},"url":"https:\/\/elizabethmaymp.ca\/fr\/author\/holly-stanczak\/"}]}},"_links":{"self":[{"href":"https:\/\/elizabethmaymp.ca\/fr\/wp-json\/wp\/v2\/posts\/15807","targetHints":{"allow":["GET"]}}],"collection":[{"href":"https:\/\/elizabethmaymp.ca\/fr\/wp-json\/wp\/v2\/posts"}],"about":[{"href":"https:\/\/elizabethmaymp.ca\/fr\/wp-json\/wp\/v2\/types\/post"}],"author":[{"embeddable":true,"href":"https:\/\/elizabethmaymp.ca\/fr\/wp-json\/wp\/v2\/users\/1378"}],"replies":[{"embeddable":true,"href":"https:\/\/elizabethmaymp.ca\/fr\/wp-json\/wp\/v2\/comments?post=15807"}],"version-history":[{"count":4,"href":"https:\/\/elizabethmaymp.ca\/fr\/wp-json\/wp\/v2\/posts\/15807\/revisions"}],"predecessor-version":[{"id":15865,"href":"https:\/\/elizabethmaymp.ca\/fr\/wp-json\/wp\/v2\/posts\/15807\/revisions\/15865"}],"wp:attachment":[{"href":"https:\/\/elizabethmaymp.ca\/fr\/wp-json\/wp\/v2\/media?parent=15807"}],"wp:term":[{"taxonomy":"category","embeddable":true,"href":"https:\/\/elizabethmaymp.ca\/fr\/wp-json\/wp\/v2\/categories?post=15807"},{"taxonomy":"post_tag","embeddable":true,"href":"https:\/\/elizabethmaymp.ca\/fr\/wp-json\/wp\/v2\/tags?post=15807"}],"curies":[{"name":"wp","href":"https:\/\/api.w.org\/{rel}","templated":true}]}}