{"id":1615,"date":"2011-12-01T09:15:59","date_gmt":"2011-12-01T14:15:59","guid":{"rendered":"http:\/\/dev2.elizabethmaymp.ca\/?p=1615"},"modified":"2011-12-02T09:18:29","modified_gmt":"2011-12-02T14:18:29","slug":"citizens-arrest-and-self-defence-act-bill-c-26","status":"publish","type":"post","link":"https:\/\/elizabethmaymp.ca\/fr\/citizens-arrest-and-self-defence-act-bill-c-26\/","title":{"rendered":"Loi sur l&#8217;arrestation par des citoyens et la l\u00e9gitime d\u00e9fense (Loi C-26)"},"content":{"rendered":"<p>Madame la Pr\u00e9sidente, je remercie le d\u00e9put\u00e9 de Mont-Royal de son discours, en particulier parce qu&#8217;il a ramen\u00e9 sur le tapis la n\u00e9cessit\u00e9 de proc\u00e9der \u00e0 une vaste r\u00e9forme du Code criminel et de remettre sur pied la Commission de r\u00e9forme du droit du Canada.<\/p>\n<p>Dans l&#8217;ensemble, nous souscrivons aux objectifs du projet de loi. En juin dernier, le d\u00e9put\u00e9 de Mont-Royal et moi en avions convenu lorsque nous avons \u00e9tudi\u00e9 le projet de loi sur les m\u00e9gaproc\u00e8s. Les efforts d\u00e9ploy\u00e9s en vue d&#8217;am\u00e9liorer le projet de loi pour qu&#8217;il soit efficace ont \u00e9t\u00e9 jug\u00e9s irrecevables; par cons\u00e9quent, le projet de loi a \u00e9t\u00e9 adopt\u00e9 tel quel.<\/p>\n<p>La m\u00eame chose vient de se passer dans le cas du projet de loi C-10. On a \u00e9tudi\u00e9 en quatri\u00e8me vitesse les propositions faites en vue d&#8217;am\u00e9liorer le projet de loi dans l&#8217;int\u00e9r\u00eat du gouvernement et pour atteindre les objectifs qu&#8217;il s&#8217;\u00e9tait fix\u00e9s. Malheureusement, les amendements propos\u00e9s hier par le ministre de la S\u00e9curit\u00e9 publique, qui \u00e9taient presque identiques \u00e0 ceux pr\u00e9sent\u00e9s auparavant par le d\u00e9put\u00e9 de Mont-Royal, ont \u00e9t\u00e9 jug\u00e9s irrecevables, \u00e0 juste titre, par la pr\u00e9sidence.<\/p>\n<p>Est-ce que le comit\u00e9 prendra au s\u00e9rieux les propositions tr\u00e8s judicieuses du d\u00e9put\u00e9? Pense-t-il que le comit\u00e9 \u00e9tudiera le projet de loi C-26 dans un \u00e9tat d&#8217;esprit diff\u00e9rent de celui auquel il nous a habitu\u00e9s lorsqu&#8217;il s&#8217;est pench\u00e9 sur d&#8217;autres mesures l\u00e9gislatives au cours de la pr\u00e9sente session?<\/p>\n<p>L&#8217;hon. Irwin Cotler: Madame la Pr\u00e9sidente, la d\u00e9put\u00e9e a particip\u00e9 de tr\u00e8s pr\u00e8s aux d\u00e9lib\u00e9rations du Comit\u00e9 permanent de la justice et des questions juridiques, et elle sait de quoi elle parle.<\/p>\n<p>J&#8217;esp\u00e8re qu&#8217;\u00e0 la reprise des travaux de nos comit\u00e9s, nous proc\u00e9derons de mani\u00e8re \u00e0 permettre une \u00e9tude \u00e9clair\u00e9e et judicieuse des projets de loi dont nous sommes saisis. Je persiste \u00e0 croire, \u00e0 l&#8217;instar d&#8217;autres d\u00e9put\u00e9s, que le vrai probl\u00e8me concernant les d\u00e9lib\u00e9rations sur le projet de loi C-10 \u00e9tait le fait qu&#8217;il y avait non pas un, mais bien neuf projets de loi. Ceux-ci auraient d\u00fb \u00eatre scind\u00e9s pour que nous puissions les examiner s\u00e9par\u00e9ment.<\/p>\n<p>La d\u00e9put\u00e9e a parl\u00e9 de la mesure l\u00e9gislative qui porte sur la justice pour les victimes d&#8217;actes de terrorisme. J&#8217;ai propos\u00e9 quatre amendements, qui ont \u00e9t\u00e9 refus\u00e9s en comit\u00e9. Par la suite, le gouvernement a pr\u00e9sent\u00e9 \u00e0 nouveau les m\u00eames quatre amendements qu&#8217;il avait refus\u00e9s au comit\u00e9. La pr\u00e9sidence les a d\u00e9clar\u00e9s irrecevables, et on comprend pourquoi. Si nous avions le temps de nous pencher attentivement sur un seul projet de loi, nous aurions pu peut-\u00eatre en venir \u00e0 une meilleure mesure l\u00e9gislative. Comme je l&#8217;ai dit, il s&#8217;agit d&#8217;une mesure l\u00e9gislative porteuse de changements qui aurait eu un impact historique positif puisqu&#8217;elle aurait donn\u00e9 aux victimes d&#8217;actes de terrorisme un recours civil, chose qui ne leur est pas possible pour l&#8217;instant. Ainsi, ils auraient pu demander des comptes aux auteurs de ces actes.<\/p>\n<p>Je crois qu&#8217;il en va de m\u00eame pour les huit autres projets de loi que nous avons d\u00fb examiner dans une seule brique.<\/p>\n<p>J&#8217;aimerais que le gouvernement transpose le principe du regroupement de projets de loi \u00e0 toute la question de la r\u00e9forme compl\u00e8te du droit p\u00e9nal canadien, que l&#8217;on attend depuis belle lurette. Il nous faut aussi r\u00e9tablir la Commission du droit du Canada afin d&#8217;obtenir de l&#8217;aide dans cette t\u00e2che tr\u00e8s percutante, imminente et n\u00e9cessaire.<\/p>","protected":false},"excerpt":{"rendered":"<p>Madame la Pr\u00e9sidente, je remercie le d\u00e9put\u00e9 de Mont-Royal de son discours, en particulier parce qu&#8217;il a ramen\u00e9 sur le tapis la n\u00e9cessit\u00e9 de proc\u00e9der \u00e0 une vaste&hellip;<\/p>\n","protected":false},"author":3,"featured_media":0,"comment_status":"open","ping_status":"open","sticky":false,"template":"","format":"standard","meta":{"_acf_changed":false,"_price":"","_stock":"","_tribe_ticket_header":"","_tribe_default_ticket_provider":"","_tribe_ticket_capacity":"","_ticket_start_date":"","_ticket_end_date":"","_tribe_ticket_show_description":"","_tribe_ticket_show_not_going":false,"_tribe_ticket_use_global_stock":"","_tribe_ticket_global_stock_level":"","_global_stock_mode":"","_global_stock_cap":"","_tribe_rsvp_for_event":"","_tribe_ticket_going_count":"","_tribe_ticket_not_going_count":"","_tribe_tickets_list":"[]","_tribe_ticket_has_attendee_info_fields":false,"footnotes":""},"categories":[20],"tags":[197,13,28],"class_list":["post-1615","post","type-post","status-publish","format-standard","hentry","category-debate","tag-criminal-code-reform","tag-justice","tag-parliamentary-process"],"acf":[],"yoast_head":"<!-- This site is optimized with the Yoast SEO plugin v27.5 - https:\/\/yoast.com\/product\/yoast-seo-wordpress\/ -->\n<title>Loi sur l&#039;arrestation par des citoyens et la l\u00e9gitime d\u00e9fense (Loi C-26) | Elizabeth May<\/title>\n<meta name=\"robots\" content=\"index, follow, max-snippet:-1, max-image-preview:large, max-video-preview:-1\" \/>\n<link rel=\"canonical\" href=\"https:\/\/elizabethmaymp.ca\/fr\/citizens-arrest-and-self-defence-act-bill-c-26\/\" \/>\n<meta property=\"og:locale\" content=\"en_US\" \/>\n<meta property=\"og:type\" content=\"article\" \/>\n<meta property=\"og:title\" content=\"Loi sur l&#039;arrestation par des citoyens et la l\u00e9gitime d\u00e9fense (Loi C-26) | Elizabeth May\" \/>\n<meta property=\"og:description\" content=\"Madame la Pr\u00e9sidente, je remercie le d\u00e9put\u00e9 de Mont-Royal de son discours, en particulier parce qu&#8217;il a ramen\u00e9 sur le tapis la n\u00e9cessit\u00e9 de proc\u00e9der \u00e0 une vaste&hellip;\" \/>\n<meta property=\"og:url\" content=\"https:\/\/elizabethmaymp.ca\/fr\/citizens-arrest-and-self-defence-act-bill-c-26\/\" \/>\n<meta property=\"og:site_name\" content=\"Elizabeth May\" \/>\n<meta property=\"article:publisher\" content=\"https:\/\/www.facebook.com\/ElizabethMayMP\" \/>\n<meta property=\"article:published_time\" content=\"2011-12-01T14:15:59+00:00\" \/>\n<meta property=\"article:modified_time\" content=\"2011-12-02T14:18:29+00:00\" \/>\n<meta property=\"og:image\" content=\"https:\/\/elizabethmaymp.ca\/wp-content\/uploads\/cropped-elizabethmay-button.png\" \/>\n\t<meta property=\"og:image:width\" content=\"512\" \/>\n\t<meta property=\"og:image:height\" content=\"512\" \/>\n\t<meta property=\"og:image:type\" content=\"image\/png\" \/>\n<meta name=\"author\" content=\"Craig Cantin\" \/>\n<meta name=\"twitter:card\" content=\"summary_large_image\" \/>\n<meta name=\"twitter:creator\" content=\"@elizabethmay\" \/>\n<meta name=\"twitter:site\" content=\"@elizabethmay\" \/>\n<meta name=\"twitter:label1\" content=\"Written by\" \/>\n\t<meta name=\"twitter:data1\" content=\"Craig Cantin\" \/>\n\t<meta name=\"twitter:label2\" content=\"Est. reading time\" \/>\n\t<meta name=\"twitter:data2\" content=\"6 minutes\" \/>\n<script type=\"application\/ld+json\" class=\"yoast-schema-graph\">{\"@context\":\"https:\\\/\\\/schema.org\",\"@graph\":[{\"@type\":\"Article\",\"@id\":\"https:\\\/\\\/elizabethmaymp.ca\\\/fr\\\/citizens-arrest-and-self-defence-act-bill-c-26\\\/#article\",\"isPartOf\":{\"@id\":\"https:\\\/\\\/elizabethmaymp.ca\\\/fr\\\/citizens-arrest-and-self-defence-act-bill-c-26\\\/\"},\"author\":{\"name\":\"Craig Cantin\",\"@id\":\"https:\\\/\\\/elizabethmaymp.ca\\\/#\\\/schema\\\/person\\\/d3f03a762a6bc9b615b1cc303ebf0c1f\"},\"headline\":\"Loi sur l&#8217;arrestation par des citoyens et la l\u00e9gitime d\u00e9fense (Loi C-26)\",\"datePublished\":\"2011-12-01T14:15:59+00:00\",\"dateModified\":\"2011-12-02T14:18:29+00:00\",\"mainEntityOfPage\":{\"@id\":\"https:\\\/\\\/elizabethmaymp.ca\\\/fr\\\/citizens-arrest-and-self-defence-act-bill-c-26\\\/\"},\"wordCount\":1185,\"commentCount\":0,\"publisher\":{\"@id\":\"https:\\\/\\\/elizabethmaymp.ca\\\/#organization\"},\"keywords\":[\"La r\u00e9forme du Code criminel\",\"Justice\",\"Processus parlementaire\"],\"articleSection\":[\"D\u00e9bat\"],\"inLanguage\":\"en-US\"},{\"@type\":\"WebPage\",\"@id\":\"https:\\\/\\\/elizabethmaymp.ca\\\/fr\\\/citizens-arrest-and-self-defence-act-bill-c-26\\\/\",\"url\":\"https:\\\/\\\/elizabethmaymp.ca\\\/fr\\\/citizens-arrest-and-self-defence-act-bill-c-26\\\/\",\"name\":\"Citizen's Arrest and Self-defence Act (Bill C-26)Loi sur l'arrestation par des citoyens et la l\u00e9gitime d\u00e9fense (Loi C-26) | Elizabeth May\",\"isPartOf\":{\"@id\":\"https:\\\/\\\/elizabethmaymp.ca\\\/fr\\\/#website\"},\"datePublished\":\"2011-12-01T14:15:59+00:00\",\"dateModified\":\"2011-12-02T14:18:29+00:00\",\"breadcrumb\":{\"@id\":\"https:\\\/\\\/elizabethmaymp.ca\\\/fr\\\/citizens-arrest-and-self-defence-act-bill-c-26\\\/#breadcrumb\"},\"inLanguage\":\"en-US\",\"potentialAction\":[{\"@type\":\"ReadAction\",\"target\":[[\"https:\\\/\\\/elizabethmaymp.ca\\\/fr\\\/citizens-arrest-and-self-defence-act-bill-c-26\\\/\"]]}]},{\"@type\":\"BreadcrumbList\",\"@id\":\"https:\\\/\\\/elizabethmaymp.ca\\\/fr\\\/citizens-arrest-and-self-defence-act-bill-c-26\\\/#breadcrumb\",\"itemListElement\":[{\"@type\":\"ListItem\",\"position\":1,\"name\":\"Home\",\"item\":\"https:\\\/\\\/elizabethmaymp.ca\\\/fr\\\/\"},{\"@type\":\"ListItem\",\"position\":2,\"name\":\"Citizen&#8217;s Arrest and Self-defence Act (Bill C-26)\"}]},{\"@type\":\"WebSite\",\"@id\":\"https:\\\/\\\/elizabethmaymp.ca\\\/fr\\\/#website\",\"url\":\"https:\\\/\\\/elizabethmaymp.ca\\\/fr\\\/\",\"name\":\"Elizabeth May\",\"description\":\"MP for Saanich and Gulf Islands\",\"publisher\":{\"@id\":\"https:\\\/\\\/elizabethmaymp.ca\\\/fr\\\/#organization\"},\"potentialAction\":[{\"@type\":\"SearchAction\",\"target\":{\"@type\":\"EntryPoint\",\"urlTemplate\":\"https:\\\/\\\/elizabethmaymp.ca\\\/fr\\\/?s={search_term_string}\"},\"query-input\":{\"@type\":\"PropertyValueSpecification\",\"valueRequired\":true,\"valueName\":\"search_term_string\"}}],\"inLanguage\":\"en-US\"},{\"@type\":\"Organization\",\"@id\":\"https:\\\/\\\/elizabethmaymp.ca\\\/fr\\\/#organization\",\"name\":\"Elizabeth May MP\",\"url\":\"https:\\\/\\\/elizabethmaymp.ca\\\/fr\\\/\",\"logo\":{\"@type\":\"ImageObject\",\"inLanguage\":\"en-US\",\"@id\":\"https:\\\/\\\/elizabethmaymp.ca\\\/fr\\\/#\\\/schema\\\/logo\\\/image\\\/\",\"url\":\"https:\\\/\\\/elizabethmaymp.ca\\\/wp-content\\\/uploads\\\/elizabethmay-button.png\",\"contentUrl\":\"https:\\\/\\\/elizabethmaymp.ca\\\/wp-content\\\/uploads\\\/elizabethmay-button.png\",\"width\":1501,\"height\":1501,\"caption\":\"Elizabeth May MP\"},\"image\":{\"@id\":\"https:\\\/\\\/elizabethmaymp.ca\\\/fr\\\/#\\\/schema\\\/logo\\\/image\\\/\"},\"sameAs\":[\"https:\\\/\\\/www.facebook.com\\\/ElizabethMayMP\",\"https:\\\/\\\/x.com\\\/elizabethmay\"]},{\"@type\":\"Person\",\"@id\":\"https:\\\/\\\/elizabethmaymp.ca\\\/#\\\/schema\\\/person\\\/d3f03a762a6bc9b615b1cc303ebf0c1f\",\"name\":\"Craig Cantin\",\"image\":{\"@type\":\"ImageObject\",\"inLanguage\":\"en-US\",\"@id\":\"https:\\\/\\\/secure.gravatar.com\\\/avatar\\\/4c95358098caf4f50815f5fc942d6d14142d8b46ece2b18c21ac1fb7d38545a4?s=96&d=mm&r=g\",\"url\":\"https:\\\/\\\/secure.gravatar.com\\\/avatar\\\/4c95358098caf4f50815f5fc942d6d14142d8b46ece2b18c21ac1fb7d38545a4?s=96&d=mm&r=g\",\"contentUrl\":\"https:\\\/\\\/secure.gravatar.com\\\/avatar\\\/4c95358098caf4f50815f5fc942d6d14142d8b46ece2b18c21ac1fb7d38545a4?s=96&d=mm&r=g\",\"caption\":\"Craig Cantin\"},\"url\":\"https:\\\/\\\/elizabethmaymp.ca\\\/fr\\\/author\\\/craig-c\\\/\"}]}<\/script>\n<!-- \/ Yoast SEO plugin. -->","yoast_head_json":{"title":"Loi sur l'arrestation par des citoyens et la l\u00e9gitime d\u00e9fense (Loi C-26) | Elizabeth May","robots":{"index":"index","follow":"follow","max-snippet":"max-snippet:-1","max-image-preview":"max-image-preview:large","max-video-preview":"max-video-preview:-1"},"canonical":"https:\/\/elizabethmaymp.ca\/fr\/citizens-arrest-and-self-defence-act-bill-c-26\/","og_locale":"en_US","og_type":"article","og_title":"Loi sur l'arrestation par des citoyens et la l\u00e9gitime d\u00e9fense (Loi C-26) | Elizabeth May","og_description":"Madame la Pr\u00e9sidente, je remercie le d\u00e9put\u00e9 de Mont-Royal de son discours, en particulier parce qu&#8217;il a ramen\u00e9 sur le tapis la n\u00e9cessit\u00e9 de proc\u00e9der \u00e0 une vaste&hellip;","og_url":"https:\/\/elizabethmaymp.ca\/fr\/citizens-arrest-and-self-defence-act-bill-c-26\/","og_site_name":"Elizabeth May","article_publisher":"https:\/\/www.facebook.com\/ElizabethMayMP","article_published_time":"2011-12-01T14:15:59+00:00","article_modified_time":"2011-12-02T14:18:29+00:00","og_image":[{"width":512,"height":512,"url":"https:\/\/elizabethmaymp.ca\/wp-content\/uploads\/cropped-elizabethmay-button.png","type":"image\/png"}],"author":"Craig Cantin","twitter_card":"summary_large_image","twitter_creator":"@elizabethmay","twitter_site":"@elizabethmay","twitter_misc":{"Written by":"Craig Cantin","Est. reading time":"6 minutes"},"schema":{"@context":"https:\/\/schema.org","@graph":[{"@type":"Article","@id":"https:\/\/elizabethmaymp.ca\/fr\/citizens-arrest-and-self-defence-act-bill-c-26\/#article","isPartOf":{"@id":"https:\/\/elizabethmaymp.ca\/fr\/citizens-arrest-and-self-defence-act-bill-c-26\/"},"author":{"name":"Craig Cantin","@id":"https:\/\/elizabethmaymp.ca\/#\/schema\/person\/d3f03a762a6bc9b615b1cc303ebf0c1f"},"headline":"Loi sur l&#8217;arrestation par des citoyens et la l\u00e9gitime d\u00e9fense (Loi C-26)","datePublished":"2011-12-01T14:15:59+00:00","dateModified":"2011-12-02T14:18:29+00:00","mainEntityOfPage":{"@id":"https:\/\/elizabethmaymp.ca\/fr\/citizens-arrest-and-self-defence-act-bill-c-26\/"},"wordCount":1185,"commentCount":0,"publisher":{"@id":"https:\/\/elizabethmaymp.ca\/#organization"},"keywords":["La r\u00e9forme du Code criminel","Justice","Processus parlementaire"],"articleSection":["D\u00e9bat"],"inLanguage":"en-US"},{"@type":"WebPage","@id":"https:\/\/elizabethmaymp.ca\/fr\/citizens-arrest-and-self-defence-act-bill-c-26\/","url":"https:\/\/elizabethmaymp.ca\/fr\/citizens-arrest-and-self-defence-act-bill-c-26\/","name":"Citizen's Arrest and Self-defence Act (Bill C-26)Loi sur l'arrestation par des citoyens et la l\u00e9gitime d\u00e9fense (Loi C-26) | Elizabeth May","isPartOf":{"@id":"https:\/\/elizabethmaymp.ca\/fr\/#website"},"datePublished":"2011-12-01T14:15:59+00:00","dateModified":"2011-12-02T14:18:29+00:00","breadcrumb":{"@id":"https:\/\/elizabethmaymp.ca\/fr\/citizens-arrest-and-self-defence-act-bill-c-26\/#breadcrumb"},"inLanguage":"en-US","potentialAction":[{"@type":"ReadAction","target":[["https:\/\/elizabethmaymp.ca\/fr\/citizens-arrest-and-self-defence-act-bill-c-26\/"]]}]},{"@type":"BreadcrumbList","@id":"https:\/\/elizabethmaymp.ca\/fr\/citizens-arrest-and-self-defence-act-bill-c-26\/#breadcrumb","itemListElement":[{"@type":"ListItem","position":1,"name":"Home","item":"https:\/\/elizabethmaymp.ca\/fr\/"},{"@type":"ListItem","position":2,"name":"Citizen&#8217;s Arrest and Self-defence Act (Bill C-26)"}]},{"@type":"WebSite","@id":"https:\/\/elizabethmaymp.ca\/fr\/#website","url":"https:\/\/elizabethmaymp.ca\/fr\/","name":"Elizabeth May","description":"MP for Saanich and Gulf Islands","publisher":{"@id":"https:\/\/elizabethmaymp.ca\/fr\/#organization"},"potentialAction":[{"@type":"SearchAction","target":{"@type":"EntryPoint","urlTemplate":"https:\/\/elizabethmaymp.ca\/fr\/?s={search_term_string}"},"query-input":{"@type":"PropertyValueSpecification","valueRequired":true,"valueName":"search_term_string"}}],"inLanguage":"en-US"},{"@type":"Organization","@id":"https:\/\/elizabethmaymp.ca\/fr\/#organization","name":"Elizabeth May MP","url":"https:\/\/elizabethmaymp.ca\/fr\/","logo":{"@type":"ImageObject","inLanguage":"en-US","@id":"https:\/\/elizabethmaymp.ca\/fr\/#\/schema\/logo\/image\/","url":"https:\/\/elizabethmaymp.ca\/wp-content\/uploads\/elizabethmay-button.png","contentUrl":"https:\/\/elizabethmaymp.ca\/wp-content\/uploads\/elizabethmay-button.png","width":1501,"height":1501,"caption":"Elizabeth May MP"},"image":{"@id":"https:\/\/elizabethmaymp.ca\/fr\/#\/schema\/logo\/image\/"},"sameAs":["https:\/\/www.facebook.com\/ElizabethMayMP","https:\/\/x.com\/elizabethmay"]},{"@type":"Person","@id":"https:\/\/elizabethmaymp.ca\/#\/schema\/person\/d3f03a762a6bc9b615b1cc303ebf0c1f","name":"Craig Cantin","image":{"@type":"ImageObject","inLanguage":"en-US","@id":"https:\/\/secure.gravatar.com\/avatar\/4c95358098caf4f50815f5fc942d6d14142d8b46ece2b18c21ac1fb7d38545a4?s=96&d=mm&r=g","url":"https:\/\/secure.gravatar.com\/avatar\/4c95358098caf4f50815f5fc942d6d14142d8b46ece2b18c21ac1fb7d38545a4?s=96&d=mm&r=g","contentUrl":"https:\/\/secure.gravatar.com\/avatar\/4c95358098caf4f50815f5fc942d6d14142d8b46ece2b18c21ac1fb7d38545a4?s=96&d=mm&r=g","caption":"Craig Cantin"},"url":"https:\/\/elizabethmaymp.ca\/fr\/author\/craig-c\/"}]}},"_links":{"self":[{"href":"https:\/\/elizabethmaymp.ca\/fr\/wp-json\/wp\/v2\/posts\/1615","targetHints":{"allow":["GET"]}}],"collection":[{"href":"https:\/\/elizabethmaymp.ca\/fr\/wp-json\/wp\/v2\/posts"}],"about":[{"href":"https:\/\/elizabethmaymp.ca\/fr\/wp-json\/wp\/v2\/types\/post"}],"author":[{"embeddable":true,"href":"https:\/\/elizabethmaymp.ca\/fr\/wp-json\/wp\/v2\/users\/3"}],"replies":[{"embeddable":true,"href":"https:\/\/elizabethmaymp.ca\/fr\/wp-json\/wp\/v2\/comments?post=1615"}],"version-history":[{"count":1,"href":"https:\/\/elizabethmaymp.ca\/fr\/wp-json\/wp\/v2\/posts\/1615\/revisions"}],"predecessor-version":[{"id":1616,"href":"https:\/\/elizabethmaymp.ca\/fr\/wp-json\/wp\/v2\/posts\/1615\/revisions\/1616"}],"wp:attachment":[{"href":"https:\/\/elizabethmaymp.ca\/fr\/wp-json\/wp\/v2\/media?parent=1615"}],"wp:term":[{"taxonomy":"category","embeddable":true,"href":"https:\/\/elizabethmaymp.ca\/fr\/wp-json\/wp\/v2\/categories?post=1615"},{"taxonomy":"post_tag","embeddable":true,"href":"https:\/\/elizabethmaymp.ca\/fr\/wp-json\/wp\/v2\/tags?post=1615"}],"curies":[{"name":"wp","href":"https:\/\/api.w.org\/{rel}","templated":true}]}}