{"id":1905,"date":"2011-12-10T14:03:46","date_gmt":"2011-12-10T19:03:46","guid":{"rendered":"http:\/\/dev2.elizabethmaymp.ca\/?p=1905"},"modified":"2011-12-21T13:32:37","modified_gmt":"2011-12-21T18:32:37","slug":"human-rights-day-underscores-the-urgency-of-cop17","status":"publish","type":"post","link":"https:\/\/elizabethmaymp.ca\/fr\/human-rights-day-underscores-the-urgency-of-cop17\/","title":{"rendered":"La Journ\u00e9e des droits de l\u2019homme souligne l\u2019urgence de la COP17"},"content":{"rendered":"<p>Alors que le temps pressepour une action en mati\u00e8re de climat, la COP17 effectue des heures suppl\u00e9mentaires. Il se pourrait qu\u2019aujourd\u2019hui ne soit pas la derni\u00e8re journ\u00e9e de la COP17, mais l\u2019importance de la Journ\u00e9e des droits de l\u2019homme souligne l\u2019urgence de passer aux actes.\u00ab\u00a0Les liens entre le climat et la justice sociale sont incontestables\u00a0\u00bb, affirme la chef du Parti vert Elizabeth May, qui a assist\u00e9 aux n\u00e9gociations.\u00ab\u00a0Les personnes les plus affect\u00e9es par les changements climatiques sont celles qui sont d\u00e9j\u00e0 les plus vuln\u00e9rables. Les s\u00e9cheresses et les inondationsauront un impact dramatique sur l\u2019approvisionnement alimentaire et, pour ceux qui luttent d\u00e9j\u00e0, la hausse des prix des denr\u00e9es repr\u00e9sentera un coup fatal. Des millions de gens d\u00e9favoris\u00e9s d\u00e9pendent des dirigeants mondiaux et de leur volont\u00e9 \u00e0 accomplir des progr\u00e8s \u00e0 Durban en r\u00e9ponse \u00e0 la crise climatique. Le Canada a abandonn\u00e9 le reste du monde en refusant de s\u2019engager pour une r\u00e9duction de ses \u00e9missions et il se montre r\u00e9ticent \u00e0 fournir du financement afin d\u2019aider les pays pauvres\u00a0\u00bb.<\/p>\n<p>\u00ab\u00a0En tant que pays industrialis\u00e9 ayant caus\u00e9 sa part de changements climatiques, le Canada a l\u2019obligation morale de veiller \u00e0 ce que les gens les plus vuln\u00e9rables se voient assurer au moins lesdroits de l&#8217;homme fondamentauxtels que l\u2019acc\u00e8s \u00e0 l\u2019eau saine, \u00e0 de la nourriture et \u00e0 un abri\u00a0\u00bb, explique Joe Foster, critique du Parti vert en mati\u00e8re de droits de la personne.<\/p>\n<p>Bien que le gouvernement f\u00e9d\u00e9ral ait mis fin \u00e0 son financement, le groupe\u00a0canadien\u00a0tr\u00e8s respect\u00e9 de promotion de la justice sociale KAIROS a \u00e9t\u00e9 actif \u00e0 Durban, en appelant \u00ab\u00a0les n\u00e9gociateurs pr\u00e9sents \u00e0 la COP17 \u00e0 agir en faisant preuve de compassion et de bienveillance \u00e0 l\u2019\u00e9gard de tous les habitants de la plan\u00e8te.\u00a0\u00bb Le groupe a soulign\u00e9 que 300\u00a0000 personnes p\u00e9rissent chaque ann\u00e9e en raison des changements climatiques.<\/p>","protected":false},"excerpt":{"rendered":"<p>Alors que le temps pressepour une action en mati\u00e8re de climat, la COP17 effectue des heures suppl\u00e9mentaires. Il se pourrait qu\u2019aujourd\u2019hui ne soit pas la derni\u00e8re journ\u00e9e de&hellip;<\/p>\n","protected":false},"author":3,"featured_media":0,"comment_status":"open","ping_status":"open","sticky":false,"template":"","format":"standard","meta":{"_acf_changed":false,"_price":"","_stock":"","_tribe_ticket_header":"","_tribe_default_ticket_provider":"","_tribe_ticket_capacity":"","_ticket_start_date":"","_ticket_end_date":"","_tribe_ticket_show_description":"","_tribe_ticket_show_not_going":false,"_tribe_ticket_use_global_stock":"","_tribe_ticket_global_stock_level":"","_global_stock_mode":"","_global_stock_cap":"","_tribe_rsvp_for_event":"","_tribe_ticket_going_count":"","_tribe_ticket_not_going_count":"","_tribe_tickets_list":"[]","_tribe_ticket_has_attendee_info_fields":false,"footnotes":""},"categories":[90],"tags":[46,111,32,99,286,287],"class_list":["post-1905","post","type-post","status-publish","format-standard","hentry","category-press-releases","tag-climate-change","tag-cop17","tag-environment","tag-human-rights","tag-human-rights-day","tag-kairos"],"acf":[],"yoast_head":"<!-- This site is optimized with the Yoast SEO plugin v27.4 - https:\/\/yoast.com\/product\/yoast-seo-wordpress\/ -->\n<title>La Journ\u00e9e des droits de l\u2019homme souligne l\u2019urgence de la COP17 | Elizabeth May<\/title>\n<meta name=\"robots\" content=\"index, follow, max-snippet:-1, max-image-preview:large, max-video-preview:-1\" \/>\n<link rel=\"canonical\" href=\"https:\/\/elizabethmaymp.ca\/fr\/human-rights-day-underscores-the-urgency-of-cop17\/\" \/>\n<meta property=\"og:locale\" content=\"en_US\" \/>\n<meta property=\"og:type\" content=\"article\" \/>\n<meta property=\"og:title\" content=\"La Journ\u00e9e des droits de l\u2019homme souligne l\u2019urgence de la COP17 | Elizabeth May\" \/>\n<meta property=\"og:description\" content=\"Alors que le temps pressepour une action en mati\u00e8re de climat, la COP17 effectue des heures suppl\u00e9mentaires. Il se pourrait qu\u2019aujourd\u2019hui ne soit pas la derni\u00e8re journ\u00e9e de&hellip;\" \/>\n<meta property=\"og:url\" content=\"https:\/\/elizabethmaymp.ca\/fr\/human-rights-day-underscores-the-urgency-of-cop17\/\" \/>\n<meta property=\"og:site_name\" content=\"Elizabeth May\" \/>\n<meta property=\"article:publisher\" content=\"https:\/\/www.facebook.com\/ElizabethMayMP\" \/>\n<meta property=\"article:published_time\" content=\"2011-12-10T19:03:46+00:00\" \/>\n<meta property=\"article:modified_time\" content=\"2011-12-21T18:32:37+00:00\" \/>\n<meta property=\"og:image\" content=\"https:\/\/elizabethmaymp.ca\/wp-content\/uploads\/cropped-elizabethmay-button.png\" \/>\n\t<meta property=\"og:image:width\" content=\"512\" \/>\n\t<meta property=\"og:image:height\" content=\"512\" \/>\n\t<meta property=\"og:image:type\" content=\"image\/png\" \/>\n<meta name=\"author\" content=\"Craig Cantin\" \/>\n<meta name=\"twitter:card\" content=\"summary_large_image\" \/>\n<meta name=\"twitter:creator\" content=\"@elizabethmay\" \/>\n<meta name=\"twitter:site\" content=\"@elizabethmay\" \/>\n<meta name=\"twitter:label1\" content=\"Written by\" \/>\n\t<meta name=\"twitter:data1\" content=\"Craig Cantin\" \/>\n\t<meta name=\"twitter:label2\" content=\"Est. reading time\" \/>\n\t<meta name=\"twitter:data2\" content=\"3 minutes\" \/>\n<script type=\"application\/ld+json\" class=\"yoast-schema-graph\">{\"@context\":\"https:\\\/\\\/schema.org\",\"@graph\":[{\"@type\":\"Article\",\"@id\":\"https:\\\/\\\/elizabethmaymp.ca\\\/human-rights-day-underscores-the-urgency-of-cop17\\\/#article\",\"isPartOf\":{\"@id\":\"https:\\\/\\\/elizabethmaymp.ca\\\/human-rights-day-underscores-the-urgency-of-cop17\\\/\"},\"author\":{\"name\":\"Craig Cantin\",\"@id\":\"https:\\\/\\\/elizabethmaymp.ca\\\/#\\\/schema\\\/person\\\/d3f03a762a6bc9b615b1cc303ebf0c1f\"},\"headline\":\"La Journ\u00e9e des droits de l\u2019homme souligne l\u2019urgence de la COP17\",\"datePublished\":\"2011-12-10T19:03:46+00:00\",\"dateModified\":\"2011-12-21T18:32:37+00:00\",\"mainEntityOfPage\":{\"@id\":\"https:\\\/\\\/elizabethmaymp.ca\\\/human-rights-day-underscores-the-urgency-of-cop17\\\/\"},\"wordCount\":587,\"commentCount\":0,\"publisher\":{\"@id\":\"https:\\\/\\\/elizabethmaymp.ca\\\/#organization\"},\"keywords\":[\"Changement climatique\",\"CdP17\",\"L'environnement\",\"Droits de la personne\",\"Journ\u00e9e des droits humains\",\"KAIROS\"],\"articleSection\":[\"Communiqu\u00e9s\"],\"inLanguage\":\"en-US\"},{\"@type\":\"WebPage\",\"@id\":\"https:\\\/\\\/elizabethmaymp.ca\\\/fr\\\/human-rights-day-underscores-the-urgency-of-cop17\\\/\",\"url\":\"https:\\\/\\\/elizabethmaymp.ca\\\/fr\\\/human-rights-day-underscores-the-urgency-of-cop17\\\/\",\"name\":\"Human Rights Day underscores the urgency of COP17La Journ\u00e9e des droits de l\u2019homme souligne l\u2019urgence de la COP17 | Elizabeth May\",\"isPartOf\":{\"@id\":\"https:\\\/\\\/elizabethmaymp.ca\\\/fr\\\/#website\"},\"datePublished\":\"2011-12-10T19:03:46+00:00\",\"dateModified\":\"2011-12-21T18:32:37+00:00\",\"breadcrumb\":{\"@id\":\"https:\\\/\\\/elizabethmaymp.ca\\\/fr\\\/human-rights-day-underscores-the-urgency-of-cop17\\\/#breadcrumb\"},\"inLanguage\":\"en-US\",\"potentialAction\":[{\"@type\":\"ReadAction\",\"target\":[[\"https:\\\/\\\/elizabethmaymp.ca\\\/fr\\\/human-rights-day-underscores-the-urgency-of-cop17\\\/\"]]}]},{\"@type\":\"BreadcrumbList\",\"@id\":\"https:\\\/\\\/elizabethmaymp.ca\\\/fr\\\/human-rights-day-underscores-the-urgency-of-cop17\\\/#breadcrumb\",\"itemListElement\":[{\"@type\":\"ListItem\",\"position\":1,\"name\":\"Home\",\"item\":\"https:\\\/\\\/elizabethmaymp.ca\\\/fr\\\/\"},{\"@type\":\"ListItem\",\"position\":2,\"name\":\"La Journ\u00e9e des droits de l\u2019homme souligne l\u2019urgence de la COP17\"}]},{\"@type\":\"WebSite\",\"@id\":\"https:\\\/\\\/elizabethmaymp.ca\\\/fr\\\/#website\",\"url\":\"https:\\\/\\\/elizabethmaymp.ca\\\/fr\\\/\",\"name\":\"Elizabeth May\",\"description\":\"MP for Saanich and Gulf Islands\",\"publisher\":{\"@id\":\"https:\\\/\\\/elizabethmaymp.ca\\\/fr\\\/#organization\"},\"potentialAction\":[{\"@type\":\"SearchAction\",\"target\":{\"@type\":\"EntryPoint\",\"urlTemplate\":\"https:\\\/\\\/elizabethmaymp.ca\\\/fr\\\/?s={search_term_string}\"},\"query-input\":{\"@type\":\"PropertyValueSpecification\",\"valueRequired\":true,\"valueName\":\"search_term_string\"}}],\"inLanguage\":\"en-US\"},{\"@type\":\"Organization\",\"@id\":\"https:\\\/\\\/elizabethmaymp.ca\\\/fr\\\/#organization\",\"name\":\"Elizabeth May MP\",\"url\":\"https:\\\/\\\/elizabethmaymp.ca\\\/fr\\\/\",\"logo\":{\"@type\":\"ImageObject\",\"inLanguage\":\"en-US\",\"@id\":\"https:\\\/\\\/elizabethmaymp.ca\\\/fr\\\/#\\\/schema\\\/logo\\\/image\\\/\",\"url\":\"https:\\\/\\\/elizabethmaymp.ca\\\/wp-content\\\/uploads\\\/elizabethmay-button.png\",\"contentUrl\":\"https:\\\/\\\/elizabethmaymp.ca\\\/wp-content\\\/uploads\\\/elizabethmay-button.png\",\"width\":1501,\"height\":1501,\"caption\":\"Elizabeth May MP\"},\"image\":{\"@id\":\"https:\\\/\\\/elizabethmaymp.ca\\\/fr\\\/#\\\/schema\\\/logo\\\/image\\\/\"},\"sameAs\":[\"https:\\\/\\\/www.facebook.com\\\/ElizabethMayMP\",\"https:\\\/\\\/x.com\\\/elizabethmay\"]},{\"@type\":\"Person\",\"@id\":\"https:\\\/\\\/elizabethmaymp.ca\\\/#\\\/schema\\\/person\\\/d3f03a762a6bc9b615b1cc303ebf0c1f\",\"name\":\"Craig Cantin\",\"image\":{\"@type\":\"ImageObject\",\"inLanguage\":\"en-US\",\"@id\":\"https:\\\/\\\/secure.gravatar.com\\\/avatar\\\/4c95358098caf4f50815f5fc942d6d14142d8b46ece2b18c21ac1fb7d38545a4?s=96&d=mm&r=g\",\"url\":\"https:\\\/\\\/secure.gravatar.com\\\/avatar\\\/4c95358098caf4f50815f5fc942d6d14142d8b46ece2b18c21ac1fb7d38545a4?s=96&d=mm&r=g\",\"contentUrl\":\"https:\\\/\\\/secure.gravatar.com\\\/avatar\\\/4c95358098caf4f50815f5fc942d6d14142d8b46ece2b18c21ac1fb7d38545a4?s=96&d=mm&r=g\",\"caption\":\"Craig Cantin\"},\"url\":\"https:\\\/\\\/elizabethmaymp.ca\\\/fr\\\/author\\\/craig-c\\\/\"}]}<\/script>\n<!-- \/ Yoast SEO plugin. -->","yoast_head_json":{"title":"La Journ\u00e9e des droits de l\u2019homme souligne l\u2019urgence de la COP17 | Elizabeth May","robots":{"index":"index","follow":"follow","max-snippet":"max-snippet:-1","max-image-preview":"max-image-preview:large","max-video-preview":"max-video-preview:-1"},"canonical":"https:\/\/elizabethmaymp.ca\/fr\/human-rights-day-underscores-the-urgency-of-cop17\/","og_locale":"en_US","og_type":"article","og_title":"La Journ\u00e9e des droits de l\u2019homme souligne l\u2019urgence de la COP17 | Elizabeth May","og_description":"Alors que le temps pressepour une action en mati\u00e8re de climat, la COP17 effectue des heures suppl\u00e9mentaires. Il se pourrait qu\u2019aujourd\u2019hui ne soit pas la derni\u00e8re journ\u00e9e de&hellip;","og_url":"https:\/\/elizabethmaymp.ca\/fr\/human-rights-day-underscores-the-urgency-of-cop17\/","og_site_name":"Elizabeth May","article_publisher":"https:\/\/www.facebook.com\/ElizabethMayMP","article_published_time":"2011-12-10T19:03:46+00:00","article_modified_time":"2011-12-21T18:32:37+00:00","og_image":[{"width":512,"height":512,"url":"https:\/\/elizabethmaymp.ca\/wp-content\/uploads\/cropped-elizabethmay-button.png","type":"image\/png"}],"author":"Craig Cantin","twitter_card":"summary_large_image","twitter_creator":"@elizabethmay","twitter_site":"@elizabethmay","twitter_misc":{"Written by":"Craig Cantin","Est. reading time":"3 minutes"},"schema":{"@context":"https:\/\/schema.org","@graph":[{"@type":"Article","@id":"https:\/\/elizabethmaymp.ca\/human-rights-day-underscores-the-urgency-of-cop17\/#article","isPartOf":{"@id":"https:\/\/elizabethmaymp.ca\/human-rights-day-underscores-the-urgency-of-cop17\/"},"author":{"name":"Craig Cantin","@id":"https:\/\/elizabethmaymp.ca\/#\/schema\/person\/d3f03a762a6bc9b615b1cc303ebf0c1f"},"headline":"La Journ\u00e9e des droits de l\u2019homme souligne l\u2019urgence de la COP17","datePublished":"2011-12-10T19:03:46+00:00","dateModified":"2011-12-21T18:32:37+00:00","mainEntityOfPage":{"@id":"https:\/\/elizabethmaymp.ca\/human-rights-day-underscores-the-urgency-of-cop17\/"},"wordCount":587,"commentCount":0,"publisher":{"@id":"https:\/\/elizabethmaymp.ca\/#organization"},"keywords":["Changement climatique","CdP17","L'environnement","Droits de la personne","Journ\u00e9e des droits humains","KAIROS"],"articleSection":["Communiqu\u00e9s"],"inLanguage":"en-US"},{"@type":"WebPage","@id":"https:\/\/elizabethmaymp.ca\/fr\/human-rights-day-underscores-the-urgency-of-cop17\/","url":"https:\/\/elizabethmaymp.ca\/fr\/human-rights-day-underscores-the-urgency-of-cop17\/","name":"Human Rights Day underscores the urgency of COP17La Journ\u00e9e des droits de l\u2019homme souligne l\u2019urgence de la COP17 | Elizabeth May","isPartOf":{"@id":"https:\/\/elizabethmaymp.ca\/fr\/#website"},"datePublished":"2011-12-10T19:03:46+00:00","dateModified":"2011-12-21T18:32:37+00:00","breadcrumb":{"@id":"https:\/\/elizabethmaymp.ca\/fr\/human-rights-day-underscores-the-urgency-of-cop17\/#breadcrumb"},"inLanguage":"en-US","potentialAction":[{"@type":"ReadAction","target":[["https:\/\/elizabethmaymp.ca\/fr\/human-rights-day-underscores-the-urgency-of-cop17\/"]]}]},{"@type":"BreadcrumbList","@id":"https:\/\/elizabethmaymp.ca\/fr\/human-rights-day-underscores-the-urgency-of-cop17\/#breadcrumb","itemListElement":[{"@type":"ListItem","position":1,"name":"Home","item":"https:\/\/elizabethmaymp.ca\/fr\/"},{"@type":"ListItem","position":2,"name":"La Journ\u00e9e des droits de l\u2019homme souligne l\u2019urgence de la COP17"}]},{"@type":"WebSite","@id":"https:\/\/elizabethmaymp.ca\/fr\/#website","url":"https:\/\/elizabethmaymp.ca\/fr\/","name":"Elizabeth May","description":"MP for Saanich and Gulf Islands","publisher":{"@id":"https:\/\/elizabethmaymp.ca\/fr\/#organization"},"potentialAction":[{"@type":"SearchAction","target":{"@type":"EntryPoint","urlTemplate":"https:\/\/elizabethmaymp.ca\/fr\/?s={search_term_string}"},"query-input":{"@type":"PropertyValueSpecification","valueRequired":true,"valueName":"search_term_string"}}],"inLanguage":"en-US"},{"@type":"Organization","@id":"https:\/\/elizabethmaymp.ca\/fr\/#organization","name":"Elizabeth May MP","url":"https:\/\/elizabethmaymp.ca\/fr\/","logo":{"@type":"ImageObject","inLanguage":"en-US","@id":"https:\/\/elizabethmaymp.ca\/fr\/#\/schema\/logo\/image\/","url":"https:\/\/elizabethmaymp.ca\/wp-content\/uploads\/elizabethmay-button.png","contentUrl":"https:\/\/elizabethmaymp.ca\/wp-content\/uploads\/elizabethmay-button.png","width":1501,"height":1501,"caption":"Elizabeth May MP"},"image":{"@id":"https:\/\/elizabethmaymp.ca\/fr\/#\/schema\/logo\/image\/"},"sameAs":["https:\/\/www.facebook.com\/ElizabethMayMP","https:\/\/x.com\/elizabethmay"]},{"@type":"Person","@id":"https:\/\/elizabethmaymp.ca\/#\/schema\/person\/d3f03a762a6bc9b615b1cc303ebf0c1f","name":"Craig Cantin","image":{"@type":"ImageObject","inLanguage":"en-US","@id":"https:\/\/secure.gravatar.com\/avatar\/4c95358098caf4f50815f5fc942d6d14142d8b46ece2b18c21ac1fb7d38545a4?s=96&d=mm&r=g","url":"https:\/\/secure.gravatar.com\/avatar\/4c95358098caf4f50815f5fc942d6d14142d8b46ece2b18c21ac1fb7d38545a4?s=96&d=mm&r=g","contentUrl":"https:\/\/secure.gravatar.com\/avatar\/4c95358098caf4f50815f5fc942d6d14142d8b46ece2b18c21ac1fb7d38545a4?s=96&d=mm&r=g","caption":"Craig Cantin"},"url":"https:\/\/elizabethmaymp.ca\/fr\/author\/craig-c\/"}]}},"_links":{"self":[{"href":"https:\/\/elizabethmaymp.ca\/fr\/wp-json\/wp\/v2\/posts\/1905","targetHints":{"allow":["GET"]}}],"collection":[{"href":"https:\/\/elizabethmaymp.ca\/fr\/wp-json\/wp\/v2\/posts"}],"about":[{"href":"https:\/\/elizabethmaymp.ca\/fr\/wp-json\/wp\/v2\/types\/post"}],"author":[{"embeddable":true,"href":"https:\/\/elizabethmaymp.ca\/fr\/wp-json\/wp\/v2\/users\/3"}],"replies":[{"embeddable":true,"href":"https:\/\/elizabethmaymp.ca\/fr\/wp-json\/wp\/v2\/comments?post=1905"}],"version-history":[{"count":4,"href":"https:\/\/elizabethmaymp.ca\/fr\/wp-json\/wp\/v2\/posts\/1905\/revisions"}],"predecessor-version":[{"id":2194,"href":"https:\/\/elizabethmaymp.ca\/fr\/wp-json\/wp\/v2\/posts\/1905\/revisions\/2194"}],"wp:attachment":[{"href":"https:\/\/elizabethmaymp.ca\/fr\/wp-json\/wp\/v2\/media?parent=1905"}],"wp:term":[{"taxonomy":"category","embeddable":true,"href":"https:\/\/elizabethmaymp.ca\/fr\/wp-json\/wp\/v2\/categories?post=1905"},{"taxonomy":"post_tag","embeddable":true,"href":"https:\/\/elizabethmaymp.ca\/fr\/wp-json\/wp\/v2\/tags?post=1905"}],"curies":[{"name":"wp","href":"https:\/\/api.w.org\/{rel}","templated":true}]}}