{"id":2090,"date":"2011-12-15T08:58:10","date_gmt":"2011-12-15T13:58:10","guid":{"rendered":"http:\/\/dev2.elizabethmaymp.ca\/?p=2090"},"modified":"2011-12-16T09:02:56","modified_gmt":"2011-12-16T14:02:56","slug":"citizens-arrest-and-self-defence-act","status":"publish","type":"post","link":"https:\/\/elizabethmaymp.ca\/fr\/citizens-arrest-and-self-defence-act\/","title":{"rendered":"Loi sur l&#8217;arrestation par des citoyens et la l\u00e9gitime d\u00e9fense"},"content":{"rendered":"<p><strong>Mme Elizabeth May:<\/strong> Madame la Pr\u00e9sidente, je pense que tous les d\u00e9put\u00e9s adh\u00e8rent sans r\u00e9serve \u00e0 l&#8217;esprit qui caract\u00e9rise le projet de loi C-26. Des d\u00e9put\u00e9s nous ont racont\u00e9 des exp\u00e9riences personnelles. Je n&#8217;oublierai jamais le jour o\u00f9 nous avons surpris un voleur dans notre boutique de cadeaux de l&#8217;\u00eele du Cap-Breton. Nous avons appel\u00e9 la GRC, qui nous a dit de ne pas nous en m\u00ealer et que quelqu&#8217;un serait d\u00e9p\u00each\u00e9 sur les lieux quand ce serait possible. Nous avons d\u00fb assister, impuissants, au vol de notre boutique. Ce genre d&#8217;\u00e9v\u00e9nement se produit souvent sur l&#8217;\u00eele du Cap-Breton. Je n&#8217;ai rien contre la GRC, mais elle a la f\u00e2cheuse habitude de prendre des heures avant d&#8217;arriver sur les lieux.<\/p>\n<p>\u00c0 mon avis, la meilleure fa\u00e7on aujourd&#8217;hui d&#8217;intervenir quand on surprend des criminels en flagrant d\u00e9lit, compte tenu de la technologie existante, c&#8217;est de tourner par exemple une vid\u00e9o avec son t\u00e9l\u00e9phone cellulaire. On peut ainsi recueillir un \u00e9l\u00e9ment de preuve qui sera ensuite remis \u00e0 la GRC.<\/p>\n<p>Je conviens que nous devons inscrire dans la loi un moyen de d\u00e9fense afin que les personnes qui tentent de prot\u00e9ger leur commerce ou leur propre vie ne soient pas accus\u00e9es d&#8217;une infraction criminelle. Ce qui me pr\u00e9occupe, c&#8217;est qu&#8217;au-del\u00e0 du pouvoir discr\u00e9tionnaire de poursuivre, dans les cas d&#8217;arrestation par des citoyens, comment peut-on faire en sorte que les gens \u00e9vitent de prendre des risques, et ce, m\u00eame s&#8217;ils sont extr\u00eamement prudents? Comment un citoyen peut-il penser \u00eatre en mesure d&#8217;arr\u00eater quelqu&#8217;un alors qu&#8217;il n&#8217;a pas re\u00e7u la formation n\u00e9cessaire pour intervenir dans une situation dangereuse?<\/p>\n<p><strong>M. Rick Norlock:<\/strong> Madame la Pr\u00e9sidente, la d\u00e9put\u00e9e a soulev\u00e9 une question tr\u00e8s d\u00e9licate, celle du temps qu&#8217;il faut aux policiers pour arriver sur les lieux quand on les appelle. Je sais que les policiers aimeraient arriver imm\u00e9diatement. C&#8217;est ce qu&#8217;ils souhaitent. Comme j&#8217;ai moi-m\u00eame fait partie de la police provinciale de l&#8217;Ontario, dont les membres sont d\u00e9ploy\u00e9s, je sais que dans certaines r\u00e9gions rurales le territoire \u00e0 couvrir est vaste. La d\u00e9put\u00e9e vient d&#8217;une r\u00e9gion rurale; je sais qu&#8217;il faut du temps pour se rendre sur les lieux, dans ces situations.<\/p>\n<p>La d\u00e9put\u00e9e a aussi soulev\u00e9 d&#8217;autres points tr\u00e8s pertinents. De nos jours, nous disposons d&#8217;\u00e9quipements modernes qui peuvent aider les organismes d&#8217;application de la loi \u00e0 trouver les coupables d&#8217;un crime. Les gens peuvent prendre des photos, quand c&#8217;est possible. Plusieurs d\u00e9panneurs sont \u00e9quip\u00e9s de cam\u00e9ras de surveillance, et ainsi de suite. S&#8217;il y a une cam\u00e9ra dans le magasin et qu&#8217;il sera facile d&#8217;identifier les gens, personne ne devrait prendre de risques ou mettre les clients en danger.<\/p>\n<p>Le gouvernement pr\u00e9voit informer le public afin que tous connaissent leurs droits, leurs responsabilit\u00e9s et les limites \u00e0 respecter.<\/p>","protected":false},"excerpt":{"rendered":"<p>Mme Elizabeth May: Madame la Pr\u00e9sidente, je pense que tous les d\u00e9put\u00e9s adh\u00e8rent sans r\u00e9serve \u00e0 l&#8217;esprit qui caract\u00e9rise le projet de loi C-26. Des d\u00e9put\u00e9s nous ont&hellip;<\/p>\n","protected":false},"author":3,"featured_media":0,"comment_status":"open","ping_status":"open","sticky":false,"template":"","format":"standard","meta":{"_acf_changed":false,"_price":"","_stock":"","_tribe_ticket_header":"","_tribe_default_ticket_provider":"","_tribe_ticket_capacity":"","_ticket_start_date":"","_ticket_end_date":"","_tribe_ticket_show_description":"","_tribe_ticket_show_not_going":false,"_tribe_ticket_use_global_stock":"","_tribe_ticket_global_stock_level":"","_global_stock_mode":"","_global_stock_cap":"","_tribe_rsvp_for_event":"","_tribe_ticket_going_count":"","_tribe_ticket_not_going_count":"","_tribe_tickets_list":"[]","_tribe_ticket_has_attendee_info_fields":false,"footnotes":""},"categories":[20],"tags":[216,346,13,345,235,344,347],"class_list":["post-2090","post","type-post","status-publish","format-standard","hentry","category-debate","tag-cape-breton","tag-citizens-arrest","tag-justice","tag-ontario-provincial-police","tag-rcmp","tag-robbery","tag-self-defence"],"acf":[],"yoast_head":"<!-- This site is optimized with the Yoast SEO plugin v27.4 - https:\/\/yoast.com\/product\/yoast-seo-wordpress\/ -->\n<title>Loi sur l&#039;arrestation par des citoyens et la l\u00e9gitime d\u00e9fense | Elizabeth May<\/title>\n<meta name=\"robots\" content=\"index, follow, max-snippet:-1, max-image-preview:large, max-video-preview:-1\" \/>\n<link rel=\"canonical\" href=\"https:\/\/elizabethmaymp.ca\/fr\/citizens-arrest-and-self-defence-act\/\" \/>\n<meta property=\"og:locale\" content=\"en_US\" \/>\n<meta property=\"og:type\" content=\"article\" \/>\n<meta property=\"og:title\" content=\"Loi sur l&#039;arrestation par des citoyens et la l\u00e9gitime d\u00e9fense | Elizabeth May\" \/>\n<meta property=\"og:description\" content=\"Mme Elizabeth May: Madame la Pr\u00e9sidente, je pense que tous les d\u00e9put\u00e9s adh\u00e8rent sans r\u00e9serve \u00e0 l&#8217;esprit qui caract\u00e9rise le projet de loi C-26. Des d\u00e9put\u00e9s nous ont&hellip;\" \/>\n<meta property=\"og:url\" content=\"https:\/\/elizabethmaymp.ca\/fr\/citizens-arrest-and-self-defence-act\/\" \/>\n<meta property=\"og:site_name\" content=\"Elizabeth May\" \/>\n<meta property=\"article:publisher\" content=\"https:\/\/www.facebook.com\/ElizabethMayMP\" \/>\n<meta property=\"article:published_time\" content=\"2011-12-15T13:58:10+00:00\" \/>\n<meta property=\"article:modified_time\" content=\"2011-12-16T14:02:56+00:00\" \/>\n<meta property=\"og:image\" content=\"https:\/\/elizabethmaymp.ca\/wp-content\/uploads\/cropped-elizabethmay-button.png\" \/>\n\t<meta property=\"og:image:width\" content=\"512\" \/>\n\t<meta property=\"og:image:height\" content=\"512\" \/>\n\t<meta property=\"og:image:type\" content=\"image\/png\" \/>\n<meta name=\"author\" content=\"Craig Cantin\" \/>\n<meta name=\"twitter:card\" content=\"summary_large_image\" \/>\n<meta name=\"twitter:creator\" content=\"@elizabethmay\" \/>\n<meta name=\"twitter:site\" content=\"@elizabethmay\" \/>\n<meta name=\"twitter:label1\" content=\"Written by\" \/>\n\t<meta name=\"twitter:data1\" content=\"Craig Cantin\" \/>\n\t<meta name=\"twitter:label2\" content=\"Est. reading time\" \/>\n\t<meta name=\"twitter:data2\" content=\"5 minutes\" \/>\n<script type=\"application\/ld+json\" class=\"yoast-schema-graph\">{\"@context\":\"https:\\\/\\\/schema.org\",\"@graph\":[{\"@type\":\"Article\",\"@id\":\"https:\\\/\\\/elizabethmaymp.ca\\\/citizens-arrest-and-self-defence-act\\\/#article\",\"isPartOf\":{\"@id\":\"https:\\\/\\\/elizabethmaymp.ca\\\/citizens-arrest-and-self-defence-act\\\/\"},\"author\":{\"name\":\"Craig Cantin\",\"@id\":\"https:\\\/\\\/elizabethmaymp.ca\\\/#\\\/schema\\\/person\\\/d3f03a762a6bc9b615b1cc303ebf0c1f\"},\"headline\":\"Loi sur l&#8217;arrestation par des citoyens et la l\u00e9gitime d\u00e9fense\",\"datePublished\":\"2011-12-15T13:58:10+00:00\",\"dateModified\":\"2011-12-16T14:02:56+00:00\",\"mainEntityOfPage\":{\"@id\":\"https:\\\/\\\/elizabethmaymp.ca\\\/citizens-arrest-and-self-defence-act\\\/\"},\"wordCount\":985,\"commentCount\":0,\"publisher\":{\"@id\":\"https:\\\/\\\/elizabethmaymp.ca\\\/#organization\"},\"keywords\":[\"Cap-Breton\",\"Arrestation par des citoyens\",\"Justice\",\"La Police provinciale de l'Ontario\",\"GRC\",\"Vol\",\"La l\u00e9gitime d\u00e9fense\"],\"articleSection\":[\"D\u00e9bat\"],\"inLanguage\":\"en-US\"},{\"@type\":\"WebPage\",\"@id\":\"https:\\\/\\\/elizabethmaymp.ca\\\/fr\\\/citizens-arrest-and-self-defence-act\\\/\",\"url\":\"https:\\\/\\\/elizabethmaymp.ca\\\/fr\\\/citizens-arrest-and-self-defence-act\\\/\",\"name\":\"Citizen's Arrest and Self-defence ActLoi sur l'arrestation par des citoyens et la l\u00e9gitime d\u00e9fense | Elizabeth May\",\"isPartOf\":{\"@id\":\"https:\\\/\\\/elizabethmaymp.ca\\\/fr\\\/#website\"},\"datePublished\":\"2011-12-15T13:58:10+00:00\",\"dateModified\":\"2011-12-16T14:02:56+00:00\",\"breadcrumb\":{\"@id\":\"https:\\\/\\\/elizabethmaymp.ca\\\/fr\\\/citizens-arrest-and-self-defence-act\\\/#breadcrumb\"},\"inLanguage\":\"en-US\",\"potentialAction\":[{\"@type\":\"ReadAction\",\"target\":[[\"https:\\\/\\\/elizabethmaymp.ca\\\/fr\\\/citizens-arrest-and-self-defence-act\\\/\"]]}]},{\"@type\":\"BreadcrumbList\",\"@id\":\"https:\\\/\\\/elizabethmaymp.ca\\\/fr\\\/citizens-arrest-and-self-defence-act\\\/#breadcrumb\",\"itemListElement\":[{\"@type\":\"ListItem\",\"position\":1,\"name\":\"Home\",\"item\":\"https:\\\/\\\/elizabethmaymp.ca\\\/fr\\\/\"},{\"@type\":\"ListItem\",\"position\":2,\"name\":\"Citizen&#8217;s Arrest and Self-defence Act\"}]},{\"@type\":\"WebSite\",\"@id\":\"https:\\\/\\\/elizabethmaymp.ca\\\/fr\\\/#website\",\"url\":\"https:\\\/\\\/elizabethmaymp.ca\\\/fr\\\/\",\"name\":\"Elizabeth May\",\"description\":\"MP for Saanich and Gulf Islands\",\"publisher\":{\"@id\":\"https:\\\/\\\/elizabethmaymp.ca\\\/fr\\\/#organization\"},\"potentialAction\":[{\"@type\":\"SearchAction\",\"target\":{\"@type\":\"EntryPoint\",\"urlTemplate\":\"https:\\\/\\\/elizabethmaymp.ca\\\/fr\\\/?s={search_term_string}\"},\"query-input\":{\"@type\":\"PropertyValueSpecification\",\"valueRequired\":true,\"valueName\":\"search_term_string\"}}],\"inLanguage\":\"en-US\"},{\"@type\":\"Organization\",\"@id\":\"https:\\\/\\\/elizabethmaymp.ca\\\/fr\\\/#organization\",\"name\":\"Elizabeth May MP\",\"url\":\"https:\\\/\\\/elizabethmaymp.ca\\\/fr\\\/\",\"logo\":{\"@type\":\"ImageObject\",\"inLanguage\":\"en-US\",\"@id\":\"https:\\\/\\\/elizabethmaymp.ca\\\/fr\\\/#\\\/schema\\\/logo\\\/image\\\/\",\"url\":\"https:\\\/\\\/elizabethmaymp.ca\\\/wp-content\\\/uploads\\\/elizabethmay-button.png\",\"contentUrl\":\"https:\\\/\\\/elizabethmaymp.ca\\\/wp-content\\\/uploads\\\/elizabethmay-button.png\",\"width\":1501,\"height\":1501,\"caption\":\"Elizabeth May MP\"},\"image\":{\"@id\":\"https:\\\/\\\/elizabethmaymp.ca\\\/fr\\\/#\\\/schema\\\/logo\\\/image\\\/\"},\"sameAs\":[\"https:\\\/\\\/www.facebook.com\\\/ElizabethMayMP\",\"https:\\\/\\\/x.com\\\/elizabethmay\"]},{\"@type\":\"Person\",\"@id\":\"https:\\\/\\\/elizabethmaymp.ca\\\/#\\\/schema\\\/person\\\/d3f03a762a6bc9b615b1cc303ebf0c1f\",\"name\":\"Craig Cantin\",\"image\":{\"@type\":\"ImageObject\",\"inLanguage\":\"en-US\",\"@id\":\"https:\\\/\\\/secure.gravatar.com\\\/avatar\\\/4c95358098caf4f50815f5fc942d6d14142d8b46ece2b18c21ac1fb7d38545a4?s=96&d=mm&r=g\",\"url\":\"https:\\\/\\\/secure.gravatar.com\\\/avatar\\\/4c95358098caf4f50815f5fc942d6d14142d8b46ece2b18c21ac1fb7d38545a4?s=96&d=mm&r=g\",\"contentUrl\":\"https:\\\/\\\/secure.gravatar.com\\\/avatar\\\/4c95358098caf4f50815f5fc942d6d14142d8b46ece2b18c21ac1fb7d38545a4?s=96&d=mm&r=g\",\"caption\":\"Craig Cantin\"},\"url\":\"https:\\\/\\\/elizabethmaymp.ca\\\/fr\\\/author\\\/craig-c\\\/\"}]}<\/script>\n<!-- \/ Yoast SEO plugin. -->","yoast_head_json":{"title":"Loi sur l'arrestation par des citoyens et la l\u00e9gitime d\u00e9fense | Elizabeth May","robots":{"index":"index","follow":"follow","max-snippet":"max-snippet:-1","max-image-preview":"max-image-preview:large","max-video-preview":"max-video-preview:-1"},"canonical":"https:\/\/elizabethmaymp.ca\/fr\/citizens-arrest-and-self-defence-act\/","og_locale":"en_US","og_type":"article","og_title":"Loi sur l'arrestation par des citoyens et la l\u00e9gitime d\u00e9fense | Elizabeth May","og_description":"Mme Elizabeth May: Madame la Pr\u00e9sidente, je pense que tous les d\u00e9put\u00e9s adh\u00e8rent sans r\u00e9serve \u00e0 l&#8217;esprit qui caract\u00e9rise le projet de loi C-26. Des d\u00e9put\u00e9s nous ont&hellip;","og_url":"https:\/\/elizabethmaymp.ca\/fr\/citizens-arrest-and-self-defence-act\/","og_site_name":"Elizabeth May","article_publisher":"https:\/\/www.facebook.com\/ElizabethMayMP","article_published_time":"2011-12-15T13:58:10+00:00","article_modified_time":"2011-12-16T14:02:56+00:00","og_image":[{"width":512,"height":512,"url":"https:\/\/elizabethmaymp.ca\/wp-content\/uploads\/cropped-elizabethmay-button.png","type":"image\/png"}],"author":"Craig Cantin","twitter_card":"summary_large_image","twitter_creator":"@elizabethmay","twitter_site":"@elizabethmay","twitter_misc":{"Written by":"Craig Cantin","Est. reading time":"5 minutes"},"schema":{"@context":"https:\/\/schema.org","@graph":[{"@type":"Article","@id":"https:\/\/elizabethmaymp.ca\/citizens-arrest-and-self-defence-act\/#article","isPartOf":{"@id":"https:\/\/elizabethmaymp.ca\/citizens-arrest-and-self-defence-act\/"},"author":{"name":"Craig Cantin","@id":"https:\/\/elizabethmaymp.ca\/#\/schema\/person\/d3f03a762a6bc9b615b1cc303ebf0c1f"},"headline":"Loi sur l&#8217;arrestation par des citoyens et la l\u00e9gitime d\u00e9fense","datePublished":"2011-12-15T13:58:10+00:00","dateModified":"2011-12-16T14:02:56+00:00","mainEntityOfPage":{"@id":"https:\/\/elizabethmaymp.ca\/citizens-arrest-and-self-defence-act\/"},"wordCount":985,"commentCount":0,"publisher":{"@id":"https:\/\/elizabethmaymp.ca\/#organization"},"keywords":["Cap-Breton","Arrestation par des citoyens","Justice","La Police provinciale de l'Ontario","GRC","Vol","La l\u00e9gitime d\u00e9fense"],"articleSection":["D\u00e9bat"],"inLanguage":"en-US"},{"@type":"WebPage","@id":"https:\/\/elizabethmaymp.ca\/fr\/citizens-arrest-and-self-defence-act\/","url":"https:\/\/elizabethmaymp.ca\/fr\/citizens-arrest-and-self-defence-act\/","name":"Citizen's Arrest and Self-defence ActLoi sur l'arrestation par des citoyens et la l\u00e9gitime d\u00e9fense | Elizabeth May","isPartOf":{"@id":"https:\/\/elizabethmaymp.ca\/fr\/#website"},"datePublished":"2011-12-15T13:58:10+00:00","dateModified":"2011-12-16T14:02:56+00:00","breadcrumb":{"@id":"https:\/\/elizabethmaymp.ca\/fr\/citizens-arrest-and-self-defence-act\/#breadcrumb"},"inLanguage":"en-US","potentialAction":[{"@type":"ReadAction","target":[["https:\/\/elizabethmaymp.ca\/fr\/citizens-arrest-and-self-defence-act\/"]]}]},{"@type":"BreadcrumbList","@id":"https:\/\/elizabethmaymp.ca\/fr\/citizens-arrest-and-self-defence-act\/#breadcrumb","itemListElement":[{"@type":"ListItem","position":1,"name":"Home","item":"https:\/\/elizabethmaymp.ca\/fr\/"},{"@type":"ListItem","position":2,"name":"Citizen&#8217;s Arrest and Self-defence Act"}]},{"@type":"WebSite","@id":"https:\/\/elizabethmaymp.ca\/fr\/#website","url":"https:\/\/elizabethmaymp.ca\/fr\/","name":"Elizabeth May","description":"MP for Saanich and Gulf Islands","publisher":{"@id":"https:\/\/elizabethmaymp.ca\/fr\/#organization"},"potentialAction":[{"@type":"SearchAction","target":{"@type":"EntryPoint","urlTemplate":"https:\/\/elizabethmaymp.ca\/fr\/?s={search_term_string}"},"query-input":{"@type":"PropertyValueSpecification","valueRequired":true,"valueName":"search_term_string"}}],"inLanguage":"en-US"},{"@type":"Organization","@id":"https:\/\/elizabethmaymp.ca\/fr\/#organization","name":"Elizabeth May MP","url":"https:\/\/elizabethmaymp.ca\/fr\/","logo":{"@type":"ImageObject","inLanguage":"en-US","@id":"https:\/\/elizabethmaymp.ca\/fr\/#\/schema\/logo\/image\/","url":"https:\/\/elizabethmaymp.ca\/wp-content\/uploads\/elizabethmay-button.png","contentUrl":"https:\/\/elizabethmaymp.ca\/wp-content\/uploads\/elizabethmay-button.png","width":1501,"height":1501,"caption":"Elizabeth May MP"},"image":{"@id":"https:\/\/elizabethmaymp.ca\/fr\/#\/schema\/logo\/image\/"},"sameAs":["https:\/\/www.facebook.com\/ElizabethMayMP","https:\/\/x.com\/elizabethmay"]},{"@type":"Person","@id":"https:\/\/elizabethmaymp.ca\/#\/schema\/person\/d3f03a762a6bc9b615b1cc303ebf0c1f","name":"Craig Cantin","image":{"@type":"ImageObject","inLanguage":"en-US","@id":"https:\/\/secure.gravatar.com\/avatar\/4c95358098caf4f50815f5fc942d6d14142d8b46ece2b18c21ac1fb7d38545a4?s=96&d=mm&r=g","url":"https:\/\/secure.gravatar.com\/avatar\/4c95358098caf4f50815f5fc942d6d14142d8b46ece2b18c21ac1fb7d38545a4?s=96&d=mm&r=g","contentUrl":"https:\/\/secure.gravatar.com\/avatar\/4c95358098caf4f50815f5fc942d6d14142d8b46ece2b18c21ac1fb7d38545a4?s=96&d=mm&r=g","caption":"Craig Cantin"},"url":"https:\/\/elizabethmaymp.ca\/fr\/author\/craig-c\/"}]}},"_links":{"self":[{"href":"https:\/\/elizabethmaymp.ca\/fr\/wp-json\/wp\/v2\/posts\/2090","targetHints":{"allow":["GET"]}}],"collection":[{"href":"https:\/\/elizabethmaymp.ca\/fr\/wp-json\/wp\/v2\/posts"}],"about":[{"href":"https:\/\/elizabethmaymp.ca\/fr\/wp-json\/wp\/v2\/types\/post"}],"author":[{"embeddable":true,"href":"https:\/\/elizabethmaymp.ca\/fr\/wp-json\/wp\/v2\/users\/3"}],"replies":[{"embeddable":true,"href":"https:\/\/elizabethmaymp.ca\/fr\/wp-json\/wp\/v2\/comments?post=2090"}],"version-history":[{"count":2,"href":"https:\/\/elizabethmaymp.ca\/fr\/wp-json\/wp\/v2\/posts\/2090\/revisions"}],"predecessor-version":[{"id":2092,"href":"https:\/\/elizabethmaymp.ca\/fr\/wp-json\/wp\/v2\/posts\/2090\/revisions\/2092"}],"wp:attachment":[{"href":"https:\/\/elizabethmaymp.ca\/fr\/wp-json\/wp\/v2\/media?parent=2090"}],"wp:term":[{"taxonomy":"category","embeddable":true,"href":"https:\/\/elizabethmaymp.ca\/fr\/wp-json\/wp\/v2\/categories?post=2090"},{"taxonomy":"post_tag","embeddable":true,"href":"https:\/\/elizabethmaymp.ca\/fr\/wp-json\/wp\/v2\/tags?post=2090"}],"curies":[{"name":"wp","href":"https:\/\/api.w.org\/{rel}","templated":true}]}}