{"id":21886,"date":"2020-03-18T09:49:22","date_gmt":"2020-03-18T13:49:22","guid":{"rendered":"http:\/\/elizabethmaymp.ca?p=21886"},"modified":"2021-02-10T09:03:48","modified_gmt":"2021-02-10T14:03:48","slug":"greens-support-liberals-unprecedented-financial-measures-announced-today","status":"publish","type":"post","link":"https:\/\/elizabethmaymp.ca\/fr\/greens-support-liberals-unprecedented-financial-measures-announced-today\/","title":{"rendered":"Les Verts appuient les mesures financi\u00e8res sans pr\u00e9c\u00e9dent annonc\u00e9es par les Lib\u00e9raux aujourd&#8217;hui"},"content":{"rendered":"<p>OTTAWA &#8211; Le Parti vert du Canada se r\u00e9jouit de l&#8217;aide financi\u00e8re accord\u00e9e aux Canadiens touch\u00e9s par la pand\u00e9mie de COVID-19 annonc\u00e9e par le gouvernement Trudeau \u00e0 Ottawa aujourd&#8217;hui.<\/p>\n<p>\u00ab Nous sommes reconnaissants envers le gouvernement d&#8217;avoir annonc\u00e9 des mesures substantielles qui apporteront aux Canadiens un certain r\u00e9confort financier en ces temps de d\u00e9tresse et d&#8217;incertitude \u00bb, a d\u00e9clar\u00e9 la chef parlementaire du Parti vert Elizabeth May (d\u00e9put\u00e9e de Saanich-Gulf Islands). \u00ab Personne ne devrait avoir peur de rester \u00e0 la maison en raison de soucis financiers. Afin d&#8217;att\u00e9nuer la propagation du coronavirus, nous devons aider les personnes qui ne peuvent pas travailler en raison de leur isolement ou parce qu&#8217;elles doivent rester \u00e0 la maison pour s&#8217;occuper de leurs proches. Pour les travailleurs \u00e0 temps partiel et les travailleurs autonomes, les personnes qui travaillent dans la grande \u00e9conomie et les propri\u00e9taires de petites entreprises qui voient leurs revenus diminuer, ces mesures apporteront le r\u00e9confort n\u00e9cessaire. \u00bb<\/p>\n<p>Bien que le caucus vert soit encourag\u00e9 par les annonces d&#8217;aujourd&#8217;hui, il esp\u00e8re que le soutien aux agriculteurs canadiens sera bient\u00f4t consid\u00e9r\u00e9.<\/p>\n<p>\u00ab Il est encourageant de constater qu&#8217;un soutien financier est mis en place pour le grand nombre de travailleurs canadiens qui ne sont pas admissibles \u00e0 l&#8217;assurance-emploi \u00bb, a d\u00e9clar\u00e9 Paul Manly (d\u00e9put\u00e9, Nanaimo-Ladysmith). \u00ab Les nouvelles mesures annonc\u00e9es aujourd&#8217;hui, qui visent \u00e0 aider les petites entreprises \u00e0 conserver leurs employ\u00e9s, sont \u00e9galement des mesures positives. Un domaine qui me pr\u00e9occupe particuli\u00e8rement est celui de la production alimentaire. Nous sommes confront\u00e9s \u00e0 une crise imminente dans le domaine de l&#8217;agriculture. Nous avons besoin d&#8217;un plan d&#8217;aide pour les agriculteurs et nous devons trouver des solutions pour ceux qui d\u00e9pendent de travailleurs \u00e9trangers temporaires. Nous ne pouvons pas abandonner nos cha\u00eenes d&#8217;approvisionnement locales et r\u00e9gionales de production alimentaire \u00e0 leur sort. Nous devons les prot\u00e9ger de toute urgence. \u00bb<\/p>\n<p>Jenica Atwin (d\u00e9put\u00e9e, Fredericton), porte-parole du caucus vert pour les relations entre la Couronne et les Autochtones, souligne le fait que 305 millions de dollars seront consacr\u00e9s \u00e0 un nouveau fonds de soutien communautaire pour les Premi\u00e8res Nations. \u00ab Les communaut\u00e9s des Premi\u00e8res Nations, des Inuits et des M\u00e9tis sont particuli\u00e8rement vuln\u00e9rables en ce moment \u00bb, a d\u00e9clar\u00e9 Mme Atwin. \u00ab Ces fonds seront tr\u00e8s utiles. Nous continuerons \u00e0 surveiller la situation pour nous assurer que des fonds suffisants soient disponibles tout au long de cette crise. J&#8217;ai \u00e9galement \u00e9t\u00e9 heureuse de constater que des fonds seront allou\u00e9s pour les refuges pour sans-abri et pour les gens qui fuient la violence sexiste. \u00bb<\/p>\n<p>\u00ab Il y a tant de travailleurs de premi\u00e8re ligne \u00e0 qui nous sommes reconnaissants\u00a0 \u00bb, a d\u00e9clar\u00e9 Jo-Ann Roberts, chef par int\u00e9rim du Parti vert. \u00ab Qu&#8217;il s&#8217;agisse des professionnels de la sant\u00e9, de ceux qui approvisionnent nos pharmacies et nos magasins d&#8217;alimentation ou des travailleurs des services essentiels, ils contribuent tous \u00e0 notre s\u00e9curit\u00e9 et \u00e0 notre sant\u00e9. Le fait de savoir que notre nourriture et nos fournitures m\u00e9dicales sont facilement disponibles nous aidera \u00e0 r\u00e9duire la quantit\u00e9 de marchandise que nous achetons. Cela permettra \u00e0 tous de se procurer ce dont dont ils ont\u00a0 besoin. \u00bb<\/p>\n<p>\u00ab J&#8217;appr\u00e9cie beaucoup que certains de nos coll\u00e8gues parlementaires aient \u00e9cout\u00e9 les suggestions de notre caucus et je suis encourag\u00e9e par la collaboration entre les partis. Nous savons que de nombreux Canadiens auront encore des questions et des pr\u00e9occupations et nous continuerons \u00e0 d\u00e9fendre leurs int\u00e9r\u00eats. Les Canadiens forment un peuple r\u00e9silient qui unit ses forces de tant de fa\u00e7ons diff\u00e9rentes pour s&#8217;entraider. Aujourd&#8217;hui, notre gouvernement a pris des mesures pour leur fournir un soutien financier dont ils ont grandement besoin et nous le f\u00e9licitons \u00bb, a conclu Mme May.<\/p>\n<p># # #<\/p>\n<p><strong>Pour plus d&#8217;informations ou pour organiser une entrevue, contactez :<\/strong><\/p>\n<p>Rosie Emery<\/p>\n<p>Attach\u00e9e de presse<\/p>\n<p>613-562-4916&#215;206<\/p>\n<p><a href=\"mailto:rosie.emery@partivert.ca\">rosie.emery@partivert.ca<\/a><\/p>","protected":false},"excerpt":{"rendered":"<p>OTTAWA &#8211; Le Parti vert du Canada se r\u00e9jouit de l&#8217;aide financi\u00e8re accord\u00e9e aux Canadiens touch\u00e9s par la pand\u00e9mie de COVID-19 annonc\u00e9e par le gouvernement Trudeau \u00e0 Ottawa&hellip;<\/p>\n","protected":false},"author":1381,"featured_media":0,"comment_status":"closed","ping_status":"open","sticky":false,"template":"","format":"standard","meta":{"_acf_changed":false,"_price":"","_stock":"","_tribe_ticket_header":"","_tribe_default_ticket_provider":"","_tribe_ticket_capacity":"","_ticket_start_date":"","_ticket_end_date":"","_tribe_ticket_show_description":"","_tribe_ticket_show_not_going":false,"_tribe_ticket_use_global_stock":"","_tribe_ticket_global_stock_level":"","_global_stock_mode":"","_global_stock_cap":"","_tribe_rsvp_for_event":"","_tribe_ticket_going_count":"","_tribe_ticket_not_going_count":"","_tribe_tickets_list":"[]","_tribe_ticket_has_attendee_info_fields":false,"footnotes":""},"categories":[2480,90],"tags":[2487,2522],"class_list":["post-21886","post","type-post","status-publish","format-standard","hentry","category-covid-19","category-press-releases","tag-covid19","tag-economic-recovery"],"acf":[],"yoast_head":"<!-- This site is optimized with the Yoast SEO plugin v27.5 - https:\/\/yoast.com\/product\/yoast-seo-wordpress\/ -->\n<title>Les Verts appuient les mesures financi\u00e8res sans pr\u00e9c\u00e9dent annonc\u00e9es par les Lib\u00e9raux aujourd&#039;hui | Elizabeth May<\/title>\n<meta name=\"robots\" content=\"index, follow, max-snippet:-1, max-image-preview:large, max-video-preview:-1\" \/>\n<link rel=\"canonical\" href=\"https:\/\/elizabethmaymp.ca\/fr\/greens-support-liberals-unprecedented-financial-measures-announced-today\/\" \/>\n<meta property=\"og:locale\" content=\"en_US\" \/>\n<meta property=\"og:type\" content=\"article\" \/>\n<meta property=\"og:title\" content=\"Les Verts appuient les mesures financi\u00e8res sans pr\u00e9c\u00e9dent annonc\u00e9es par les Lib\u00e9raux aujourd&#039;hui | Elizabeth May\" \/>\n<meta property=\"og:description\" content=\"OTTAWA &#8211; Le Parti vert du Canada se r\u00e9jouit de l&#8217;aide financi\u00e8re accord\u00e9e aux Canadiens touch\u00e9s par la pand\u00e9mie de COVID-19 annonc\u00e9e par le gouvernement Trudeau \u00e0 Ottawa&hellip;\" \/>\n<meta property=\"og:url\" content=\"https:\/\/elizabethmaymp.ca\/fr\/greens-support-liberals-unprecedented-financial-measures-announced-today\/\" \/>\n<meta property=\"og:site_name\" content=\"Elizabeth May\" \/>\n<meta property=\"article:publisher\" content=\"https:\/\/www.facebook.com\/ElizabethMayMP\" \/>\n<meta property=\"article:published_time\" content=\"2020-03-18T13:49:22+00:00\" \/>\n<meta property=\"article:modified_time\" content=\"2021-02-10T14:03:48+00:00\" \/>\n<meta property=\"og:image\" content=\"https:\/\/elizabethmaymp.ca\/wp-content\/uploads\/cropped-elizabethmay-button.png\" \/>\n\t<meta property=\"og:image:width\" content=\"512\" \/>\n\t<meta property=\"og:image:height\" content=\"512\" \/>\n\t<meta property=\"og:image:type\" content=\"image\/png\" \/>\n<meta name=\"author\" content=\"Elizabeth May\" \/>\n<meta name=\"twitter:card\" content=\"summary_large_image\" \/>\n<meta name=\"twitter:creator\" content=\"@elizabethmay\" \/>\n<meta name=\"twitter:site\" content=\"@elizabethmay\" \/>\n<meta name=\"twitter:label1\" content=\"Written by\" \/>\n\t<meta name=\"twitter:data1\" content=\"Elizabeth May\" \/>\n\t<meta name=\"twitter:label2\" content=\"Est. reading time\" \/>\n\t<meta name=\"twitter:data2\" content=\"6 minutes\" \/>\n<script type=\"application\/ld+json\" class=\"yoast-schema-graph\">{\"@context\":\"https:\\\/\\\/schema.org\",\"@graph\":[{\"@type\":\"Article\",\"@id\":\"https:\\\/\\\/elizabethmaymp.ca\\\/fr\\\/greens-support-liberals-unprecedented-financial-measures-announced-today\\\/#article\",\"isPartOf\":{\"@id\":\"https:\\\/\\\/elizabethmaymp.ca\\\/fr\\\/greens-support-liberals-unprecedented-financial-measures-announced-today\\\/\"},\"author\":{\"name\":\"Elizabeth May\",\"@id\":\"https:\\\/\\\/elizabethmaymp.ca\\\/#\\\/schema\\\/person\\\/8ad70c936dfbb0f3a3af6907c5fdd64c\"},\"headline\":\"Les Verts appuient les mesures financi\u00e8res sans pr\u00e9c\u00e9dent annonc\u00e9es par les Lib\u00e9raux aujourd&#8217;hui\",\"datePublished\":\"2020-03-18T13:49:22+00:00\",\"dateModified\":\"2021-02-10T14:03:48+00:00\",\"mainEntityOfPage\":{\"@id\":\"https:\\\/\\\/elizabethmaymp.ca\\\/fr\\\/greens-support-liberals-unprecedented-financial-measures-announced-today\\\/\"},\"wordCount\":1231,\"publisher\":{\"@id\":\"https:\\\/\\\/elizabethmaymp.ca\\\/#organization\"},\"keywords\":[\"covid19\",\"Economic Recovery\"],\"articleSection\":[\"COVID 19\",\"Communiqu\u00e9s\"],\"inLanguage\":\"en-US\"},{\"@type\":\"WebPage\",\"@id\":\"https:\\\/\\\/elizabethmaymp.ca\\\/fr\\\/greens-support-liberals-unprecedented-financial-measures-announced-today\\\/\",\"url\":\"https:\\\/\\\/elizabethmaymp.ca\\\/fr\\\/greens-support-liberals-unprecedented-financial-measures-announced-today\\\/\",\"name\":\"Les Verts appuient les mesures financi\u00e8res sans pr\u00e9c\u00e9dent annonc\u00e9es par les Lib\u00e9raux aujourd'hui | Elizabeth May\",\"isPartOf\":{\"@id\":\"https:\\\/\\\/elizabethmaymp.ca\\\/fr\\\/#website\"},\"datePublished\":\"2020-03-18T13:49:22+00:00\",\"dateModified\":\"2021-02-10T14:03:48+00:00\",\"breadcrumb\":{\"@id\":\"https:\\\/\\\/elizabethmaymp.ca\\\/fr\\\/greens-support-liberals-unprecedented-financial-measures-announced-today\\\/#breadcrumb\"},\"inLanguage\":\"en-US\",\"potentialAction\":[{\"@type\":\"ReadAction\",\"target\":[[\"https:\\\/\\\/elizabethmaymp.ca\\\/fr\\\/greens-support-liberals-unprecedented-financial-measures-announced-today\\\/\"]]}]},{\"@type\":\"BreadcrumbList\",\"@id\":\"https:\\\/\\\/elizabethmaymp.ca\\\/fr\\\/greens-support-liberals-unprecedented-financial-measures-announced-today\\\/#breadcrumb\",\"itemListElement\":[{\"@type\":\"ListItem\",\"position\":1,\"name\":\"Home\",\"item\":\"https:\\\/\\\/elizabethmaymp.ca\\\/fr\\\/\"},{\"@type\":\"ListItem\",\"position\":2,\"name\":\"Les Verts appuient les mesures financi\u00e8res sans pr\u00e9c\u00e9dent annonc\u00e9es par les Lib\u00e9raux aujourd&#8217;hui\"}]},{\"@type\":\"WebSite\",\"@id\":\"https:\\\/\\\/elizabethmaymp.ca\\\/fr\\\/#website\",\"url\":\"https:\\\/\\\/elizabethmaymp.ca\\\/fr\\\/\",\"name\":\"Elizabeth May\",\"description\":\"MP for Saanich and Gulf Islands\",\"publisher\":{\"@id\":\"https:\\\/\\\/elizabethmaymp.ca\\\/fr\\\/#organization\"},\"potentialAction\":[{\"@type\":\"SearchAction\",\"target\":{\"@type\":\"EntryPoint\",\"urlTemplate\":\"https:\\\/\\\/elizabethmaymp.ca\\\/fr\\\/?s={search_term_string}\"},\"query-input\":{\"@type\":\"PropertyValueSpecification\",\"valueRequired\":true,\"valueName\":\"search_term_string\"}}],\"inLanguage\":\"en-US\"},{\"@type\":\"Organization\",\"@id\":\"https:\\\/\\\/elizabethmaymp.ca\\\/fr\\\/#organization\",\"name\":\"Elizabeth May MP\",\"url\":\"https:\\\/\\\/elizabethmaymp.ca\\\/fr\\\/\",\"logo\":{\"@type\":\"ImageObject\",\"inLanguage\":\"en-US\",\"@id\":\"https:\\\/\\\/elizabethmaymp.ca\\\/fr\\\/#\\\/schema\\\/logo\\\/image\\\/\",\"url\":\"https:\\\/\\\/elizabethmaymp.ca\\\/wp-content\\\/uploads\\\/elizabethmay-button.png\",\"contentUrl\":\"https:\\\/\\\/elizabethmaymp.ca\\\/wp-content\\\/uploads\\\/elizabethmay-button.png\",\"width\":1501,\"height\":1501,\"caption\":\"Elizabeth May MP\"},\"image\":{\"@id\":\"https:\\\/\\\/elizabethmaymp.ca\\\/fr\\\/#\\\/schema\\\/logo\\\/image\\\/\"},\"sameAs\":[\"https:\\\/\\\/www.facebook.com\\\/ElizabethMayMP\",\"https:\\\/\\\/x.com\\\/elizabethmay\"]},{\"@type\":\"Person\",\"@id\":\"https:\\\/\\\/elizabethmaymp.ca\\\/#\\\/schema\\\/person\\\/8ad70c936dfbb0f3a3af6907c5fdd64c\",\"name\":\"Elizabeth May\",\"image\":{\"@type\":\"ImageObject\",\"inLanguage\":\"en-US\",\"@id\":\"https:\\\/\\\/secure.gravatar.com\\\/avatar\\\/7f32b0419a16ab6a875eb96521d826f03c3f2e604de2976ea8bf5afa253f814a?s=96&d=mm&r=g\",\"url\":\"https:\\\/\\\/secure.gravatar.com\\\/avatar\\\/7f32b0419a16ab6a875eb96521d826f03c3f2e604de2976ea8bf5afa253f814a?s=96&d=mm&r=g\",\"contentUrl\":\"https:\\\/\\\/secure.gravatar.com\\\/avatar\\\/7f32b0419a16ab6a875eb96521d826f03c3f2e604de2976ea8bf5afa253f814a?s=96&d=mm&r=g\",\"caption\":\"Elizabeth May\"},\"url\":\"https:\\\/\\\/elizabethmaymp.ca\\\/fr\\\/author\\\/outreach-coordinator\\\/\"}]}<\/script>\n<!-- \/ Yoast SEO plugin. -->","yoast_head_json":{"title":"Les Verts appuient les mesures financi\u00e8res sans pr\u00e9c\u00e9dent annonc\u00e9es par les Lib\u00e9raux aujourd'hui | Elizabeth May","robots":{"index":"index","follow":"follow","max-snippet":"max-snippet:-1","max-image-preview":"max-image-preview:large","max-video-preview":"max-video-preview:-1"},"canonical":"https:\/\/elizabethmaymp.ca\/fr\/greens-support-liberals-unprecedented-financial-measures-announced-today\/","og_locale":"en_US","og_type":"article","og_title":"Les Verts appuient les mesures financi\u00e8res sans pr\u00e9c\u00e9dent annonc\u00e9es par les Lib\u00e9raux aujourd'hui | Elizabeth May","og_description":"OTTAWA &#8211; Le Parti vert du Canada se r\u00e9jouit de l&#8217;aide financi\u00e8re accord\u00e9e aux Canadiens touch\u00e9s par la pand\u00e9mie de COVID-19 annonc\u00e9e par le gouvernement Trudeau \u00e0 Ottawa&hellip;","og_url":"https:\/\/elizabethmaymp.ca\/fr\/greens-support-liberals-unprecedented-financial-measures-announced-today\/","og_site_name":"Elizabeth May","article_publisher":"https:\/\/www.facebook.com\/ElizabethMayMP","article_published_time":"2020-03-18T13:49:22+00:00","article_modified_time":"2021-02-10T14:03:48+00:00","og_image":[{"width":512,"height":512,"url":"https:\/\/elizabethmaymp.ca\/wp-content\/uploads\/cropped-elizabethmay-button.png","type":"image\/png"}],"author":"Elizabeth May","twitter_card":"summary_large_image","twitter_creator":"@elizabethmay","twitter_site":"@elizabethmay","twitter_misc":{"Written by":"Elizabeth May","Est. reading time":"6 minutes"},"schema":{"@context":"https:\/\/schema.org","@graph":[{"@type":"Article","@id":"https:\/\/elizabethmaymp.ca\/fr\/greens-support-liberals-unprecedented-financial-measures-announced-today\/#article","isPartOf":{"@id":"https:\/\/elizabethmaymp.ca\/fr\/greens-support-liberals-unprecedented-financial-measures-announced-today\/"},"author":{"name":"Elizabeth May","@id":"https:\/\/elizabethmaymp.ca\/#\/schema\/person\/8ad70c936dfbb0f3a3af6907c5fdd64c"},"headline":"Les Verts appuient les mesures financi\u00e8res sans pr\u00e9c\u00e9dent annonc\u00e9es par les Lib\u00e9raux aujourd&#8217;hui","datePublished":"2020-03-18T13:49:22+00:00","dateModified":"2021-02-10T14:03:48+00:00","mainEntityOfPage":{"@id":"https:\/\/elizabethmaymp.ca\/fr\/greens-support-liberals-unprecedented-financial-measures-announced-today\/"},"wordCount":1231,"publisher":{"@id":"https:\/\/elizabethmaymp.ca\/#organization"},"keywords":["covid19","Economic Recovery"],"articleSection":["COVID 19","Communiqu\u00e9s"],"inLanguage":"en-US"},{"@type":"WebPage","@id":"https:\/\/elizabethmaymp.ca\/fr\/greens-support-liberals-unprecedented-financial-measures-announced-today\/","url":"https:\/\/elizabethmaymp.ca\/fr\/greens-support-liberals-unprecedented-financial-measures-announced-today\/","name":"Les Verts appuient les mesures financi\u00e8res sans pr\u00e9c\u00e9dent annonc\u00e9es par les Lib\u00e9raux aujourd'hui | Elizabeth May","isPartOf":{"@id":"https:\/\/elizabethmaymp.ca\/fr\/#website"},"datePublished":"2020-03-18T13:49:22+00:00","dateModified":"2021-02-10T14:03:48+00:00","breadcrumb":{"@id":"https:\/\/elizabethmaymp.ca\/fr\/greens-support-liberals-unprecedented-financial-measures-announced-today\/#breadcrumb"},"inLanguage":"en-US","potentialAction":[{"@type":"ReadAction","target":[["https:\/\/elizabethmaymp.ca\/fr\/greens-support-liberals-unprecedented-financial-measures-announced-today\/"]]}]},{"@type":"BreadcrumbList","@id":"https:\/\/elizabethmaymp.ca\/fr\/greens-support-liberals-unprecedented-financial-measures-announced-today\/#breadcrumb","itemListElement":[{"@type":"ListItem","position":1,"name":"Home","item":"https:\/\/elizabethmaymp.ca\/fr\/"},{"@type":"ListItem","position":2,"name":"Les Verts appuient les mesures financi\u00e8res sans pr\u00e9c\u00e9dent annonc\u00e9es par les Lib\u00e9raux aujourd&#8217;hui"}]},{"@type":"WebSite","@id":"https:\/\/elizabethmaymp.ca\/fr\/#website","url":"https:\/\/elizabethmaymp.ca\/fr\/","name":"Elizabeth May","description":"MP for Saanich and Gulf Islands","publisher":{"@id":"https:\/\/elizabethmaymp.ca\/fr\/#organization"},"potentialAction":[{"@type":"SearchAction","target":{"@type":"EntryPoint","urlTemplate":"https:\/\/elizabethmaymp.ca\/fr\/?s={search_term_string}"},"query-input":{"@type":"PropertyValueSpecification","valueRequired":true,"valueName":"search_term_string"}}],"inLanguage":"en-US"},{"@type":"Organization","@id":"https:\/\/elizabethmaymp.ca\/fr\/#organization","name":"Elizabeth May MP","url":"https:\/\/elizabethmaymp.ca\/fr\/","logo":{"@type":"ImageObject","inLanguage":"en-US","@id":"https:\/\/elizabethmaymp.ca\/fr\/#\/schema\/logo\/image\/","url":"https:\/\/elizabethmaymp.ca\/wp-content\/uploads\/elizabethmay-button.png","contentUrl":"https:\/\/elizabethmaymp.ca\/wp-content\/uploads\/elizabethmay-button.png","width":1501,"height":1501,"caption":"Elizabeth May MP"},"image":{"@id":"https:\/\/elizabethmaymp.ca\/fr\/#\/schema\/logo\/image\/"},"sameAs":["https:\/\/www.facebook.com\/ElizabethMayMP","https:\/\/x.com\/elizabethmay"]},{"@type":"Person","@id":"https:\/\/elizabethmaymp.ca\/#\/schema\/person\/8ad70c936dfbb0f3a3af6907c5fdd64c","name":"Elizabeth May","image":{"@type":"ImageObject","inLanguage":"en-US","@id":"https:\/\/secure.gravatar.com\/avatar\/7f32b0419a16ab6a875eb96521d826f03c3f2e604de2976ea8bf5afa253f814a?s=96&d=mm&r=g","url":"https:\/\/secure.gravatar.com\/avatar\/7f32b0419a16ab6a875eb96521d826f03c3f2e604de2976ea8bf5afa253f814a?s=96&d=mm&r=g","contentUrl":"https:\/\/secure.gravatar.com\/avatar\/7f32b0419a16ab6a875eb96521d826f03c3f2e604de2976ea8bf5afa253f814a?s=96&d=mm&r=g","caption":"Elizabeth May"},"url":"https:\/\/elizabethmaymp.ca\/fr\/author\/outreach-coordinator\/"}]}},"_links":{"self":[{"href":"https:\/\/elizabethmaymp.ca\/fr\/wp-json\/wp\/v2\/posts\/21886","targetHints":{"allow":["GET"]}}],"collection":[{"href":"https:\/\/elizabethmaymp.ca\/fr\/wp-json\/wp\/v2\/posts"}],"about":[{"href":"https:\/\/elizabethmaymp.ca\/fr\/wp-json\/wp\/v2\/types\/post"}],"author":[{"embeddable":true,"href":"https:\/\/elizabethmaymp.ca\/fr\/wp-json\/wp\/v2\/users\/1381"}],"replies":[{"embeddable":true,"href":"https:\/\/elizabethmaymp.ca\/fr\/wp-json\/wp\/v2\/comments?post=21886"}],"version-history":[{"count":3,"href":"https:\/\/elizabethmaymp.ca\/fr\/wp-json\/wp\/v2\/posts\/21886\/revisions"}],"predecessor-version":[{"id":24475,"href":"https:\/\/elizabethmaymp.ca\/fr\/wp-json\/wp\/v2\/posts\/21886\/revisions\/24475"}],"wp:attachment":[{"href":"https:\/\/elizabethmaymp.ca\/fr\/wp-json\/wp\/v2\/media?parent=21886"}],"wp:term":[{"taxonomy":"category","embeddable":true,"href":"https:\/\/elizabethmaymp.ca\/fr\/wp-json\/wp\/v2\/categories?post=21886"},{"taxonomy":"post_tag","embeddable":true,"href":"https:\/\/elizabethmaymp.ca\/fr\/wp-json\/wp\/v2\/tags?post=21886"}],"curies":[{"name":"wp","href":"https:\/\/api.w.org\/{rel}","templated":true}]}}