{"id":24261,"date":"2020-09-24T19:47:45","date_gmt":"2020-09-24T23:47:45","guid":{"rendered":"http:\/\/elizabethmaymp.ca\/?p=24261"},"modified":"2021-02-04T19:50:04","modified_gmt":"2021-02-05T00:50:04","slug":"greens-encouraged-by-some-aspects-of-speech-from-the-throne-but-caution-stronger-climate-action-will-be-needed-2","status":"publish","type":"post","link":"https:\/\/elizabethmaymp.ca\/fr\/greens-encouraged-by-some-aspects-of-speech-from-the-throne-but-caution-stronger-climate-action-will-be-needed-2\/","title":{"rendered":"Les Verts sont encourag\u00e9s par certains aspects du discours du Tr\u00f4ne, mais demandent une action plus concr\u00e8te en mati\u00e8re de climat"},"content":{"rendered":"<p>24 septembre 2020<\/p>\n<p>OTTAWA &#8211; Le Parti vert du Canada a exprim\u00e9 un optimisme prudent \u00e0 propos du discours du Tr\u00f4ne d&#8217;hier. Son soutien continu aux gens qui luttent contre les effets de la pand\u00e9mie est encourageant. Cependant, les donn\u00e9es scientifiques sur la crise climatique montrent clairement que nous avons besoin de plus que de vagues promesses pour d\u00e9passer les faibles objectifs actuels pour 2030. Le Canada doit respecter ses engagements internationaux et le Parti vert continuera \u00e0 faire pression pour une action climatique plus ambitieuse.<\/p>\n<p>\u00ab Les Lib\u00e9raux ont fait beaucoup de promesses aujourd&#8217;hui \u00bb, a d\u00e9clar\u00e9 la chef par int\u00e9rim du Parti vert, Jo-Ann Roberts. \u00ab Beaucoup de leurs propositions sont \u00e9tonnamment similaires \u00e0 celles pr\u00e9sent\u00e9es dans le plan de relance du Parti vert intitul\u00e9 \u00ab R\u00e9imaginer notre avenir. \u00bb<\/p>\n<p>Il est \u00e9vident que la pand\u00e9mie est au premier plan des pr\u00e9occupations des gens. C&#8217;est pourquoi nous saluons les initiatives qui renforcent le souci des gens et de notre plan\u00e8te. \u00bb<\/p>\n<p>\u00ab Nous soutenons des id\u00e9es comme le financement du logement et le soutien \u00e0 l&#8217;approvisionnement alimentaire local. Bien avant la pand\u00e9mie, nous plaidions pour des normes nationales en mati\u00e8re de soins de longue dur\u00e9e et nous avons demand\u00e9 des investissements dans l&#8217;apprentissage pr\u00e9coce et la garde d&#8217;enfants \u00bb, a d\u00e9clar\u00e9 Paul Manly (d\u00e9put\u00e9 de Nanaimo-Ladysmith). \u00ab Toutefois, je crois que le gouvernement a manqu\u00e9 une occasion historique de mettre en place un revenu minimum garanti. Les communaut\u00e9s et les vies continuent d&#8217;\u00eatre ravag\u00e9es par la crise des opiac\u00e9s, mais les engagements pr\u00e9sents dans le discours du Tr\u00f4ne pour faire face \u00e0 cette crise sont beaucoup trop faibles. Je suis \u00e9galement tr\u00e8s d\u00e9\u00e7u de ne rien entendre sur l&#8217;effondrement catastrophique de la p\u00eache au saumon sur la c\u00f4te ouest, ni sur l&#8217;\u00e9limination des piscicultures des voies de migration du saumon. \u00bb<\/p>\n<p>La chef parlementaire des Verts Elizabeth May (d\u00e9put\u00e9e de Saanich-Gulf Islands) a soulign\u00e9 la n\u00e9cessit\u00e9 d&#8217;une action en faveur de la r\u00e9conciliation avec les Premi\u00e8res Nations. Mme May a \u00e9galement salu\u00e9 l&#8217;annonce de la cr\u00e9ation d&#8217;une Agence canadienne de l&#8217;eau. \u00ab Il s\u2019agit d\u2019une mesure importante et je suis heureuse de la voir enfin annonc\u00e9e aujourd&#8217;hui \u00bb, a d\u00e9clar\u00e9 Mme May. \u00ab Je suis \u00e9galement tr\u00e8s heureuse d&#8217;apprendre que le Canada va augmenter son aide au d\u00e9veloppement international. En plus de la pand\u00e9mie, la crise climatique d\u00e9vaste d\u00e9j\u00e0 les populations des pays vuln\u00e9rables des millions de r\u00e9fugi\u00e9s climatiques suppl\u00e9mentaires auront bient\u00f4t besoin d&#8217;aide. \u00bb<\/p>\n<p>La d\u00e9put\u00e9e de la circonscription de Fredericton, Jenica Atwin, exprime des r\u00e9serves \u00e0 l&#8217;\u00e9gard du discours du Tr\u00f4ne en d\u00e9clarant que: \u00ab Bon nombre de ces engagements, incluant celui de l\u00e9gif\u00e9rer sur l\u2019objectif canadien de z\u00e9ro \u00e9mission nette d&#8217;ici 2050,  de moderniser la Loi sur les langues officielles et  d\u2019ench\u00e2sser la D\u00e9claration des Nations Unies sur les droits des peuples autochtones, sont des exemples de promesses tir\u00e9es du pr\u00e9c\u00e9dent discours du Tr\u00f4ne ainsi que de la plateforme lib\u00e9rale de 2019 \u00bb. Il est grand temps que le Secr\u00e9tariat de lutte contre le racisme agisse concr\u00e8tement, que des investissements importants suivent les engagements \u00e9nonc\u00e9s en mati\u00e8re de sant\u00e9 mentale et de bien-\u00eatre et que s\u2019amorcent finalement des actions tangibles afin que soit ent\u00e9rin\u00e9e la DNUDPA. Les paroles ne suffisent plus. \u00bb<\/p>\n<p>Le caucus vert a d\u00e9clar\u00e9 qu&#8217;il continuerait \u00e0 \u00e9tudier le document avant d&#8217;apporter son soutien inconditionnel au plan du gouvernement pour l&#8217;avenir, mais a indiqu\u00e9 qu&#8217;il semble repr\u00e9senter un pas dans la bonne direction. <\/p>\n<p># # #<\/p>\n<p>Pour plus d&#8217;informations ou pour organiser une entrevue, contactez<\/p>\n<p>Rosie Emery<\/p>\n<p>Attach\u00e9e de presse <\/p>\n<p>613-562-4916&#215;206<\/p>\n<p>rosie.emery@partivert.ca<\/p>","protected":false},"excerpt":{"rendered":"<p>24 septembre 2020 OTTAWA &#8211; Le Parti vert du Canada a exprim\u00e9 un optimisme prudent \u00e0 propos du discours du Tr\u00f4ne d&#8217;hier. Son soutien continu aux gens qui&hellip;<\/p>\n","protected":false},"author":1381,"featured_media":0,"comment_status":"closed","ping_status":"open","sticky":false,"template":"","format":"standard","meta":{"_acf_changed":false,"_price":"","_stock":"","_tribe_ticket_header":"","_tribe_default_ticket_provider":"","_tribe_ticket_capacity":"","_ticket_start_date":"","_ticket_end_date":"","_tribe_ticket_show_description":"","_tribe_ticket_show_not_going":false,"_tribe_ticket_use_global_stock":"","_tribe_ticket_global_stock_level":"","_global_stock_mode":"","_global_stock_cap":"","_tribe_rsvp_for_event":"","_tribe_ticket_going_count":"","_tribe_ticket_not_going_count":"","_tribe_tickets_list":"[]","_tribe_ticket_has_attendee_info_fields":false,"footnotes":""},"categories":[90],"tags":[2495,2564],"class_list":["post-24261","post","type-post","status-publish","format-standard","hentry","category-press-releases","tag-climate-action","tag-speech-from-the-throne"],"acf":[],"yoast_head":"<!-- This site is optimized with the Yoast SEO plugin v27.4 - https:\/\/yoast.com\/product\/yoast-seo-wordpress\/ -->\n<title>Les Verts sont encourag\u00e9s par certains aspects du discours du Tr\u00f4ne, mais demandent une action plus concr\u00e8te en mati\u00e8re de climat | Elizabeth May<\/title>\n<meta name=\"robots\" content=\"index, follow, max-snippet:-1, max-image-preview:large, max-video-preview:-1\" \/>\n<link rel=\"canonical\" href=\"https:\/\/elizabethmaymp.ca\/fr\/greens-encouraged-by-some-aspects-of-speech-from-the-throne-but-caution-stronger-climate-action-will-be-needed-2\/\" \/>\n<meta property=\"og:locale\" content=\"en_US\" \/>\n<meta property=\"og:type\" content=\"article\" \/>\n<meta property=\"og:title\" content=\"Les Verts sont encourag\u00e9s par certains aspects du discours du Tr\u00f4ne, mais demandent une action plus concr\u00e8te en mati\u00e8re de climat | Elizabeth May\" \/>\n<meta property=\"og:description\" content=\"24 septembre 2020 OTTAWA &#8211; Le Parti vert du Canada a exprim\u00e9 un optimisme prudent \u00e0 propos du discours du Tr\u00f4ne d&#8217;hier. Son soutien continu aux gens qui&hellip;\" \/>\n<meta property=\"og:url\" content=\"https:\/\/elizabethmaymp.ca\/fr\/greens-encouraged-by-some-aspects-of-speech-from-the-throne-but-caution-stronger-climate-action-will-be-needed-2\/\" \/>\n<meta property=\"og:site_name\" content=\"Elizabeth May\" \/>\n<meta property=\"article:publisher\" content=\"https:\/\/www.facebook.com\/ElizabethMayMP\" \/>\n<meta property=\"article:published_time\" content=\"2020-09-24T23:47:45+00:00\" \/>\n<meta property=\"article:modified_time\" content=\"2021-02-05T00:50:04+00:00\" \/>\n<meta property=\"og:image\" content=\"https:\/\/elizabethmaymp.ca\/wp-content\/uploads\/cropped-elizabethmay-button.png\" \/>\n\t<meta property=\"og:image:width\" content=\"512\" \/>\n\t<meta property=\"og:image:height\" content=\"512\" \/>\n\t<meta property=\"og:image:type\" content=\"image\/png\" \/>\n<meta name=\"author\" content=\"Elizabeth May\" \/>\n<meta name=\"twitter:card\" content=\"summary_large_image\" \/>\n<meta name=\"twitter:creator\" content=\"@elizabethmay\" \/>\n<meta name=\"twitter:site\" content=\"@elizabethmay\" \/>\n<meta name=\"twitter:label1\" content=\"Written by\" \/>\n\t<meta name=\"twitter:data1\" content=\"Elizabeth May\" \/>\n\t<meta name=\"twitter:label2\" content=\"Est. reading time\" \/>\n\t<meta name=\"twitter:data2\" content=\"6 minutes\" \/>\n<script type=\"application\/ld+json\" class=\"yoast-schema-graph\">{\"@context\":\"https:\\\/\\\/schema.org\",\"@graph\":[{\"@type\":\"Article\",\"@id\":\"https:\\\/\\\/elizabethmaymp.ca\\\/greens-encouraged-by-some-aspects-of-speech-from-the-throne-but-caution-stronger-climate-action-will-be-needed-2\\\/#article\",\"isPartOf\":{\"@id\":\"https:\\\/\\\/elizabethmaymp.ca\\\/greens-encouraged-by-some-aspects-of-speech-from-the-throne-but-caution-stronger-climate-action-will-be-needed-2\\\/\"},\"author\":{\"name\":\"Elizabeth May\",\"@id\":\"https:\\\/\\\/elizabethmaymp.ca\\\/#\\\/schema\\\/person\\\/8ad70c936dfbb0f3a3af6907c5fdd64c\"},\"headline\":\"Les Verts sont encourag\u00e9s par certains aspects du discours du Tr\u00f4ne, mais demandent une action plus concr\u00e8te en mati\u00e8re de climat\",\"datePublished\":\"2020-09-24T23:47:45+00:00\",\"dateModified\":\"2021-02-05T00:50:04+00:00\",\"mainEntityOfPage\":{\"@id\":\"https:\\\/\\\/elizabethmaymp.ca\\\/greens-encouraged-by-some-aspects-of-speech-from-the-throne-but-caution-stronger-climate-action-will-be-needed-2\\\/\"},\"wordCount\":1185,\"publisher\":{\"@id\":\"https:\\\/\\\/elizabethmaymp.ca\\\/#organization\"},\"keywords\":[\"climate action\",\"Speech from the throne\"],\"articleSection\":[\"Communiqu\u00e9s\"],\"inLanguage\":\"en-US\"},{\"@type\":\"WebPage\",\"@id\":\"https:\\\/\\\/elizabethmaymp.ca\\\/fr\\\/greens-encouraged-by-some-aspects-of-speech-from-the-throne-but-caution-stronger-climate-action-will-be-needed-2\\\/\",\"url\":\"https:\\\/\\\/elizabethmaymp.ca\\\/fr\\\/greens-encouraged-by-some-aspects-of-speech-from-the-throne-but-caution-stronger-climate-action-will-be-needed-2\\\/\",\"name\":\"Les Verts sont encourag\u00e9s par certains aspects du discours du Tr\u00f4ne, mais demandent une action plus concr\u00e8te en mati\u00e8re de climat | Elizabeth May\",\"isPartOf\":{\"@id\":\"https:\\\/\\\/elizabethmaymp.ca\\\/fr\\\/#website\"},\"datePublished\":\"2020-09-24T23:47:45+00:00\",\"dateModified\":\"2021-02-05T00:50:04+00:00\",\"breadcrumb\":{\"@id\":\"https:\\\/\\\/elizabethmaymp.ca\\\/fr\\\/greens-encouraged-by-some-aspects-of-speech-from-the-throne-but-caution-stronger-climate-action-will-be-needed-2\\\/#breadcrumb\"},\"inLanguage\":\"en-US\",\"potentialAction\":[{\"@type\":\"ReadAction\",\"target\":[[\"https:\\\/\\\/elizabethmaymp.ca\\\/fr\\\/greens-encouraged-by-some-aspects-of-speech-from-the-throne-but-caution-stronger-climate-action-will-be-needed-2\\\/\"]]}]},{\"@type\":\"BreadcrumbList\",\"@id\":\"https:\\\/\\\/elizabethmaymp.ca\\\/fr\\\/greens-encouraged-by-some-aspects-of-speech-from-the-throne-but-caution-stronger-climate-action-will-be-needed-2\\\/#breadcrumb\",\"itemListElement\":[{\"@type\":\"ListItem\",\"position\":1,\"name\":\"Home\",\"item\":\"https:\\\/\\\/elizabethmaymp.ca\\\/fr\\\/\"},{\"@type\":\"ListItem\",\"position\":2,\"name\":\"Greens encouraged by some aspects of Speech from the Throne but caution stronger climate action will be needed\"}]},{\"@type\":\"WebSite\",\"@id\":\"https:\\\/\\\/elizabethmaymp.ca\\\/fr\\\/#website\",\"url\":\"https:\\\/\\\/elizabethmaymp.ca\\\/fr\\\/\",\"name\":\"Elizabeth May\",\"description\":\"MP for Saanich and Gulf Islands\",\"publisher\":{\"@id\":\"https:\\\/\\\/elizabethmaymp.ca\\\/fr\\\/#organization\"},\"potentialAction\":[{\"@type\":\"SearchAction\",\"target\":{\"@type\":\"EntryPoint\",\"urlTemplate\":\"https:\\\/\\\/elizabethmaymp.ca\\\/fr\\\/?s={search_term_string}\"},\"query-input\":{\"@type\":\"PropertyValueSpecification\",\"valueRequired\":true,\"valueName\":\"search_term_string\"}}],\"inLanguage\":\"en-US\"},{\"@type\":\"Organization\",\"@id\":\"https:\\\/\\\/elizabethmaymp.ca\\\/fr\\\/#organization\",\"name\":\"Elizabeth May MP\",\"url\":\"https:\\\/\\\/elizabethmaymp.ca\\\/fr\\\/\",\"logo\":{\"@type\":\"ImageObject\",\"inLanguage\":\"en-US\",\"@id\":\"https:\\\/\\\/elizabethmaymp.ca\\\/fr\\\/#\\\/schema\\\/logo\\\/image\\\/\",\"url\":\"https:\\\/\\\/elizabethmaymp.ca\\\/wp-content\\\/uploads\\\/elizabethmay-button.png\",\"contentUrl\":\"https:\\\/\\\/elizabethmaymp.ca\\\/wp-content\\\/uploads\\\/elizabethmay-button.png\",\"width\":1501,\"height\":1501,\"caption\":\"Elizabeth May MP\"},\"image\":{\"@id\":\"https:\\\/\\\/elizabethmaymp.ca\\\/fr\\\/#\\\/schema\\\/logo\\\/image\\\/\"},\"sameAs\":[\"https:\\\/\\\/www.facebook.com\\\/ElizabethMayMP\",\"https:\\\/\\\/x.com\\\/elizabethmay\"]},{\"@type\":\"Person\",\"@id\":\"https:\\\/\\\/elizabethmaymp.ca\\\/#\\\/schema\\\/person\\\/8ad70c936dfbb0f3a3af6907c5fdd64c\",\"name\":\"Elizabeth May\",\"image\":{\"@type\":\"ImageObject\",\"inLanguage\":\"en-US\",\"@id\":\"https:\\\/\\\/secure.gravatar.com\\\/avatar\\\/7f32b0419a16ab6a875eb96521d826f03c3f2e604de2976ea8bf5afa253f814a?s=96&d=mm&r=g\",\"url\":\"https:\\\/\\\/secure.gravatar.com\\\/avatar\\\/7f32b0419a16ab6a875eb96521d826f03c3f2e604de2976ea8bf5afa253f814a?s=96&d=mm&r=g\",\"contentUrl\":\"https:\\\/\\\/secure.gravatar.com\\\/avatar\\\/7f32b0419a16ab6a875eb96521d826f03c3f2e604de2976ea8bf5afa253f814a?s=96&d=mm&r=g\",\"caption\":\"Elizabeth May\"},\"url\":\"https:\\\/\\\/elizabethmaymp.ca\\\/fr\\\/author\\\/outreach-coordinator\\\/\"}]}<\/script>\n<!-- \/ Yoast SEO plugin. -->","yoast_head_json":{"title":"Les Verts sont encourag\u00e9s par certains aspects du discours du Tr\u00f4ne, mais demandent une action plus concr\u00e8te en mati\u00e8re de climat | Elizabeth May","robots":{"index":"index","follow":"follow","max-snippet":"max-snippet:-1","max-image-preview":"max-image-preview:large","max-video-preview":"max-video-preview:-1"},"canonical":"https:\/\/elizabethmaymp.ca\/fr\/greens-encouraged-by-some-aspects-of-speech-from-the-throne-but-caution-stronger-climate-action-will-be-needed-2\/","og_locale":"en_US","og_type":"article","og_title":"Les Verts sont encourag\u00e9s par certains aspects du discours du Tr\u00f4ne, mais demandent une action plus concr\u00e8te en mati\u00e8re de climat | Elizabeth May","og_description":"24 septembre 2020 OTTAWA &#8211; Le Parti vert du Canada a exprim\u00e9 un optimisme prudent \u00e0 propos du discours du Tr\u00f4ne d&#8217;hier. Son soutien continu aux gens qui&hellip;","og_url":"https:\/\/elizabethmaymp.ca\/fr\/greens-encouraged-by-some-aspects-of-speech-from-the-throne-but-caution-stronger-climate-action-will-be-needed-2\/","og_site_name":"Elizabeth May","article_publisher":"https:\/\/www.facebook.com\/ElizabethMayMP","article_published_time":"2020-09-24T23:47:45+00:00","article_modified_time":"2021-02-05T00:50:04+00:00","og_image":[{"width":512,"height":512,"url":"https:\/\/elizabethmaymp.ca\/wp-content\/uploads\/cropped-elizabethmay-button.png","type":"image\/png"}],"author":"Elizabeth May","twitter_card":"summary_large_image","twitter_creator":"@elizabethmay","twitter_site":"@elizabethmay","twitter_misc":{"Written by":"Elizabeth May","Est. reading time":"6 minutes"},"schema":{"@context":"https:\/\/schema.org","@graph":[{"@type":"Article","@id":"https:\/\/elizabethmaymp.ca\/greens-encouraged-by-some-aspects-of-speech-from-the-throne-but-caution-stronger-climate-action-will-be-needed-2\/#article","isPartOf":{"@id":"https:\/\/elizabethmaymp.ca\/greens-encouraged-by-some-aspects-of-speech-from-the-throne-but-caution-stronger-climate-action-will-be-needed-2\/"},"author":{"name":"Elizabeth May","@id":"https:\/\/elizabethmaymp.ca\/#\/schema\/person\/8ad70c936dfbb0f3a3af6907c5fdd64c"},"headline":"Les Verts sont encourag\u00e9s par certains aspects du discours du Tr\u00f4ne, mais demandent une action plus concr\u00e8te en mati\u00e8re de climat","datePublished":"2020-09-24T23:47:45+00:00","dateModified":"2021-02-05T00:50:04+00:00","mainEntityOfPage":{"@id":"https:\/\/elizabethmaymp.ca\/greens-encouraged-by-some-aspects-of-speech-from-the-throne-but-caution-stronger-climate-action-will-be-needed-2\/"},"wordCount":1185,"publisher":{"@id":"https:\/\/elizabethmaymp.ca\/#organization"},"keywords":["climate action","Speech from the throne"],"articleSection":["Communiqu\u00e9s"],"inLanguage":"en-US"},{"@type":"WebPage","@id":"https:\/\/elizabethmaymp.ca\/fr\/greens-encouraged-by-some-aspects-of-speech-from-the-throne-but-caution-stronger-climate-action-will-be-needed-2\/","url":"https:\/\/elizabethmaymp.ca\/fr\/greens-encouraged-by-some-aspects-of-speech-from-the-throne-but-caution-stronger-climate-action-will-be-needed-2\/","name":"Les Verts sont encourag\u00e9s par certains aspects du discours du Tr\u00f4ne, mais demandent une action plus concr\u00e8te en mati\u00e8re de climat | Elizabeth May","isPartOf":{"@id":"https:\/\/elizabethmaymp.ca\/fr\/#website"},"datePublished":"2020-09-24T23:47:45+00:00","dateModified":"2021-02-05T00:50:04+00:00","breadcrumb":{"@id":"https:\/\/elizabethmaymp.ca\/fr\/greens-encouraged-by-some-aspects-of-speech-from-the-throne-but-caution-stronger-climate-action-will-be-needed-2\/#breadcrumb"},"inLanguage":"en-US","potentialAction":[{"@type":"ReadAction","target":[["https:\/\/elizabethmaymp.ca\/fr\/greens-encouraged-by-some-aspects-of-speech-from-the-throne-but-caution-stronger-climate-action-will-be-needed-2\/"]]}]},{"@type":"BreadcrumbList","@id":"https:\/\/elizabethmaymp.ca\/fr\/greens-encouraged-by-some-aspects-of-speech-from-the-throne-but-caution-stronger-climate-action-will-be-needed-2\/#breadcrumb","itemListElement":[{"@type":"ListItem","position":1,"name":"Home","item":"https:\/\/elizabethmaymp.ca\/fr\/"},{"@type":"ListItem","position":2,"name":"Greens encouraged by some aspects of Speech from the Throne but caution stronger climate action will be needed"}]},{"@type":"WebSite","@id":"https:\/\/elizabethmaymp.ca\/fr\/#website","url":"https:\/\/elizabethmaymp.ca\/fr\/","name":"Elizabeth May","description":"MP for Saanich and Gulf Islands","publisher":{"@id":"https:\/\/elizabethmaymp.ca\/fr\/#organization"},"potentialAction":[{"@type":"SearchAction","target":{"@type":"EntryPoint","urlTemplate":"https:\/\/elizabethmaymp.ca\/fr\/?s={search_term_string}"},"query-input":{"@type":"PropertyValueSpecification","valueRequired":true,"valueName":"search_term_string"}}],"inLanguage":"en-US"},{"@type":"Organization","@id":"https:\/\/elizabethmaymp.ca\/fr\/#organization","name":"Elizabeth May MP","url":"https:\/\/elizabethmaymp.ca\/fr\/","logo":{"@type":"ImageObject","inLanguage":"en-US","@id":"https:\/\/elizabethmaymp.ca\/fr\/#\/schema\/logo\/image\/","url":"https:\/\/elizabethmaymp.ca\/wp-content\/uploads\/elizabethmay-button.png","contentUrl":"https:\/\/elizabethmaymp.ca\/wp-content\/uploads\/elizabethmay-button.png","width":1501,"height":1501,"caption":"Elizabeth May MP"},"image":{"@id":"https:\/\/elizabethmaymp.ca\/fr\/#\/schema\/logo\/image\/"},"sameAs":["https:\/\/www.facebook.com\/ElizabethMayMP","https:\/\/x.com\/elizabethmay"]},{"@type":"Person","@id":"https:\/\/elizabethmaymp.ca\/#\/schema\/person\/8ad70c936dfbb0f3a3af6907c5fdd64c","name":"Elizabeth May","image":{"@type":"ImageObject","inLanguage":"en-US","@id":"https:\/\/secure.gravatar.com\/avatar\/7f32b0419a16ab6a875eb96521d826f03c3f2e604de2976ea8bf5afa253f814a?s=96&d=mm&r=g","url":"https:\/\/secure.gravatar.com\/avatar\/7f32b0419a16ab6a875eb96521d826f03c3f2e604de2976ea8bf5afa253f814a?s=96&d=mm&r=g","contentUrl":"https:\/\/secure.gravatar.com\/avatar\/7f32b0419a16ab6a875eb96521d826f03c3f2e604de2976ea8bf5afa253f814a?s=96&d=mm&r=g","caption":"Elizabeth May"},"url":"https:\/\/elizabethmaymp.ca\/fr\/author\/outreach-coordinator\/"}]}},"_links":{"self":[{"href":"https:\/\/elizabethmaymp.ca\/fr\/wp-json\/wp\/v2\/posts\/24261","targetHints":{"allow":["GET"]}}],"collection":[{"href":"https:\/\/elizabethmaymp.ca\/fr\/wp-json\/wp\/v2\/posts"}],"about":[{"href":"https:\/\/elizabethmaymp.ca\/fr\/wp-json\/wp\/v2\/types\/post"}],"author":[{"embeddable":true,"href":"https:\/\/elizabethmaymp.ca\/fr\/wp-json\/wp\/v2\/users\/1381"}],"replies":[{"embeddable":true,"href":"https:\/\/elizabethmaymp.ca\/fr\/wp-json\/wp\/v2\/comments?post=24261"}],"version-history":[{"count":1,"href":"https:\/\/elizabethmaymp.ca\/fr\/wp-json\/wp\/v2\/posts\/24261\/revisions"}],"predecessor-version":[{"id":24262,"href":"https:\/\/elizabethmaymp.ca\/fr\/wp-json\/wp\/v2\/posts\/24261\/revisions\/24262"}],"wp:attachment":[{"href":"https:\/\/elizabethmaymp.ca\/fr\/wp-json\/wp\/v2\/media?parent=24261"}],"wp:term":[{"taxonomy":"category","embeddable":true,"href":"https:\/\/elizabethmaymp.ca\/fr\/wp-json\/wp\/v2\/categories?post=24261"},{"taxonomy":"post_tag","embeddable":true,"href":"https:\/\/elizabethmaymp.ca\/fr\/wp-json\/wp\/v2\/tags?post=24261"}],"curies":[{"name":"wp","href":"https:\/\/api.w.org\/{rel}","templated":true}]}}