{"id":24277,"date":"2020-09-29T16:40:46","date_gmt":"2020-09-29T20:40:46","guid":{"rendered":"http:\/\/elizabethmaymp.ca\/?p=24277"},"modified":"2021-02-05T16:49:21","modified_gmt":"2021-02-05T21:49:21","slug":"when-will-the-federal-ndp-press-the-government-to-do-more-on-climate","status":"publish","type":"post","link":"https:\/\/elizabethmaymp.ca\/fr\/when-will-the-federal-ndp-press-the-government-to-do-more-on-climate\/","title":{"rendered":"Le NPD doit faire pression sur le gouv pour qu&#8217;il prenne des mesures contre la crise climatique"},"content":{"rendered":"<p><iframe loading=\"lazy\" src=\"https:\/\/www.youtube.com\/embed\/knos491FS8A\" width=\"560\" height=\"315\" frameborder=\"0\" allowfullscreen=\"allowfullscreen\"><\/iframe><\/p>\n<p>Elizabeth May (Saanich\u2014Gulf Islands)<br \/>\n2020-09-29 23:24 [p.309]<\/p>\n<p>Madame la Pr\u00e9sidente, je tiens \u00e0 f\u00e9liciter le chef du Nouveau Parti d\u00e9mocratique, ainsi que l&#8217;\u00e9quipe ayant apport\u00e9 les am\u00e9liorations au projet de loi que nous \u00e9tudions ce soir. C&#8217;est tr\u00e8s important. Il est particuli\u00e8rement important de constater que les travailleurs canadiens ne recevront pas moins d&#8217;argent de la PCU, alors que s&#8217;amorce la transition vers l&#8217;assurance-emploi.<\/p>\n<p>Je reconnais \u00e9galement, cependant, que le chef du Nouveau Parti d\u00e9mocratique est en mesure d&#8217;en faire beaucoup plus. En ce qui concerne les changements climatiques, il a affirm\u00e9 que la crise climatique faisait toujours rage. C&#8217;est une \u00e9vidence, d&#8217;autant plus que la situation empire de minute en minute. Avec le pouvoir dont dispose ce parti, je me demande pourquoi, lors des \u00e9lections, nous avons entendu dire que la lutte aux changements climatiques allait \u00eatre l&#8217;une de ses priorit\u00e9s. Le NPD en Colombie-Britannique a pourtant augment\u00e9 les gaz \u00e0 effet de serre, et tout mis\u00e9 sur la fracturation et le gaz naturel liqu\u00e9fi\u00e9.<\/p>\n<p>Je me demande ce qu&#8217;attend le NPD f\u00e9d\u00e9ral pour faire pression sur le gouvernement pour qu&#8217;il passe des voeux pieux aux gestes concrets pour lutter contre les changements climatiques. Nous devons agir d\u00e8s maintenant, car le temps presse.<\/p>\n<p>Jagmeet Singh (Burnaby South)<br \/>\n2020-09-29 23:25 [p.309]<\/p>\n<p>Madame la Pr\u00e9sidente, je dois reconna\u00eetre que la d\u00e9put\u00e9e a raison lorsqu&#8217;elle parle d&#8217;un gouvernement lib\u00e9ral qui se contente de belles paroles sur la crise climatique, mais qui fait ensuite le contraire de ce qu&#8217;il dit. Les lib\u00e9raux parlent d&#8217;objectifs ambitieux, mais ils les ratent tous sans rendre des comptes. Ils parlent de planter deux milliards d&#8217;arbres et n&#8217;en ont plant\u00e9 aucun. Ils parlent de l&#8217;importance du climat puis ils ach\u00e8tent un pipeline.<\/p>\n<p>Ce que nous devons faire, c&#8217;est arr\u00eater les belles paroles vides de sens. Nous demandons des mesures concr\u00e8tes. L&#8217;une des choses pour lesquelles nous nous battons, c&#8217;est la reprise une fois que la deuxi\u00e8me vague de la pand\u00e9mie sera pass\u00e9e, c&#8217;est-\u00e0-dire investir dans les personnes, cr\u00e9er des emplois locaux et lutter contre la crise climatique en r\u00e9duisant les \u00e9missions. C&#8217;est ce que nous devons faire, rien de moins.<\/p>","protected":false},"excerpt":{"rendered":"<p>Elizabeth May (Saanich\u2014Gulf Islands) 2020-09-29 23:24 [p.309] Madame la Pr\u00e9sidente, je tiens \u00e0 f\u00e9liciter le chef du Nouveau Parti d\u00e9mocratique, ainsi que l&#8217;\u00e9quipe ayant apport\u00e9 les am\u00e9liorations au&hellip;<\/p>\n","protected":false},"author":1381,"featured_media":0,"comment_status":"closed","ping_status":"open","sticky":false,"template":"","format":"standard","meta":{"_acf_changed":false,"_price":"","_stock":"","_tribe_ticket_header":"","_tribe_default_ticket_provider":"","_tribe_ticket_capacity":"","_ticket_start_date":"","_ticket_end_date":"","_tribe_ticket_show_description":"","_tribe_ticket_show_not_going":false,"_tribe_ticket_use_global_stock":"","_tribe_ticket_global_stock_level":"","_global_stock_mode":"","_global_stock_cap":"","_tribe_rsvp_for_event":"","_tribe_ticket_going_count":"","_tribe_ticket_not_going_count":"","_tribe_tickets_list":"[]","_tribe_ticket_has_attendee_info_fields":false,"footnotes":""},"categories":[61],"tags":[2495,573],"class_list":["post-24277","post","type-post","status-publish","format-standard","hentry","category-question-period","tag-climate-action","tag-climate-crisis"],"acf":[],"yoast_head":"<!-- This site is optimized with the Yoast SEO plugin v27.4 - https:\/\/yoast.com\/product\/yoast-seo-wordpress\/ -->\n<title>Le NPD doit faire pression sur le gouv pour qu&#039;il prenne des mesures contre la crise climatique | Elizabeth May<\/title>\n<meta name=\"robots\" content=\"index, follow, max-snippet:-1, max-image-preview:large, max-video-preview:-1\" \/>\n<link rel=\"canonical\" href=\"https:\/\/elizabethmaymp.ca\/fr\/when-will-the-federal-ndp-press-the-government-to-do-more-on-climate\/\" \/>\n<meta property=\"og:locale\" content=\"en_US\" \/>\n<meta property=\"og:type\" content=\"article\" \/>\n<meta property=\"og:title\" content=\"Le NPD doit faire pression sur le gouv pour qu&#039;il prenne des mesures contre la crise climatique | Elizabeth May\" \/>\n<meta property=\"og:description\" content=\"Elizabeth May (Saanich\u2014Gulf Islands) 2020-09-29 23:24 [p.309] Madame la Pr\u00e9sidente, je tiens \u00e0 f\u00e9liciter le chef du Nouveau Parti d\u00e9mocratique, ainsi que l&#8217;\u00e9quipe ayant apport\u00e9 les am\u00e9liorations au&hellip;\" \/>\n<meta property=\"og:url\" content=\"https:\/\/elizabethmaymp.ca\/fr\/when-will-the-federal-ndp-press-the-government-to-do-more-on-climate\/\" \/>\n<meta property=\"og:site_name\" content=\"Elizabeth May\" \/>\n<meta property=\"article:publisher\" content=\"https:\/\/www.facebook.com\/ElizabethMayMP\" \/>\n<meta property=\"article:published_time\" content=\"2020-09-29T20:40:46+00:00\" \/>\n<meta property=\"article:modified_time\" content=\"2021-02-05T21:49:21+00:00\" \/>\n<meta property=\"og:image\" content=\"https:\/\/elizabethmaymp.ca\/wp-content\/uploads\/cropped-elizabethmay-button.png\" \/>\n\t<meta property=\"og:image:width\" content=\"512\" \/>\n\t<meta property=\"og:image:height\" content=\"512\" \/>\n\t<meta property=\"og:image:type\" content=\"image\/png\" \/>\n<meta name=\"author\" content=\"Elizabeth May\" \/>\n<meta name=\"twitter:card\" content=\"summary_large_image\" \/>\n<meta name=\"twitter:creator\" content=\"@elizabethmay\" \/>\n<meta name=\"twitter:site\" content=\"@elizabethmay\" \/>\n<meta name=\"twitter:label1\" content=\"Written by\" \/>\n\t<meta name=\"twitter:data1\" content=\"Elizabeth May\" \/>\n\t<meta name=\"twitter:label2\" content=\"Est. reading time\" \/>\n\t<meta name=\"twitter:data2\" content=\"4 minutes\" \/>\n<script type=\"application\/ld+json\" class=\"yoast-schema-graph\">{\"@context\":\"https:\\\/\\\/schema.org\",\"@graph\":[{\"@type\":\"Article\",\"@id\":\"https:\\\/\\\/elizabethmaymp.ca\\\/when-will-the-federal-ndp-press-the-government-to-do-more-on-climate\\\/#article\",\"isPartOf\":{\"@id\":\"https:\\\/\\\/elizabethmaymp.ca\\\/when-will-the-federal-ndp-press-the-government-to-do-more-on-climate\\\/\"},\"author\":{\"name\":\"Elizabeth May\",\"@id\":\"https:\\\/\\\/elizabethmaymp.ca\\\/#\\\/schema\\\/person\\\/8ad70c936dfbb0f3a3af6907c5fdd64c\"},\"headline\":\"Le NPD doit faire pression sur le gouv pour qu&#8217;il prenne des mesures contre la crise climatique\",\"datePublished\":\"2020-09-29T20:40:46+00:00\",\"dateModified\":\"2021-02-05T21:49:21+00:00\",\"mainEntityOfPage\":{\"@id\":\"https:\\\/\\\/elizabethmaymp.ca\\\/when-will-the-federal-ndp-press-the-government-to-do-more-on-climate\\\/\"},\"wordCount\":758,\"publisher\":{\"@id\":\"https:\\\/\\\/elizabethmaymp.ca\\\/#organization\"},\"keywords\":[\"climate action\",\"Climate Crisis\"],\"articleSection\":[\"P\u00e9riode de questions\"],\"inLanguage\":\"en-US\"},{\"@type\":\"WebPage\",\"@id\":\"https:\\\/\\\/elizabethmaymp.ca\\\/fr\\\/when-will-the-federal-ndp-press-the-government-to-do-more-on-climate\\\/\",\"url\":\"https:\\\/\\\/elizabethmaymp.ca\\\/fr\\\/when-will-the-federal-ndp-press-the-government-to-do-more-on-climate\\\/\",\"name\":\"Le NPD doit faire pression sur le gouv pour qu'il prenne des mesures contre la crise climatique | Elizabeth May\",\"isPartOf\":{\"@id\":\"https:\\\/\\\/elizabethmaymp.ca\\\/fr\\\/#website\"},\"datePublished\":\"2020-09-29T20:40:46+00:00\",\"dateModified\":\"2021-02-05T21:49:21+00:00\",\"breadcrumb\":{\"@id\":\"https:\\\/\\\/elizabethmaymp.ca\\\/fr\\\/when-will-the-federal-ndp-press-the-government-to-do-more-on-climate\\\/#breadcrumb\"},\"inLanguage\":\"en-US\",\"potentialAction\":[{\"@type\":\"ReadAction\",\"target\":[[\"https:\\\/\\\/elizabethmaymp.ca\\\/fr\\\/when-will-the-federal-ndp-press-the-government-to-do-more-on-climate\\\/\"]]}]},{\"@type\":\"BreadcrumbList\",\"@id\":\"https:\\\/\\\/elizabethmaymp.ca\\\/fr\\\/when-will-the-federal-ndp-press-the-government-to-do-more-on-climate\\\/#breadcrumb\",\"itemListElement\":[{\"@type\":\"ListItem\",\"position\":1,\"name\":\"Home\",\"item\":\"https:\\\/\\\/elizabethmaymp.ca\\\/fr\\\/\"},{\"@type\":\"ListItem\",\"position\":2,\"name\":\"When will the Federal NDP press the government to do more on climate?\"}]},{\"@type\":\"WebSite\",\"@id\":\"https:\\\/\\\/elizabethmaymp.ca\\\/fr\\\/#website\",\"url\":\"https:\\\/\\\/elizabethmaymp.ca\\\/fr\\\/\",\"name\":\"Elizabeth May\",\"description\":\"MP for Saanich and Gulf Islands\",\"publisher\":{\"@id\":\"https:\\\/\\\/elizabethmaymp.ca\\\/fr\\\/#organization\"},\"potentialAction\":[{\"@type\":\"SearchAction\",\"target\":{\"@type\":\"EntryPoint\",\"urlTemplate\":\"https:\\\/\\\/elizabethmaymp.ca\\\/fr\\\/?s={search_term_string}\"},\"query-input\":{\"@type\":\"PropertyValueSpecification\",\"valueRequired\":true,\"valueName\":\"search_term_string\"}}],\"inLanguage\":\"en-US\"},{\"@type\":\"Organization\",\"@id\":\"https:\\\/\\\/elizabethmaymp.ca\\\/fr\\\/#organization\",\"name\":\"Elizabeth May MP\",\"url\":\"https:\\\/\\\/elizabethmaymp.ca\\\/fr\\\/\",\"logo\":{\"@type\":\"ImageObject\",\"inLanguage\":\"en-US\",\"@id\":\"https:\\\/\\\/elizabethmaymp.ca\\\/fr\\\/#\\\/schema\\\/logo\\\/image\\\/\",\"url\":\"https:\\\/\\\/elizabethmaymp.ca\\\/wp-content\\\/uploads\\\/elizabethmay-button.png\",\"contentUrl\":\"https:\\\/\\\/elizabethmaymp.ca\\\/wp-content\\\/uploads\\\/elizabethmay-button.png\",\"width\":1501,\"height\":1501,\"caption\":\"Elizabeth May MP\"},\"image\":{\"@id\":\"https:\\\/\\\/elizabethmaymp.ca\\\/fr\\\/#\\\/schema\\\/logo\\\/image\\\/\"},\"sameAs\":[\"https:\\\/\\\/www.facebook.com\\\/ElizabethMayMP\",\"https:\\\/\\\/x.com\\\/elizabethmay\"]},{\"@type\":\"Person\",\"@id\":\"https:\\\/\\\/elizabethmaymp.ca\\\/#\\\/schema\\\/person\\\/8ad70c936dfbb0f3a3af6907c5fdd64c\",\"name\":\"Elizabeth May\",\"image\":{\"@type\":\"ImageObject\",\"inLanguage\":\"en-US\",\"@id\":\"https:\\\/\\\/secure.gravatar.com\\\/avatar\\\/7f32b0419a16ab6a875eb96521d826f03c3f2e604de2976ea8bf5afa253f814a?s=96&d=mm&r=g\",\"url\":\"https:\\\/\\\/secure.gravatar.com\\\/avatar\\\/7f32b0419a16ab6a875eb96521d826f03c3f2e604de2976ea8bf5afa253f814a?s=96&d=mm&r=g\",\"contentUrl\":\"https:\\\/\\\/secure.gravatar.com\\\/avatar\\\/7f32b0419a16ab6a875eb96521d826f03c3f2e604de2976ea8bf5afa253f814a?s=96&d=mm&r=g\",\"caption\":\"Elizabeth May\"},\"url\":\"https:\\\/\\\/elizabethmaymp.ca\\\/fr\\\/author\\\/outreach-coordinator\\\/\"}]}<\/script>\n<!-- \/ Yoast SEO plugin. -->","yoast_head_json":{"title":"Le NPD doit faire pression sur le gouv pour qu'il prenne des mesures contre la crise climatique | Elizabeth May","robots":{"index":"index","follow":"follow","max-snippet":"max-snippet:-1","max-image-preview":"max-image-preview:large","max-video-preview":"max-video-preview:-1"},"canonical":"https:\/\/elizabethmaymp.ca\/fr\/when-will-the-federal-ndp-press-the-government-to-do-more-on-climate\/","og_locale":"en_US","og_type":"article","og_title":"Le NPD doit faire pression sur le gouv pour qu'il prenne des mesures contre la crise climatique | Elizabeth May","og_description":"Elizabeth May (Saanich\u2014Gulf Islands) 2020-09-29 23:24 [p.309] Madame la Pr\u00e9sidente, je tiens \u00e0 f\u00e9liciter le chef du Nouveau Parti d\u00e9mocratique, ainsi que l&#8217;\u00e9quipe ayant apport\u00e9 les am\u00e9liorations au&hellip;","og_url":"https:\/\/elizabethmaymp.ca\/fr\/when-will-the-federal-ndp-press-the-government-to-do-more-on-climate\/","og_site_name":"Elizabeth May","article_publisher":"https:\/\/www.facebook.com\/ElizabethMayMP","article_published_time":"2020-09-29T20:40:46+00:00","article_modified_time":"2021-02-05T21:49:21+00:00","og_image":[{"width":512,"height":512,"url":"https:\/\/elizabethmaymp.ca\/wp-content\/uploads\/cropped-elizabethmay-button.png","type":"image\/png"}],"author":"Elizabeth May","twitter_card":"summary_large_image","twitter_creator":"@elizabethmay","twitter_site":"@elizabethmay","twitter_misc":{"Written by":"Elizabeth May","Est. reading time":"4 minutes"},"schema":{"@context":"https:\/\/schema.org","@graph":[{"@type":"Article","@id":"https:\/\/elizabethmaymp.ca\/when-will-the-federal-ndp-press-the-government-to-do-more-on-climate\/#article","isPartOf":{"@id":"https:\/\/elizabethmaymp.ca\/when-will-the-federal-ndp-press-the-government-to-do-more-on-climate\/"},"author":{"name":"Elizabeth May","@id":"https:\/\/elizabethmaymp.ca\/#\/schema\/person\/8ad70c936dfbb0f3a3af6907c5fdd64c"},"headline":"Le NPD doit faire pression sur le gouv pour qu&#8217;il prenne des mesures contre la crise climatique","datePublished":"2020-09-29T20:40:46+00:00","dateModified":"2021-02-05T21:49:21+00:00","mainEntityOfPage":{"@id":"https:\/\/elizabethmaymp.ca\/when-will-the-federal-ndp-press-the-government-to-do-more-on-climate\/"},"wordCount":758,"publisher":{"@id":"https:\/\/elizabethmaymp.ca\/#organization"},"keywords":["climate action","Climate Crisis"],"articleSection":["P\u00e9riode de questions"],"inLanguage":"en-US"},{"@type":"WebPage","@id":"https:\/\/elizabethmaymp.ca\/fr\/when-will-the-federal-ndp-press-the-government-to-do-more-on-climate\/","url":"https:\/\/elizabethmaymp.ca\/fr\/when-will-the-federal-ndp-press-the-government-to-do-more-on-climate\/","name":"Le NPD doit faire pression sur le gouv pour qu'il prenne des mesures contre la crise climatique | Elizabeth May","isPartOf":{"@id":"https:\/\/elizabethmaymp.ca\/fr\/#website"},"datePublished":"2020-09-29T20:40:46+00:00","dateModified":"2021-02-05T21:49:21+00:00","breadcrumb":{"@id":"https:\/\/elizabethmaymp.ca\/fr\/when-will-the-federal-ndp-press-the-government-to-do-more-on-climate\/#breadcrumb"},"inLanguage":"en-US","potentialAction":[{"@type":"ReadAction","target":[["https:\/\/elizabethmaymp.ca\/fr\/when-will-the-federal-ndp-press-the-government-to-do-more-on-climate\/"]]}]},{"@type":"BreadcrumbList","@id":"https:\/\/elizabethmaymp.ca\/fr\/when-will-the-federal-ndp-press-the-government-to-do-more-on-climate\/#breadcrumb","itemListElement":[{"@type":"ListItem","position":1,"name":"Home","item":"https:\/\/elizabethmaymp.ca\/fr\/"},{"@type":"ListItem","position":2,"name":"When will the Federal NDP press the government to do more on climate?"}]},{"@type":"WebSite","@id":"https:\/\/elizabethmaymp.ca\/fr\/#website","url":"https:\/\/elizabethmaymp.ca\/fr\/","name":"Elizabeth May","description":"MP for Saanich and Gulf Islands","publisher":{"@id":"https:\/\/elizabethmaymp.ca\/fr\/#organization"},"potentialAction":[{"@type":"SearchAction","target":{"@type":"EntryPoint","urlTemplate":"https:\/\/elizabethmaymp.ca\/fr\/?s={search_term_string}"},"query-input":{"@type":"PropertyValueSpecification","valueRequired":true,"valueName":"search_term_string"}}],"inLanguage":"en-US"},{"@type":"Organization","@id":"https:\/\/elizabethmaymp.ca\/fr\/#organization","name":"Elizabeth May MP","url":"https:\/\/elizabethmaymp.ca\/fr\/","logo":{"@type":"ImageObject","inLanguage":"en-US","@id":"https:\/\/elizabethmaymp.ca\/fr\/#\/schema\/logo\/image\/","url":"https:\/\/elizabethmaymp.ca\/wp-content\/uploads\/elizabethmay-button.png","contentUrl":"https:\/\/elizabethmaymp.ca\/wp-content\/uploads\/elizabethmay-button.png","width":1501,"height":1501,"caption":"Elizabeth May MP"},"image":{"@id":"https:\/\/elizabethmaymp.ca\/fr\/#\/schema\/logo\/image\/"},"sameAs":["https:\/\/www.facebook.com\/ElizabethMayMP","https:\/\/x.com\/elizabethmay"]},{"@type":"Person","@id":"https:\/\/elizabethmaymp.ca\/#\/schema\/person\/8ad70c936dfbb0f3a3af6907c5fdd64c","name":"Elizabeth May","image":{"@type":"ImageObject","inLanguage":"en-US","@id":"https:\/\/secure.gravatar.com\/avatar\/7f32b0419a16ab6a875eb96521d826f03c3f2e604de2976ea8bf5afa253f814a?s=96&d=mm&r=g","url":"https:\/\/secure.gravatar.com\/avatar\/7f32b0419a16ab6a875eb96521d826f03c3f2e604de2976ea8bf5afa253f814a?s=96&d=mm&r=g","contentUrl":"https:\/\/secure.gravatar.com\/avatar\/7f32b0419a16ab6a875eb96521d826f03c3f2e604de2976ea8bf5afa253f814a?s=96&d=mm&r=g","caption":"Elizabeth May"},"url":"https:\/\/elizabethmaymp.ca\/fr\/author\/outreach-coordinator\/"}]}},"_links":{"self":[{"href":"https:\/\/elizabethmaymp.ca\/fr\/wp-json\/wp\/v2\/posts\/24277","targetHints":{"allow":["GET"]}}],"collection":[{"href":"https:\/\/elizabethmaymp.ca\/fr\/wp-json\/wp\/v2\/posts"}],"about":[{"href":"https:\/\/elizabethmaymp.ca\/fr\/wp-json\/wp\/v2\/types\/post"}],"author":[{"embeddable":true,"href":"https:\/\/elizabethmaymp.ca\/fr\/wp-json\/wp\/v2\/users\/1381"}],"replies":[{"embeddable":true,"href":"https:\/\/elizabethmaymp.ca\/fr\/wp-json\/wp\/v2\/comments?post=24277"}],"version-history":[{"count":1,"href":"https:\/\/elizabethmaymp.ca\/fr\/wp-json\/wp\/v2\/posts\/24277\/revisions"}],"predecessor-version":[{"id":24278,"href":"https:\/\/elizabethmaymp.ca\/fr\/wp-json\/wp\/v2\/posts\/24277\/revisions\/24278"}],"wp:attachment":[{"href":"https:\/\/elizabethmaymp.ca\/fr\/wp-json\/wp\/v2\/media?parent=24277"}],"wp:term":[{"taxonomy":"category","embeddable":true,"href":"https:\/\/elizabethmaymp.ca\/fr\/wp-json\/wp\/v2\/categories?post=24277"},{"taxonomy":"post_tag","embeddable":true,"href":"https:\/\/elizabethmaymp.ca\/fr\/wp-json\/wp\/v2\/tags?post=24277"}],"curies":[{"name":"wp","href":"https:\/\/api.w.org\/{rel}","templated":true}]}}