{"id":24492,"date":"2020-04-15T09:30:06","date_gmt":"2020-04-15T13:30:06","guid":{"rendered":"http:\/\/elizabethmaymp.ca\/?p=24492"},"modified":"2021-02-10T09:31:52","modified_gmt":"2021-02-10T14:31:52","slug":"green-party-calls-for-stronger-federal-oversight-of-long-term-care-facilities","status":"publish","type":"post","link":"https:\/\/elizabethmaymp.ca\/fr\/green-party-calls-for-stronger-federal-oversight-of-long-term-care-facilities\/","title":{"rendered":"Le Parti vert demande un renforcement de la surveillance f\u00e9d\u00e9rale des \u00e9tablissements de soins de longue dur\u00e9e"},"content":{"rendered":"<p>15 avril 2020<\/p>\n<p>OTTAWA &#8211; Une s\u00e9rie de trag\u00e9dies survenues dans des maisons de retraite et des \u00e9tablissements de soins de longue dur\u00e9e au Canada souligne la n\u00e9cessit\u00e9 pour le gouvernement f\u00e9d\u00e9ral de cr\u00e9er et d&#8217;appliquer une norme nationale pour les institutions publiques et priv\u00e9es qui s&#8217;occupent des personnes \u00e2g\u00e9es. L&#8217;administratrice en chef de la sant\u00e9 publique, le Dr Theresa Tam, a r\u00e9v\u00e9l\u00e9 qu&#8217;environ la moiti\u00e9 des d\u00e9c\u00e8s li\u00e9s \u00e0 la COVID-19 au Canada sont dus \u00e0 des \u00e9pid\u00e9mies survenues dans ces \u00e9tablissements.<\/p>\n<p>\u00ab Les r\u00e8glements concernant les maisons de retraite et les \u00e9tablissements de soins de longue dur\u00e9e sont de comp\u00e9tence provinciale, mais il devient \u00e9vident que le gouvernement f\u00e9d\u00e9ral a un r\u00f4le significatif \u00e0 jouer dans ce domaine \u00bb, a d\u00e9clar\u00e9 Jo-Ann Roberts, chef par int\u00e9rim du Parti vert. \u00ab Cette pand\u00e9mie a r\u00e9v\u00e9l\u00e9 des probl\u00e8mes de n\u00e9gligence grave et d&#8217;in\u00e9galit\u00e9 en ce qui concerne la gestion et les pratiques d&#8217;embauche dans ces r\u00e9sidences. Les changements de propri\u00e9t\u00e9 des installations privatis\u00e9es ont entra\u00een\u00e9 un retournement de contrat et la r\u00e9vocation de l&#8217;accr\u00e9ditation syndicale. Les travailleurs ont \u00e9t\u00e9 licenci\u00e9s, puis r\u00e9embauch\u00e9s \u00e0 temps partiel pour des salaires inf\u00e9rieurs et sans avantages sociaux. Ces travailleurs de la sant\u00e9 ont ensuite d\u00fb travailler dans plusieurs r\u00e9sidences pour joindre les deux bouts, ce qui a conduit \u00e0 la propagation de la COVID-19 d&#8217;un \u00e9tablissement de soins de longue dur\u00e9e \u00e0 l&#8217;autre. \u00bb<\/p>\n<p>Le d\u00e9put\u00e9 vert Paul Manly (Nanaimo-Ladysmith) a \u00e9t\u00e9 alert\u00e9 au sujet d&#8217;un foyer pour personnes \u00e2g\u00e9es de sa circonscription qui manquait de personnel et fournissait des soins de qualit\u00e9 inf\u00e9rieure. Le Nanaimo Seniors Village \u00e9tait l&#8217;un des 23 \u00e9tablissements appartenant \u00e0 Retirement Concepts qui a \u00e9t\u00e9 achet\u00e9 par la soci\u00e9t\u00e9 chinoise Anbang Insurance avec l&#8217;approbation du gouvernement f\u00e9d\u00e9ral. Anbang a \u00e9t\u00e9 rachet\u00e9e par l&#8217;\u00c9tat chinois apr\u00e8s que le PDG ait \u00e9t\u00e9 condamn\u00e9 pour corruption. L&#8217;autorit\u00e9 sanitaire de l&#8217;\u00eele de Vancouver a pris le contr\u00f4le de trois \u00e9tablissements de Retirement Concepts apr\u00e8s que les conditions se soient d\u00e9t\u00e9rior\u00e9es pour les personnes \u00e2g\u00e9es qui y vivent.    <\/p>\n<p>Le mois dernier, M. Manly s&#8217;est exprim\u00e9 sur la question au Parlement. \u00ab Des personnes \u00e2g\u00e9es sont rest\u00e9es pendant des semaines sans recevoir de bain \u00bb, a d\u00e9clar\u00e9 M. Manly. \u00ab Elles ont \u00e9t\u00e9 laiss\u00e9es dans des v\u00eatements et des lits souill\u00e9s. Les plaies de lit et les autres cons\u00e9quences de la n\u00e9gligence sur la sant\u00e9 \u00e9taient courantes. \u00bb<\/p>\n<p>\u00ab Nous n&#8217;avons pas r\u00e9ussi \u00e0 prot\u00e9ger les personnes \u00e2g\u00e9es \u00bb, a-t-il ajout\u00e9. \u00ab Nous devons supprimer l&#8217;incitation financi\u00e8re \u00e0 fournir des soins de qualit\u00e9 inf\u00e9rieure. Les entreprises ne peuvent pas \u00eatre autoris\u00e9es \u00e0 soutirer des profits au syst\u00e8me de sant\u00e9 par une comptabilit\u00e9 vague, en payant des salaires inf\u00e9rieurs \u00e0 la moyenne et en n\u00e9gligeant les personnes \u00e2g\u00e9es vuln\u00e9rables. Les abus qui en ont r\u00e9sult\u00e9 sont horribles. \u00bb<\/p>\n<p>La chef parlementaire du Parti vert Elizabeth May (d\u00e9put\u00e9e de Saanich-Gulf Islands) affirme que le gouvernement a le devoir de veiller \u00e0 ce que les citoyens puissent vivre une vie satisfaisante et digne durant leurs vieux jours. Elle ajoute que : \u00ab L\u2019enjeu f\u00e9d\u00e9rale qui se pose maintenant dans cette pand\u00e9mie est de revoir les r\u00e8gles de subvention salariale et les autres r\u00e8gles afin de reconna\u00eetre que les foyers \u00e0 but non lucratif pour personnes \u00e2g\u00e9es, y compris ceux pour une vie ind\u00e9pendante, ont un besoin urgent de soutien financier et d&#8217;aide pour obtenir des \u00e9quipements de protection individuelle (EPI). Ce sont les foyers les plus susceptibles d&#8217;\u00eatre bien g\u00e9r\u00e9s, mais ils n&#8217;ont pas les moyens d&#8217;assumer les co\u00fbts suppl\u00e9mentaires cr\u00e9\u00e9s par la COVID-19. Nous devons r\u00e9pondre \u00e0 leurs besoins. \u00bb<\/p>\n<p>Le Parti vert pr\u00e9conise l&#8217;\u00e9laboration d&#8217;une strat\u00e9gie nationale pour les personnes \u00e2g\u00e9es qui soutiendrait des plans novateurs de partage du logement et d&#8217;autres mesures permettant aux gens de rester chez eux aussi longtemps que possible. <\/p>\n<p>\u00ab Il s\u2019agit d\u2019une question relative aux droits humains \u00bb, a d\u00e9clar\u00e9 Mme Roberts. \u00ab Personne, et encore moins les personnes \u00e2g\u00e9es, qui ont construit la soci\u00e9t\u00e9 dont nous jouissons aujourd&#8217;hui, ne devrait se retrouver dans des conditions aussi inhumaines. Nous applaudissons les nouvelles mesures prises en Colombie-Britannique qui augmentent les salaires des employ\u00e9s.  La Colombie-Britannique et l&#8217;Ontario exigent que les travailleurs de soins de longue dur\u00e9e ne travaillent que dans un seul foyer \u00e0 la fois. Nous esp\u00e9rons que des mesures similaires seront introduites dans tout le pays et qu&#8217;elles seront maintenues une fois la pand\u00e9mie termin\u00e9e. Nous nous f\u00e9licitons de l&#8217;annonce faite aujourd&#8217;hui par le gouvernement f\u00e9d\u00e9ral d&#8217;une augmentation des salaires des soignants et nous esp\u00e9rons que cette mesure deviendra permanente. \u00c0 terme, les Verts demanderont une enqu\u00eate nationale sur ce qui s&#8217;est pass\u00e9 ainsi qu\u2019une surveillance f\u00e9d\u00e9rale renforc\u00e9e pour s&#8217;assurer que cela ne se reproduise plus jamais. \u00bb<\/p>\n<p># # #<\/p>\n<p>Pour plus d&#8217;informations ou pour organiser une entrevue :<\/p>\n<p>Rosie Emery<\/p>\n<p>Attach\u00e9e de presse<\/p>\n<p>613-562-4916, poste 204<\/p>\n<p>rosie.emery@partivert.ca<\/p>","protected":false},"excerpt":{"rendered":"<p>15 avril 2020 OTTAWA &#8211; Une s\u00e9rie de trag\u00e9dies survenues dans des maisons de retraite et des \u00e9tablissements de soins de longue dur\u00e9e au Canada souligne la n\u00e9cessit\u00e9&hellip;<\/p>\n","protected":false},"author":1381,"featured_media":0,"comment_status":"closed","ping_status":"open","sticky":false,"template":"","format":"standard","meta":{"_acf_changed":false,"_price":"","_stock":"","_tribe_ticket_header":"","_tribe_default_ticket_provider":"","_tribe_ticket_capacity":"","_ticket_start_date":"","_ticket_end_date":"","_tribe_ticket_show_description":"","_tribe_ticket_show_not_going":false,"_tribe_ticket_use_global_stock":"","_tribe_ticket_global_stock_level":"","_global_stock_mode":"","_global_stock_cap":"","_tribe_rsvp_for_event":"","_tribe_ticket_going_count":"","_tribe_ticket_not_going_count":"","_tribe_tickets_list":"[]","_tribe_ticket_has_attendee_info_fields":false,"footnotes":""},"categories":[90,11],"tags":[2487,2520],"class_list":["post-24492","post","type-post","status-publish","format-standard","hentry","category-press-releases","category-publications","tag-covid19","tag-long-term-care"],"acf":[],"yoast_head":"<!-- This site is optimized with the Yoast SEO plugin v27.5 - https:\/\/yoast.com\/product\/yoast-seo-wordpress\/ -->\n<title>Le Parti vert demande un renforcement de la surveillance f\u00e9d\u00e9rale des \u00e9tablissements de soins de longue dur\u00e9e | Elizabeth May<\/title>\n<meta name=\"robots\" content=\"index, follow, max-snippet:-1, max-image-preview:large, max-video-preview:-1\" \/>\n<link rel=\"canonical\" href=\"https:\/\/elizabethmaymp.ca\/fr\/green-party-calls-for-stronger-federal-oversight-of-long-term-care-facilities\/\" \/>\n<meta property=\"og:locale\" content=\"en_US\" \/>\n<meta property=\"og:type\" content=\"article\" \/>\n<meta property=\"og:title\" content=\"Le Parti vert demande un renforcement de la surveillance f\u00e9d\u00e9rale des \u00e9tablissements de soins de longue dur\u00e9e | Elizabeth May\" \/>\n<meta property=\"og:description\" content=\"15 avril 2020 OTTAWA &#8211; Une s\u00e9rie de trag\u00e9dies survenues dans des maisons de retraite et des \u00e9tablissements de soins de longue dur\u00e9e au Canada souligne la n\u00e9cessit\u00e9&hellip;\" \/>\n<meta property=\"og:url\" content=\"https:\/\/elizabethmaymp.ca\/fr\/green-party-calls-for-stronger-federal-oversight-of-long-term-care-facilities\/\" \/>\n<meta property=\"og:site_name\" content=\"Elizabeth May\" \/>\n<meta property=\"article:publisher\" content=\"https:\/\/www.facebook.com\/ElizabethMayMP\" \/>\n<meta property=\"article:published_time\" content=\"2020-04-15T13:30:06+00:00\" \/>\n<meta property=\"article:modified_time\" content=\"2021-02-10T14:31:52+00:00\" \/>\n<meta property=\"og:image\" content=\"https:\/\/elizabethmaymp.ca\/wp-content\/uploads\/cropped-elizabethmay-button.png\" \/>\n\t<meta property=\"og:image:width\" content=\"512\" \/>\n\t<meta property=\"og:image:height\" content=\"512\" \/>\n\t<meta property=\"og:image:type\" content=\"image\/png\" \/>\n<meta name=\"author\" content=\"Elizabeth May\" \/>\n<meta name=\"twitter:card\" content=\"summary_large_image\" \/>\n<meta name=\"twitter:creator\" content=\"@elizabethmay\" \/>\n<meta name=\"twitter:site\" content=\"@elizabethmay\" \/>\n<meta name=\"twitter:label1\" content=\"Written by\" \/>\n\t<meta name=\"twitter:data1\" content=\"Elizabeth May\" \/>\n\t<meta name=\"twitter:label2\" content=\"Est. reading time\" \/>\n\t<meta name=\"twitter:data2\" content=\"8 minutes\" \/>\n<script type=\"application\/ld+json\" class=\"yoast-schema-graph\">{\"@context\":\"https:\\\/\\\/schema.org\",\"@graph\":[{\"@type\":\"Article\",\"@id\":\"https:\\\/\\\/elizabethmaymp.ca\\\/green-party-calls-for-stronger-federal-oversight-of-long-term-care-facilities\\\/#article\",\"isPartOf\":{\"@id\":\"https:\\\/\\\/elizabethmaymp.ca\\\/green-party-calls-for-stronger-federal-oversight-of-long-term-care-facilities\\\/\"},\"author\":{\"name\":\"Elizabeth May\",\"@id\":\"https:\\\/\\\/elizabethmaymp.ca\\\/#\\\/schema\\\/person\\\/8ad70c936dfbb0f3a3af6907c5fdd64c\"},\"headline\":\"Le Parti vert demande un renforcement de la surveillance f\u00e9d\u00e9rale des \u00e9tablissements de soins de longue dur\u00e9e\",\"datePublished\":\"2020-04-15T13:30:06+00:00\",\"dateModified\":\"2021-02-10T14:31:52+00:00\",\"mainEntityOfPage\":{\"@id\":\"https:\\\/\\\/elizabethmaymp.ca\\\/green-party-calls-for-stronger-federal-oversight-of-long-term-care-facilities\\\/\"},\"wordCount\":1567,\"publisher\":{\"@id\":\"https:\\\/\\\/elizabethmaymp.ca\\\/#organization\"},\"keywords\":[\"covid19\",\"long term care\"],\"articleSection\":[\"Communiqu\u00e9s\",\"Publications\"],\"inLanguage\":\"en-US\"},{\"@type\":\"WebPage\",\"@id\":\"https:\\\/\\\/elizabethmaymp.ca\\\/fr\\\/green-party-calls-for-stronger-federal-oversight-of-long-term-care-facilities\\\/\",\"url\":\"https:\\\/\\\/elizabethmaymp.ca\\\/fr\\\/green-party-calls-for-stronger-federal-oversight-of-long-term-care-facilities\\\/\",\"name\":\"Le Parti vert demande un renforcement de la surveillance f\u00e9d\u00e9rale des \u00e9tablissements de soins de longue dur\u00e9e | Elizabeth May\",\"isPartOf\":{\"@id\":\"https:\\\/\\\/elizabethmaymp.ca\\\/fr\\\/#website\"},\"datePublished\":\"2020-04-15T13:30:06+00:00\",\"dateModified\":\"2021-02-10T14:31:52+00:00\",\"breadcrumb\":{\"@id\":\"https:\\\/\\\/elizabethmaymp.ca\\\/fr\\\/green-party-calls-for-stronger-federal-oversight-of-long-term-care-facilities\\\/#breadcrumb\"},\"inLanguage\":\"en-US\",\"potentialAction\":[{\"@type\":\"ReadAction\",\"target\":[[\"https:\\\/\\\/elizabethmaymp.ca\\\/fr\\\/green-party-calls-for-stronger-federal-oversight-of-long-term-care-facilities\\\/\"]]}]},{\"@type\":\"BreadcrumbList\",\"@id\":\"https:\\\/\\\/elizabethmaymp.ca\\\/fr\\\/green-party-calls-for-stronger-federal-oversight-of-long-term-care-facilities\\\/#breadcrumb\",\"itemListElement\":[{\"@type\":\"ListItem\",\"position\":1,\"name\":\"Home\",\"item\":\"https:\\\/\\\/elizabethmaymp.ca\\\/fr\\\/\"},{\"@type\":\"ListItem\",\"position\":2,\"name\":\"Green Party calls for stronger federal oversight of long-term care facilities\"}]},{\"@type\":\"WebSite\",\"@id\":\"https:\\\/\\\/elizabethmaymp.ca\\\/fr\\\/#website\",\"url\":\"https:\\\/\\\/elizabethmaymp.ca\\\/fr\\\/\",\"name\":\"Elizabeth May\",\"description\":\"MP for Saanich and Gulf Islands\",\"publisher\":{\"@id\":\"https:\\\/\\\/elizabethmaymp.ca\\\/fr\\\/#organization\"},\"potentialAction\":[{\"@type\":\"SearchAction\",\"target\":{\"@type\":\"EntryPoint\",\"urlTemplate\":\"https:\\\/\\\/elizabethmaymp.ca\\\/fr\\\/?s={search_term_string}\"},\"query-input\":{\"@type\":\"PropertyValueSpecification\",\"valueRequired\":true,\"valueName\":\"search_term_string\"}}],\"inLanguage\":\"en-US\"},{\"@type\":\"Organization\",\"@id\":\"https:\\\/\\\/elizabethmaymp.ca\\\/fr\\\/#organization\",\"name\":\"Elizabeth May MP\",\"url\":\"https:\\\/\\\/elizabethmaymp.ca\\\/fr\\\/\",\"logo\":{\"@type\":\"ImageObject\",\"inLanguage\":\"en-US\",\"@id\":\"https:\\\/\\\/elizabethmaymp.ca\\\/fr\\\/#\\\/schema\\\/logo\\\/image\\\/\",\"url\":\"https:\\\/\\\/elizabethmaymp.ca\\\/wp-content\\\/uploads\\\/elizabethmay-button.png\",\"contentUrl\":\"https:\\\/\\\/elizabethmaymp.ca\\\/wp-content\\\/uploads\\\/elizabethmay-button.png\",\"width\":1501,\"height\":1501,\"caption\":\"Elizabeth May MP\"},\"image\":{\"@id\":\"https:\\\/\\\/elizabethmaymp.ca\\\/fr\\\/#\\\/schema\\\/logo\\\/image\\\/\"},\"sameAs\":[\"https:\\\/\\\/www.facebook.com\\\/ElizabethMayMP\",\"https:\\\/\\\/x.com\\\/elizabethmay\"]},{\"@type\":\"Person\",\"@id\":\"https:\\\/\\\/elizabethmaymp.ca\\\/#\\\/schema\\\/person\\\/8ad70c936dfbb0f3a3af6907c5fdd64c\",\"name\":\"Elizabeth May\",\"image\":{\"@type\":\"ImageObject\",\"inLanguage\":\"en-US\",\"@id\":\"https:\\\/\\\/secure.gravatar.com\\\/avatar\\\/7f32b0419a16ab6a875eb96521d826f03c3f2e604de2976ea8bf5afa253f814a?s=96&d=mm&r=g\",\"url\":\"https:\\\/\\\/secure.gravatar.com\\\/avatar\\\/7f32b0419a16ab6a875eb96521d826f03c3f2e604de2976ea8bf5afa253f814a?s=96&d=mm&r=g\",\"contentUrl\":\"https:\\\/\\\/secure.gravatar.com\\\/avatar\\\/7f32b0419a16ab6a875eb96521d826f03c3f2e604de2976ea8bf5afa253f814a?s=96&d=mm&r=g\",\"caption\":\"Elizabeth May\"},\"url\":\"https:\\\/\\\/elizabethmaymp.ca\\\/fr\\\/author\\\/outreach-coordinator\\\/\"}]}<\/script>\n<!-- \/ Yoast SEO plugin. -->","yoast_head_json":{"title":"Le Parti vert demande un renforcement de la surveillance f\u00e9d\u00e9rale des \u00e9tablissements de soins de longue dur\u00e9e | Elizabeth May","robots":{"index":"index","follow":"follow","max-snippet":"max-snippet:-1","max-image-preview":"max-image-preview:large","max-video-preview":"max-video-preview:-1"},"canonical":"https:\/\/elizabethmaymp.ca\/fr\/green-party-calls-for-stronger-federal-oversight-of-long-term-care-facilities\/","og_locale":"en_US","og_type":"article","og_title":"Le Parti vert demande un renforcement de la surveillance f\u00e9d\u00e9rale des \u00e9tablissements de soins de longue dur\u00e9e | Elizabeth May","og_description":"15 avril 2020 OTTAWA &#8211; Une s\u00e9rie de trag\u00e9dies survenues dans des maisons de retraite et des \u00e9tablissements de soins de longue dur\u00e9e au Canada souligne la n\u00e9cessit\u00e9&hellip;","og_url":"https:\/\/elizabethmaymp.ca\/fr\/green-party-calls-for-stronger-federal-oversight-of-long-term-care-facilities\/","og_site_name":"Elizabeth May","article_publisher":"https:\/\/www.facebook.com\/ElizabethMayMP","article_published_time":"2020-04-15T13:30:06+00:00","article_modified_time":"2021-02-10T14:31:52+00:00","og_image":[{"width":512,"height":512,"url":"https:\/\/elizabethmaymp.ca\/wp-content\/uploads\/cropped-elizabethmay-button.png","type":"image\/png"}],"author":"Elizabeth May","twitter_card":"summary_large_image","twitter_creator":"@elizabethmay","twitter_site":"@elizabethmay","twitter_misc":{"Written by":"Elizabeth May","Est. reading time":"8 minutes"},"schema":{"@context":"https:\/\/schema.org","@graph":[{"@type":"Article","@id":"https:\/\/elizabethmaymp.ca\/green-party-calls-for-stronger-federal-oversight-of-long-term-care-facilities\/#article","isPartOf":{"@id":"https:\/\/elizabethmaymp.ca\/green-party-calls-for-stronger-federal-oversight-of-long-term-care-facilities\/"},"author":{"name":"Elizabeth May","@id":"https:\/\/elizabethmaymp.ca\/#\/schema\/person\/8ad70c936dfbb0f3a3af6907c5fdd64c"},"headline":"Le Parti vert demande un renforcement de la surveillance f\u00e9d\u00e9rale des \u00e9tablissements de soins de longue dur\u00e9e","datePublished":"2020-04-15T13:30:06+00:00","dateModified":"2021-02-10T14:31:52+00:00","mainEntityOfPage":{"@id":"https:\/\/elizabethmaymp.ca\/green-party-calls-for-stronger-federal-oversight-of-long-term-care-facilities\/"},"wordCount":1567,"publisher":{"@id":"https:\/\/elizabethmaymp.ca\/#organization"},"keywords":["covid19","long term care"],"articleSection":["Communiqu\u00e9s","Publications"],"inLanguage":"en-US"},{"@type":"WebPage","@id":"https:\/\/elizabethmaymp.ca\/fr\/green-party-calls-for-stronger-federal-oversight-of-long-term-care-facilities\/","url":"https:\/\/elizabethmaymp.ca\/fr\/green-party-calls-for-stronger-federal-oversight-of-long-term-care-facilities\/","name":"Le Parti vert demande un renforcement de la surveillance f\u00e9d\u00e9rale des \u00e9tablissements de soins de longue dur\u00e9e | Elizabeth May","isPartOf":{"@id":"https:\/\/elizabethmaymp.ca\/fr\/#website"},"datePublished":"2020-04-15T13:30:06+00:00","dateModified":"2021-02-10T14:31:52+00:00","breadcrumb":{"@id":"https:\/\/elizabethmaymp.ca\/fr\/green-party-calls-for-stronger-federal-oversight-of-long-term-care-facilities\/#breadcrumb"},"inLanguage":"en-US","potentialAction":[{"@type":"ReadAction","target":[["https:\/\/elizabethmaymp.ca\/fr\/green-party-calls-for-stronger-federal-oversight-of-long-term-care-facilities\/"]]}]},{"@type":"BreadcrumbList","@id":"https:\/\/elizabethmaymp.ca\/fr\/green-party-calls-for-stronger-federal-oversight-of-long-term-care-facilities\/#breadcrumb","itemListElement":[{"@type":"ListItem","position":1,"name":"Home","item":"https:\/\/elizabethmaymp.ca\/fr\/"},{"@type":"ListItem","position":2,"name":"Green Party calls for stronger federal oversight of long-term care facilities"}]},{"@type":"WebSite","@id":"https:\/\/elizabethmaymp.ca\/fr\/#website","url":"https:\/\/elizabethmaymp.ca\/fr\/","name":"Elizabeth May","description":"MP for Saanich and Gulf Islands","publisher":{"@id":"https:\/\/elizabethmaymp.ca\/fr\/#organization"},"potentialAction":[{"@type":"SearchAction","target":{"@type":"EntryPoint","urlTemplate":"https:\/\/elizabethmaymp.ca\/fr\/?s={search_term_string}"},"query-input":{"@type":"PropertyValueSpecification","valueRequired":true,"valueName":"search_term_string"}}],"inLanguage":"en-US"},{"@type":"Organization","@id":"https:\/\/elizabethmaymp.ca\/fr\/#organization","name":"Elizabeth May MP","url":"https:\/\/elizabethmaymp.ca\/fr\/","logo":{"@type":"ImageObject","inLanguage":"en-US","@id":"https:\/\/elizabethmaymp.ca\/fr\/#\/schema\/logo\/image\/","url":"https:\/\/elizabethmaymp.ca\/wp-content\/uploads\/elizabethmay-button.png","contentUrl":"https:\/\/elizabethmaymp.ca\/wp-content\/uploads\/elizabethmay-button.png","width":1501,"height":1501,"caption":"Elizabeth May MP"},"image":{"@id":"https:\/\/elizabethmaymp.ca\/fr\/#\/schema\/logo\/image\/"},"sameAs":["https:\/\/www.facebook.com\/ElizabethMayMP","https:\/\/x.com\/elizabethmay"]},{"@type":"Person","@id":"https:\/\/elizabethmaymp.ca\/#\/schema\/person\/8ad70c936dfbb0f3a3af6907c5fdd64c","name":"Elizabeth May","image":{"@type":"ImageObject","inLanguage":"en-US","@id":"https:\/\/secure.gravatar.com\/avatar\/7f32b0419a16ab6a875eb96521d826f03c3f2e604de2976ea8bf5afa253f814a?s=96&d=mm&r=g","url":"https:\/\/secure.gravatar.com\/avatar\/7f32b0419a16ab6a875eb96521d826f03c3f2e604de2976ea8bf5afa253f814a?s=96&d=mm&r=g","contentUrl":"https:\/\/secure.gravatar.com\/avatar\/7f32b0419a16ab6a875eb96521d826f03c3f2e604de2976ea8bf5afa253f814a?s=96&d=mm&r=g","caption":"Elizabeth May"},"url":"https:\/\/elizabethmaymp.ca\/fr\/author\/outreach-coordinator\/"}]}},"_links":{"self":[{"href":"https:\/\/elizabethmaymp.ca\/fr\/wp-json\/wp\/v2\/posts\/24492","targetHints":{"allow":["GET"]}}],"collection":[{"href":"https:\/\/elizabethmaymp.ca\/fr\/wp-json\/wp\/v2\/posts"}],"about":[{"href":"https:\/\/elizabethmaymp.ca\/fr\/wp-json\/wp\/v2\/types\/post"}],"author":[{"embeddable":true,"href":"https:\/\/elizabethmaymp.ca\/fr\/wp-json\/wp\/v2\/users\/1381"}],"replies":[{"embeddable":true,"href":"https:\/\/elizabethmaymp.ca\/fr\/wp-json\/wp\/v2\/comments?post=24492"}],"version-history":[{"count":1,"href":"https:\/\/elizabethmaymp.ca\/fr\/wp-json\/wp\/v2\/posts\/24492\/revisions"}],"predecessor-version":[{"id":24493,"href":"https:\/\/elizabethmaymp.ca\/fr\/wp-json\/wp\/v2\/posts\/24492\/revisions\/24493"}],"wp:attachment":[{"href":"https:\/\/elizabethmaymp.ca\/fr\/wp-json\/wp\/v2\/media?parent=24492"}],"wp:term":[{"taxonomy":"category","embeddable":true,"href":"https:\/\/elizabethmaymp.ca\/fr\/wp-json\/wp\/v2\/categories?post=24492"},{"taxonomy":"post_tag","embeddable":true,"href":"https:\/\/elizabethmaymp.ca\/fr\/wp-json\/wp\/v2\/tags?post=24492"}],"curies":[{"name":"wp","href":"https:\/\/api.w.org\/{rel}","templated":true}]}}