{"id":24542,"date":"2021-01-27T14:42:57","date_gmt":"2021-01-27T19:42:57","guid":{"rendered":"http:\/\/elizabethmaymp.ca\/?p=24542"},"modified":"2021-02-10T14:46:36","modified_gmt":"2021-02-10T19:46:36","slug":"green-party-mps-raise-concerns-with-current-question-period-allotment","status":"publish","type":"post","link":"https:\/\/elizabethmaymp.ca\/fr\/green-party-mps-raise-concerns-with-current-question-period-allotment\/","title":{"rendered":"Les verts rendent publiques leurs objections aux actions antid\u00e9mocratiques des grands partis"},"content":{"rendered":"<p>27 janvier 2021<\/p>\n<p>OTTAWA \u2014 Les d\u00e9put\u00e9s du Parti vert tentent de renverser une approche massivement discriminatoire de la p\u00e9riode de questions qui a \u00e9t\u00e9 adopt\u00e9e tout de suite apr\u00e8s les \u00e9lections de 2019. En raison d&#8217;une d\u00e9cision prise \u00e0 huis clos par les conservateurs, les bloquistes, les n\u00e9o-d\u00e9mocrates et les lib\u00e9raux, les d\u00e9put\u00e9s verts ne pourront jamais poser de questions le mercredi. Comme le premier ministre a d\u00e9sormais pour habitude de r\u00e9pondre \u00e0 toutes les questions le mercredi, cette exclusion est d&#8217;autant plus injuste.<\/p>\n<p>Le 17 janvier 2020, le caucus vert a \u00e9crit au pr\u00e9sident Anthony Rota : \u00ab Au cours de la pr\u00e9c\u00e9dente l\u00e9gislature, les d\u00e9put\u00e9s verts se voyaient attribuer plusieurs questions le mercredi de la session de printemps et d&#8217;automne. Lors de ces sessions, nous avons fait preuve de d\u00e9corum et pos\u00e9 des questions de contenu r\u00e9el au nom de nos \u00e9lecteurs. Nous revenons maintenant dans un nouveau parlement avec plus de d\u00e9put\u00e9s verts que jamais auparavant\u2026 pour constater que nous sommes encore plus d\u00e9savantag\u00e9s en n&#8217;ayant jamais droit \u00e0 une seule question du mercredi. \u00bb<\/p>\n<p>Le pr\u00e9sident de la Chambre nous a conseill\u00e9 de n\u00e9gocier avec les autres parties. Apr\u00e8s de multiples tentatives pour n\u00e9gocier au moins une question du mercredi, mais nos demandes polies et persistantes se sont r\u00e9v\u00e9l\u00e9es vaines.<\/p>\n<p>Le d\u00e9put\u00e9 Paul Manly (Nanaimo-Ladysmith) explique : \u00ab C&#8217;est encore plus scandaleux quand on sait que chaque fois qu&#8217;un d\u00e9put\u00e9 est exclu de leur parti, comme cela s&#8217;est produit la semaine derni\u00e8re avec un membre des caucus conservateur et lib\u00e9ral, cela tend \u00e0 r\u00e9duire le nombre de questions pour les d\u00e9put\u00e9s verts et pour Jody Wilson-Raybould. Ainsi, en plus de ne jamais avoir une seule question le mercredi, nos possibilit\u00e9s d&#8217;en poser les autres jours sont encore plus r\u00e9duites. \u00bb<\/p>\n<p>\u00ab Le Parti vert du Canada a re\u00e7u presque autant de votes en 2019 que les bloquistes \u00bb, poursuit M. Manly. Ce n&#8217;est qu&#8217;en raison de la perversit\u00e9 du scrutin majoritaire \u00e0 un tour que nous avons trois si\u00e8ges apr\u00e8s avoir \u00e9t\u00e9 appuy\u00e9s par pr\u00e8s de 1,2 million d&#8217;\u00e9lecteurs. Si on fait la moyenne du nombre de votes par parti par rapport au nombre de d\u00e9put\u00e9s \u00e9lus, chaque d\u00e9put\u00e9 vert repr\u00e9sente 380 000 \u00e9lecteurs alors que les d\u00e9put\u00e9s lib\u00e9raux n&#8217;en repr\u00e9sentent que 38 000 chacun. Refuser aux d\u00e9put\u00e9s verts la possibilit\u00e9 de poser une seule question le mercredi n&#8217;est pas d\u00e9mocratique. Les autres partis ont refus\u00e9 de dire qui s&#8217;oppose \u00e0 nos droits ou pourquoi. Nous aimerions savoir comment ils peuvent justifier cela. \u00bb<\/p>\n<p># # #<\/p>\n<p>Pour plus d&#8217;informations ou pour organiser une entrevue :<\/p>\n<p>Debra Eindiguer<\/p>\n<p>613-240-8921<\/p>\n<p>debra@partivert.ca <\/p>\n<p>Rosie Emery<\/p>\n<p>Attach\u00e9e de presse<\/p>\n<p>613-562-4916, poste 204<\/p>\n<p>rosie.emery@partivert.ca<\/p>","protected":false},"excerpt":{"rendered":"<p>27 janvier 2021 OTTAWA \u2014 Les d\u00e9put\u00e9s du Parti vert tentent de renverser une approche massivement discriminatoire de la p\u00e9riode de questions qui a \u00e9t\u00e9 adopt\u00e9e tout de&hellip;<\/p>\n","protected":false},"author":1381,"featured_media":0,"comment_status":"closed","ping_status":"open","sticky":false,"template":"","format":"standard","meta":{"_acf_changed":false,"_price":"","_stock":"","_tribe_ticket_header":"","_tribe_default_ticket_provider":"","_tribe_ticket_capacity":"","_ticket_start_date":"","_ticket_end_date":"","_tribe_ticket_show_description":"","_tribe_ticket_show_not_going":false,"_tribe_ticket_use_global_stock":"","_tribe_ticket_global_stock_level":"","_global_stock_mode":"","_global_stock_cap":"","_tribe_rsvp_for_event":"","_tribe_ticket_going_count":"","_tribe_ticket_not_going_count":"","_tribe_tickets_list":"[]","_tribe_ticket_has_attendee_info_fields":false,"footnotes":""},"categories":[104,90,11],"tags":[2539,2537],"class_list":["post-24542","post","type-post","status-publish","format-standard","hentry","category-press-conferences","category-press-releases","category-publications","tag-democracy","tag-question-period"],"acf":[],"yoast_head":"<!-- This site is optimized with the Yoast SEO plugin v27.4 - https:\/\/yoast.com\/product\/yoast-seo-wordpress\/ -->\n<title>Les verts rendent publiques leurs objections aux actions antid\u00e9mocratiques des grands partis | Elizabeth May<\/title>\n<meta name=\"robots\" content=\"index, follow, max-snippet:-1, max-image-preview:large, max-video-preview:-1\" \/>\n<link rel=\"canonical\" href=\"https:\/\/elizabethmaymp.ca\/fr\/green-party-mps-raise-concerns-with-current-question-period-allotment\/\" \/>\n<meta property=\"og:locale\" content=\"en_US\" \/>\n<meta property=\"og:type\" content=\"article\" \/>\n<meta property=\"og:title\" content=\"Les verts rendent publiques leurs objections aux actions antid\u00e9mocratiques des grands partis | Elizabeth May\" \/>\n<meta property=\"og:description\" content=\"27 janvier 2021 OTTAWA \u2014 Les d\u00e9put\u00e9s du Parti vert tentent de renverser une approche massivement discriminatoire de la p\u00e9riode de questions qui a \u00e9t\u00e9 adopt\u00e9e tout de&hellip;\" \/>\n<meta property=\"og:url\" content=\"https:\/\/elizabethmaymp.ca\/fr\/green-party-mps-raise-concerns-with-current-question-period-allotment\/\" \/>\n<meta property=\"og:site_name\" content=\"Elizabeth May\" \/>\n<meta property=\"article:publisher\" content=\"https:\/\/www.facebook.com\/ElizabethMayMP\" \/>\n<meta property=\"article:published_time\" content=\"2021-01-27T19:42:57+00:00\" \/>\n<meta property=\"article:modified_time\" content=\"2021-02-10T19:46:36+00:00\" \/>\n<meta property=\"og:image\" content=\"https:\/\/elizabethmaymp.ca\/wp-content\/uploads\/cropped-elizabethmay-button.png\" \/>\n\t<meta property=\"og:image:width\" content=\"512\" \/>\n\t<meta property=\"og:image:height\" content=\"512\" \/>\n\t<meta property=\"og:image:type\" content=\"image\/png\" \/>\n<meta name=\"author\" content=\"Elizabeth May\" \/>\n<meta name=\"twitter:card\" content=\"summary_large_image\" \/>\n<meta name=\"twitter:creator\" content=\"@elizabethmay\" \/>\n<meta name=\"twitter:site\" content=\"@elizabethmay\" \/>\n<meta name=\"twitter:label1\" content=\"Written by\" \/>\n\t<meta name=\"twitter:data1\" content=\"Elizabeth May\" \/>\n\t<meta name=\"twitter:label2\" content=\"Est. reading time\" \/>\n\t<meta name=\"twitter:data2\" content=\"5 minutes\" \/>\n<script type=\"application\/ld+json\" class=\"yoast-schema-graph\">{\"@context\":\"https:\\\/\\\/schema.org\",\"@graph\":[{\"@type\":\"Article\",\"@id\":\"https:\\\/\\\/elizabethmaymp.ca\\\/green-party-mps-raise-concerns-with-current-question-period-allotment\\\/#article\",\"isPartOf\":{\"@id\":\"https:\\\/\\\/elizabethmaymp.ca\\\/green-party-mps-raise-concerns-with-current-question-period-allotment\\\/\"},\"author\":{\"name\":\"Elizabeth May\",\"@id\":\"https:\\\/\\\/elizabethmaymp.ca\\\/#\\\/schema\\\/person\\\/8ad70c936dfbb0f3a3af6907c5fdd64c\"},\"headline\":\"Les verts rendent publiques leurs objections aux actions antid\u00e9mocratiques des grands partis\",\"datePublished\":\"2021-01-27T19:42:57+00:00\",\"dateModified\":\"2021-02-10T19:46:36+00:00\",\"mainEntityOfPage\":{\"@id\":\"https:\\\/\\\/elizabethmaymp.ca\\\/green-party-mps-raise-concerns-with-current-question-period-allotment\\\/\"},\"wordCount\":1010,\"publisher\":{\"@id\":\"https:\\\/\\\/elizabethmaymp.ca\\\/#organization\"},\"keywords\":[\"D\u00e9mocratie\",\"P\u00e9riode de questions\"],\"articleSection\":[\"Conf\u00e9rences de presse\",\"Communiqu\u00e9s\",\"Publications\"],\"inLanguage\":\"en-US\"},{\"@type\":\"WebPage\",\"@id\":\"https:\\\/\\\/elizabethmaymp.ca\\\/fr\\\/green-party-mps-raise-concerns-with-current-question-period-allotment\\\/\",\"url\":\"https:\\\/\\\/elizabethmaymp.ca\\\/fr\\\/green-party-mps-raise-concerns-with-current-question-period-allotment\\\/\",\"name\":\"Les verts rendent publiques leurs objections aux actions antid\u00e9mocratiques des grands partis | Elizabeth May\",\"isPartOf\":{\"@id\":\"https:\\\/\\\/elizabethmaymp.ca\\\/fr\\\/#website\"},\"datePublished\":\"2021-01-27T19:42:57+00:00\",\"dateModified\":\"2021-02-10T19:46:36+00:00\",\"breadcrumb\":{\"@id\":\"https:\\\/\\\/elizabethmaymp.ca\\\/fr\\\/green-party-mps-raise-concerns-with-current-question-period-allotment\\\/#breadcrumb\"},\"inLanguage\":\"en-US\",\"potentialAction\":[{\"@type\":\"ReadAction\",\"target\":[[\"https:\\\/\\\/elizabethmaymp.ca\\\/fr\\\/green-party-mps-raise-concerns-with-current-question-period-allotment\\\/\"]]}]},{\"@type\":\"BreadcrumbList\",\"@id\":\"https:\\\/\\\/elizabethmaymp.ca\\\/fr\\\/green-party-mps-raise-concerns-with-current-question-period-allotment\\\/#breadcrumb\",\"itemListElement\":[{\"@type\":\"ListItem\",\"position\":1,\"name\":\"Home\",\"item\":\"https:\\\/\\\/elizabethmaymp.ca\\\/fr\\\/\"},{\"@type\":\"ListItem\",\"position\":2,\"name\":\"Green Party MPs raise concerns with current question period allotment\"}]},{\"@type\":\"WebSite\",\"@id\":\"https:\\\/\\\/elizabethmaymp.ca\\\/fr\\\/#website\",\"url\":\"https:\\\/\\\/elizabethmaymp.ca\\\/fr\\\/\",\"name\":\"Elizabeth May\",\"description\":\"MP for Saanich and Gulf Islands\",\"publisher\":{\"@id\":\"https:\\\/\\\/elizabethmaymp.ca\\\/fr\\\/#organization\"},\"potentialAction\":[{\"@type\":\"SearchAction\",\"target\":{\"@type\":\"EntryPoint\",\"urlTemplate\":\"https:\\\/\\\/elizabethmaymp.ca\\\/fr\\\/?s={search_term_string}\"},\"query-input\":{\"@type\":\"PropertyValueSpecification\",\"valueRequired\":true,\"valueName\":\"search_term_string\"}}],\"inLanguage\":\"en-US\"},{\"@type\":\"Organization\",\"@id\":\"https:\\\/\\\/elizabethmaymp.ca\\\/fr\\\/#organization\",\"name\":\"Elizabeth May MP\",\"url\":\"https:\\\/\\\/elizabethmaymp.ca\\\/fr\\\/\",\"logo\":{\"@type\":\"ImageObject\",\"inLanguage\":\"en-US\",\"@id\":\"https:\\\/\\\/elizabethmaymp.ca\\\/fr\\\/#\\\/schema\\\/logo\\\/image\\\/\",\"url\":\"https:\\\/\\\/elizabethmaymp.ca\\\/wp-content\\\/uploads\\\/elizabethmay-button.png\",\"contentUrl\":\"https:\\\/\\\/elizabethmaymp.ca\\\/wp-content\\\/uploads\\\/elizabethmay-button.png\",\"width\":1501,\"height\":1501,\"caption\":\"Elizabeth May MP\"},\"image\":{\"@id\":\"https:\\\/\\\/elizabethmaymp.ca\\\/fr\\\/#\\\/schema\\\/logo\\\/image\\\/\"},\"sameAs\":[\"https:\\\/\\\/www.facebook.com\\\/ElizabethMayMP\",\"https:\\\/\\\/x.com\\\/elizabethmay\"]},{\"@type\":\"Person\",\"@id\":\"https:\\\/\\\/elizabethmaymp.ca\\\/#\\\/schema\\\/person\\\/8ad70c936dfbb0f3a3af6907c5fdd64c\",\"name\":\"Elizabeth May\",\"image\":{\"@type\":\"ImageObject\",\"inLanguage\":\"en-US\",\"@id\":\"https:\\\/\\\/secure.gravatar.com\\\/avatar\\\/7f32b0419a16ab6a875eb96521d826f03c3f2e604de2976ea8bf5afa253f814a?s=96&d=mm&r=g\",\"url\":\"https:\\\/\\\/secure.gravatar.com\\\/avatar\\\/7f32b0419a16ab6a875eb96521d826f03c3f2e604de2976ea8bf5afa253f814a?s=96&d=mm&r=g\",\"contentUrl\":\"https:\\\/\\\/secure.gravatar.com\\\/avatar\\\/7f32b0419a16ab6a875eb96521d826f03c3f2e604de2976ea8bf5afa253f814a?s=96&d=mm&r=g\",\"caption\":\"Elizabeth May\"},\"url\":\"https:\\\/\\\/elizabethmaymp.ca\\\/fr\\\/author\\\/outreach-coordinator\\\/\"}]}<\/script>\n<!-- \/ Yoast SEO plugin. -->","yoast_head_json":{"title":"Les verts rendent publiques leurs objections aux actions antid\u00e9mocratiques des grands partis | Elizabeth May","robots":{"index":"index","follow":"follow","max-snippet":"max-snippet:-1","max-image-preview":"max-image-preview:large","max-video-preview":"max-video-preview:-1"},"canonical":"https:\/\/elizabethmaymp.ca\/fr\/green-party-mps-raise-concerns-with-current-question-period-allotment\/","og_locale":"en_US","og_type":"article","og_title":"Les verts rendent publiques leurs objections aux actions antid\u00e9mocratiques des grands partis | Elizabeth May","og_description":"27 janvier 2021 OTTAWA \u2014 Les d\u00e9put\u00e9s du Parti vert tentent de renverser une approche massivement discriminatoire de la p\u00e9riode de questions qui a \u00e9t\u00e9 adopt\u00e9e tout de&hellip;","og_url":"https:\/\/elizabethmaymp.ca\/fr\/green-party-mps-raise-concerns-with-current-question-period-allotment\/","og_site_name":"Elizabeth May","article_publisher":"https:\/\/www.facebook.com\/ElizabethMayMP","article_published_time":"2021-01-27T19:42:57+00:00","article_modified_time":"2021-02-10T19:46:36+00:00","og_image":[{"width":512,"height":512,"url":"https:\/\/elizabethmaymp.ca\/wp-content\/uploads\/cropped-elizabethmay-button.png","type":"image\/png"}],"author":"Elizabeth May","twitter_card":"summary_large_image","twitter_creator":"@elizabethmay","twitter_site":"@elizabethmay","twitter_misc":{"Written by":"Elizabeth May","Est. reading time":"5 minutes"},"schema":{"@context":"https:\/\/schema.org","@graph":[{"@type":"Article","@id":"https:\/\/elizabethmaymp.ca\/green-party-mps-raise-concerns-with-current-question-period-allotment\/#article","isPartOf":{"@id":"https:\/\/elizabethmaymp.ca\/green-party-mps-raise-concerns-with-current-question-period-allotment\/"},"author":{"name":"Elizabeth May","@id":"https:\/\/elizabethmaymp.ca\/#\/schema\/person\/8ad70c936dfbb0f3a3af6907c5fdd64c"},"headline":"Les verts rendent publiques leurs objections aux actions antid\u00e9mocratiques des grands partis","datePublished":"2021-01-27T19:42:57+00:00","dateModified":"2021-02-10T19:46:36+00:00","mainEntityOfPage":{"@id":"https:\/\/elizabethmaymp.ca\/green-party-mps-raise-concerns-with-current-question-period-allotment\/"},"wordCount":1010,"publisher":{"@id":"https:\/\/elizabethmaymp.ca\/#organization"},"keywords":["D\u00e9mocratie","P\u00e9riode de questions"],"articleSection":["Conf\u00e9rences de presse","Communiqu\u00e9s","Publications"],"inLanguage":"en-US"},{"@type":"WebPage","@id":"https:\/\/elizabethmaymp.ca\/fr\/green-party-mps-raise-concerns-with-current-question-period-allotment\/","url":"https:\/\/elizabethmaymp.ca\/fr\/green-party-mps-raise-concerns-with-current-question-period-allotment\/","name":"Les verts rendent publiques leurs objections aux actions antid\u00e9mocratiques des grands partis | Elizabeth May","isPartOf":{"@id":"https:\/\/elizabethmaymp.ca\/fr\/#website"},"datePublished":"2021-01-27T19:42:57+00:00","dateModified":"2021-02-10T19:46:36+00:00","breadcrumb":{"@id":"https:\/\/elizabethmaymp.ca\/fr\/green-party-mps-raise-concerns-with-current-question-period-allotment\/#breadcrumb"},"inLanguage":"en-US","potentialAction":[{"@type":"ReadAction","target":[["https:\/\/elizabethmaymp.ca\/fr\/green-party-mps-raise-concerns-with-current-question-period-allotment\/"]]}]},{"@type":"BreadcrumbList","@id":"https:\/\/elizabethmaymp.ca\/fr\/green-party-mps-raise-concerns-with-current-question-period-allotment\/#breadcrumb","itemListElement":[{"@type":"ListItem","position":1,"name":"Home","item":"https:\/\/elizabethmaymp.ca\/fr\/"},{"@type":"ListItem","position":2,"name":"Green Party MPs raise concerns with current question period allotment"}]},{"@type":"WebSite","@id":"https:\/\/elizabethmaymp.ca\/fr\/#website","url":"https:\/\/elizabethmaymp.ca\/fr\/","name":"Elizabeth May","description":"MP for Saanich and Gulf Islands","publisher":{"@id":"https:\/\/elizabethmaymp.ca\/fr\/#organization"},"potentialAction":[{"@type":"SearchAction","target":{"@type":"EntryPoint","urlTemplate":"https:\/\/elizabethmaymp.ca\/fr\/?s={search_term_string}"},"query-input":{"@type":"PropertyValueSpecification","valueRequired":true,"valueName":"search_term_string"}}],"inLanguage":"en-US"},{"@type":"Organization","@id":"https:\/\/elizabethmaymp.ca\/fr\/#organization","name":"Elizabeth May MP","url":"https:\/\/elizabethmaymp.ca\/fr\/","logo":{"@type":"ImageObject","inLanguage":"en-US","@id":"https:\/\/elizabethmaymp.ca\/fr\/#\/schema\/logo\/image\/","url":"https:\/\/elizabethmaymp.ca\/wp-content\/uploads\/elizabethmay-button.png","contentUrl":"https:\/\/elizabethmaymp.ca\/wp-content\/uploads\/elizabethmay-button.png","width":1501,"height":1501,"caption":"Elizabeth May MP"},"image":{"@id":"https:\/\/elizabethmaymp.ca\/fr\/#\/schema\/logo\/image\/"},"sameAs":["https:\/\/www.facebook.com\/ElizabethMayMP","https:\/\/x.com\/elizabethmay"]},{"@type":"Person","@id":"https:\/\/elizabethmaymp.ca\/#\/schema\/person\/8ad70c936dfbb0f3a3af6907c5fdd64c","name":"Elizabeth May","image":{"@type":"ImageObject","inLanguage":"en-US","@id":"https:\/\/secure.gravatar.com\/avatar\/7f32b0419a16ab6a875eb96521d826f03c3f2e604de2976ea8bf5afa253f814a?s=96&d=mm&r=g","url":"https:\/\/secure.gravatar.com\/avatar\/7f32b0419a16ab6a875eb96521d826f03c3f2e604de2976ea8bf5afa253f814a?s=96&d=mm&r=g","contentUrl":"https:\/\/secure.gravatar.com\/avatar\/7f32b0419a16ab6a875eb96521d826f03c3f2e604de2976ea8bf5afa253f814a?s=96&d=mm&r=g","caption":"Elizabeth May"},"url":"https:\/\/elizabethmaymp.ca\/fr\/author\/outreach-coordinator\/"}]}},"_links":{"self":[{"href":"https:\/\/elizabethmaymp.ca\/fr\/wp-json\/wp\/v2\/posts\/24542","targetHints":{"allow":["GET"]}}],"collection":[{"href":"https:\/\/elizabethmaymp.ca\/fr\/wp-json\/wp\/v2\/posts"}],"about":[{"href":"https:\/\/elizabethmaymp.ca\/fr\/wp-json\/wp\/v2\/types\/post"}],"author":[{"embeddable":true,"href":"https:\/\/elizabethmaymp.ca\/fr\/wp-json\/wp\/v2\/users\/1381"}],"replies":[{"embeddable":true,"href":"https:\/\/elizabethmaymp.ca\/fr\/wp-json\/wp\/v2\/comments?post=24542"}],"version-history":[{"count":1,"href":"https:\/\/elizabethmaymp.ca\/fr\/wp-json\/wp\/v2\/posts\/24542\/revisions"}],"predecessor-version":[{"id":24543,"href":"https:\/\/elizabethmaymp.ca\/fr\/wp-json\/wp\/v2\/posts\/24542\/revisions\/24543"}],"wp:attachment":[{"href":"https:\/\/elizabethmaymp.ca\/fr\/wp-json\/wp\/v2\/media?parent=24542"}],"wp:term":[{"taxonomy":"category","embeddable":true,"href":"https:\/\/elizabethmaymp.ca\/fr\/wp-json\/wp\/v2\/categories?post=24542"},{"taxonomy":"post_tag","embeddable":true,"href":"https:\/\/elizabethmaymp.ca\/fr\/wp-json\/wp\/v2\/tags?post=24542"}],"curies":[{"name":"wp","href":"https:\/\/api.w.org\/{rel}","templated":true}]}}