{"id":24693,"date":"2020-12-08T19:47:25","date_gmt":"2020-12-09T00:47:25","guid":{"rendered":"http:\/\/elizabethmaymp.ca\/?p=24693"},"modified":"2022-04-28T15:29:13","modified_gmt":"2022-04-28T22:29:13","slug":"a-proposed-integrated-management-approach-to-plastic-products-single-use-plastic-ban","status":"publish","type":"post","link":"https:\/\/elizabethmaymp.ca\/fr\/a-proposed-integrated-management-approach-to-plastic-products-single-use-plastic-ban\/","title":{"rendered":"M\u00e9moire sur l\u2019approche propos\u00e9e de gestion int\u00e9gr\u00e9e des produits de plastique visant \u00e0 r\u00e9duire les d\u00e9chets et \u00e0 pr\u00e9venir la pollution"},"content":{"rendered":"<p><a href=\"https:\/\/elizabethmaymp.ca\/wp-content\/uploads\/Memoire-sur-lapproche-proposee-de-gestion-integree-des-produits-de-plastique-visant-a-reduire-les-dechets-et-a-prevenir-la-pollution-1.pdf\">Cliquez ici<\/a> pour lire le document de consultation d\u2019Elizabeth May, envoy\u00e9 au Ministre de l\u2019Environnement et du Changement climatique, concernant l\u2019approche propos\u00e9e de gestion int\u00e9gr\u00e9e des produits de plastique visant \u00e0 r\u00e9duire les d\u00e9chets et \u00e0 pr\u00e9venir la pollution.<\/p>\n<p>&nbsp;<\/p>","protected":false},"excerpt":{"rendered":"<p>Cliquez ici pour lire le document de consultation d\u2019Elizabeth May, envoy\u00e9 au Ministre de l\u2019Environnement et du Changement climatique, concernant l\u2019approche propos\u00e9e de gestion int\u00e9gr\u00e9e des produits de&hellip;<\/p>\n","protected":false},"author":1381,"featured_media":0,"comment_status":"closed","ping_status":"closed","sticky":false,"template":"","format":"standard","meta":{"_acf_changed":false,"_price":"","_stock":"","_tribe_ticket_header":"","_tribe_default_ticket_provider":"","_tribe_ticket_capacity":"","_ticket_start_date":"","_ticket_end_date":"","_tribe_ticket_show_description":"","_tribe_ticket_show_not_going":false,"_tribe_ticket_use_global_stock":"","_tribe_ticket_global_stock_level":"","_global_stock_mode":"","_global_stock_cap":"","_tribe_rsvp_for_event":"","_tribe_ticket_going_count":"","_tribe_ticket_not_going_count":"","_tribe_tickets_list":"[]","_tribe_ticket_has_attendee_info_fields":false,"footnotes":""},"categories":[2572],"tags":[2495,2605,2604,2603],"class_list":["post-24693","post","type-post","status-publish","format-standard","hentry","category-consultation-submissions","tag-climate-action","tag-integrated-management-apporach","tag-plastics","tag-single-use-plastic-ban"],"acf":[],"yoast_head":"<!-- This site is optimized with the Yoast SEO plugin v27.4 - https:\/\/yoast.com\/product\/yoast-seo-wordpress\/ -->\n<title>M\u00e9moire sur l\u2019approche propos\u00e9e de gestion int\u00e9gr\u00e9e des produits de plastique visant \u00e0 r\u00e9duire les d\u00e9chets et \u00e0 pr\u00e9venir la pollution | Elizabeth May<\/title>\n<meta name=\"robots\" content=\"index, follow, max-snippet:-1, max-image-preview:large, max-video-preview:-1\" \/>\n<link rel=\"canonical\" href=\"https:\/\/elizabethmaymp.ca\/fr\/a-proposed-integrated-management-approach-to-plastic-products-single-use-plastic-ban\/\" \/>\n<meta property=\"og:locale\" content=\"en_US\" \/>\n<meta property=\"og:type\" content=\"article\" \/>\n<meta property=\"og:title\" content=\"M\u00e9moire sur l\u2019approche propos\u00e9e de gestion int\u00e9gr\u00e9e des produits de plastique visant \u00e0 r\u00e9duire les d\u00e9chets et \u00e0 pr\u00e9venir la pollution | Elizabeth May\" \/>\n<meta property=\"og:description\" content=\"Cliquez ici pour lire le document de consultation d\u2019Elizabeth May, envoy\u00e9 au Ministre de l\u2019Environnement et du Changement climatique, concernant l\u2019approche propos\u00e9e de gestion int\u00e9gr\u00e9e des produits de&hellip;\" \/>\n<meta property=\"og:url\" content=\"https:\/\/elizabethmaymp.ca\/fr\/a-proposed-integrated-management-approach-to-plastic-products-single-use-plastic-ban\/\" \/>\n<meta property=\"og:site_name\" content=\"Elizabeth May\" \/>\n<meta property=\"article:publisher\" content=\"https:\/\/www.facebook.com\/ElizabethMayMP\" \/>\n<meta property=\"article:published_time\" content=\"2020-12-09T00:47:25+00:00\" \/>\n<meta property=\"article:modified_time\" content=\"2022-04-28T22:29:13+00:00\" \/>\n<meta property=\"og:image\" content=\"https:\/\/elizabethmaymp.ca\/wp-content\/uploads\/cropped-elizabethmay-button.png\" \/>\n\t<meta property=\"og:image:width\" content=\"512\" \/>\n\t<meta property=\"og:image:height\" content=\"512\" \/>\n\t<meta property=\"og:image:type\" content=\"image\/png\" \/>\n<meta name=\"author\" content=\"Elizabeth May\" \/>\n<meta name=\"twitter:card\" content=\"summary_large_image\" \/>\n<meta name=\"twitter:creator\" content=\"@elizabethmay\" \/>\n<meta name=\"twitter:site\" content=\"@elizabethmay\" \/>\n<meta name=\"twitter:label1\" content=\"Written by\" \/>\n\t<meta name=\"twitter:data1\" content=\"Elizabeth May\" \/>\n\t<meta name=\"twitter:label2\" content=\"Est. reading time\" \/>\n\t<meta name=\"twitter:data2\" content=\"1 minute\" \/>\n<script type=\"application\/ld+json\" class=\"yoast-schema-graph\">{\"@context\":\"https:\\\/\\\/schema.org\",\"@graph\":[{\"@type\":\"Article\",\"@id\":\"https:\\\/\\\/elizabethmaymp.ca\\\/a-proposed-integrated-management-approach-to-plastic-products-single-use-plastic-ban\\\/#article\",\"isPartOf\":{\"@id\":\"https:\\\/\\\/elizabethmaymp.ca\\\/a-proposed-integrated-management-approach-to-plastic-products-single-use-plastic-ban\\\/\"},\"author\":{\"name\":\"Elizabeth May\",\"@id\":\"https:\\\/\\\/elizabethmaymp.ca\\\/#\\\/schema\\\/person\\\/8ad70c936dfbb0f3a3af6907c5fdd64c\"},\"headline\":\"M\u00e9moire sur l\u2019approche propos\u00e9e de gestion int\u00e9gr\u00e9e des produits de plastique visant \u00e0 r\u00e9duire les d\u00e9chets et \u00e0 pr\u00e9venir la pollution\",\"datePublished\":\"2020-12-09T00:47:25+00:00\",\"dateModified\":\"2022-04-28T22:29:13+00:00\",\"mainEntityOfPage\":{\"@id\":\"https:\\\/\\\/elizabethmaymp.ca\\\/a-proposed-integrated-management-approach-to-plastic-products-single-use-plastic-ban\\\/\"},\"wordCount\":115,\"publisher\":{\"@id\":\"https:\\\/\\\/elizabethmaymp.ca\\\/#organization\"},\"keywords\":[\"climate action\",\"integrated management apporach\",\"plastics\",\"single-use plastic ban\"],\"articleSection\":[\"Consultation Submissions\"],\"inLanguage\":\"en-US\"},{\"@type\":\"WebPage\",\"@id\":\"https:\\\/\\\/elizabethmaymp.ca\\\/fr\\\/a-proposed-integrated-management-approach-to-plastic-products-single-use-plastic-ban\\\/\",\"url\":\"https:\\\/\\\/elizabethmaymp.ca\\\/fr\\\/a-proposed-integrated-management-approach-to-plastic-products-single-use-plastic-ban\\\/\",\"name\":\"M\u00e9moire sur l\u2019approche propos\u00e9e de gestion int\u00e9gr\u00e9e des produits de plastique visant \u00e0 r\u00e9duire les d\u00e9chets et \u00e0 pr\u00e9venir la pollution | Elizabeth May\",\"isPartOf\":{\"@id\":\"https:\\\/\\\/elizabethmaymp.ca\\\/fr\\\/#website\"},\"datePublished\":\"2020-12-09T00:47:25+00:00\",\"dateModified\":\"2022-04-28T22:29:13+00:00\",\"breadcrumb\":{\"@id\":\"https:\\\/\\\/elizabethmaymp.ca\\\/fr\\\/a-proposed-integrated-management-approach-to-plastic-products-single-use-plastic-ban\\\/#breadcrumb\"},\"inLanguage\":\"en-US\",\"potentialAction\":[{\"@type\":\"ReadAction\",\"target\":[[\"https:\\\/\\\/elizabethmaymp.ca\\\/fr\\\/a-proposed-integrated-management-approach-to-plastic-products-single-use-plastic-ban\\\/\"]]}]},{\"@type\":\"BreadcrumbList\",\"@id\":\"https:\\\/\\\/elizabethmaymp.ca\\\/fr\\\/a-proposed-integrated-management-approach-to-plastic-products-single-use-plastic-ban\\\/#breadcrumb\",\"itemListElement\":[{\"@type\":\"ListItem\",\"position\":1,\"name\":\"Home\",\"item\":\"https:\\\/\\\/elizabethmaymp.ca\\\/fr\\\/\"},{\"@type\":\"ListItem\",\"position\":2,\"name\":\"A Proposed Integrated Management Approach to Plastic Products (Single-use Plastic Ban)\"}]},{\"@type\":\"WebSite\",\"@id\":\"https:\\\/\\\/elizabethmaymp.ca\\\/fr\\\/#website\",\"url\":\"https:\\\/\\\/elizabethmaymp.ca\\\/fr\\\/\",\"name\":\"Elizabeth May\",\"description\":\"MP for Saanich and Gulf Islands\",\"publisher\":{\"@id\":\"https:\\\/\\\/elizabethmaymp.ca\\\/fr\\\/#organization\"},\"potentialAction\":[{\"@type\":\"SearchAction\",\"target\":{\"@type\":\"EntryPoint\",\"urlTemplate\":\"https:\\\/\\\/elizabethmaymp.ca\\\/fr\\\/?s={search_term_string}\"},\"query-input\":{\"@type\":\"PropertyValueSpecification\",\"valueRequired\":true,\"valueName\":\"search_term_string\"}}],\"inLanguage\":\"en-US\"},{\"@type\":\"Organization\",\"@id\":\"https:\\\/\\\/elizabethmaymp.ca\\\/fr\\\/#organization\",\"name\":\"Elizabeth May MP\",\"url\":\"https:\\\/\\\/elizabethmaymp.ca\\\/fr\\\/\",\"logo\":{\"@type\":\"ImageObject\",\"inLanguage\":\"en-US\",\"@id\":\"https:\\\/\\\/elizabethmaymp.ca\\\/fr\\\/#\\\/schema\\\/logo\\\/image\\\/\",\"url\":\"https:\\\/\\\/elizabethmaymp.ca\\\/wp-content\\\/uploads\\\/elizabethmay-button.png\",\"contentUrl\":\"https:\\\/\\\/elizabethmaymp.ca\\\/wp-content\\\/uploads\\\/elizabethmay-button.png\",\"width\":1501,\"height\":1501,\"caption\":\"Elizabeth May MP\"},\"image\":{\"@id\":\"https:\\\/\\\/elizabethmaymp.ca\\\/fr\\\/#\\\/schema\\\/logo\\\/image\\\/\"},\"sameAs\":[\"https:\\\/\\\/www.facebook.com\\\/ElizabethMayMP\",\"https:\\\/\\\/x.com\\\/elizabethmay\"]},{\"@type\":\"Person\",\"@id\":\"https:\\\/\\\/elizabethmaymp.ca\\\/#\\\/schema\\\/person\\\/8ad70c936dfbb0f3a3af6907c5fdd64c\",\"name\":\"Elizabeth May\",\"image\":{\"@type\":\"ImageObject\",\"inLanguage\":\"en-US\",\"@id\":\"https:\\\/\\\/secure.gravatar.com\\\/avatar\\\/7f32b0419a16ab6a875eb96521d826f03c3f2e604de2976ea8bf5afa253f814a?s=96&d=mm&r=g\",\"url\":\"https:\\\/\\\/secure.gravatar.com\\\/avatar\\\/7f32b0419a16ab6a875eb96521d826f03c3f2e604de2976ea8bf5afa253f814a?s=96&d=mm&r=g\",\"contentUrl\":\"https:\\\/\\\/secure.gravatar.com\\\/avatar\\\/7f32b0419a16ab6a875eb96521d826f03c3f2e604de2976ea8bf5afa253f814a?s=96&d=mm&r=g\",\"caption\":\"Elizabeth May\"},\"url\":\"https:\\\/\\\/elizabethmaymp.ca\\\/fr\\\/author\\\/outreach-coordinator\\\/\"}]}<\/script>\n<!-- \/ Yoast SEO plugin. -->","yoast_head_json":{"title":"M\u00e9moire sur l\u2019approche propos\u00e9e de gestion int\u00e9gr\u00e9e des produits de plastique visant \u00e0 r\u00e9duire les d\u00e9chets et \u00e0 pr\u00e9venir la pollution | Elizabeth May","robots":{"index":"index","follow":"follow","max-snippet":"max-snippet:-1","max-image-preview":"max-image-preview:large","max-video-preview":"max-video-preview:-1"},"canonical":"https:\/\/elizabethmaymp.ca\/fr\/a-proposed-integrated-management-approach-to-plastic-products-single-use-plastic-ban\/","og_locale":"en_US","og_type":"article","og_title":"M\u00e9moire sur l\u2019approche propos\u00e9e de gestion int\u00e9gr\u00e9e des produits de plastique visant \u00e0 r\u00e9duire les d\u00e9chets et \u00e0 pr\u00e9venir la pollution | Elizabeth May","og_description":"Cliquez ici pour lire le document de consultation d\u2019Elizabeth May, envoy\u00e9 au Ministre de l\u2019Environnement et du Changement climatique, concernant l\u2019approche propos\u00e9e de gestion int\u00e9gr\u00e9e des produits de&hellip;","og_url":"https:\/\/elizabethmaymp.ca\/fr\/a-proposed-integrated-management-approach-to-plastic-products-single-use-plastic-ban\/","og_site_name":"Elizabeth May","article_publisher":"https:\/\/www.facebook.com\/ElizabethMayMP","article_published_time":"2020-12-09T00:47:25+00:00","article_modified_time":"2022-04-28T22:29:13+00:00","og_image":[{"width":512,"height":512,"url":"https:\/\/elizabethmaymp.ca\/wp-content\/uploads\/cropped-elizabethmay-button.png","type":"image\/png"}],"author":"Elizabeth May","twitter_card":"summary_large_image","twitter_creator":"@elizabethmay","twitter_site":"@elizabethmay","twitter_misc":{"Written by":"Elizabeth May","Est. reading time":"1 minute"},"schema":{"@context":"https:\/\/schema.org","@graph":[{"@type":"Article","@id":"https:\/\/elizabethmaymp.ca\/a-proposed-integrated-management-approach-to-plastic-products-single-use-plastic-ban\/#article","isPartOf":{"@id":"https:\/\/elizabethmaymp.ca\/a-proposed-integrated-management-approach-to-plastic-products-single-use-plastic-ban\/"},"author":{"name":"Elizabeth May","@id":"https:\/\/elizabethmaymp.ca\/#\/schema\/person\/8ad70c936dfbb0f3a3af6907c5fdd64c"},"headline":"M\u00e9moire sur l\u2019approche propos\u00e9e de gestion int\u00e9gr\u00e9e des produits de plastique visant \u00e0 r\u00e9duire les d\u00e9chets et \u00e0 pr\u00e9venir la pollution","datePublished":"2020-12-09T00:47:25+00:00","dateModified":"2022-04-28T22:29:13+00:00","mainEntityOfPage":{"@id":"https:\/\/elizabethmaymp.ca\/a-proposed-integrated-management-approach-to-plastic-products-single-use-plastic-ban\/"},"wordCount":115,"publisher":{"@id":"https:\/\/elizabethmaymp.ca\/#organization"},"keywords":["climate action","integrated management apporach","plastics","single-use plastic ban"],"articleSection":["Consultation Submissions"],"inLanguage":"en-US"},{"@type":"WebPage","@id":"https:\/\/elizabethmaymp.ca\/fr\/a-proposed-integrated-management-approach-to-plastic-products-single-use-plastic-ban\/","url":"https:\/\/elizabethmaymp.ca\/fr\/a-proposed-integrated-management-approach-to-plastic-products-single-use-plastic-ban\/","name":"M\u00e9moire sur l\u2019approche propos\u00e9e de gestion int\u00e9gr\u00e9e des produits de plastique visant \u00e0 r\u00e9duire les d\u00e9chets et \u00e0 pr\u00e9venir la pollution | Elizabeth May","isPartOf":{"@id":"https:\/\/elizabethmaymp.ca\/fr\/#website"},"datePublished":"2020-12-09T00:47:25+00:00","dateModified":"2022-04-28T22:29:13+00:00","breadcrumb":{"@id":"https:\/\/elizabethmaymp.ca\/fr\/a-proposed-integrated-management-approach-to-plastic-products-single-use-plastic-ban\/#breadcrumb"},"inLanguage":"en-US","potentialAction":[{"@type":"ReadAction","target":[["https:\/\/elizabethmaymp.ca\/fr\/a-proposed-integrated-management-approach-to-plastic-products-single-use-plastic-ban\/"]]}]},{"@type":"BreadcrumbList","@id":"https:\/\/elizabethmaymp.ca\/fr\/a-proposed-integrated-management-approach-to-plastic-products-single-use-plastic-ban\/#breadcrumb","itemListElement":[{"@type":"ListItem","position":1,"name":"Home","item":"https:\/\/elizabethmaymp.ca\/fr\/"},{"@type":"ListItem","position":2,"name":"A Proposed Integrated Management Approach to Plastic Products (Single-use Plastic Ban)"}]},{"@type":"WebSite","@id":"https:\/\/elizabethmaymp.ca\/fr\/#website","url":"https:\/\/elizabethmaymp.ca\/fr\/","name":"Elizabeth May","description":"MP for Saanich and Gulf Islands","publisher":{"@id":"https:\/\/elizabethmaymp.ca\/fr\/#organization"},"potentialAction":[{"@type":"SearchAction","target":{"@type":"EntryPoint","urlTemplate":"https:\/\/elizabethmaymp.ca\/fr\/?s={search_term_string}"},"query-input":{"@type":"PropertyValueSpecification","valueRequired":true,"valueName":"search_term_string"}}],"inLanguage":"en-US"},{"@type":"Organization","@id":"https:\/\/elizabethmaymp.ca\/fr\/#organization","name":"Elizabeth May MP","url":"https:\/\/elizabethmaymp.ca\/fr\/","logo":{"@type":"ImageObject","inLanguage":"en-US","@id":"https:\/\/elizabethmaymp.ca\/fr\/#\/schema\/logo\/image\/","url":"https:\/\/elizabethmaymp.ca\/wp-content\/uploads\/elizabethmay-button.png","contentUrl":"https:\/\/elizabethmaymp.ca\/wp-content\/uploads\/elizabethmay-button.png","width":1501,"height":1501,"caption":"Elizabeth May MP"},"image":{"@id":"https:\/\/elizabethmaymp.ca\/fr\/#\/schema\/logo\/image\/"},"sameAs":["https:\/\/www.facebook.com\/ElizabethMayMP","https:\/\/x.com\/elizabethmay"]},{"@type":"Person","@id":"https:\/\/elizabethmaymp.ca\/#\/schema\/person\/8ad70c936dfbb0f3a3af6907c5fdd64c","name":"Elizabeth May","image":{"@type":"ImageObject","inLanguage":"en-US","@id":"https:\/\/secure.gravatar.com\/avatar\/7f32b0419a16ab6a875eb96521d826f03c3f2e604de2976ea8bf5afa253f814a?s=96&d=mm&r=g","url":"https:\/\/secure.gravatar.com\/avatar\/7f32b0419a16ab6a875eb96521d826f03c3f2e604de2976ea8bf5afa253f814a?s=96&d=mm&r=g","contentUrl":"https:\/\/secure.gravatar.com\/avatar\/7f32b0419a16ab6a875eb96521d826f03c3f2e604de2976ea8bf5afa253f814a?s=96&d=mm&r=g","caption":"Elizabeth May"},"url":"https:\/\/elizabethmaymp.ca\/fr\/author\/outreach-coordinator\/"}]}},"_links":{"self":[{"href":"https:\/\/elizabethmaymp.ca\/fr\/wp-json\/wp\/v2\/posts\/24693","targetHints":{"allow":["GET"]}}],"collection":[{"href":"https:\/\/elizabethmaymp.ca\/fr\/wp-json\/wp\/v2\/posts"}],"about":[{"href":"https:\/\/elizabethmaymp.ca\/fr\/wp-json\/wp\/v2\/types\/post"}],"author":[{"embeddable":true,"href":"https:\/\/elizabethmaymp.ca\/fr\/wp-json\/wp\/v2\/users\/1381"}],"replies":[{"embeddable":true,"href":"https:\/\/elizabethmaymp.ca\/fr\/wp-json\/wp\/v2\/comments?post=24693"}],"version-history":[{"count":3,"href":"https:\/\/elizabethmaymp.ca\/fr\/wp-json\/wp\/v2\/posts\/24693\/revisions"}],"predecessor-version":[{"id":25412,"href":"https:\/\/elizabethmaymp.ca\/fr\/wp-json\/wp\/v2\/posts\/24693\/revisions\/25412"}],"wp:attachment":[{"href":"https:\/\/elizabethmaymp.ca\/fr\/wp-json\/wp\/v2\/media?parent=24693"}],"wp:term":[{"taxonomy":"category","embeddable":true,"href":"https:\/\/elizabethmaymp.ca\/fr\/wp-json\/wp\/v2\/categories?post=24693"},{"taxonomy":"post_tag","embeddable":true,"href":"https:\/\/elizabethmaymp.ca\/fr\/wp-json\/wp\/v2\/tags?post=24693"}],"curies":[{"name":"wp","href":"https:\/\/api.w.org\/{rel}","templated":true}]}}