{"id":25529,"date":"2021-05-06T15:08:32","date_gmt":"2021-05-06T19:08:32","guid":{"rendered":"https:\/\/elizabethmaymp.ca\/?p=25529"},"modified":"2021-05-17T15:11:34","modified_gmt":"2021-05-17T19:11:34","slug":"would-the-leader-of-the-ndp-close-the-man-camps","status":"publish","type":"post","link":"https:\/\/elizabethmaymp.ca\/fr\/would-the-leader-of-the-ndp-close-the-man-camps\/","title":{"rendered":"Est-ce que le chef du NPD fermerait-il les campements?"},"content":{"rendered":"<p><iframe loading=\"lazy\" width=\"560\" height=\"315\" src=\"https:\/\/www.youtube.com\/embed\/-mrjRIYpItI\" title=\"YouTube video player\" frameborder=\"0\" allow=\"accelerometer; autoplay; clipboard-write; encrypted-media; gyroscope; picture-in-picture\" allowfullscreen><\/iframe><\/p>\n<p>Elizabeth May (Saanich\u2014Gulf Islands)<br \/>\n2021-05-06 10:44<\/p>\n<p>Monsieur le Pr\u00e9sident, j&#8217;aimerais que le d\u00e9put\u00e9 de New Westminster\u2014Burnaby clarifie, s&#8217;il le peut, la position du NPD concernant l&#8217;\u00e9tude sur les femmes et les filles autochtones disparues et assassin\u00e9es, dont l&#8217;une des recommandations pr\u00e9conisait la fermeture des camps de travailleurs. Dans le d\u00e9bat tardif d&#8217;hier soir, nous avons soulign\u00e9 que la propagation de la COVID en Alberta constitue une v\u00e9ritable crise. Le foyer d&#8217;infection se trouve dans la r\u00e9gion des sables bitumineux et, pourtant, les travaux de construction se poursuivent dans des endroits comme le site C et le site de TMX, projets auxquels le d\u00e9put\u00e9 s&#8217;oppose, mais je ne suis pas s\u00fbre de la position de son chef.<\/p>\n<p>Le d\u00e9put\u00e9 peut-il pr\u00e9ciser ce que son coll\u00e8gue de Burnaby-Sud voulait dire lorsqu&#8217;il a esquiv\u00e9 une question \u00e0 ce sujet hier soir et n&#8217;a pas r\u00e9pondu directement au d\u00e9put\u00e9 de Nanaimo\u2014Ladysmith? On lui a demand\u00e9 s&#8217;il allait fermer les campements.<\/p>\n<p>Peter Julian (New Westminster\u2014Burnaby)<br \/>\n2021-05-06 10:45<\/p>\n<p>Monsieur le Pr\u00e9sident, il y a beaucoup de choses \u00e0 dire pour une question de 30 secondes.<\/p>\n<p>Non, on ne m&#8217;a pas pos\u00e9 de question hier soir, alors la d\u00e9put\u00e9e fait erreur, malheureusement. Elle se trompe aussi au sujet de TMX, dont j&#8217;ai visit\u00e9 le site. Le d\u00e9put\u00e9 de Burnaby-Sud et le caucus du NPD ont fait pression dans ce dossier, comme le sait la d\u00e9put\u00e9e. C&#8217;est pourquoi nous avons obtenu l&#8217;\u00e9tude initiale du directeur parlementaire du budget, ainsi qu&#8217;une version r\u00e9vis\u00e9e de son rapport, sur le projet TMX et l&#8217;escalade des co\u00fbts.<\/p>\n<p>N&#8217;oublions pas que le projet TMX n&#8217;est pas dans l&#8217;int\u00e9r\u00eat national. Le gouvernement lib\u00e9ral veut verser plus de 18,5 milliards de dollars \u00e0 Trans Mountain. Nous devons plut\u00f4t investir cet argent dans l&#8217;\u00e9nergie propre et la transition \u00e9quitable. C&#8217;est ce qui s&#8217;impose pour notre pays si nous voulons vraiment lutter contre les changements climatiques<\/p>","protected":false},"excerpt":{"rendered":"<p>Elizabeth May (Saanich\u2014Gulf Islands) 2021-05-06 10:44 Monsieur le Pr\u00e9sident, j&#8217;aimerais que le d\u00e9put\u00e9 de New Westminster\u2014Burnaby clarifie, s&#8217;il le peut, la position du NPD concernant l&#8217;\u00e9tude sur les&hellip;<\/p>\n","protected":false},"author":1381,"featured_media":0,"comment_status":"closed","ping_status":"closed","sticky":false,"template":"","format":"standard","meta":{"_acf_changed":false,"_price":"","_stock":"","_tribe_ticket_header":"","_tribe_default_ticket_provider":"","_tribe_ticket_capacity":"","_ticket_start_date":"","_ticket_end_date":"","_tribe_ticket_show_description":"","_tribe_ticket_show_not_going":false,"_tribe_ticket_use_global_stock":"","_tribe_ticket_global_stock_level":"","_global_stock_mode":"","_global_stock_cap":"","_tribe_rsvp_for_event":"","_tribe_ticket_going_count":"","_tribe_ticket_not_going_count":"","_tribe_tickets_list":"[]","_tribe_ticket_has_attendee_info_fields":false,"footnotes":""},"categories":[20,15],"tags":[2487],"class_list":["post-25529","post","type-post","status-publish","format-standard","hentry","category-debate","category-parliament","tag-covid19"],"acf":[],"yoast_head":"<!-- This site is optimized with the Yoast SEO plugin v27.4 - https:\/\/yoast.com\/product\/yoast-seo-wordpress\/ -->\n<title>Est-ce que le chef du NPD fermerait-il les campements? | Elizabeth May<\/title>\n<meta name=\"robots\" content=\"index, follow, max-snippet:-1, max-image-preview:large, max-video-preview:-1\" \/>\n<link rel=\"canonical\" href=\"https:\/\/elizabethmaymp.ca\/fr\/would-the-leader-of-the-ndp-close-the-man-camps\/\" \/>\n<meta property=\"og:locale\" content=\"en_US\" \/>\n<meta property=\"og:type\" content=\"article\" \/>\n<meta property=\"og:title\" content=\"Est-ce que le chef du NPD fermerait-il les campements? | Elizabeth May\" \/>\n<meta property=\"og:description\" content=\"Elizabeth May (Saanich\u2014Gulf Islands) 2021-05-06 10:44 Monsieur le Pr\u00e9sident, j&#8217;aimerais que le d\u00e9put\u00e9 de New Westminster\u2014Burnaby clarifie, s&#8217;il le peut, la position du NPD concernant l&#8217;\u00e9tude sur les&hellip;\" \/>\n<meta property=\"og:url\" content=\"https:\/\/elizabethmaymp.ca\/fr\/would-the-leader-of-the-ndp-close-the-man-camps\/\" \/>\n<meta property=\"og:site_name\" content=\"Elizabeth May\" \/>\n<meta property=\"article:publisher\" content=\"https:\/\/www.facebook.com\/ElizabethMayMP\" \/>\n<meta property=\"article:published_time\" content=\"2021-05-06T19:08:32+00:00\" \/>\n<meta property=\"article:modified_time\" content=\"2021-05-17T19:11:34+00:00\" \/>\n<meta property=\"og:image\" content=\"https:\/\/elizabethmaymp.ca\/wp-content\/uploads\/cropped-elizabethmay-button.png\" \/>\n\t<meta property=\"og:image:width\" content=\"512\" \/>\n\t<meta property=\"og:image:height\" content=\"512\" \/>\n\t<meta property=\"og:image:type\" content=\"image\/png\" \/>\n<meta name=\"author\" content=\"Elizabeth May\" \/>\n<meta name=\"twitter:card\" content=\"summary_large_image\" \/>\n<meta name=\"twitter:creator\" content=\"@elizabethmay\" \/>\n<meta name=\"twitter:site\" content=\"@elizabethmay\" \/>\n<meta name=\"twitter:label1\" content=\"Written by\" \/>\n\t<meta name=\"twitter:data1\" content=\"Elizabeth May\" \/>\n\t<meta name=\"twitter:label2\" content=\"Est. reading time\" \/>\n\t<meta name=\"twitter:data2\" content=\"3 minutes\" \/>\n<script type=\"application\/ld+json\" class=\"yoast-schema-graph\">{\"@context\":\"https:\\\/\\\/schema.org\",\"@graph\":[{\"@type\":\"Article\",\"@id\":\"https:\\\/\\\/elizabethmaymp.ca\\\/would-the-leader-of-the-ndp-close-the-man-camps\\\/#article\",\"isPartOf\":{\"@id\":\"https:\\\/\\\/elizabethmaymp.ca\\\/would-the-leader-of-the-ndp-close-the-man-camps\\\/\"},\"author\":{\"name\":\"Elizabeth May\",\"@id\":\"https:\\\/\\\/elizabethmaymp.ca\\\/#\\\/schema\\\/person\\\/8ad70c936dfbb0f3a3af6907c5fdd64c\"},\"headline\":\"Est-ce que le chef du NPD fermerait-il les campements?\",\"datePublished\":\"2021-05-06T19:08:32+00:00\",\"dateModified\":\"2021-05-17T19:11:34+00:00\",\"mainEntityOfPage\":{\"@id\":\"https:\\\/\\\/elizabethmaymp.ca\\\/would-the-leader-of-the-ndp-close-the-man-camps\\\/\"},\"wordCount\":662,\"publisher\":{\"@id\":\"https:\\\/\\\/elizabethmaymp.ca\\\/#organization\"},\"keywords\":[\"covid19\"],\"articleSection\":[\"D\u00e9bat\",\"Parlement\"],\"inLanguage\":\"en-US\"},{\"@type\":\"WebPage\",\"@id\":\"https:\\\/\\\/elizabethmaymp.ca\\\/fr\\\/would-the-leader-of-the-ndp-close-the-man-camps\\\/\",\"url\":\"https:\\\/\\\/elizabethmaymp.ca\\\/fr\\\/would-the-leader-of-the-ndp-close-the-man-camps\\\/\",\"name\":\"Est-ce que le chef du NPD fermerait-il les campements? | Elizabeth May\",\"isPartOf\":{\"@id\":\"https:\\\/\\\/elizabethmaymp.ca\\\/fr\\\/#website\"},\"datePublished\":\"2021-05-06T19:08:32+00:00\",\"dateModified\":\"2021-05-17T19:11:34+00:00\",\"breadcrumb\":{\"@id\":\"https:\\\/\\\/elizabethmaymp.ca\\\/fr\\\/would-the-leader-of-the-ndp-close-the-man-camps\\\/#breadcrumb\"},\"inLanguage\":\"en-US\",\"potentialAction\":[{\"@type\":\"ReadAction\",\"target\":[[\"https:\\\/\\\/elizabethmaymp.ca\\\/fr\\\/would-the-leader-of-the-ndp-close-the-man-camps\\\/\"]]}]},{\"@type\":\"BreadcrumbList\",\"@id\":\"https:\\\/\\\/elizabethmaymp.ca\\\/fr\\\/would-the-leader-of-the-ndp-close-the-man-camps\\\/#breadcrumb\",\"itemListElement\":[{\"@type\":\"ListItem\",\"position\":1,\"name\":\"Home\",\"item\":\"https:\\\/\\\/elizabethmaymp.ca\\\/fr\\\/\"},{\"@type\":\"ListItem\",\"position\":2,\"name\":\"Would the Leader of the NDP close the &#8220;man camps&#8221;?\"}]},{\"@type\":\"WebSite\",\"@id\":\"https:\\\/\\\/elizabethmaymp.ca\\\/fr\\\/#website\",\"url\":\"https:\\\/\\\/elizabethmaymp.ca\\\/fr\\\/\",\"name\":\"Elizabeth May\",\"description\":\"MP for Saanich and Gulf Islands\",\"publisher\":{\"@id\":\"https:\\\/\\\/elizabethmaymp.ca\\\/fr\\\/#organization\"},\"potentialAction\":[{\"@type\":\"SearchAction\",\"target\":{\"@type\":\"EntryPoint\",\"urlTemplate\":\"https:\\\/\\\/elizabethmaymp.ca\\\/fr\\\/?s={search_term_string}\"},\"query-input\":{\"@type\":\"PropertyValueSpecification\",\"valueRequired\":true,\"valueName\":\"search_term_string\"}}],\"inLanguage\":\"en-US\"},{\"@type\":\"Organization\",\"@id\":\"https:\\\/\\\/elizabethmaymp.ca\\\/fr\\\/#organization\",\"name\":\"Elizabeth May MP\",\"url\":\"https:\\\/\\\/elizabethmaymp.ca\\\/fr\\\/\",\"logo\":{\"@type\":\"ImageObject\",\"inLanguage\":\"en-US\",\"@id\":\"https:\\\/\\\/elizabethmaymp.ca\\\/fr\\\/#\\\/schema\\\/logo\\\/image\\\/\",\"url\":\"https:\\\/\\\/elizabethmaymp.ca\\\/wp-content\\\/uploads\\\/elizabethmay-button.png\",\"contentUrl\":\"https:\\\/\\\/elizabethmaymp.ca\\\/wp-content\\\/uploads\\\/elizabethmay-button.png\",\"width\":1501,\"height\":1501,\"caption\":\"Elizabeth May MP\"},\"image\":{\"@id\":\"https:\\\/\\\/elizabethmaymp.ca\\\/fr\\\/#\\\/schema\\\/logo\\\/image\\\/\"},\"sameAs\":[\"https:\\\/\\\/www.facebook.com\\\/ElizabethMayMP\",\"https:\\\/\\\/x.com\\\/elizabethmay\"]},{\"@type\":\"Person\",\"@id\":\"https:\\\/\\\/elizabethmaymp.ca\\\/#\\\/schema\\\/person\\\/8ad70c936dfbb0f3a3af6907c5fdd64c\",\"name\":\"Elizabeth May\",\"image\":{\"@type\":\"ImageObject\",\"inLanguage\":\"en-US\",\"@id\":\"https:\\\/\\\/secure.gravatar.com\\\/avatar\\\/7f32b0419a16ab6a875eb96521d826f03c3f2e604de2976ea8bf5afa253f814a?s=96&d=mm&r=g\",\"url\":\"https:\\\/\\\/secure.gravatar.com\\\/avatar\\\/7f32b0419a16ab6a875eb96521d826f03c3f2e604de2976ea8bf5afa253f814a?s=96&d=mm&r=g\",\"contentUrl\":\"https:\\\/\\\/secure.gravatar.com\\\/avatar\\\/7f32b0419a16ab6a875eb96521d826f03c3f2e604de2976ea8bf5afa253f814a?s=96&d=mm&r=g\",\"caption\":\"Elizabeth May\"},\"url\":\"https:\\\/\\\/elizabethmaymp.ca\\\/fr\\\/author\\\/outreach-coordinator\\\/\"}]}<\/script>\n<!-- \/ Yoast SEO plugin. -->","yoast_head_json":{"title":"Est-ce que le chef du NPD fermerait-il les campements? | Elizabeth May","robots":{"index":"index","follow":"follow","max-snippet":"max-snippet:-1","max-image-preview":"max-image-preview:large","max-video-preview":"max-video-preview:-1"},"canonical":"https:\/\/elizabethmaymp.ca\/fr\/would-the-leader-of-the-ndp-close-the-man-camps\/","og_locale":"en_US","og_type":"article","og_title":"Est-ce que le chef du NPD fermerait-il les campements? | Elizabeth May","og_description":"Elizabeth May (Saanich\u2014Gulf Islands) 2021-05-06 10:44 Monsieur le Pr\u00e9sident, j&#8217;aimerais que le d\u00e9put\u00e9 de New Westminster\u2014Burnaby clarifie, s&#8217;il le peut, la position du NPD concernant l&#8217;\u00e9tude sur les&hellip;","og_url":"https:\/\/elizabethmaymp.ca\/fr\/would-the-leader-of-the-ndp-close-the-man-camps\/","og_site_name":"Elizabeth May","article_publisher":"https:\/\/www.facebook.com\/ElizabethMayMP","article_published_time":"2021-05-06T19:08:32+00:00","article_modified_time":"2021-05-17T19:11:34+00:00","og_image":[{"width":512,"height":512,"url":"https:\/\/elizabethmaymp.ca\/wp-content\/uploads\/cropped-elizabethmay-button.png","type":"image\/png"}],"author":"Elizabeth May","twitter_card":"summary_large_image","twitter_creator":"@elizabethmay","twitter_site":"@elizabethmay","twitter_misc":{"Written by":"Elizabeth May","Est. reading time":"3 minutes"},"schema":{"@context":"https:\/\/schema.org","@graph":[{"@type":"Article","@id":"https:\/\/elizabethmaymp.ca\/would-the-leader-of-the-ndp-close-the-man-camps\/#article","isPartOf":{"@id":"https:\/\/elizabethmaymp.ca\/would-the-leader-of-the-ndp-close-the-man-camps\/"},"author":{"name":"Elizabeth May","@id":"https:\/\/elizabethmaymp.ca\/#\/schema\/person\/8ad70c936dfbb0f3a3af6907c5fdd64c"},"headline":"Est-ce que le chef du NPD fermerait-il les campements?","datePublished":"2021-05-06T19:08:32+00:00","dateModified":"2021-05-17T19:11:34+00:00","mainEntityOfPage":{"@id":"https:\/\/elizabethmaymp.ca\/would-the-leader-of-the-ndp-close-the-man-camps\/"},"wordCount":662,"publisher":{"@id":"https:\/\/elizabethmaymp.ca\/#organization"},"keywords":["covid19"],"articleSection":["D\u00e9bat","Parlement"],"inLanguage":"en-US"},{"@type":"WebPage","@id":"https:\/\/elizabethmaymp.ca\/fr\/would-the-leader-of-the-ndp-close-the-man-camps\/","url":"https:\/\/elizabethmaymp.ca\/fr\/would-the-leader-of-the-ndp-close-the-man-camps\/","name":"Est-ce que le chef du NPD fermerait-il les campements? | Elizabeth May","isPartOf":{"@id":"https:\/\/elizabethmaymp.ca\/fr\/#website"},"datePublished":"2021-05-06T19:08:32+00:00","dateModified":"2021-05-17T19:11:34+00:00","breadcrumb":{"@id":"https:\/\/elizabethmaymp.ca\/fr\/would-the-leader-of-the-ndp-close-the-man-camps\/#breadcrumb"},"inLanguage":"en-US","potentialAction":[{"@type":"ReadAction","target":[["https:\/\/elizabethmaymp.ca\/fr\/would-the-leader-of-the-ndp-close-the-man-camps\/"]]}]},{"@type":"BreadcrumbList","@id":"https:\/\/elizabethmaymp.ca\/fr\/would-the-leader-of-the-ndp-close-the-man-camps\/#breadcrumb","itemListElement":[{"@type":"ListItem","position":1,"name":"Home","item":"https:\/\/elizabethmaymp.ca\/fr\/"},{"@type":"ListItem","position":2,"name":"Would the Leader of the NDP close the &#8220;man camps&#8221;?"}]},{"@type":"WebSite","@id":"https:\/\/elizabethmaymp.ca\/fr\/#website","url":"https:\/\/elizabethmaymp.ca\/fr\/","name":"Elizabeth May","description":"MP for Saanich and Gulf Islands","publisher":{"@id":"https:\/\/elizabethmaymp.ca\/fr\/#organization"},"potentialAction":[{"@type":"SearchAction","target":{"@type":"EntryPoint","urlTemplate":"https:\/\/elizabethmaymp.ca\/fr\/?s={search_term_string}"},"query-input":{"@type":"PropertyValueSpecification","valueRequired":true,"valueName":"search_term_string"}}],"inLanguage":"en-US"},{"@type":"Organization","@id":"https:\/\/elizabethmaymp.ca\/fr\/#organization","name":"Elizabeth May MP","url":"https:\/\/elizabethmaymp.ca\/fr\/","logo":{"@type":"ImageObject","inLanguage":"en-US","@id":"https:\/\/elizabethmaymp.ca\/fr\/#\/schema\/logo\/image\/","url":"https:\/\/elizabethmaymp.ca\/wp-content\/uploads\/elizabethmay-button.png","contentUrl":"https:\/\/elizabethmaymp.ca\/wp-content\/uploads\/elizabethmay-button.png","width":1501,"height":1501,"caption":"Elizabeth May MP"},"image":{"@id":"https:\/\/elizabethmaymp.ca\/fr\/#\/schema\/logo\/image\/"},"sameAs":["https:\/\/www.facebook.com\/ElizabethMayMP","https:\/\/x.com\/elizabethmay"]},{"@type":"Person","@id":"https:\/\/elizabethmaymp.ca\/#\/schema\/person\/8ad70c936dfbb0f3a3af6907c5fdd64c","name":"Elizabeth May","image":{"@type":"ImageObject","inLanguage":"en-US","@id":"https:\/\/secure.gravatar.com\/avatar\/7f32b0419a16ab6a875eb96521d826f03c3f2e604de2976ea8bf5afa253f814a?s=96&d=mm&r=g","url":"https:\/\/secure.gravatar.com\/avatar\/7f32b0419a16ab6a875eb96521d826f03c3f2e604de2976ea8bf5afa253f814a?s=96&d=mm&r=g","contentUrl":"https:\/\/secure.gravatar.com\/avatar\/7f32b0419a16ab6a875eb96521d826f03c3f2e604de2976ea8bf5afa253f814a?s=96&d=mm&r=g","caption":"Elizabeth May"},"url":"https:\/\/elizabethmaymp.ca\/fr\/author\/outreach-coordinator\/"}]}},"_links":{"self":[{"href":"https:\/\/elizabethmaymp.ca\/fr\/wp-json\/wp\/v2\/posts\/25529","targetHints":{"allow":["GET"]}}],"collection":[{"href":"https:\/\/elizabethmaymp.ca\/fr\/wp-json\/wp\/v2\/posts"}],"about":[{"href":"https:\/\/elizabethmaymp.ca\/fr\/wp-json\/wp\/v2\/types\/post"}],"author":[{"embeddable":true,"href":"https:\/\/elizabethmaymp.ca\/fr\/wp-json\/wp\/v2\/users\/1381"}],"replies":[{"embeddable":true,"href":"https:\/\/elizabethmaymp.ca\/fr\/wp-json\/wp\/v2\/comments?post=25529"}],"version-history":[{"count":1,"href":"https:\/\/elizabethmaymp.ca\/fr\/wp-json\/wp\/v2\/posts\/25529\/revisions"}],"predecessor-version":[{"id":25530,"href":"https:\/\/elizabethmaymp.ca\/fr\/wp-json\/wp\/v2\/posts\/25529\/revisions\/25530"}],"wp:attachment":[{"href":"https:\/\/elizabethmaymp.ca\/fr\/wp-json\/wp\/v2\/media?parent=25529"}],"wp:term":[{"taxonomy":"category","embeddable":true,"href":"https:\/\/elizabethmaymp.ca\/fr\/wp-json\/wp\/v2\/categories?post=25529"},{"taxonomy":"post_tag","embeddable":true,"href":"https:\/\/elizabethmaymp.ca\/fr\/wp-json\/wp\/v2\/tags?post=25529"}],"curies":[{"name":"wp","href":"https:\/\/api.w.org\/{rel}","templated":true}]}}