{"id":25540,"date":"2021-05-13T13:59:06","date_gmt":"2021-05-13T17:59:06","guid":{"rendered":"https:\/\/elizabethmaymp.ca\/?p=25540"},"modified":"2021-05-19T14:03:23","modified_gmt":"2021-05-19T18:03:23","slug":"canada-must-speak-out-clearly-to-defend-the-palestinian-people","status":"publish","type":"post","link":"https:\/\/elizabethmaymp.ca\/fr\/canada-must-speak-out-clearly-to-defend-the-palestinian-people\/","title":{"rendered":"Le Canada doit s&#8217;exprimer clairement pour d\u00e9fendre le peuple Palestinien"},"content":{"rendered":"<p><iframe loading=\"lazy\" width=\"560\" height=\"315\" src=\"https:\/\/www.youtube.com\/embed\/5N0Wm3-OpaI\" title=\"YouTube video player\" frameborder=\"0\" allow=\"accelerometer; autoplay; clipboard-write; encrypted-media; gyroscope; picture-in-picture\" allowfullscreen><\/iframe><\/p>\n<p>Elizabeth May (Saanich\u2014Gulf Islands)<br \/>\n2021-05-13 15:08 [p.7196]\t <\/p>\n<p>Monsieur le Pr\u00e9sident, la crise qui s&#8217;intensifie au Moyen-Orient repr\u00e9sente un danger pour la r\u00e9gion et au-del\u00e0. Nous sommes un peu paralys\u00e9s quand notre seule r\u00e9action est de dire qu&#8217;il faut \u00ab une d\u00e9sescalade de la violence des deux c\u00f4t\u00e9s \u00bb. Certes, c&#8217;est ce que doivent faire les deux c\u00f4t\u00e9s, mais la paix v\u00e9ritable demeurera impossible si nous continuons d&#8217;oublier que l&#8217;un des c\u00f4t\u00e9s est l&#8217;occupant et l&#8217;autre, l&#8217;occup\u00e9.<\/p>\n<p>La crise actuelle a \u00e9t\u00e9 provoqu\u00e9e par les agissements du gouvernement N\u00e9tanyahou et d&#8217;autres \u00e9l\u00e9ments extr\u00e9mistes des colonies. Le Canada peut-il d\u00e9noncer clairement la situation de mani\u00e8re \u00e0 d\u00e9fendre les Palestiniens contre une annexion ill\u00e9gale, les colonies ill\u00e9gales et les expulsions forc\u00e9es et ill\u00e9gales?<\/p>\n<p>Hon. Marc Garneau (Notre-Dame-de-Gr\u00e2ce\u2014Westmount)<br \/>\n2021-05-13 15:09 [p.7196]<\/p>\n<p>Monsieur le Pr\u00e9sident, le Canada est gravement pr\u00e9occup\u00e9 par l&#8217;expansion continue des colonies, les d\u00e9molitions et les expulsions, notamment dans les quartiers de Sheikh Jarrah et Silwan. Ces gestes ont des r\u00e9percussions sur les familles et le gagne-pain des gens, et ils ne vont pas dans le sens de la paix ni du droit international. Il faut \u00e9viter les gestes unilat\u00e9raux qui compromettent le r\u00e9sultat des n\u00e9gociations directes et amenuisent encore les perspectives d&#8217;une solution \u00e0 deux \u00c9tats. Nous serons toujours pr\u00eats \u00e0 soutenir les efforts d\u00e9ploy\u00e9s en faveur d&#8217;une solution \u00e0 deux \u00c9tats.<\/p>","protected":false},"excerpt":{"rendered":"<p>Elizabeth May (Saanich\u2014Gulf Islands) 2021-05-13 15:08 [p.7196] Monsieur le Pr\u00e9sident, la crise qui s&#8217;intensifie au Moyen-Orient repr\u00e9sente un danger pour la r\u00e9gion et au-del\u00e0. Nous sommes un peu&hellip;<\/p>\n","protected":false},"author":1381,"featured_media":0,"comment_status":"closed","ping_status":"closed","sticky":false,"template":"","format":"standard","meta":{"_acf_changed":false,"_price":"","_stock":"","_tribe_ticket_header":"","_tribe_default_ticket_provider":"","_tribe_ticket_capacity":"","_ticket_start_date":"","_ticket_end_date":"","_tribe_ticket_show_description":"","_tribe_ticket_show_not_going":false,"_tribe_ticket_use_global_stock":"","_tribe_ticket_global_stock_level":"","_global_stock_mode":"","_global_stock_cap":"","_tribe_rsvp_for_event":"","_tribe_ticket_going_count":"","_tribe_ticket_not_going_count":"","_tribe_tickets_list":"[]","_tribe_ticket_has_attendee_info_fields":false,"footnotes":""},"categories":[15,61],"tags":[31,521,1673],"class_list":["post-25540","post","type-post","status-publish","format-standard","hentry","category-parliament","category-question-period","tag-international-affairs","tag-israel","tag-palestine"],"acf":[],"yoast_head":"<!-- This site is optimized with the Yoast SEO plugin v27.4 - https:\/\/yoast.com\/product\/yoast-seo-wordpress\/ -->\n<title>Le Canada doit s&#039;exprimer clairement pour d\u00e9fendre le peuple Palestinien | Elizabeth May<\/title>\n<meta name=\"robots\" content=\"index, follow, max-snippet:-1, max-image-preview:large, max-video-preview:-1\" \/>\n<link rel=\"canonical\" href=\"https:\/\/elizabethmaymp.ca\/fr\/canada-must-speak-out-clearly-to-defend-the-palestinian-people\/\" \/>\n<meta property=\"og:locale\" content=\"en_US\" \/>\n<meta property=\"og:type\" content=\"article\" \/>\n<meta property=\"og:title\" content=\"Le Canada doit s&#039;exprimer clairement pour d\u00e9fendre le peuple Palestinien | Elizabeth May\" \/>\n<meta property=\"og:description\" content=\"Elizabeth May (Saanich\u2014Gulf Islands) 2021-05-13 15:08 [p.7196] Monsieur le Pr\u00e9sident, la crise qui s&#8217;intensifie au Moyen-Orient repr\u00e9sente un danger pour la r\u00e9gion et au-del\u00e0. Nous sommes un peu&hellip;\" \/>\n<meta property=\"og:url\" content=\"https:\/\/elizabethmaymp.ca\/fr\/canada-must-speak-out-clearly-to-defend-the-palestinian-people\/\" \/>\n<meta property=\"og:site_name\" content=\"Elizabeth May\" \/>\n<meta property=\"article:publisher\" content=\"https:\/\/www.facebook.com\/ElizabethMayMP\" \/>\n<meta property=\"article:published_time\" content=\"2021-05-13T17:59:06+00:00\" \/>\n<meta property=\"article:modified_time\" content=\"2021-05-19T18:03:23+00:00\" \/>\n<meta property=\"og:image\" content=\"https:\/\/elizabethmaymp.ca\/wp-content\/uploads\/cropped-elizabethmay-button.png\" \/>\n\t<meta property=\"og:image:width\" content=\"512\" \/>\n\t<meta property=\"og:image:height\" content=\"512\" \/>\n\t<meta property=\"og:image:type\" content=\"image\/png\" \/>\n<meta name=\"author\" content=\"Elizabeth May\" \/>\n<meta name=\"twitter:card\" content=\"summary_large_image\" \/>\n<meta name=\"twitter:creator\" content=\"@elizabethmay\" \/>\n<meta name=\"twitter:site\" content=\"@elizabethmay\" \/>\n<meta name=\"twitter:label1\" content=\"Written by\" \/>\n\t<meta name=\"twitter:data1\" content=\"Elizabeth May\" \/>\n\t<meta name=\"twitter:label2\" content=\"Est. reading time\" \/>\n\t<meta name=\"twitter:data2\" content=\"2 minutes\" \/>\n<script type=\"application\/ld+json\" class=\"yoast-schema-graph\">{\"@context\":\"https:\\\/\\\/schema.org\",\"@graph\":[{\"@type\":\"Article\",\"@id\":\"https:\\\/\\\/elizabethmaymp.ca\\\/canada-must-speak-out-clearly-to-defend-the-palestinian-people\\\/#article\",\"isPartOf\":{\"@id\":\"https:\\\/\\\/elizabethmaymp.ca\\\/canada-must-speak-out-clearly-to-defend-the-palestinian-people\\\/\"},\"author\":{\"name\":\"Elizabeth May\",\"@id\":\"https:\\\/\\\/elizabethmaymp.ca\\\/#\\\/schema\\\/person\\\/8ad70c936dfbb0f3a3af6907c5fdd64c\"},\"headline\":\"Le Canada doit s&#8217;exprimer clairement pour d\u00e9fendre le peuple Palestinien\",\"datePublished\":\"2021-05-13T17:59:06+00:00\",\"dateModified\":\"2021-05-19T18:03:23+00:00\",\"mainEntityOfPage\":{\"@id\":\"https:\\\/\\\/elizabethmaymp.ca\\\/canada-must-speak-out-clearly-to-defend-the-palestinian-people\\\/\"},\"wordCount\":472,\"publisher\":{\"@id\":\"https:\\\/\\\/elizabethmaymp.ca\\\/#organization\"},\"keywords\":[\"Affaires \u00e9trang\u00e8res\",\"Israel\",\"Palestine\"],\"articleSection\":[\"Parlement\",\"P\u00e9riode de questions\"],\"inLanguage\":\"en-US\"},{\"@type\":\"WebPage\",\"@id\":\"https:\\\/\\\/elizabethmaymp.ca\\\/fr\\\/canada-must-speak-out-clearly-to-defend-the-palestinian-people\\\/\",\"url\":\"https:\\\/\\\/elizabethmaymp.ca\\\/fr\\\/canada-must-speak-out-clearly-to-defend-the-palestinian-people\\\/\",\"name\":\"Le Canada doit s'exprimer clairement pour d\u00e9fendre le peuple Palestinien | Elizabeth May\",\"isPartOf\":{\"@id\":\"https:\\\/\\\/elizabethmaymp.ca\\\/fr\\\/#website\"},\"datePublished\":\"2021-05-13T17:59:06+00:00\",\"dateModified\":\"2021-05-19T18:03:23+00:00\",\"breadcrumb\":{\"@id\":\"https:\\\/\\\/elizabethmaymp.ca\\\/fr\\\/canada-must-speak-out-clearly-to-defend-the-palestinian-people\\\/#breadcrumb\"},\"inLanguage\":\"en-US\",\"potentialAction\":[{\"@type\":\"ReadAction\",\"target\":[[\"https:\\\/\\\/elizabethmaymp.ca\\\/fr\\\/canada-must-speak-out-clearly-to-defend-the-palestinian-people\\\/\"]]}]},{\"@type\":\"BreadcrumbList\",\"@id\":\"https:\\\/\\\/elizabethmaymp.ca\\\/fr\\\/canada-must-speak-out-clearly-to-defend-the-palestinian-people\\\/#breadcrumb\",\"itemListElement\":[{\"@type\":\"ListItem\",\"position\":1,\"name\":\"Home\",\"item\":\"https:\\\/\\\/elizabethmaymp.ca\\\/fr\\\/\"},{\"@type\":\"ListItem\",\"position\":2,\"name\":\"Canada must speak out clearly to defend the Palestinian people\"}]},{\"@type\":\"WebSite\",\"@id\":\"https:\\\/\\\/elizabethmaymp.ca\\\/fr\\\/#website\",\"url\":\"https:\\\/\\\/elizabethmaymp.ca\\\/fr\\\/\",\"name\":\"Elizabeth May\",\"description\":\"MP for Saanich and Gulf Islands\",\"publisher\":{\"@id\":\"https:\\\/\\\/elizabethmaymp.ca\\\/fr\\\/#organization\"},\"potentialAction\":[{\"@type\":\"SearchAction\",\"target\":{\"@type\":\"EntryPoint\",\"urlTemplate\":\"https:\\\/\\\/elizabethmaymp.ca\\\/fr\\\/?s={search_term_string}\"},\"query-input\":{\"@type\":\"PropertyValueSpecification\",\"valueRequired\":true,\"valueName\":\"search_term_string\"}}],\"inLanguage\":\"en-US\"},{\"@type\":\"Organization\",\"@id\":\"https:\\\/\\\/elizabethmaymp.ca\\\/fr\\\/#organization\",\"name\":\"Elizabeth May MP\",\"url\":\"https:\\\/\\\/elizabethmaymp.ca\\\/fr\\\/\",\"logo\":{\"@type\":\"ImageObject\",\"inLanguage\":\"en-US\",\"@id\":\"https:\\\/\\\/elizabethmaymp.ca\\\/fr\\\/#\\\/schema\\\/logo\\\/image\\\/\",\"url\":\"https:\\\/\\\/elizabethmaymp.ca\\\/wp-content\\\/uploads\\\/elizabethmay-button.png\",\"contentUrl\":\"https:\\\/\\\/elizabethmaymp.ca\\\/wp-content\\\/uploads\\\/elizabethmay-button.png\",\"width\":1501,\"height\":1501,\"caption\":\"Elizabeth May MP\"},\"image\":{\"@id\":\"https:\\\/\\\/elizabethmaymp.ca\\\/fr\\\/#\\\/schema\\\/logo\\\/image\\\/\"},\"sameAs\":[\"https:\\\/\\\/www.facebook.com\\\/ElizabethMayMP\",\"https:\\\/\\\/x.com\\\/elizabethmay\"]},{\"@type\":\"Person\",\"@id\":\"https:\\\/\\\/elizabethmaymp.ca\\\/#\\\/schema\\\/person\\\/8ad70c936dfbb0f3a3af6907c5fdd64c\",\"name\":\"Elizabeth May\",\"image\":{\"@type\":\"ImageObject\",\"inLanguage\":\"en-US\",\"@id\":\"https:\\\/\\\/secure.gravatar.com\\\/avatar\\\/7f32b0419a16ab6a875eb96521d826f03c3f2e604de2976ea8bf5afa253f814a?s=96&d=mm&r=g\",\"url\":\"https:\\\/\\\/secure.gravatar.com\\\/avatar\\\/7f32b0419a16ab6a875eb96521d826f03c3f2e604de2976ea8bf5afa253f814a?s=96&d=mm&r=g\",\"contentUrl\":\"https:\\\/\\\/secure.gravatar.com\\\/avatar\\\/7f32b0419a16ab6a875eb96521d826f03c3f2e604de2976ea8bf5afa253f814a?s=96&d=mm&r=g\",\"caption\":\"Elizabeth May\"},\"url\":\"https:\\\/\\\/elizabethmaymp.ca\\\/fr\\\/author\\\/outreach-coordinator\\\/\"}]}<\/script>\n<!-- \/ Yoast SEO plugin. -->","yoast_head_json":{"title":"Le Canada doit s'exprimer clairement pour d\u00e9fendre le peuple Palestinien | Elizabeth May","robots":{"index":"index","follow":"follow","max-snippet":"max-snippet:-1","max-image-preview":"max-image-preview:large","max-video-preview":"max-video-preview:-1"},"canonical":"https:\/\/elizabethmaymp.ca\/fr\/canada-must-speak-out-clearly-to-defend-the-palestinian-people\/","og_locale":"en_US","og_type":"article","og_title":"Le Canada doit s'exprimer clairement pour d\u00e9fendre le peuple Palestinien | Elizabeth May","og_description":"Elizabeth May (Saanich\u2014Gulf Islands) 2021-05-13 15:08 [p.7196] Monsieur le Pr\u00e9sident, la crise qui s&#8217;intensifie au Moyen-Orient repr\u00e9sente un danger pour la r\u00e9gion et au-del\u00e0. Nous sommes un peu&hellip;","og_url":"https:\/\/elizabethmaymp.ca\/fr\/canada-must-speak-out-clearly-to-defend-the-palestinian-people\/","og_site_name":"Elizabeth May","article_publisher":"https:\/\/www.facebook.com\/ElizabethMayMP","article_published_time":"2021-05-13T17:59:06+00:00","article_modified_time":"2021-05-19T18:03:23+00:00","og_image":[{"width":512,"height":512,"url":"https:\/\/elizabethmaymp.ca\/wp-content\/uploads\/cropped-elizabethmay-button.png","type":"image\/png"}],"author":"Elizabeth May","twitter_card":"summary_large_image","twitter_creator":"@elizabethmay","twitter_site":"@elizabethmay","twitter_misc":{"Written by":"Elizabeth May","Est. reading time":"2 minutes"},"schema":{"@context":"https:\/\/schema.org","@graph":[{"@type":"Article","@id":"https:\/\/elizabethmaymp.ca\/canada-must-speak-out-clearly-to-defend-the-palestinian-people\/#article","isPartOf":{"@id":"https:\/\/elizabethmaymp.ca\/canada-must-speak-out-clearly-to-defend-the-palestinian-people\/"},"author":{"name":"Elizabeth May","@id":"https:\/\/elizabethmaymp.ca\/#\/schema\/person\/8ad70c936dfbb0f3a3af6907c5fdd64c"},"headline":"Le Canada doit s&#8217;exprimer clairement pour d\u00e9fendre le peuple Palestinien","datePublished":"2021-05-13T17:59:06+00:00","dateModified":"2021-05-19T18:03:23+00:00","mainEntityOfPage":{"@id":"https:\/\/elizabethmaymp.ca\/canada-must-speak-out-clearly-to-defend-the-palestinian-people\/"},"wordCount":472,"publisher":{"@id":"https:\/\/elizabethmaymp.ca\/#organization"},"keywords":["Affaires \u00e9trang\u00e8res","Israel","Palestine"],"articleSection":["Parlement","P\u00e9riode de questions"],"inLanguage":"en-US"},{"@type":"WebPage","@id":"https:\/\/elizabethmaymp.ca\/fr\/canada-must-speak-out-clearly-to-defend-the-palestinian-people\/","url":"https:\/\/elizabethmaymp.ca\/fr\/canada-must-speak-out-clearly-to-defend-the-palestinian-people\/","name":"Le Canada doit s'exprimer clairement pour d\u00e9fendre le peuple Palestinien | Elizabeth May","isPartOf":{"@id":"https:\/\/elizabethmaymp.ca\/fr\/#website"},"datePublished":"2021-05-13T17:59:06+00:00","dateModified":"2021-05-19T18:03:23+00:00","breadcrumb":{"@id":"https:\/\/elizabethmaymp.ca\/fr\/canada-must-speak-out-clearly-to-defend-the-palestinian-people\/#breadcrumb"},"inLanguage":"en-US","potentialAction":[{"@type":"ReadAction","target":[["https:\/\/elizabethmaymp.ca\/fr\/canada-must-speak-out-clearly-to-defend-the-palestinian-people\/"]]}]},{"@type":"BreadcrumbList","@id":"https:\/\/elizabethmaymp.ca\/fr\/canada-must-speak-out-clearly-to-defend-the-palestinian-people\/#breadcrumb","itemListElement":[{"@type":"ListItem","position":1,"name":"Home","item":"https:\/\/elizabethmaymp.ca\/fr\/"},{"@type":"ListItem","position":2,"name":"Canada must speak out clearly to defend the Palestinian people"}]},{"@type":"WebSite","@id":"https:\/\/elizabethmaymp.ca\/fr\/#website","url":"https:\/\/elizabethmaymp.ca\/fr\/","name":"Elizabeth May","description":"MP for Saanich and Gulf Islands","publisher":{"@id":"https:\/\/elizabethmaymp.ca\/fr\/#organization"},"potentialAction":[{"@type":"SearchAction","target":{"@type":"EntryPoint","urlTemplate":"https:\/\/elizabethmaymp.ca\/fr\/?s={search_term_string}"},"query-input":{"@type":"PropertyValueSpecification","valueRequired":true,"valueName":"search_term_string"}}],"inLanguage":"en-US"},{"@type":"Organization","@id":"https:\/\/elizabethmaymp.ca\/fr\/#organization","name":"Elizabeth May MP","url":"https:\/\/elizabethmaymp.ca\/fr\/","logo":{"@type":"ImageObject","inLanguage":"en-US","@id":"https:\/\/elizabethmaymp.ca\/fr\/#\/schema\/logo\/image\/","url":"https:\/\/elizabethmaymp.ca\/wp-content\/uploads\/elizabethmay-button.png","contentUrl":"https:\/\/elizabethmaymp.ca\/wp-content\/uploads\/elizabethmay-button.png","width":1501,"height":1501,"caption":"Elizabeth May MP"},"image":{"@id":"https:\/\/elizabethmaymp.ca\/fr\/#\/schema\/logo\/image\/"},"sameAs":["https:\/\/www.facebook.com\/ElizabethMayMP","https:\/\/x.com\/elizabethmay"]},{"@type":"Person","@id":"https:\/\/elizabethmaymp.ca\/#\/schema\/person\/8ad70c936dfbb0f3a3af6907c5fdd64c","name":"Elizabeth May","image":{"@type":"ImageObject","inLanguage":"en-US","@id":"https:\/\/secure.gravatar.com\/avatar\/7f32b0419a16ab6a875eb96521d826f03c3f2e604de2976ea8bf5afa253f814a?s=96&d=mm&r=g","url":"https:\/\/secure.gravatar.com\/avatar\/7f32b0419a16ab6a875eb96521d826f03c3f2e604de2976ea8bf5afa253f814a?s=96&d=mm&r=g","contentUrl":"https:\/\/secure.gravatar.com\/avatar\/7f32b0419a16ab6a875eb96521d826f03c3f2e604de2976ea8bf5afa253f814a?s=96&d=mm&r=g","caption":"Elizabeth May"},"url":"https:\/\/elizabethmaymp.ca\/fr\/author\/outreach-coordinator\/"}]}},"_links":{"self":[{"href":"https:\/\/elizabethmaymp.ca\/fr\/wp-json\/wp\/v2\/posts\/25540","targetHints":{"allow":["GET"]}}],"collection":[{"href":"https:\/\/elizabethmaymp.ca\/fr\/wp-json\/wp\/v2\/posts"}],"about":[{"href":"https:\/\/elizabethmaymp.ca\/fr\/wp-json\/wp\/v2\/types\/post"}],"author":[{"embeddable":true,"href":"https:\/\/elizabethmaymp.ca\/fr\/wp-json\/wp\/v2\/users\/1381"}],"replies":[{"embeddable":true,"href":"https:\/\/elizabethmaymp.ca\/fr\/wp-json\/wp\/v2\/comments?post=25540"}],"version-history":[{"count":1,"href":"https:\/\/elizabethmaymp.ca\/fr\/wp-json\/wp\/v2\/posts\/25540\/revisions"}],"predecessor-version":[{"id":25541,"href":"https:\/\/elizabethmaymp.ca\/fr\/wp-json\/wp\/v2\/posts\/25540\/revisions\/25541"}],"wp:attachment":[{"href":"https:\/\/elizabethmaymp.ca\/fr\/wp-json\/wp\/v2\/media?parent=25540"}],"wp:term":[{"taxonomy":"category","embeddable":true,"href":"https:\/\/elizabethmaymp.ca\/fr\/wp-json\/wp\/v2\/categories?post=25540"},{"taxonomy":"post_tag","embeddable":true,"href":"https:\/\/elizabethmaymp.ca\/fr\/wp-json\/wp\/v2\/tags?post=25540"}],"curies":[{"name":"wp","href":"https:\/\/api.w.org\/{rel}","templated":true}]}}