{"id":26061,"date":"2022-02-02T13:36:33","date_gmt":"2022-02-02T21:36:33","guid":{"rendered":"https:\/\/elizabethmaymp.ca\/?p=26061"},"modified":"2022-02-02T13:36:33","modified_gmt":"2022-02-02T21:36:33","slug":"green-party-tables-legislation-to-address-environmental-racism","status":"publish","type":"post","link":"https:\/\/elizabethmaymp.ca\/fr\/green-party-tables-legislation-to-address-environmental-racism\/","title":{"rendered":"Le Parti vert d\u00e9pose un projet de loi pour lutter contre le racisme environnemental"},"content":{"rendered":"<p><\/p>\n<p dir=\"ltr\">2 f\u00e9vrier 2022<\/p>\n<p dir=\"ltr\">OTTAWA &#8211; Aujourd&#8217;hui, \u00e0 la Chambre des communes, la chef parlementaire du Parti vert, Elizabeth May (d\u00e9put\u00e9e de Saanich-Gulf Islands), a d\u00e9pos\u00e9 un nouveau projet de loi demandant une strat\u00e9gie nationale pour s&#8217;attaquer aux dommages caus\u00e9s par le racisme environnemental.<\/p>\n<p dir=\"ltr\">Le projet de loi a re\u00e7u un large soutien lorsqu&#8217;il a \u00e9t\u00e9 pr\u00e9sent\u00e9 pour la premi\u00e8re fois au cours de la 43e l\u00e9gislature par Lenore Zann, l&#8217;ancienne d\u00e9put\u00e9e de Cumberland-Colchester. Il a ensuite \u00e9t\u00e9 laiss\u00e9 de c\u00f4t\u00e9 lors de l&#8217;abandon du mandat en ao\u00fbt dernier.<\/p>\n<p dir=\"ltr\">S&#8217;il est adopt\u00e9, le projet de loi exigera du ministre de l&#8217;Environnement et du Changement climatique, Steven Guilbeault, qu&#8217;il travaille avec les groupes et les personnes int\u00e9ress\u00e9s \u00e0 l&#8217;\u00e9laboration d&#8217;une strat\u00e9gie nationale pour \u00e9valuer, pr\u00e9venir et combattre le racisme environnemental et faire progresser la justice environnementale.<\/p>\n<p dir=\"ltr\">\u00ab Le d\u00e9but du Mois de l&#8217;histoire des Noirs est un moment opportun pour confronter la r\u00e9alit\u00e9 honteuse selon laquelle, dans tout le pays, un nombre disproportionn\u00e9 de personnes expos\u00e9es \u00e0 la pollution toxique ou \u00e0 d&#8217;autres dangers environnementaux sont membres d&#8217;une communaut\u00e9 autochtone, racialis\u00e9e ou autre communaut\u00e9 marginalis\u00e9e \u00bb, a d\u00e9clar\u00e9 Mme May.<\/p>\n<p dir=\"ltr\">Selon elle, le projet de loi d\u00e9pos\u00e9 aujourd&#8217;hui &#8211; la Loi sur la strat\u00e9gie nationale concernant le racisme environnemental et la justice environnementale &#8211; exigera du gouvernement qu&#8217;il identifie et rectifie les incidents de racisme environnemental dans l\u2019ensemble du Canada, ce \u00e0 quoi s\u2019emploie d\u00e9j\u00e0 l&#8217;Agence am\u00e9ricaine de protection de l&#8217;environnement depuis des d\u00e9cennies.<\/p>\n<p dir=\"ltr\">\u00ab Comme aux \u00c9tats-Unis, l&#8217;impact de la pollution, de la contamination toxique, de la mauvaise qualit\u00e9 de l&#8217;air et de la proximit\u00e9 des d\u00e9chets toxiques au Canada est beaucoup plus dangereux pour les communaut\u00e9s marginalis\u00e9es, racialis\u00e9es et \u00e0 faible revenu que pour la population de culture coloniale \u00bb, a d\u00e9clar\u00e9 Mme May.<\/p>\n<p dir=\"ltr\">\u00ab Nous n&#8217;avons pas besoin de chercher bien loin pour trouver des exemples : il suffit de voir la longue et troublante histoire des \u00e9tangs bitumineux de Sydney et de Boat Harbour en Nouvelle-\u00c9cosse ; les scandales en cours dans les Premi\u00e8res Nations de Grassy Narrows et d&#8217;Aamjiwnaang en Ontario ; la Premi\u00e8re Nation de Kanesatake au Qu\u00e9bec ; la Premi\u00e8re Nation de Shamattawa au Manitoba ; les sables bitumineux en Alberta et les multiples sites dans les Prairies et en Colombie-Britannique, y compris les violations des territoires autochtones pour des projets de pipelines. \u00bb<\/p>\n<p dir=\"ltr\">\u00ab Nous devons agir maintenant pour faire face au racisme implicite de la pollution et de l&#8217;abus de la nature. \u00bb<\/p>\n<p dir=\"ltr\">Le chef int\u00e9rimaire du Parti vert, Amita Kuttner, a d\u00e9clar\u00e9 : \u00ab La crise climatique, la d\u00e9gradation de l&#8217;environnement et les probl\u00e8mes de justice sociale ont la m\u00eame cause profonde. Nous devons nous attaquer au colonialisme et \u00e0 la supr\u00e9matie blanche dans le cadre de la transformation syst\u00e9mique n\u00e9cessaire pour pr\u00e9server un monde vivable. \u00bb<\/p>\n<p dir=\"ltr\">####<\/p>\n<p dir=\"ltr\">Pour plus d&#8217;informations ou pour organiser une entrevue :<\/p>\n<p dir=\"ltr\">John Chenery<\/p>\n<p dir=\"ltr\"><a href=\"mailto:media@partivert.ca\" target=\"_blank\" rel=\"noopener noreferrer\" data-auth=\"NotApplicable\" data-linkindex=\"1\">media@partivert.ca<\/a><\/p>\n<p dir=\"ltr\">1-613-562-4916 et. 215<\/p>\n<p><\/p>","protected":false},"excerpt":{"rendered":"<p>2 f\u00e9vrier 2022 OTTAWA &#8211; Aujourd&#8217;hui, \u00e0 la Chambre des communes, la chef parlementaire du Parti vert, Elizabeth May (d\u00e9put\u00e9e de Saanich-Gulf Islands), a d\u00e9pos\u00e9 un nouveau projet&hellip;<\/p>\n","protected":false},"author":1381,"featured_media":0,"comment_status":"closed","ping_status":"closed","sticky":false,"template":"","format":"standard","meta":{"_acf_changed":false,"_price":"","_stock":"","_tribe_ticket_header":"","_tribe_default_ticket_provider":"","_tribe_ticket_capacity":"","_ticket_start_date":"","_ticket_end_date":"","_tribe_ticket_show_description":"","_tribe_ticket_show_not_going":false,"_tribe_ticket_use_global_stock":"","_tribe_ticket_global_stock_level":"","_global_stock_mode":"","_global_stock_cap":"","_tribe_rsvp_for_event":"","_tribe_ticket_going_count":"","_tribe_ticket_not_going_count":"","_tribe_tickets_list":"[]","_tribe_ticket_has_attendee_info_fields":false,"footnotes":""},"categories":[90,11],"tags":[],"class_list":["post-26061","post","type-post","status-publish","format-standard","hentry","category-press-releases","category-publications"],"acf":[],"yoast_head":"<!-- This site is optimized with the Yoast SEO plugin v27.5 - https:\/\/yoast.com\/product\/yoast-seo-wordpress\/ -->\n<title>Le Parti vert d\u00e9pose un projet de loi pour lutter contre le racisme environnemental | Elizabeth May<\/title>\n<meta name=\"robots\" content=\"index, follow, max-snippet:-1, max-image-preview:large, max-video-preview:-1\" \/>\n<link rel=\"canonical\" href=\"https:\/\/elizabethmaymp.ca\/fr\/green-party-tables-legislation-to-address-environmental-racism\/\" \/>\n<meta property=\"og:locale\" content=\"en_US\" \/>\n<meta property=\"og:type\" content=\"article\" \/>\n<meta property=\"og:title\" content=\"Le Parti vert d\u00e9pose un projet de loi pour lutter contre le racisme environnemental | Elizabeth May\" \/>\n<meta property=\"og:description\" content=\"2 f\u00e9vrier 2022 OTTAWA &#8211; Aujourd&#8217;hui, \u00e0 la Chambre des communes, la chef parlementaire du Parti vert, Elizabeth May (d\u00e9put\u00e9e de Saanich-Gulf Islands), a d\u00e9pos\u00e9 un nouveau projet&hellip;\" \/>\n<meta property=\"og:url\" content=\"https:\/\/elizabethmaymp.ca\/fr\/green-party-tables-legislation-to-address-environmental-racism\/\" \/>\n<meta property=\"og:site_name\" content=\"Elizabeth May\" \/>\n<meta property=\"article:publisher\" content=\"https:\/\/www.facebook.com\/ElizabethMayMP\" \/>\n<meta property=\"article:published_time\" content=\"2022-02-02T21:36:33+00:00\" \/>\n<meta property=\"og:image\" content=\"https:\/\/elizabethmaymp.ca\/wp-content\/uploads\/cropped-elizabethmay-button.png\" \/>\n\t<meta property=\"og:image:width\" content=\"512\" \/>\n\t<meta property=\"og:image:height\" content=\"512\" \/>\n\t<meta property=\"og:image:type\" content=\"image\/png\" \/>\n<meta name=\"author\" content=\"Elizabeth May\" \/>\n<meta name=\"twitter:card\" content=\"summary_large_image\" \/>\n<meta name=\"twitter:creator\" content=\"@elizabethmay\" \/>\n<meta name=\"twitter:site\" content=\"@elizabethmay\" \/>\n<meta name=\"twitter:label1\" content=\"Written by\" \/>\n\t<meta name=\"twitter:data1\" content=\"Elizabeth May\" \/>\n\t<meta name=\"twitter:label2\" content=\"Est. reading time\" \/>\n\t<meta name=\"twitter:data2\" content=\"3 minutes\" \/>\n<script type=\"application\/ld+json\" class=\"yoast-schema-graph\">{\"@context\":\"https:\\\/\\\/schema.org\",\"@graph\":[{\"@type\":\"Article\",\"@id\":\"https:\\\/\\\/elizabethmaymp.ca\\\/green-party-tables-legislation-to-address-environmental-racism\\\/#article\",\"isPartOf\":{\"@id\":\"https:\\\/\\\/elizabethmaymp.ca\\\/green-party-tables-legislation-to-address-environmental-racism\\\/\"},\"author\":{\"name\":\"Elizabeth May\",\"@id\":\"https:\\\/\\\/elizabethmaymp.ca\\\/#\\\/schema\\\/person\\\/8ad70c936dfbb0f3a3af6907c5fdd64c\"},\"headline\":\"Le Parti vert d\u00e9pose un projet de loi pour lutter contre le racisme environnemental\",\"datePublished\":\"2022-02-02T21:36:33+00:00\",\"mainEntityOfPage\":{\"@id\":\"https:\\\/\\\/elizabethmaymp.ca\\\/green-party-tables-legislation-to-address-environmental-racism\\\/\"},\"wordCount\":933,\"publisher\":{\"@id\":\"https:\\\/\\\/elizabethmaymp.ca\\\/#organization\"},\"articleSection\":[\"Communiqu\u00e9s\",\"Publications\"],\"inLanguage\":\"en-US\"},{\"@type\":\"WebPage\",\"@id\":\"https:\\\/\\\/elizabethmaymp.ca\\\/fr\\\/green-party-tables-legislation-to-address-environmental-racism\\\/\",\"url\":\"https:\\\/\\\/elizabethmaymp.ca\\\/fr\\\/green-party-tables-legislation-to-address-environmental-racism\\\/\",\"name\":\"Le Parti vert d\u00e9pose un projet de loi pour lutter contre le racisme environnemental | Elizabeth May\",\"isPartOf\":{\"@id\":\"https:\\\/\\\/elizabethmaymp.ca\\\/fr\\\/#website\"},\"datePublished\":\"2022-02-02T21:36:33+00:00\",\"breadcrumb\":{\"@id\":\"https:\\\/\\\/elizabethmaymp.ca\\\/fr\\\/green-party-tables-legislation-to-address-environmental-racism\\\/#breadcrumb\"},\"inLanguage\":\"en-US\",\"potentialAction\":[{\"@type\":\"ReadAction\",\"target\":[[\"https:\\\/\\\/elizabethmaymp.ca\\\/fr\\\/green-party-tables-legislation-to-address-environmental-racism\\\/\"]]}]},{\"@type\":\"BreadcrumbList\",\"@id\":\"https:\\\/\\\/elizabethmaymp.ca\\\/fr\\\/green-party-tables-legislation-to-address-environmental-racism\\\/#breadcrumb\",\"itemListElement\":[{\"@type\":\"ListItem\",\"position\":1,\"name\":\"Home\",\"item\":\"https:\\\/\\\/elizabethmaymp.ca\\\/fr\\\/\"},{\"@type\":\"ListItem\",\"position\":2,\"name\":\"Green Party tables legislation to address environmental racism\"}]},{\"@type\":\"WebSite\",\"@id\":\"https:\\\/\\\/elizabethmaymp.ca\\\/fr\\\/#website\",\"url\":\"https:\\\/\\\/elizabethmaymp.ca\\\/fr\\\/\",\"name\":\"Elizabeth May\",\"description\":\"MP for Saanich and Gulf Islands\",\"publisher\":{\"@id\":\"https:\\\/\\\/elizabethmaymp.ca\\\/fr\\\/#organization\"},\"potentialAction\":[{\"@type\":\"SearchAction\",\"target\":{\"@type\":\"EntryPoint\",\"urlTemplate\":\"https:\\\/\\\/elizabethmaymp.ca\\\/fr\\\/?s={search_term_string}\"},\"query-input\":{\"@type\":\"PropertyValueSpecification\",\"valueRequired\":true,\"valueName\":\"search_term_string\"}}],\"inLanguage\":\"en-US\"},{\"@type\":\"Organization\",\"@id\":\"https:\\\/\\\/elizabethmaymp.ca\\\/fr\\\/#organization\",\"name\":\"Elizabeth May MP\",\"url\":\"https:\\\/\\\/elizabethmaymp.ca\\\/fr\\\/\",\"logo\":{\"@type\":\"ImageObject\",\"inLanguage\":\"en-US\",\"@id\":\"https:\\\/\\\/elizabethmaymp.ca\\\/fr\\\/#\\\/schema\\\/logo\\\/image\\\/\",\"url\":\"https:\\\/\\\/elizabethmaymp.ca\\\/wp-content\\\/uploads\\\/elizabethmay-button.png\",\"contentUrl\":\"https:\\\/\\\/elizabethmaymp.ca\\\/wp-content\\\/uploads\\\/elizabethmay-button.png\",\"width\":1501,\"height\":1501,\"caption\":\"Elizabeth May MP\"},\"image\":{\"@id\":\"https:\\\/\\\/elizabethmaymp.ca\\\/fr\\\/#\\\/schema\\\/logo\\\/image\\\/\"},\"sameAs\":[\"https:\\\/\\\/www.facebook.com\\\/ElizabethMayMP\",\"https:\\\/\\\/x.com\\\/elizabethmay\"]},{\"@type\":\"Person\",\"@id\":\"https:\\\/\\\/elizabethmaymp.ca\\\/#\\\/schema\\\/person\\\/8ad70c936dfbb0f3a3af6907c5fdd64c\",\"name\":\"Elizabeth May\",\"image\":{\"@type\":\"ImageObject\",\"inLanguage\":\"en-US\",\"@id\":\"https:\\\/\\\/secure.gravatar.com\\\/avatar\\\/7f32b0419a16ab6a875eb96521d826f03c3f2e604de2976ea8bf5afa253f814a?s=96&d=mm&r=g\",\"url\":\"https:\\\/\\\/secure.gravatar.com\\\/avatar\\\/7f32b0419a16ab6a875eb96521d826f03c3f2e604de2976ea8bf5afa253f814a?s=96&d=mm&r=g\",\"contentUrl\":\"https:\\\/\\\/secure.gravatar.com\\\/avatar\\\/7f32b0419a16ab6a875eb96521d826f03c3f2e604de2976ea8bf5afa253f814a?s=96&d=mm&r=g\",\"caption\":\"Elizabeth May\"},\"url\":\"https:\\\/\\\/elizabethmaymp.ca\\\/fr\\\/author\\\/outreach-coordinator\\\/\"}]}<\/script>\n<!-- \/ Yoast SEO plugin. -->","yoast_head_json":{"title":"Le Parti vert d\u00e9pose un projet de loi pour lutter contre le racisme environnemental | Elizabeth May","robots":{"index":"index","follow":"follow","max-snippet":"max-snippet:-1","max-image-preview":"max-image-preview:large","max-video-preview":"max-video-preview:-1"},"canonical":"https:\/\/elizabethmaymp.ca\/fr\/green-party-tables-legislation-to-address-environmental-racism\/","og_locale":"en_US","og_type":"article","og_title":"Le Parti vert d\u00e9pose un projet de loi pour lutter contre le racisme environnemental | Elizabeth May","og_description":"2 f\u00e9vrier 2022 OTTAWA &#8211; Aujourd&#8217;hui, \u00e0 la Chambre des communes, la chef parlementaire du Parti vert, Elizabeth May (d\u00e9put\u00e9e de Saanich-Gulf Islands), a d\u00e9pos\u00e9 un nouveau projet&hellip;","og_url":"https:\/\/elizabethmaymp.ca\/fr\/green-party-tables-legislation-to-address-environmental-racism\/","og_site_name":"Elizabeth May","article_publisher":"https:\/\/www.facebook.com\/ElizabethMayMP","article_published_time":"2022-02-02T21:36:33+00:00","og_image":[{"width":512,"height":512,"url":"https:\/\/elizabethmaymp.ca\/wp-content\/uploads\/cropped-elizabethmay-button.png","type":"image\/png"}],"author":"Elizabeth May","twitter_card":"summary_large_image","twitter_creator":"@elizabethmay","twitter_site":"@elizabethmay","twitter_misc":{"Written by":"Elizabeth May","Est. reading time":"3 minutes"},"schema":{"@context":"https:\/\/schema.org","@graph":[{"@type":"Article","@id":"https:\/\/elizabethmaymp.ca\/green-party-tables-legislation-to-address-environmental-racism\/#article","isPartOf":{"@id":"https:\/\/elizabethmaymp.ca\/green-party-tables-legislation-to-address-environmental-racism\/"},"author":{"name":"Elizabeth May","@id":"https:\/\/elizabethmaymp.ca\/#\/schema\/person\/8ad70c936dfbb0f3a3af6907c5fdd64c"},"headline":"Le Parti vert d\u00e9pose un projet de loi pour lutter contre le racisme environnemental","datePublished":"2022-02-02T21:36:33+00:00","mainEntityOfPage":{"@id":"https:\/\/elizabethmaymp.ca\/green-party-tables-legislation-to-address-environmental-racism\/"},"wordCount":933,"publisher":{"@id":"https:\/\/elizabethmaymp.ca\/#organization"},"articleSection":["Communiqu\u00e9s","Publications"],"inLanguage":"en-US"},{"@type":"WebPage","@id":"https:\/\/elizabethmaymp.ca\/fr\/green-party-tables-legislation-to-address-environmental-racism\/","url":"https:\/\/elizabethmaymp.ca\/fr\/green-party-tables-legislation-to-address-environmental-racism\/","name":"Le Parti vert d\u00e9pose un projet de loi pour lutter contre le racisme environnemental | Elizabeth May","isPartOf":{"@id":"https:\/\/elizabethmaymp.ca\/fr\/#website"},"datePublished":"2022-02-02T21:36:33+00:00","breadcrumb":{"@id":"https:\/\/elizabethmaymp.ca\/fr\/green-party-tables-legislation-to-address-environmental-racism\/#breadcrumb"},"inLanguage":"en-US","potentialAction":[{"@type":"ReadAction","target":[["https:\/\/elizabethmaymp.ca\/fr\/green-party-tables-legislation-to-address-environmental-racism\/"]]}]},{"@type":"BreadcrumbList","@id":"https:\/\/elizabethmaymp.ca\/fr\/green-party-tables-legislation-to-address-environmental-racism\/#breadcrumb","itemListElement":[{"@type":"ListItem","position":1,"name":"Home","item":"https:\/\/elizabethmaymp.ca\/fr\/"},{"@type":"ListItem","position":2,"name":"Green Party tables legislation to address environmental racism"}]},{"@type":"WebSite","@id":"https:\/\/elizabethmaymp.ca\/fr\/#website","url":"https:\/\/elizabethmaymp.ca\/fr\/","name":"Elizabeth May","description":"MP for Saanich and Gulf Islands","publisher":{"@id":"https:\/\/elizabethmaymp.ca\/fr\/#organization"},"potentialAction":[{"@type":"SearchAction","target":{"@type":"EntryPoint","urlTemplate":"https:\/\/elizabethmaymp.ca\/fr\/?s={search_term_string}"},"query-input":{"@type":"PropertyValueSpecification","valueRequired":true,"valueName":"search_term_string"}}],"inLanguage":"en-US"},{"@type":"Organization","@id":"https:\/\/elizabethmaymp.ca\/fr\/#organization","name":"Elizabeth May MP","url":"https:\/\/elizabethmaymp.ca\/fr\/","logo":{"@type":"ImageObject","inLanguage":"en-US","@id":"https:\/\/elizabethmaymp.ca\/fr\/#\/schema\/logo\/image\/","url":"https:\/\/elizabethmaymp.ca\/wp-content\/uploads\/elizabethmay-button.png","contentUrl":"https:\/\/elizabethmaymp.ca\/wp-content\/uploads\/elizabethmay-button.png","width":1501,"height":1501,"caption":"Elizabeth May MP"},"image":{"@id":"https:\/\/elizabethmaymp.ca\/fr\/#\/schema\/logo\/image\/"},"sameAs":["https:\/\/www.facebook.com\/ElizabethMayMP","https:\/\/x.com\/elizabethmay"]},{"@type":"Person","@id":"https:\/\/elizabethmaymp.ca\/#\/schema\/person\/8ad70c936dfbb0f3a3af6907c5fdd64c","name":"Elizabeth May","image":{"@type":"ImageObject","inLanguage":"en-US","@id":"https:\/\/secure.gravatar.com\/avatar\/7f32b0419a16ab6a875eb96521d826f03c3f2e604de2976ea8bf5afa253f814a?s=96&d=mm&r=g","url":"https:\/\/secure.gravatar.com\/avatar\/7f32b0419a16ab6a875eb96521d826f03c3f2e604de2976ea8bf5afa253f814a?s=96&d=mm&r=g","contentUrl":"https:\/\/secure.gravatar.com\/avatar\/7f32b0419a16ab6a875eb96521d826f03c3f2e604de2976ea8bf5afa253f814a?s=96&d=mm&r=g","caption":"Elizabeth May"},"url":"https:\/\/elizabethmaymp.ca\/fr\/author\/outreach-coordinator\/"}]}},"_links":{"self":[{"href":"https:\/\/elizabethmaymp.ca\/fr\/wp-json\/wp\/v2\/posts\/26061","targetHints":{"allow":["GET"]}}],"collection":[{"href":"https:\/\/elizabethmaymp.ca\/fr\/wp-json\/wp\/v2\/posts"}],"about":[{"href":"https:\/\/elizabethmaymp.ca\/fr\/wp-json\/wp\/v2\/types\/post"}],"author":[{"embeddable":true,"href":"https:\/\/elizabethmaymp.ca\/fr\/wp-json\/wp\/v2\/users\/1381"}],"replies":[{"embeddable":true,"href":"https:\/\/elizabethmaymp.ca\/fr\/wp-json\/wp\/v2\/comments?post=26061"}],"version-history":[{"count":1,"href":"https:\/\/elizabethmaymp.ca\/fr\/wp-json\/wp\/v2\/posts\/26061\/revisions"}],"predecessor-version":[{"id":26062,"href":"https:\/\/elizabethmaymp.ca\/fr\/wp-json\/wp\/v2\/posts\/26061\/revisions\/26062"}],"wp:attachment":[{"href":"https:\/\/elizabethmaymp.ca\/fr\/wp-json\/wp\/v2\/media?parent=26061"}],"wp:term":[{"taxonomy":"category","embeddable":true,"href":"https:\/\/elizabethmaymp.ca\/fr\/wp-json\/wp\/v2\/categories?post=26061"},{"taxonomy":"post_tag","embeddable":true,"href":"https:\/\/elizabethmaymp.ca\/fr\/wp-json\/wp\/v2\/tags?post=26061"}],"curies":[{"name":"wp","href":"https:\/\/api.w.org\/{rel}","templated":true}]}}