{"id":26193,"date":"2022-02-28T23:23:26","date_gmt":"2022-03-01T07:23:26","guid":{"rendered":"https:\/\/elizabethmaymp.ca\/?p=26193"},"modified":"2022-03-02T09:15:35","modified_gmt":"2022-03-02T17:15:35","slug":"ukraines-enemy-is-russias-leader-not-the-russian-nation","status":"publish","type":"post","link":"https:\/\/elizabethmaymp.ca\/fr\/ukraines-enemy-is-russias-leader-not-the-russian-nation\/","title":{"rendered":"L&#8217;ennemi de l&#8217;Ukraine est le pr\u00e9sident de la Russie, pas la nation russe"},"content":{"rendered":"<p><iframe loading=\"lazy\" width=\"560\" height=\"315\" src=\"https:\/\/www.youtube.com\/embed\/R0oMl5Aa_pM\" title=\"YouTube video player\" frameborder=\"0\" allow=\"accelerometer; autoplay; clipboard-write; encrypted-media; gyroscope; picture-in-picture\" allowfullscreen><\/iframe><\/p>\n<p>Elizabeth May (Saanich\u2014Gulf Islands)<br \/>\n2022-02-28 23:23<\/p>\n<p>Madame la pr\u00e9sidente, je fais miens les commentaires de la d\u00e9put\u00e9e de Kildonan\u2014St. Paul. C&#8217;est vraiment merveilleux de s&#8217;unir au nom d&#8217;une cause commune, qui est de d\u00e9fendre le peuple ukrainien contre un agresseur qui, comme nous le pensons de plus en plus, n&#8217;est pas la Russie, mais bien son dirigeant. Ce dirigeant ne se pr\u00e9occupe pas du sort de son peuple ni du peuple ukrainien.<\/p>\n<p>Mon coll\u00e8gue saurait-il comment nous pourrions communiquer avec les habitants de la Russie qui manifestent pacifiquement pour les encourager \u00e0 s&#8217;opposer \u00e0 Poutine?<\/p>\n<p>Mark Gerretsen (Kingston et les \u00celes)<br \/>\n2022-02-28 23:24<\/p>\n<p>Madame la pr\u00e9sidente, il est certes encourageant de voir des gens manifester dans un pays o\u00f9 nous savons que de mauvaises choses peuvent arriver aux gens qui expriment haut et fort leurs opinions. Pourtant, cela ne les emp\u00eache pas de le faire, ce qui est encore plus inspirant.<\/p>\n<p>Que pouvons\u2011nous faire? Nous pouvons leur donner les outils n\u00e9cessaires pour que leurs voix soient entendues. Nous pouvons communiquer avec eux au moyen des diverses technologies existantes pour leur faire parvenir la bonne information.<\/p>\n<p>Il \u00e9tait incroyable d&#8217;entendre le pr\u00e9sident Zelensky parler \u00e0 la population russe en russe. Toutefois, nous savons que ces paroles ne seront pas diffus\u00e9es sur Russia Today. Nous devons faire en sorte que les Russes puissent prendre connaissance de messages comme celui\u2011l\u00e0 parce qu&#8217;ils sont opprim\u00e9s, et c&#8217;est cette m\u00eame sorte d&#8217;oppression que Poutine veut faire subir aux Ukrainiens. Nous devrions faire tout en notre pouvoir pour transmettre ce message aux Russes.<\/p>","protected":false},"excerpt":{"rendered":"<p>Elizabeth May (Saanich\u2014Gulf Islands) 2022-02-28 23:23 Madame la pr\u00e9sidente, je fais miens les commentaires de la d\u00e9put\u00e9e de Kildonan\u2014St. Paul. C&#8217;est vraiment merveilleux de s&#8217;unir au nom d&#8217;une&hellip;<\/p>\n","protected":false},"author":1381,"featured_media":0,"comment_status":"closed","ping_status":"closed","sticky":false,"template":"","format":"standard","meta":{"_acf_changed":false,"_price":"","_stock":"","_tribe_ticket_header":"","_tribe_default_ticket_provider":"","_tribe_ticket_capacity":"","_ticket_start_date":"","_ticket_end_date":"","_tribe_ticket_show_description":"","_tribe_ticket_show_not_going":false,"_tribe_ticket_use_global_stock":"","_tribe_ticket_global_stock_level":"","_global_stock_mode":"","_global_stock_cap":"","_tribe_rsvp_for_event":"","_tribe_ticket_going_count":"","_tribe_ticket_not_going_count":"","_tribe_tickets_list":"[]","_tribe_ticket_has_attendee_info_fields":false,"footnotes":""},"categories":[20,15],"tags":[725],"class_list":["post-26193","post","type-post","status-publish","format-standard","hentry","category-debate","category-parliament","tag-ukraine"],"acf":[],"yoast_head":"<!-- This site is optimized with the Yoast SEO plugin v27.4 - https:\/\/yoast.com\/product\/yoast-seo-wordpress\/ -->\n<title>L&#039;ennemi de l&#039;Ukraine est le pr\u00e9sident de la Russie, pas la nation russe | Elizabeth May<\/title>\n<meta name=\"robots\" content=\"index, follow, max-snippet:-1, max-image-preview:large, max-video-preview:-1\" \/>\n<link rel=\"canonical\" href=\"https:\/\/elizabethmaymp.ca\/fr\/ukraines-enemy-is-russias-leader-not-the-russian-nation\/\" \/>\n<meta property=\"og:locale\" content=\"en_US\" \/>\n<meta property=\"og:type\" content=\"article\" \/>\n<meta property=\"og:title\" content=\"L&#039;ennemi de l&#039;Ukraine est le pr\u00e9sident de la Russie, pas la nation russe | Elizabeth May\" \/>\n<meta property=\"og:description\" content=\"Elizabeth May (Saanich\u2014Gulf Islands) 2022-02-28 23:23 Madame la pr\u00e9sidente, je fais miens les commentaires de la d\u00e9put\u00e9e de Kildonan\u2014St. Paul. C&#8217;est vraiment merveilleux de s&#8217;unir au nom d&#8217;une&hellip;\" \/>\n<meta property=\"og:url\" content=\"https:\/\/elizabethmaymp.ca\/fr\/ukraines-enemy-is-russias-leader-not-the-russian-nation\/\" \/>\n<meta property=\"og:site_name\" content=\"Elizabeth May\" \/>\n<meta property=\"article:publisher\" content=\"https:\/\/www.facebook.com\/ElizabethMayMP\" \/>\n<meta property=\"article:published_time\" content=\"2022-03-01T07:23:26+00:00\" \/>\n<meta property=\"article:modified_time\" content=\"2022-03-02T17:15:35+00:00\" \/>\n<meta property=\"og:image\" content=\"https:\/\/elizabethmaymp.ca\/wp-content\/uploads\/Capture-10.jpg\" \/>\n\t<meta property=\"og:image:width\" content=\"580\" \/>\n\t<meta property=\"og:image:height\" content=\"326\" \/>\n\t<meta property=\"og:image:type\" content=\"image\/jpeg\" \/>\n<meta name=\"author\" content=\"Elizabeth May\" \/>\n<meta name=\"twitter:card\" content=\"summary_large_image\" \/>\n<meta name=\"twitter:creator\" content=\"@elizabethmay\" \/>\n<meta name=\"twitter:site\" content=\"@elizabethmay\" \/>\n<meta name=\"twitter:label1\" content=\"Written by\" \/>\n\t<meta name=\"twitter:data1\" content=\"Elizabeth May\" \/>\n\t<meta name=\"twitter:label2\" content=\"Est. reading time\" \/>\n\t<meta name=\"twitter:data2\" content=\"3 minutes\" \/>\n<script type=\"application\/ld+json\" class=\"yoast-schema-graph\">{\"@context\":\"https:\\\/\\\/schema.org\",\"@graph\":[{\"@type\":\"Article\",\"@id\":\"https:\\\/\\\/elizabethmaymp.ca\\\/ukraines-enemy-is-russias-leader-not-the-russian-nation\\\/#article\",\"isPartOf\":{\"@id\":\"https:\\\/\\\/elizabethmaymp.ca\\\/ukraines-enemy-is-russias-leader-not-the-russian-nation\\\/\"},\"author\":{\"name\":\"Elizabeth May\",\"@id\":\"https:\\\/\\\/elizabethmaymp.ca\\\/#\\\/schema\\\/person\\\/8ad70c936dfbb0f3a3af6907c5fdd64c\"},\"headline\":\"L&#8217;ennemi de l&#8217;Ukraine est le pr\u00e9sident de la Russie, pas la nation russe\",\"datePublished\":\"2022-03-01T07:23:26+00:00\",\"dateModified\":\"2022-03-02T17:15:35+00:00\",\"mainEntityOfPage\":{\"@id\":\"https:\\\/\\\/elizabethmaymp.ca\\\/ukraines-enemy-is-russias-leader-not-the-russian-nation\\\/\"},\"wordCount\":614,\"publisher\":{\"@id\":\"https:\\\/\\\/elizabethmaymp.ca\\\/#organization\"},\"keywords\":[\"Ukraine\"],\"articleSection\":[\"D\u00e9bat\",\"Parlement\"],\"inLanguage\":\"en-US\"},{\"@type\":\"WebPage\",\"@id\":\"https:\\\/\\\/elizabethmaymp.ca\\\/fr\\\/ukraines-enemy-is-russias-leader-not-the-russian-nation\\\/\",\"url\":\"https:\\\/\\\/elizabethmaymp.ca\\\/fr\\\/ukraines-enemy-is-russias-leader-not-the-russian-nation\\\/\",\"name\":\"L'ennemi de l'Ukraine est le pr\u00e9sident de la Russie, pas la nation russe | Elizabeth May\",\"isPartOf\":{\"@id\":\"https:\\\/\\\/elizabethmaymp.ca\\\/fr\\\/#website\"},\"datePublished\":\"2022-03-01T07:23:26+00:00\",\"dateModified\":\"2022-03-02T17:15:35+00:00\",\"breadcrumb\":{\"@id\":\"https:\\\/\\\/elizabethmaymp.ca\\\/fr\\\/ukraines-enemy-is-russias-leader-not-the-russian-nation\\\/#breadcrumb\"},\"inLanguage\":\"en-US\",\"potentialAction\":[{\"@type\":\"ReadAction\",\"target\":[[\"https:\\\/\\\/elizabethmaymp.ca\\\/fr\\\/ukraines-enemy-is-russias-leader-not-the-russian-nation\\\/\"]]}]},{\"@type\":\"BreadcrumbList\",\"@id\":\"https:\\\/\\\/elizabethmaymp.ca\\\/fr\\\/ukraines-enemy-is-russias-leader-not-the-russian-nation\\\/#breadcrumb\",\"itemListElement\":[{\"@type\":\"ListItem\",\"position\":1,\"name\":\"Home\",\"item\":\"https:\\\/\\\/elizabethmaymp.ca\\\/fr\\\/\"},{\"@type\":\"ListItem\",\"position\":2,\"name\":\"Ukraine&#8217;s enemy is Russia&#8217;s leader, not the Russian nation\"}]},{\"@type\":\"WebSite\",\"@id\":\"https:\\\/\\\/elizabethmaymp.ca\\\/fr\\\/#website\",\"url\":\"https:\\\/\\\/elizabethmaymp.ca\\\/fr\\\/\",\"name\":\"Elizabeth May\",\"description\":\"MP for Saanich and Gulf Islands\",\"publisher\":{\"@id\":\"https:\\\/\\\/elizabethmaymp.ca\\\/fr\\\/#organization\"},\"potentialAction\":[{\"@type\":\"SearchAction\",\"target\":{\"@type\":\"EntryPoint\",\"urlTemplate\":\"https:\\\/\\\/elizabethmaymp.ca\\\/fr\\\/?s={search_term_string}\"},\"query-input\":{\"@type\":\"PropertyValueSpecification\",\"valueRequired\":true,\"valueName\":\"search_term_string\"}}],\"inLanguage\":\"en-US\"},{\"@type\":\"Organization\",\"@id\":\"https:\\\/\\\/elizabethmaymp.ca\\\/fr\\\/#organization\",\"name\":\"Elizabeth May MP\",\"url\":\"https:\\\/\\\/elizabethmaymp.ca\\\/fr\\\/\",\"logo\":{\"@type\":\"ImageObject\",\"inLanguage\":\"en-US\",\"@id\":\"https:\\\/\\\/elizabethmaymp.ca\\\/fr\\\/#\\\/schema\\\/logo\\\/image\\\/\",\"url\":\"https:\\\/\\\/elizabethmaymp.ca\\\/wp-content\\\/uploads\\\/elizabethmay-button.png\",\"contentUrl\":\"https:\\\/\\\/elizabethmaymp.ca\\\/wp-content\\\/uploads\\\/elizabethmay-button.png\",\"width\":1501,\"height\":1501,\"caption\":\"Elizabeth May MP\"},\"image\":{\"@id\":\"https:\\\/\\\/elizabethmaymp.ca\\\/fr\\\/#\\\/schema\\\/logo\\\/image\\\/\"},\"sameAs\":[\"https:\\\/\\\/www.facebook.com\\\/ElizabethMayMP\",\"https:\\\/\\\/x.com\\\/elizabethmay\"]},{\"@type\":\"Person\",\"@id\":\"https:\\\/\\\/elizabethmaymp.ca\\\/#\\\/schema\\\/person\\\/8ad70c936dfbb0f3a3af6907c5fdd64c\",\"name\":\"Elizabeth May\",\"image\":{\"@type\":\"ImageObject\",\"inLanguage\":\"en-US\",\"@id\":\"https:\\\/\\\/secure.gravatar.com\\\/avatar\\\/7f32b0419a16ab6a875eb96521d826f03c3f2e604de2976ea8bf5afa253f814a?s=96&d=mm&r=g\",\"url\":\"https:\\\/\\\/secure.gravatar.com\\\/avatar\\\/7f32b0419a16ab6a875eb96521d826f03c3f2e604de2976ea8bf5afa253f814a?s=96&d=mm&r=g\",\"contentUrl\":\"https:\\\/\\\/secure.gravatar.com\\\/avatar\\\/7f32b0419a16ab6a875eb96521d826f03c3f2e604de2976ea8bf5afa253f814a?s=96&d=mm&r=g\",\"caption\":\"Elizabeth May\"},\"url\":\"https:\\\/\\\/elizabethmaymp.ca\\\/fr\\\/author\\\/outreach-coordinator\\\/\"}]}<\/script>\n<!-- \/ Yoast SEO plugin. -->","yoast_head_json":{"title":"L'ennemi de l'Ukraine est le pr\u00e9sident de la Russie, pas la nation russe | Elizabeth May","robots":{"index":"index","follow":"follow","max-snippet":"max-snippet:-1","max-image-preview":"max-image-preview:large","max-video-preview":"max-video-preview:-1"},"canonical":"https:\/\/elizabethmaymp.ca\/fr\/ukraines-enemy-is-russias-leader-not-the-russian-nation\/","og_locale":"en_US","og_type":"article","og_title":"L'ennemi de l'Ukraine est le pr\u00e9sident de la Russie, pas la nation russe | Elizabeth May","og_description":"Elizabeth May (Saanich\u2014Gulf Islands) 2022-02-28 23:23 Madame la pr\u00e9sidente, je fais miens les commentaires de la d\u00e9put\u00e9e de Kildonan\u2014St. Paul. C&#8217;est vraiment merveilleux de s&#8217;unir au nom d&#8217;une&hellip;","og_url":"https:\/\/elizabethmaymp.ca\/fr\/ukraines-enemy-is-russias-leader-not-the-russian-nation\/","og_site_name":"Elizabeth May","article_publisher":"https:\/\/www.facebook.com\/ElizabethMayMP","article_published_time":"2022-03-01T07:23:26+00:00","article_modified_time":"2022-03-02T17:15:35+00:00","og_image":[{"width":580,"height":326,"url":"https:\/\/elizabethmaymp.ca\/wp-content\/uploads\/Capture-10.jpg","type":"image\/jpeg"}],"author":"Elizabeth May","twitter_card":"summary_large_image","twitter_creator":"@elizabethmay","twitter_site":"@elizabethmay","twitter_misc":{"Written by":"Elizabeth May","Est. reading time":"3 minutes"},"schema":{"@context":"https:\/\/schema.org","@graph":[{"@type":"Article","@id":"https:\/\/elizabethmaymp.ca\/ukraines-enemy-is-russias-leader-not-the-russian-nation\/#article","isPartOf":{"@id":"https:\/\/elizabethmaymp.ca\/ukraines-enemy-is-russias-leader-not-the-russian-nation\/"},"author":{"name":"Elizabeth May","@id":"https:\/\/elizabethmaymp.ca\/#\/schema\/person\/8ad70c936dfbb0f3a3af6907c5fdd64c"},"headline":"L&#8217;ennemi de l&#8217;Ukraine est le pr\u00e9sident de la Russie, pas la nation russe","datePublished":"2022-03-01T07:23:26+00:00","dateModified":"2022-03-02T17:15:35+00:00","mainEntityOfPage":{"@id":"https:\/\/elizabethmaymp.ca\/ukraines-enemy-is-russias-leader-not-the-russian-nation\/"},"wordCount":614,"publisher":{"@id":"https:\/\/elizabethmaymp.ca\/#organization"},"keywords":["Ukraine"],"articleSection":["D\u00e9bat","Parlement"],"inLanguage":"en-US"},{"@type":"WebPage","@id":"https:\/\/elizabethmaymp.ca\/fr\/ukraines-enemy-is-russias-leader-not-the-russian-nation\/","url":"https:\/\/elizabethmaymp.ca\/fr\/ukraines-enemy-is-russias-leader-not-the-russian-nation\/","name":"L'ennemi de l'Ukraine est le pr\u00e9sident de la Russie, pas la nation russe | Elizabeth May","isPartOf":{"@id":"https:\/\/elizabethmaymp.ca\/fr\/#website"},"datePublished":"2022-03-01T07:23:26+00:00","dateModified":"2022-03-02T17:15:35+00:00","breadcrumb":{"@id":"https:\/\/elizabethmaymp.ca\/fr\/ukraines-enemy-is-russias-leader-not-the-russian-nation\/#breadcrumb"},"inLanguage":"en-US","potentialAction":[{"@type":"ReadAction","target":[["https:\/\/elizabethmaymp.ca\/fr\/ukraines-enemy-is-russias-leader-not-the-russian-nation\/"]]}]},{"@type":"BreadcrumbList","@id":"https:\/\/elizabethmaymp.ca\/fr\/ukraines-enemy-is-russias-leader-not-the-russian-nation\/#breadcrumb","itemListElement":[{"@type":"ListItem","position":1,"name":"Home","item":"https:\/\/elizabethmaymp.ca\/fr\/"},{"@type":"ListItem","position":2,"name":"Ukraine&#8217;s enemy is Russia&#8217;s leader, not the Russian nation"}]},{"@type":"WebSite","@id":"https:\/\/elizabethmaymp.ca\/fr\/#website","url":"https:\/\/elizabethmaymp.ca\/fr\/","name":"Elizabeth May","description":"MP for Saanich and Gulf Islands","publisher":{"@id":"https:\/\/elizabethmaymp.ca\/fr\/#organization"},"potentialAction":[{"@type":"SearchAction","target":{"@type":"EntryPoint","urlTemplate":"https:\/\/elizabethmaymp.ca\/fr\/?s={search_term_string}"},"query-input":{"@type":"PropertyValueSpecification","valueRequired":true,"valueName":"search_term_string"}}],"inLanguage":"en-US"},{"@type":"Organization","@id":"https:\/\/elizabethmaymp.ca\/fr\/#organization","name":"Elizabeth May MP","url":"https:\/\/elizabethmaymp.ca\/fr\/","logo":{"@type":"ImageObject","inLanguage":"en-US","@id":"https:\/\/elizabethmaymp.ca\/fr\/#\/schema\/logo\/image\/","url":"https:\/\/elizabethmaymp.ca\/wp-content\/uploads\/elizabethmay-button.png","contentUrl":"https:\/\/elizabethmaymp.ca\/wp-content\/uploads\/elizabethmay-button.png","width":1501,"height":1501,"caption":"Elizabeth May MP"},"image":{"@id":"https:\/\/elizabethmaymp.ca\/fr\/#\/schema\/logo\/image\/"},"sameAs":["https:\/\/www.facebook.com\/ElizabethMayMP","https:\/\/x.com\/elizabethmay"]},{"@type":"Person","@id":"https:\/\/elizabethmaymp.ca\/#\/schema\/person\/8ad70c936dfbb0f3a3af6907c5fdd64c","name":"Elizabeth May","image":{"@type":"ImageObject","inLanguage":"en-US","@id":"https:\/\/secure.gravatar.com\/avatar\/7f32b0419a16ab6a875eb96521d826f03c3f2e604de2976ea8bf5afa253f814a?s=96&d=mm&r=g","url":"https:\/\/secure.gravatar.com\/avatar\/7f32b0419a16ab6a875eb96521d826f03c3f2e604de2976ea8bf5afa253f814a?s=96&d=mm&r=g","contentUrl":"https:\/\/secure.gravatar.com\/avatar\/7f32b0419a16ab6a875eb96521d826f03c3f2e604de2976ea8bf5afa253f814a?s=96&d=mm&r=g","caption":"Elizabeth May"},"url":"https:\/\/elizabethmaymp.ca\/fr\/author\/outreach-coordinator\/"}]}},"_links":{"self":[{"href":"https:\/\/elizabethmaymp.ca\/fr\/wp-json\/wp\/v2\/posts\/26193","targetHints":{"allow":["GET"]}}],"collection":[{"href":"https:\/\/elizabethmaymp.ca\/fr\/wp-json\/wp\/v2\/posts"}],"about":[{"href":"https:\/\/elizabethmaymp.ca\/fr\/wp-json\/wp\/v2\/types\/post"}],"author":[{"embeddable":true,"href":"https:\/\/elizabethmaymp.ca\/fr\/wp-json\/wp\/v2\/users\/1381"}],"replies":[{"embeddable":true,"href":"https:\/\/elizabethmaymp.ca\/fr\/wp-json\/wp\/v2\/comments?post=26193"}],"version-history":[{"count":1,"href":"https:\/\/elizabethmaymp.ca\/fr\/wp-json\/wp\/v2\/posts\/26193\/revisions"}],"predecessor-version":[{"id":26194,"href":"https:\/\/elizabethmaymp.ca\/fr\/wp-json\/wp\/v2\/posts\/26193\/revisions\/26194"}],"wp:attachment":[{"href":"https:\/\/elizabethmaymp.ca\/fr\/wp-json\/wp\/v2\/media?parent=26193"}],"wp:term":[{"taxonomy":"category","embeddable":true,"href":"https:\/\/elizabethmaymp.ca\/fr\/wp-json\/wp\/v2\/categories?post=26193"},{"taxonomy":"post_tag","embeddable":true,"href":"https:\/\/elizabethmaymp.ca\/fr\/wp-json\/wp\/v2\/tags?post=26193"}],"curies":[{"name":"wp","href":"https:\/\/api.w.org\/{rel}","templated":true}]}}