{"id":26492,"date":"2022-06-06T13:40:41","date_gmt":"2022-06-06T20:40:41","guid":{"rendered":"https:\/\/elizabethmaymp.ca\/?p=26492"},"modified":"2022-06-16T06:41:48","modified_gmt":"2022-06-16T13:41:48","slug":"canada-should-be-going-after-where-the-1-hides-their-wealth","status":"publish","type":"post","link":"https:\/\/elizabethmaymp.ca\/fr\/canada-should-be-going-after-where-the-1-hides-their-wealth\/","title":{"rendered":"Nous devrions cibler l\u00e0 o\u00f9 le 1 % le plus riche cache sa fortune"},"content":{"rendered":"<p><iframe loading=\"lazy\" width=\"560\" height=\"315\" src=\"https:\/\/www.youtube.com\/embed\/-Q66KE6AT4Q\" title=\"YouTube video player\" frameborder=\"0\" allow=\"accelerometer; autoplay; clipboard-write; encrypted-media; gyroscope; picture-in-picture\" allowfullscreen><\/iframe><\/p>\n<p>Elizabeth May (Saanich\u2014Gulf Islands)<br \/>\n2022-06-06 13:40 [p.6126]      <\/p>\n<p>Madame la Pr\u00e9sidente, je tiens tout d\u2019abord \u00e0 souligner que je prends la parole aujourd\u2019hui sur un territoire traditionnel de la nation WSANEC. Je l\u00e8ve les mains et, dans la langue des peuples traditionnels de cette terre, je dis Hych&#8217;ka Siem.<\/p>\n<p>Je prends la parole aujourd\u2019hui \u00e0 l\u2019\u00e9tape du rapport du projet de loi C\u201119. Je ne peux m\u2019emp\u00eacher de faire \u00e9cho au d\u00e9bat que nous venons d\u2019avoir sur l\u2019attribution de temps pour ce projet de loi. Je tiens \u00e0 signaler \u00e0 la Chambre et \u00e0 dire officiellement que, bien s\u00fbr, j\u2019ai vot\u00e9 contre le fait de mettre fin au d\u00e9bat d\u2019une mani\u00e8re qui est devenue une pratique courante sous le gouvernement actuel et le gouvernement conservateur pr\u00e9c\u00e9dent. Comme le gouvernement de Stephen Harper et maintenant celui du gouvernement actuel en ont pris l&#8217;habitude, il est peu probable que les choses reviennent \u00e0 ce qu\u2019elles \u00e9taient avant 2011. C\u2019est donc dire que la Chambre verra dispara\u00eetre le d\u00e9bat d\u00e9mocratique normal pr\u00e9vu dans le R\u00e8glement pour chaque projet de loi.<\/p>\n<p>Dans le cas pr\u00e9sent, le projet de loi C\u201119 a \u00e9t\u00e9 d\u00e9pos\u00e9 en premi\u00e8re lecture apr\u00e8s le budget du 7 avril, soit le 28 avril. Ce n\u2019est pas si loin durant la pr\u00e9sente l\u00e9gislature. Ce n\u2019est pas comme le projet de loi C\u20118, l\u2019\u00e9nonc\u00e9 \u00e9conomique de l\u2019automne. Cette mesure a \u00e9t\u00e9 d\u00e9pos\u00e9e en d\u00e9cembre 2021 et n\u2019a \u00e9t\u00e9 adopt\u00e9e \u00e0 la Chambre que dans les derni\u00e8res semaines. Le projet de loi C-19 a \u00e9t\u00e9 \u00e9tudi\u00e9 promptement. Il a \u00e9t\u00e9 renvoy\u00e9 au comit\u00e9 pour y faire l\u2019objet de rapports, et il fait d\u00e9j\u00e0 \u2014 c\u2019est un point important que je tiens \u00e0 souligner \u2014 l&#8217;objet d&#8217;une \u00e9tude pr\u00e9alable au comit\u00e9 des finances de l\u2019autre endroit.<\/p>\n<p>La question du retard dans le traitement de ce projet de loi et la tenue d\u2019un d\u00e9bat en bonne et due forme \u00e0 cette \u00e9tape-ci ne repose pas sur des bases solides. En effet, m\u00eame si l\u2019\u00e9tude de ce projet de loi s&#8217;ach\u00e8ve, malgr\u00e9 l\u2019obstruction de l\u2019opposition officielle, nous avions amplement le temps de d\u00e9battre de celui-ci, comme il se doit \u00e0 l\u2019\u00e9tape du rapport et de la troisi\u00e8me lecture, et de le renvoyer \u00e0 l\u2019autre endroit, o\u00f9 l\u2019\u00e9tude pr\u00e9alable a d\u00e9j\u00e0 commenc\u00e9. C\u2019est un projet de loi important. Pour ceux qui suivent nos d\u00e9lib\u00e9rations d\u2019aujourd\u2019hui, permettez-moi de souligner que ce projet de loi compte des centaines de pages. C\u2019est un projet de loi omnibus. Il ne s\u2019agit pas d\u2019un projet de loi omnibus ill\u00e9gitime, car il porte sur toutes les mesures annonc\u00e9es le 7 avril dans le budget de 2022. Ce n\u2019est pas un projet de loi qui contient des mesures superflues, ce qui en ferait un projet de loi omnibus ill\u00e9gitime.<\/p>\n<p>Ce projet de loi est volumineux. Il y a 32 sections distinctes, des centaines de pages et plus de 502 articles. Je ne proposerai jamais de commenter toutes ces propositions, m\u00eame celles que j&#8217;appuie. Cela dit, la port\u00e9e est \u00e9norme. Nous nous occupons de tout ce qui est pr\u00e9vu dans le projet de loi, de l\u2019eau potable dans les collectivit\u00e9s des Premi\u00e8res Nations \u2014 une mesure que tout le monde veut voir adopt\u00e9e rapidement \u2014, \u00e0 ce qu\u2019on appelle la \u00ab station lunaire Gateway \u00bb \u2014 et des infractions au Code criminel li\u00e9es \u00e0 un accord que nous avons conclu avec les \u00c9tats-Unis pour des \u00e9v\u00e9nements qui pourraient se produire sur la lune, si je comprends bien, en passant par des modifications au Code criminel qui soul\u00e8vent des pr\u00e9occupations \u00e0 l&#8217;\u00e9gard des libert\u00e9s civiles. Elles se trouvent dans la section 21 et prolongeraient jusqu\u2019\u00e0 deux ans la peine d\u2019emprisonnement des personnes qui nient l\u2019Holocauste, ce qui est inexcusable. C\u2019est \u00e9pouvantable et cela va maintenant entra\u00eener une sanction criminelle pouvant aller jusqu\u2019\u00e0 deux ans de prison.<\/p>\n<p>Il vaut la peine, je pense, d&#8217;examiner la port\u00e9e de ce projet de loi parce qu&#8217;il couvre un grand nombre de mesures diff\u00e9rentes, y compris celles que je soutiens, comme l&#8217;application de sanctions Magnitsky et la possibilit\u00e9 d&#8217;agir pour sanctionner davantage les copains de Vladimir Poutine afin d&#8217;exercer une pression pour en arriver \u00e0 des pourparlers de paix aussi rapidement que possible dans la guerre horrible et ill\u00e9gale qui se d\u00e9roule actuellement en Ukraine. Cependant, le projet de loi contient beaucoup de choses dont nous devons discuter, et je dis \u00e0 la Chambre que l&#8217;attribution de temps qui vient de se produire dans cet endroit est inappropri\u00e9e.<\/p>","protected":false},"excerpt":{"rendered":"<p>Elizabeth May (Saanich\u2014Gulf Islands) 2022-06-06 13:40 [p.6126] Madame la Pr\u00e9sidente, je tiens tout d\u2019abord \u00e0 souligner que je prends la parole aujourd\u2019hui sur un territoire traditionnel de la&hellip;<\/p>\n","protected":false},"author":1381,"featured_media":0,"comment_status":"closed","ping_status":"closed","sticky":false,"template":"","format":"standard","meta":{"_acf_changed":false,"_price":"","_stock":"","_tribe_ticket_header":"","_tribe_default_ticket_provider":"","_tribe_ticket_capacity":"","_ticket_start_date":"","_ticket_end_date":"","_tribe_ticket_show_description":"","_tribe_ticket_show_not_going":false,"_tribe_ticket_use_global_stock":"","_tribe_ticket_global_stock_level":"","_global_stock_mode":"","_global_stock_cap":"","_tribe_rsvp_for_event":"","_tribe_ticket_going_count":"","_tribe_ticket_not_going_count":"","_tribe_tickets_list":"[]","_tribe_ticket_has_attendee_info_fields":false,"footnotes":""},"categories":[15,16],"tags":[472,2695,2568],"class_list":["post-26492","post","type-post","status-publish","format-standard","hentry","category-parliament","category-speeches","tag-budget","tag-c19","tag-wealth-tax"],"acf":[],"yoast_head":"<!-- This site is optimized with the Yoast SEO plugin v27.4 - https:\/\/yoast.com\/product\/yoast-seo-wordpress\/ -->\n<title>Nous devrions cibler l\u00e0 o\u00f9 le 1 % le plus riche cache sa fortune | Elizabeth May<\/title>\n<meta name=\"robots\" content=\"index, follow, max-snippet:-1, max-image-preview:large, max-video-preview:-1\" \/>\n<link rel=\"canonical\" href=\"https:\/\/elizabethmaymp.ca\/fr\/canada-should-be-going-after-where-the-1-hides-their-wealth\/\" \/>\n<meta property=\"og:locale\" content=\"en_US\" \/>\n<meta property=\"og:type\" content=\"article\" \/>\n<meta property=\"og:title\" content=\"Nous devrions cibler l\u00e0 o\u00f9 le 1 % le plus riche cache sa fortune | Elizabeth May\" \/>\n<meta property=\"og:description\" content=\"Elizabeth May (Saanich\u2014Gulf Islands) 2022-06-06 13:40 [p.6126] Madame la Pr\u00e9sidente, je tiens tout d\u2019abord \u00e0 souligner que je prends la parole aujourd\u2019hui sur un territoire traditionnel de la&hellip;\" \/>\n<meta property=\"og:url\" content=\"https:\/\/elizabethmaymp.ca\/fr\/canada-should-be-going-after-where-the-1-hides-their-wealth\/\" \/>\n<meta property=\"og:site_name\" content=\"Elizabeth May\" \/>\n<meta property=\"article:publisher\" content=\"https:\/\/www.facebook.com\/ElizabethMayMP\" \/>\n<meta property=\"article:published_time\" content=\"2022-06-06T20:40:41+00:00\" \/>\n<meta property=\"article:modified_time\" content=\"2022-06-16T13:41:48+00:00\" \/>\n<meta property=\"og:image\" content=\"https:\/\/elizabethmaymp.ca\/wp-content\/uploads\/Capture-2.jpg\" \/>\n\t<meta property=\"og:image:width\" content=\"578\" \/>\n\t<meta property=\"og:image:height\" content=\"324\" \/>\n\t<meta property=\"og:image:type\" content=\"image\/jpeg\" \/>\n<meta name=\"author\" content=\"Elizabeth May\" \/>\n<meta name=\"twitter:card\" content=\"summary_large_image\" \/>\n<meta name=\"twitter:creator\" content=\"@elizabethmay\" \/>\n<meta name=\"twitter:site\" content=\"@elizabethmay\" \/>\n<meta name=\"twitter:label1\" content=\"Written by\" \/>\n\t<meta name=\"twitter:data1\" content=\"Elizabeth May\" \/>\n\t<meta name=\"twitter:label2\" content=\"Est. reading time\" \/>\n\t<meta name=\"twitter:data2\" content=\"8 minutes\" \/>\n<script type=\"application\/ld+json\" class=\"yoast-schema-graph\">{\"@context\":\"https:\\\/\\\/schema.org\",\"@graph\":[{\"@type\":\"Article\",\"@id\":\"https:\\\/\\\/elizabethmaymp.ca\\\/canada-should-be-going-after-where-the-1-hides-their-wealth\\\/#article\",\"isPartOf\":{\"@id\":\"https:\\\/\\\/elizabethmaymp.ca\\\/canada-should-be-going-after-where-the-1-hides-their-wealth\\\/\"},\"author\":{\"name\":\"Elizabeth May\",\"@id\":\"https:\\\/\\\/elizabethmaymp.ca\\\/#\\\/schema\\\/person\\\/8ad70c936dfbb0f3a3af6907c5fdd64c\"},\"headline\":\"Nous devrions cibler l\u00e0 o\u00f9 le 1 % le plus riche cache sa fortune\",\"datePublished\":\"2022-06-06T20:40:41+00:00\",\"dateModified\":\"2022-06-16T13:41:48+00:00\",\"mainEntityOfPage\":{\"@id\":\"https:\\\/\\\/elizabethmaymp.ca\\\/canada-should-be-going-after-where-the-1-hides-their-wealth\\\/\"},\"wordCount\":1636,\"publisher\":{\"@id\":\"https:\\\/\\\/elizabethmaymp.ca\\\/#organization\"},\"keywords\":[\"Le budget\",\"C19\",\"wealth tax\"],\"articleSection\":[\"Parlement\",\"Discours\"],\"inLanguage\":\"en-US\"},{\"@type\":\"WebPage\",\"@id\":\"https:\\\/\\\/elizabethmaymp.ca\\\/fr\\\/canada-should-be-going-after-where-the-1-hides-their-wealth\\\/\",\"url\":\"https:\\\/\\\/elizabethmaymp.ca\\\/fr\\\/canada-should-be-going-after-where-the-1-hides-their-wealth\\\/\",\"name\":\"Nous devrions cibler l\u00e0 o\u00f9 le 1 % le plus riche cache sa fortune | Elizabeth May\",\"isPartOf\":{\"@id\":\"https:\\\/\\\/elizabethmaymp.ca\\\/fr\\\/#website\"},\"datePublished\":\"2022-06-06T20:40:41+00:00\",\"dateModified\":\"2022-06-16T13:41:48+00:00\",\"breadcrumb\":{\"@id\":\"https:\\\/\\\/elizabethmaymp.ca\\\/fr\\\/canada-should-be-going-after-where-the-1-hides-their-wealth\\\/#breadcrumb\"},\"inLanguage\":\"en-US\",\"potentialAction\":[{\"@type\":\"ReadAction\",\"target\":[[\"https:\\\/\\\/elizabethmaymp.ca\\\/fr\\\/canada-should-be-going-after-where-the-1-hides-their-wealth\\\/\"]]}]},{\"@type\":\"BreadcrumbList\",\"@id\":\"https:\\\/\\\/elizabethmaymp.ca\\\/fr\\\/canada-should-be-going-after-where-the-1-hides-their-wealth\\\/#breadcrumb\",\"itemListElement\":[{\"@type\":\"ListItem\",\"position\":1,\"name\":\"Home\",\"item\":\"https:\\\/\\\/elizabethmaymp.ca\\\/fr\\\/\"},{\"@type\":\"ListItem\",\"position\":2,\"name\":\"Canada should be going after where the 1% hides their wealth\"}]},{\"@type\":\"WebSite\",\"@id\":\"https:\\\/\\\/elizabethmaymp.ca\\\/fr\\\/#website\",\"url\":\"https:\\\/\\\/elizabethmaymp.ca\\\/fr\\\/\",\"name\":\"Elizabeth May\",\"description\":\"MP for Saanich and Gulf Islands\",\"publisher\":{\"@id\":\"https:\\\/\\\/elizabethmaymp.ca\\\/fr\\\/#organization\"},\"potentialAction\":[{\"@type\":\"SearchAction\",\"target\":{\"@type\":\"EntryPoint\",\"urlTemplate\":\"https:\\\/\\\/elizabethmaymp.ca\\\/fr\\\/?s={search_term_string}\"},\"query-input\":{\"@type\":\"PropertyValueSpecification\",\"valueRequired\":true,\"valueName\":\"search_term_string\"}}],\"inLanguage\":\"en-US\"},{\"@type\":\"Organization\",\"@id\":\"https:\\\/\\\/elizabethmaymp.ca\\\/fr\\\/#organization\",\"name\":\"Elizabeth May MP\",\"url\":\"https:\\\/\\\/elizabethmaymp.ca\\\/fr\\\/\",\"logo\":{\"@type\":\"ImageObject\",\"inLanguage\":\"en-US\",\"@id\":\"https:\\\/\\\/elizabethmaymp.ca\\\/fr\\\/#\\\/schema\\\/logo\\\/image\\\/\",\"url\":\"https:\\\/\\\/elizabethmaymp.ca\\\/wp-content\\\/uploads\\\/elizabethmay-button.png\",\"contentUrl\":\"https:\\\/\\\/elizabethmaymp.ca\\\/wp-content\\\/uploads\\\/elizabethmay-button.png\",\"width\":1501,\"height\":1501,\"caption\":\"Elizabeth May MP\"},\"image\":{\"@id\":\"https:\\\/\\\/elizabethmaymp.ca\\\/fr\\\/#\\\/schema\\\/logo\\\/image\\\/\"},\"sameAs\":[\"https:\\\/\\\/www.facebook.com\\\/ElizabethMayMP\",\"https:\\\/\\\/x.com\\\/elizabethmay\"]},{\"@type\":\"Person\",\"@id\":\"https:\\\/\\\/elizabethmaymp.ca\\\/#\\\/schema\\\/person\\\/8ad70c936dfbb0f3a3af6907c5fdd64c\",\"name\":\"Elizabeth May\",\"image\":{\"@type\":\"ImageObject\",\"inLanguage\":\"en-US\",\"@id\":\"https:\\\/\\\/secure.gravatar.com\\\/avatar\\\/7f32b0419a16ab6a875eb96521d826f03c3f2e604de2976ea8bf5afa253f814a?s=96&d=mm&r=g\",\"url\":\"https:\\\/\\\/secure.gravatar.com\\\/avatar\\\/7f32b0419a16ab6a875eb96521d826f03c3f2e604de2976ea8bf5afa253f814a?s=96&d=mm&r=g\",\"contentUrl\":\"https:\\\/\\\/secure.gravatar.com\\\/avatar\\\/7f32b0419a16ab6a875eb96521d826f03c3f2e604de2976ea8bf5afa253f814a?s=96&d=mm&r=g\",\"caption\":\"Elizabeth May\"},\"url\":\"https:\\\/\\\/elizabethmaymp.ca\\\/fr\\\/author\\\/outreach-coordinator\\\/\"}]}<\/script>\n<!-- \/ Yoast SEO plugin. -->","yoast_head_json":{"title":"Nous devrions cibler l\u00e0 o\u00f9 le 1 % le plus riche cache sa fortune | Elizabeth May","robots":{"index":"index","follow":"follow","max-snippet":"max-snippet:-1","max-image-preview":"max-image-preview:large","max-video-preview":"max-video-preview:-1"},"canonical":"https:\/\/elizabethmaymp.ca\/fr\/canada-should-be-going-after-where-the-1-hides-their-wealth\/","og_locale":"en_US","og_type":"article","og_title":"Nous devrions cibler l\u00e0 o\u00f9 le 1 % le plus riche cache sa fortune | Elizabeth May","og_description":"Elizabeth May (Saanich\u2014Gulf Islands) 2022-06-06 13:40 [p.6126] Madame la Pr\u00e9sidente, je tiens tout d\u2019abord \u00e0 souligner que je prends la parole aujourd\u2019hui sur un territoire traditionnel de la&hellip;","og_url":"https:\/\/elizabethmaymp.ca\/fr\/canada-should-be-going-after-where-the-1-hides-their-wealth\/","og_site_name":"Elizabeth May","article_publisher":"https:\/\/www.facebook.com\/ElizabethMayMP","article_published_time":"2022-06-06T20:40:41+00:00","article_modified_time":"2022-06-16T13:41:48+00:00","og_image":[{"width":578,"height":324,"url":"https:\/\/elizabethmaymp.ca\/wp-content\/uploads\/Capture-2.jpg","type":"image\/jpeg"}],"author":"Elizabeth May","twitter_card":"summary_large_image","twitter_creator":"@elizabethmay","twitter_site":"@elizabethmay","twitter_misc":{"Written by":"Elizabeth May","Est. reading time":"8 minutes"},"schema":{"@context":"https:\/\/schema.org","@graph":[{"@type":"Article","@id":"https:\/\/elizabethmaymp.ca\/canada-should-be-going-after-where-the-1-hides-their-wealth\/#article","isPartOf":{"@id":"https:\/\/elizabethmaymp.ca\/canada-should-be-going-after-where-the-1-hides-their-wealth\/"},"author":{"name":"Elizabeth May","@id":"https:\/\/elizabethmaymp.ca\/#\/schema\/person\/8ad70c936dfbb0f3a3af6907c5fdd64c"},"headline":"Nous devrions cibler l\u00e0 o\u00f9 le 1 % le plus riche cache sa fortune","datePublished":"2022-06-06T20:40:41+00:00","dateModified":"2022-06-16T13:41:48+00:00","mainEntityOfPage":{"@id":"https:\/\/elizabethmaymp.ca\/canada-should-be-going-after-where-the-1-hides-their-wealth\/"},"wordCount":1636,"publisher":{"@id":"https:\/\/elizabethmaymp.ca\/#organization"},"keywords":["Le budget","C19","wealth tax"],"articleSection":["Parlement","Discours"],"inLanguage":"en-US"},{"@type":"WebPage","@id":"https:\/\/elizabethmaymp.ca\/fr\/canada-should-be-going-after-where-the-1-hides-their-wealth\/","url":"https:\/\/elizabethmaymp.ca\/fr\/canada-should-be-going-after-where-the-1-hides-their-wealth\/","name":"Nous devrions cibler l\u00e0 o\u00f9 le 1 % le plus riche cache sa fortune | Elizabeth May","isPartOf":{"@id":"https:\/\/elizabethmaymp.ca\/fr\/#website"},"datePublished":"2022-06-06T20:40:41+00:00","dateModified":"2022-06-16T13:41:48+00:00","breadcrumb":{"@id":"https:\/\/elizabethmaymp.ca\/fr\/canada-should-be-going-after-where-the-1-hides-their-wealth\/#breadcrumb"},"inLanguage":"en-US","potentialAction":[{"@type":"ReadAction","target":[["https:\/\/elizabethmaymp.ca\/fr\/canada-should-be-going-after-where-the-1-hides-their-wealth\/"]]}]},{"@type":"BreadcrumbList","@id":"https:\/\/elizabethmaymp.ca\/fr\/canada-should-be-going-after-where-the-1-hides-their-wealth\/#breadcrumb","itemListElement":[{"@type":"ListItem","position":1,"name":"Home","item":"https:\/\/elizabethmaymp.ca\/fr\/"},{"@type":"ListItem","position":2,"name":"Canada should be going after where the 1% hides their wealth"}]},{"@type":"WebSite","@id":"https:\/\/elizabethmaymp.ca\/fr\/#website","url":"https:\/\/elizabethmaymp.ca\/fr\/","name":"Elizabeth May","description":"MP for Saanich and Gulf Islands","publisher":{"@id":"https:\/\/elizabethmaymp.ca\/fr\/#organization"},"potentialAction":[{"@type":"SearchAction","target":{"@type":"EntryPoint","urlTemplate":"https:\/\/elizabethmaymp.ca\/fr\/?s={search_term_string}"},"query-input":{"@type":"PropertyValueSpecification","valueRequired":true,"valueName":"search_term_string"}}],"inLanguage":"en-US"},{"@type":"Organization","@id":"https:\/\/elizabethmaymp.ca\/fr\/#organization","name":"Elizabeth May MP","url":"https:\/\/elizabethmaymp.ca\/fr\/","logo":{"@type":"ImageObject","inLanguage":"en-US","@id":"https:\/\/elizabethmaymp.ca\/fr\/#\/schema\/logo\/image\/","url":"https:\/\/elizabethmaymp.ca\/wp-content\/uploads\/elizabethmay-button.png","contentUrl":"https:\/\/elizabethmaymp.ca\/wp-content\/uploads\/elizabethmay-button.png","width":1501,"height":1501,"caption":"Elizabeth May MP"},"image":{"@id":"https:\/\/elizabethmaymp.ca\/fr\/#\/schema\/logo\/image\/"},"sameAs":["https:\/\/www.facebook.com\/ElizabethMayMP","https:\/\/x.com\/elizabethmay"]},{"@type":"Person","@id":"https:\/\/elizabethmaymp.ca\/#\/schema\/person\/8ad70c936dfbb0f3a3af6907c5fdd64c","name":"Elizabeth May","image":{"@type":"ImageObject","inLanguage":"en-US","@id":"https:\/\/secure.gravatar.com\/avatar\/7f32b0419a16ab6a875eb96521d826f03c3f2e604de2976ea8bf5afa253f814a?s=96&d=mm&r=g","url":"https:\/\/secure.gravatar.com\/avatar\/7f32b0419a16ab6a875eb96521d826f03c3f2e604de2976ea8bf5afa253f814a?s=96&d=mm&r=g","contentUrl":"https:\/\/secure.gravatar.com\/avatar\/7f32b0419a16ab6a875eb96521d826f03c3f2e604de2976ea8bf5afa253f814a?s=96&d=mm&r=g","caption":"Elizabeth May"},"url":"https:\/\/elizabethmaymp.ca\/fr\/author\/outreach-coordinator\/"}]}},"_links":{"self":[{"href":"https:\/\/elizabethmaymp.ca\/fr\/wp-json\/wp\/v2\/posts\/26492","targetHints":{"allow":["GET"]}}],"collection":[{"href":"https:\/\/elizabethmaymp.ca\/fr\/wp-json\/wp\/v2\/posts"}],"about":[{"href":"https:\/\/elizabethmaymp.ca\/fr\/wp-json\/wp\/v2\/types\/post"}],"author":[{"embeddable":true,"href":"https:\/\/elizabethmaymp.ca\/fr\/wp-json\/wp\/v2\/users\/1381"}],"replies":[{"embeddable":true,"href":"https:\/\/elizabethmaymp.ca\/fr\/wp-json\/wp\/v2\/comments?post=26492"}],"version-history":[{"count":1,"href":"https:\/\/elizabethmaymp.ca\/fr\/wp-json\/wp\/v2\/posts\/26492\/revisions"}],"predecessor-version":[{"id":26493,"href":"https:\/\/elizabethmaymp.ca\/fr\/wp-json\/wp\/v2\/posts\/26492\/revisions\/26493"}],"wp:attachment":[{"href":"https:\/\/elizabethmaymp.ca\/fr\/wp-json\/wp\/v2\/media?parent=26492"}],"wp:term":[{"taxonomy":"category","embeddable":true,"href":"https:\/\/elizabethmaymp.ca\/fr\/wp-json\/wp\/v2\/categories?post=26492"},{"taxonomy":"post_tag","embeddable":true,"href":"https:\/\/elizabethmaymp.ca\/fr\/wp-json\/wp\/v2\/tags?post=26492"}],"curies":[{"name":"wp","href":"https:\/\/api.w.org\/{rel}","templated":true}]}}