{"id":27013,"date":"2023-03-10T17:47:26","date_gmt":"2023-03-11T01:47:26","guid":{"rendered":"https:\/\/elizabethmaymp.ca\/?p=27013"},"modified":"2023-03-13T08:00:32","modified_gmt":"2023-03-13T15:00:32","slug":"week-in-review-03-06-10","status":"publish","type":"post","link":"https:\/\/elizabethmaymp.ca\/fr\/week-in-review-03-06-10\/","title":{"rendered":"Bilan de la semaine 03\/06-10"},"content":{"rendered":"<p>Mardi dernier, Mike et Elizabeth ont tenu une conf\u00e9rence de presse pour pr\u00e9senter leurs priorit\u00e9s en pr\u00e9vision de la visite du pr\u00e9sident Biden au courant du mois. Ils ont notamment encourag\u00e9 le gouvernement \u00e0 rattraper les \u00c9tats-Unis en ce qui concerne l\u2018action climatique et les objectifs \u00e0 cet \u00e9gard, lesquels devancent constamment le Canada.<\/p>\n<p>Cette semaine, Elizabeth et Mike ont c\u00e9l\u00e9br\u00e9 la Journ\u00e9e internationale de la femme. Elizabeth a \u00e9t\u00e9 ravie que deux jeunes femmes de l\u2018Universit\u00e9 m\u00e9tropolitaine de Toronto la suivent au Parlement dans le cadre du programme \u00ab\u00a0Femmes au Parlement\u00a0\u00bb, qui vise \u00e0 promouvoir la participation des femmes \u00e0 la politique canadienne.<\/p>\n<p>Mercredi, Elizabeth et Mike ont entendu l\u2018allocution historique de la pr\u00e9sidente de la Commission europ\u00e9enne, Ursula von der\u00a0Leyen.<\/p>\n<p>Les membres du Comit\u00e9 de l\u2018environnement ont entendu tous les amendements d\u2018Elizabeth portant sur le projet de loi S-5, qui permettraient d\u2018actualiser la Loi canadienne sur la protection de l\u2018environnement, et ils les ont tous rejet\u00e9s. Ces amendements auraient contribu\u00e9 \u00e0 renforcer la Loi \u00e0 plusieurs \u00e9gards. Elizabeth n\u2018est plus persuad\u00e9e d\u2018\u00eatre en mesure de voter pour le projet de loi\u00a0S-5 sous sa forme affaiblie.<\/p>\n<h3 id=\"m_-2296459872420626205editable_9e563da7-c6c1-c04a-bace-a42ec7992f2e\" role=\"textbox\"><b>Moments cl\u00e9s<\/b><\/h3>\n<div id=\"m_-2296459872420626205editable_c314adf9-05cb-6642-718f-d53996d70e4d\" role=\"textbox\">\n<p><u><a href=\"https:\/\/linker.eshelf.org\/ls\/click?upn=1McA-2BpA7a0Cx7g7EQQ3MMKrT2D-2FSABkjJeQhfc4QobuTFuVu-2BVWKh-2Bwdj4HRWeb1FaD8vrKD7xLmL0gNOHfFdw-3D-3DmusS_OQINQjnU8m-2FM7Gy-2BF4rVYM-2Fl-2Fh59ZuV8wPfQAmj8G-2Fr4ka4u7kFZoLhVJu3YNYtlYUzdOP-2BlAmmejtU5I0MSz-2FE9G7HRLa0zNvPBmFUdYSBJU4HnASVmEkrYZCDtA1qP9hKQj0WJ-2Fj7OG4LRrFK7w0QKcLTzeXCAV2EtePCKoUuZR2CWQ6DgfDQQucla7rThuskuMuf3XuqQYAddIDOwXjW72IFhllTUDnrQuafBhFNXazxyNKwxvy3h2Qq3goUNONdxqaUK2Y7ugVftAgjCeO3Bhlokh49sZpHrQedx-2BGTanm93SlHuCAgBb8DUZOvQ9UGQAF-2FHMb-2F3FoYWTUbhliUd97zBRZZ3krZPyQ0YTs3ZJJ9QmFk3c90-2B5tjeb5Vf6LzvZBgmyLoQomqUz3d3UbEI1BtdThJKZ3hNsCiBQpANCIBdQyYOo4r65eAqmUlUWc1831rieXukFlj-2FNqxKx45OrdtTaOJ8KcwzuuVynb-2BOUnAwneE2J4vxCeqnaAn4\" target=\"_blank\" rel=\"noopener\" data-saferedirecturl=\"https:\/\/www.google.com\/url?q=https:\/\/linker.eshelf.org\/ls\/click?upn%3D1McA-2BpA7a0Cx7g7EQQ3MMKrT2D-2FSABkjJeQhfc4QobuTFuVu-2BVWKh-2Bwdj4HRWeb1FaD8vrKD7xLmL0gNOHfFdw-3D-3DmusS_OQINQjnU8m-2FM7Gy-2BF4rVYM-2Fl-2Fh59ZuV8wPfQAmj8G-2Fr4ka4u7kFZoLhVJu3YNYtlYUzdOP-2BlAmmejtU5I0MSz-2FE9G7HRLa0zNvPBmFUdYSBJU4HnASVmEkrYZCDtA1qP9hKQj0WJ-2Fj7OG4LRrFK7w0QKcLTzeXCAV2EtePCKoUuZR2CWQ6DgfDQQucla7rThuskuMuf3XuqQYAddIDOwXjW72IFhllTUDnrQuafBhFNXazxyNKwxvy3h2Qq3goUNONdxqaUK2Y7ugVftAgjCeO3Bhlokh49sZpHrQedx-2BGTanm93SlHuCAgBb8DUZOvQ9UGQAF-2FHMb-2F3FoYWTUbhliUd97zBRZZ3krZPyQ0YTs3ZJJ9QmFk3c90-2B5tjeb5Vf6LzvZBgmyLoQomqUz3d3UbEI1BtdThJKZ3hNsCiBQpANCIBdQyYOo4r65eAqmUlUWc1831rieXukFlj-2FNqxKx45OrdtTaOJ8KcwzuuVynb-2BOUnAwneE2J4vxCeqnaAn4&amp;source=gmail&amp;ust=1678620571487000&amp;usg=AOvVaw2WotTSuvLTGvSgxozu63ri\">Elizabeth May fait ses adieux \u00e0 l&#8217;honorable Marc Garneau<\/a><\/u><\/p>\n<p><u><a href=\"https:\/\/linker.eshelf.org\/ls\/click?upn=1McA-2BpA7a0Cx7g7EQQ3MMKrT2D-2FSABkjJeQhfc4Qobs4Q7cBkyAZ1TU4mLkkq7K4gTHJEsCIRHDzyZhKljaTsA-3D-3DcAPG_OQINQjnU8m-2FM7Gy-2BF4rVYM-2Fl-2Fh59ZuV8wPfQAmj8G-2Fr4ka4u7kFZoLhVJu3YNYtlYUzdOP-2BlAmmejtU5I0MSz-2FE9G7HRLa0zNvPBmFUdYSBJU4HnASVmEkrYZCDtA1qP9hKQj0WJ-2Fj7OG4LRrFK7w0QKcLTzeXCAV2EtePCKoUuZR2CWQ6DgfDQQucla7rThuskuMuf3XuqQYAddIDOwXjW72IFhllTUDnrQuafBhFNXazxyNKwxvy3h2Qq3goUNONdxqaUK2Y7ugVftAgjCeO3Bhlokh49sZpHrQedx-2BGTanm93SlHuCAgBb8DUZOvQSrGpR4B-2BCHMFk8MXXo1cW7q2mBCksd6AR-2BesfNFdqtLY1IEQQkwpeO3-2F99mEET6IWfGMjkI-2FXx6BfL2Y4wQyRYPLHXmR2K2QdQxG3gOjJ-2B3FZC-2FWox9x27f6vxoUNZSp-2F5TU7s5Zs5Jm1LjIcmiihSaY2-2BybyRg8J6fY6FwayOwtmVmVpRNi143cO7Z1HrJc\" target=\"_blank\" rel=\"noopener\" data-saferedirecturl=\"https:\/\/www.google.com\/url?q=https:\/\/linker.eshelf.org\/ls\/click?upn%3D1McA-2BpA7a0Cx7g7EQQ3MMKrT2D-2FSABkjJeQhfc4Qobs4Q7cBkyAZ1TU4mLkkq7K4gTHJEsCIRHDzyZhKljaTsA-3D-3DcAPG_OQINQjnU8m-2FM7Gy-2BF4rVYM-2Fl-2Fh59ZuV8wPfQAmj8G-2Fr4ka4u7kFZoLhVJu3YNYtlYUzdOP-2BlAmmejtU5I0MSz-2FE9G7HRLa0zNvPBmFUdYSBJU4HnASVmEkrYZCDtA1qP9hKQj0WJ-2Fj7OG4LRrFK7w0QKcLTzeXCAV2EtePCKoUuZR2CWQ6DgfDQQucla7rThuskuMuf3XuqQYAddIDOwXjW72IFhllTUDnrQuafBhFNXazxyNKwxvy3h2Qq3goUNONdxqaUK2Y7ugVftAgjCeO3Bhlokh49sZpHrQedx-2BGTanm93SlHuCAgBb8DUZOvQSrGpR4B-2BCHMFk8MXXo1cW7q2mBCksd6AR-2BesfNFdqtLY1IEQQkwpeO3-2F99mEET6IWfGMjkI-2FXx6BfL2Y4wQyRYPLHXmR2K2QdQxG3gOjJ-2B3FZC-2FWox9x27f6vxoUNZSp-2F5TU7s5Zs5Jm1LjIcmiihSaY2-2BybyRg8J6fY6FwayOwtmVmVpRNi143cO7Z1HrJc&amp;source=gmail&amp;ust=1678620571488000&amp;usg=AOvVaw0EAQOMEL1hcn0W3OknNaJy\">Mike Morrice : Les entreprises les plus riches devraient payer une part \u00e9quitable des imp\u00f4ts<\/a><\/u><\/p>\n<p><u><a href=\"https:\/\/linker.eshelf.org\/ls\/click?upn=1McA-2BpA7a0Cx7g7EQQ3MMKrT2D-2FSABkjJeQhfc4QobuKxPBPLjeGgPxxQuUoh-2FYDjbgYgN-2BKOm9TJ9W9tYm5KA-3D-3DTsXE_OQINQjnU8m-2FM7Gy-2BF4rVYM-2Fl-2Fh59ZuV8wPfQAmj8G-2Fr4ka4u7kFZoLhVJu3YNYtlYUzdOP-2BlAmmejtU5I0MSz-2FE9G7HRLa0zNvPBmFUdYSBJU4HnASVmEkrYZCDtA1qP9hKQj0WJ-2Fj7OG4LRrFK7w0QKcLTzeXCAV2EtePCKoUuZR2CWQ6DgfDQQucla7rThuskuMuf3XuqQYAddIDOwXjW72IFhllTUDnrQuafBhFNXazxyNKwxvy3h2Qq3goUNONdxqaUK2Y7ugVftAgjCeO3Bhlokh49sZpHrQedx-2BGTanm93SlHuCAgBb8DUZOvQKulBOLMbMyEfi6ajJU0GRRy6eP7xS40YwPndfRPIg9FOy3b-2F25BoT945F4Gyuf8eB5t7GtaCJ4NWDLqdtY582hT7qIJQVZ5g2XubpFskgjn6E80WxdeHn14fB5W4FohAYDKaELV0GmULpgHjkxE61C2lQUVIfZ2bU9qJCbYD988duAcBRrtP6Hg2CNmZKfV-2B\" target=\"_blank\" rel=\"noopener\" data-saferedirecturl=\"https:\/\/www.google.com\/url?q=https:\/\/linker.eshelf.org\/ls\/click?upn%3D1McA-2BpA7a0Cx7g7EQQ3MMKrT2D-2FSABkjJeQhfc4QobuKxPBPLjeGgPxxQuUoh-2FYDjbgYgN-2BKOm9TJ9W9tYm5KA-3D-3DTsXE_OQINQjnU8m-2FM7Gy-2BF4rVYM-2Fl-2Fh59ZuV8wPfQAmj8G-2Fr4ka4u7kFZoLhVJu3YNYtlYUzdOP-2BlAmmejtU5I0MSz-2FE9G7HRLa0zNvPBmFUdYSBJU4HnASVmEkrYZCDtA1qP9hKQj0WJ-2Fj7OG4LRrFK7w0QKcLTzeXCAV2EtePCKoUuZR2CWQ6DgfDQQucla7rThuskuMuf3XuqQYAddIDOwXjW72IFhllTUDnrQuafBhFNXazxyNKwxvy3h2Qq3goUNONdxqaUK2Y7ugVftAgjCeO3Bhlokh49sZpHrQedx-2BGTanm93SlHuCAgBb8DUZOvQKulBOLMbMyEfi6ajJU0GRRy6eP7xS40YwPndfRPIg9FOy3b-2F25BoT945F4Gyuf8eB5t7GtaCJ4NWDLqdtY582hT7qIJQVZ5g2XubpFskgjn6E80WxdeHn14fB5W4FohAYDKaELV0GmULpgHjkxE61C2lQUVIfZ2bU9qJCbYD988duAcBRrtP6Hg2CNmZKfV-2B&amp;source=gmail&amp;ust=1678620571488000&amp;usg=AOvVaw22LzDZsDUlV-jj2hUZNwkw\">Elizabeth May : Le gouvernement doit d\u00e9fendre les droits des enfants<\/a><\/u><\/p>\n<p><u><a href=\"https:\/\/linker.eshelf.org\/ls\/click?upn=1McA-2BpA7a0Cx7g7EQQ3MMKrT2D-2FSABkjJeQhfc4QobtzpUJVfY1uf3jiMIRSOe-2BalRLdlU5i-2FHrIvIMtZvW6Pw-3D-3D1c36_OQINQjnU8m-2FM7Gy-2BF4rVYM-2Fl-2Fh59ZuV8wPfQAmj8G-2Fr4ka4u7kFZoLhVJu3YNYtlYUzdOP-2BlAmmejtU5I0MSz-2FE9G7HRLa0zNvPBmFUdYSBJU4HnASVmEkrYZCDtA1qP9hKQj0WJ-2Fj7OG4LRrFK7w0QKcLTzeXCAV2EtePCKoUuZR2CWQ6DgfDQQucla7rThuskuMuf3XuqQYAddIDOwXjW72IFhllTUDnrQuafBhFNXazxyNKwxvy3h2Qq3goUNONdxqaUK2Y7ugVftAgjCeO3Bhlokh49sZpHrQedx-2BGTanm93SlHuCAgBb8DUZOvQyf-2BJvHqENH6iRrbrqCULBYwaI9CPPJxH-2BzryIYYZqnBfiwhOrCcbpD2SrgsBsPfMppFM58NlrUwd4g382pLP-2FD9feGE-2BUQx8UFqSt9lo8huH6BJ8JETMJws6TvoTjcUi3CC8lFWg8IoNM3KASg-2F6BqBC-2BeEUBqyKn-2BsAK174QEt9C0Yf95i4obfPT2jYbLni\" target=\"_blank\" rel=\"noopener\" data-saferedirecturl=\"https:\/\/www.google.com\/url?q=https:\/\/linker.eshelf.org\/ls\/click?upn%3D1McA-2BpA7a0Cx7g7EQQ3MMKrT2D-2FSABkjJeQhfc4QobtzpUJVfY1uf3jiMIRSOe-2BalRLdlU5i-2FHrIvIMtZvW6Pw-3D-3D1c36_OQINQjnU8m-2FM7Gy-2BF4rVYM-2Fl-2Fh59ZuV8wPfQAmj8G-2Fr4ka4u7kFZoLhVJu3YNYtlYUzdOP-2BlAmmejtU5I0MSz-2FE9G7HRLa0zNvPBmFUdYSBJU4HnASVmEkrYZCDtA1qP9hKQj0WJ-2Fj7OG4LRrFK7w0QKcLTzeXCAV2EtePCKoUuZR2CWQ6DgfDQQucla7rThuskuMuf3XuqQYAddIDOwXjW72IFhllTUDnrQuafBhFNXazxyNKwxvy3h2Qq3goUNONdxqaUK2Y7ugVftAgjCeO3Bhlokh49sZpHrQedx-2BGTanm93SlHuCAgBb8DUZOvQyf-2BJvHqENH6iRrbrqCULBYwaI9CPPJxH-2BzryIYYZqnBfiwhOrCcbpD2SrgsBsPfMppFM58NlrUwd4g382pLP-2FD9feGE-2BUQx8UFqSt9lo8huH6BJ8JETMJws6TvoTjcUi3CC8lFWg8IoNM3KASg-2F6BqBC-2BeEUBqyKn-2BsAK174QEt9C0Yf95i4obfPT2jYbLni&amp;source=gmail&amp;ust=1678620571488000&amp;usg=AOvVaw3xZ-eYDmkwN-P1oXV7mna7\">Elizabeth May : Cesser de subventionner les compagnies p\u00e9troli\u00e8res et agir contre la corruption<\/a><\/u><\/p>\n<h3 id=\"m_-2296459872420626205editable_075856c0-0009-b7af-ddb1-5720ca90c3a8\" role=\"textbox\"><b>Dans les m\u00e9dias<\/b><\/h3>\n<div id=\"m_-2296459872420626205editable_86e32d2f-05cf-75a6-a155-5d91efc5faaa\" role=\"textbox\"><u><a href=\"https:\/\/linker.eshelf.org\/ls\/click?upn=wzjf2KJotwsZFaHR2t4FQl3-2FR-2BdW-2BqPmoJ4FpFwzVHPp8cRr56vbXrWvf-2F7j9-2FAmoUa0h1VdQTeWTgTO5xO7Y0KMfC9RW4yT-2BSegbUYfpKok6-2BckA4WZdPNnxW0BfKNFEX1LDM4OIbxk80Ahrdb-2FDM7GS4TtbBnL8ZXiC-2BN6W4A-2FZpSBOUWxrxPtrustaMuONyNC_OQINQjnU8m-2FM7Gy-2BF4rVYM-2Fl-2Fh59ZuV8wPfQAmj8G-2Fr4ka4u7kFZoLhVJu3YNYtlYUzdOP-2BlAmmejtU5I0MSz-2FE9G7HRLa0zNvPBmFUdYSBJU4HnASVmEkrYZCDtA1qP9hKQj0WJ-2Fj7OG4LRrFK7w0QKcLTzeXCAV2EtePCKoUuZR2CWQ6DgfDQQucla7rThuskuMuf3XuqQYAddIDOwXjW72IFhllTUDnrQuafBhFNXazxyNKwxvy3h2Qq3goUNONdxqaUK2Y7ugVftAgjCeO3Bhlokh49sZpHrQedx-2BGTanm93SlHuCAgBb8DUZOvQtFXCuInLYshsUEM5o3L4EW4bPQwG0ERghnQhRksV8akM8-2B7-2BEpoIeNFL6vz-2BsHqCk-2FP1SLNOriIUGSS3xFy93tfz87ibEe70QVAzjva-2FuNoUInlx7NKn4lz4i5CA3vBTA4dlz3Ya8ksPzTnNqIlY88UAmhpkBeQtfxx3Pt1b3-2F-2Fa6w7OE4Z01M8QTTWwh1Ms\" target=\"_blank\" rel=\"noopener\" data-saferedirecturl=\"https:\/\/www.google.com\/url?q=https:\/\/linker.eshelf.org\/ls\/click?upn%3Dwzjf2KJotwsZFaHR2t4FQl3-2FR-2BdW-2BqPmoJ4FpFwzVHPp8cRr56vbXrWvf-2F7j9-2FAmoUa0h1VdQTeWTgTO5xO7Y0KMfC9RW4yT-2BSegbUYfpKok6-2BckA4WZdPNnxW0BfKNFEX1LDM4OIbxk80Ahrdb-2FDM7GS4TtbBnL8ZXiC-2BN6W4A-2FZpSBOUWxrxPtrustaMuONyNC_OQINQjnU8m-2FM7Gy-2BF4rVYM-2Fl-2Fh59ZuV8wPfQAmj8G-2Fr4ka4u7kFZoLhVJu3YNYtlYUzdOP-2BlAmmejtU5I0MSz-2FE9G7HRLa0zNvPBmFUdYSBJU4HnASVmEkrYZCDtA1qP9hKQj0WJ-2Fj7OG4LRrFK7w0QKcLTzeXCAV2EtePCKoUuZR2CWQ6DgfDQQucla7rThuskuMuf3XuqQYAddIDOwXjW72IFhllTUDnrQuafBhFNXazxyNKwxvy3h2Qq3goUNONdxqaUK2Y7ugVftAgjCeO3Bhlokh49sZpHrQedx-2BGTanm93SlHuCAgBb8DUZOvQtFXCuInLYshsUEM5o3L4EW4bPQwG0ERghnQhRksV8akM8-2B7-2BEpoIeNFL6vz-2BsHqCk-2FP1SLNOriIUGSS3xFy93tfz87ibEe70QVAzjva-2FuNoUInlx7NKn4lz4i5CA3vBTA4dlz3Ya8ksPzTnNqIlY88UAmhpkBeQtfxx3Pt1b3-2F-2Fa6w7OE4Z01M8QTTWwh1Ms&amp;source=gmail&amp;ust=1678620571488000&amp;usg=AOvVaw3eDVV5oJyKphOxt2j-Jmvp\">Les d\u00e9p. du Parti Vert sur la prochaine visite du pr\u00e9sident am\u00e9ricain \u00e0 Canada<\/a>\u00a0(aucune interpr\u00e9tation simultan\u00e9e)<\/u><\/div>\n<\/div>\n<p><\/p>","protected":false},"excerpt":{"rendered":"<p>Mardi dernier, Mike et Elizabeth ont tenu une conf\u00e9rence de presse pour pr\u00e9senter leurs priorit\u00e9s en pr\u00e9vision de la visite du pr\u00e9sident Biden au courant du mois. Ils&hellip;<\/p>\n","protected":false},"author":1381,"featured_media":0,"comment_status":"closed","ping_status":"closed","sticky":false,"template":"","format":"standard","meta":{"_acf_changed":false,"_price":"","_stock":"","_tribe_ticket_header":"","_tribe_default_ticket_provider":"","_tribe_ticket_capacity":"","_ticket_start_date":"","_ticket_end_date":"","_tribe_ticket_show_description":"","_tribe_ticket_show_not_going":false,"_tribe_ticket_use_global_stock":"","_tribe_ticket_global_stock_level":"","_global_stock_mode":"","_global_stock_cap":"","_tribe_rsvp_for_event":"","_tribe_ticket_going_count":"","_tribe_ticket_not_going_count":"","_tribe_tickets_list":"[]","_tribe_ticket_has_attendee_info_fields":false,"footnotes":""},"categories":[11,2444],"tags":[],"class_list":["post-27013","post","type-post","status-publish","format-standard","hentry","category-publications","category-week-in-review"],"acf":[],"yoast_head":"<!-- This site is optimized with the Yoast SEO plugin v27.4 - https:\/\/yoast.com\/product\/yoast-seo-wordpress\/ -->\n<title>Bilan de la semaine 03\/06-10 | Elizabeth May<\/title>\n<meta name=\"robots\" content=\"index, follow, max-snippet:-1, max-image-preview:large, max-video-preview:-1\" \/>\n<link rel=\"canonical\" href=\"https:\/\/elizabethmaymp.ca\/fr\/week-in-review-03-06-10\/\" \/>\n<meta property=\"og:locale\" content=\"en_US\" \/>\n<meta property=\"og:type\" content=\"article\" \/>\n<meta property=\"og:title\" content=\"Bilan de la semaine 03\/06-10 | Elizabeth May\" \/>\n<meta property=\"og:description\" content=\"Mardi dernier, Mike et Elizabeth ont tenu une conf\u00e9rence de presse pour pr\u00e9senter leurs priorit\u00e9s en pr\u00e9vision de la visite du pr\u00e9sident Biden au courant du mois. Ils&hellip;\" \/>\n<meta property=\"og:url\" content=\"https:\/\/elizabethmaymp.ca\/fr\/week-in-review-03-06-10\/\" \/>\n<meta property=\"og:site_name\" content=\"Elizabeth May\" \/>\n<meta property=\"article:publisher\" content=\"https:\/\/www.facebook.com\/ElizabethMayMP\" \/>\n<meta property=\"article:published_time\" content=\"2023-03-11T01:47:26+00:00\" \/>\n<meta property=\"article:modified_time\" content=\"2023-03-13T15:00:32+00:00\" \/>\n<meta property=\"og:image\" content=\"https:\/\/elizabethmaymp.ca\/wp-content\/uploads\/Week-in-Review-Facebook-2.png\" \/>\n\t<meta property=\"og:image:width\" content=\"940\" \/>\n\t<meta property=\"og:image:height\" content=\"788\" \/>\n\t<meta property=\"og:image:type\" content=\"image\/png\" \/>\n<meta name=\"author\" content=\"Elizabeth May\" \/>\n<meta name=\"twitter:card\" content=\"summary_large_image\" \/>\n<meta name=\"twitter:creator\" content=\"@elizabethmay\" \/>\n<meta name=\"twitter:site\" content=\"@elizabethmay\" \/>\n<meta name=\"twitter:label1\" content=\"Written by\" \/>\n\t<meta name=\"twitter:data1\" content=\"Elizabeth May\" \/>\n\t<meta name=\"twitter:label2\" content=\"Est. reading time\" \/>\n\t<meta name=\"twitter:data2\" content=\"3 minutes\" \/>\n<script type=\"application\/ld+json\" class=\"yoast-schema-graph\">{\"@context\":\"https:\\\/\\\/schema.org\",\"@graph\":[{\"@type\":\"Article\",\"@id\":\"https:\\\/\\\/elizabethmaymp.ca\\\/week-in-review-03-06-10\\\/#article\",\"isPartOf\":{\"@id\":\"https:\\\/\\\/elizabethmaymp.ca\\\/week-in-review-03-06-10\\\/\"},\"author\":{\"name\":\"Elizabeth May\",\"@id\":\"https:\\\/\\\/elizabethmaymp.ca\\\/#\\\/schema\\\/person\\\/8ad70c936dfbb0f3a3af6907c5fdd64c\"},\"headline\":\"Bilan de la semaine 03\\\/06-10\",\"datePublished\":\"2023-03-11T01:47:26+00:00\",\"dateModified\":\"2023-03-13T15:00:32+00:00\",\"mainEntityOfPage\":{\"@id\":\"https:\\\/\\\/elizabethmaymp.ca\\\/week-in-review-03-06-10\\\/\"},\"wordCount\":543,\"publisher\":{\"@id\":\"https:\\\/\\\/elizabethmaymp.ca\\\/#organization\"},\"articleSection\":[\"Publications\",\"Week in Review\"],\"inLanguage\":\"en-US\"},{\"@type\":\"WebPage\",\"@id\":\"https:\\\/\\\/elizabethmaymp.ca\\\/fr\\\/week-in-review-03-06-10\\\/\",\"url\":\"https:\\\/\\\/elizabethmaymp.ca\\\/fr\\\/week-in-review-03-06-10\\\/\",\"name\":\"Bilan de la semaine 03\\\/06-10 | Elizabeth May\",\"isPartOf\":{\"@id\":\"https:\\\/\\\/elizabethmaymp.ca\\\/fr\\\/#website\"},\"datePublished\":\"2023-03-11T01:47:26+00:00\",\"dateModified\":\"2023-03-13T15:00:32+00:00\",\"breadcrumb\":{\"@id\":\"https:\\\/\\\/elizabethmaymp.ca\\\/fr\\\/week-in-review-03-06-10\\\/#breadcrumb\"},\"inLanguage\":\"en-US\",\"potentialAction\":[{\"@type\":\"ReadAction\",\"target\":[[\"https:\\\/\\\/elizabethmaymp.ca\\\/fr\\\/week-in-review-03-06-10\\\/\"]]}]},{\"@type\":\"BreadcrumbList\",\"@id\":\"https:\\\/\\\/elizabethmaymp.ca\\\/fr\\\/week-in-review-03-06-10\\\/#breadcrumb\",\"itemListElement\":[{\"@type\":\"ListItem\",\"position\":1,\"name\":\"Home\",\"item\":\"https:\\\/\\\/elizabethmaymp.ca\\\/fr\\\/\"},{\"@type\":\"ListItem\",\"position\":2,\"name\":\"Week in Review 03\\\/06-10\"}]},{\"@type\":\"WebSite\",\"@id\":\"https:\\\/\\\/elizabethmaymp.ca\\\/fr\\\/#website\",\"url\":\"https:\\\/\\\/elizabethmaymp.ca\\\/fr\\\/\",\"name\":\"Elizabeth May\",\"description\":\"MP for Saanich and Gulf Islands\",\"publisher\":{\"@id\":\"https:\\\/\\\/elizabethmaymp.ca\\\/fr\\\/#organization\"},\"potentialAction\":[{\"@type\":\"SearchAction\",\"target\":{\"@type\":\"EntryPoint\",\"urlTemplate\":\"https:\\\/\\\/elizabethmaymp.ca\\\/fr\\\/?s={search_term_string}\"},\"query-input\":{\"@type\":\"PropertyValueSpecification\",\"valueRequired\":true,\"valueName\":\"search_term_string\"}}],\"inLanguage\":\"en-US\"},{\"@type\":\"Organization\",\"@id\":\"https:\\\/\\\/elizabethmaymp.ca\\\/fr\\\/#organization\",\"name\":\"Elizabeth May MP\",\"url\":\"https:\\\/\\\/elizabethmaymp.ca\\\/fr\\\/\",\"logo\":{\"@type\":\"ImageObject\",\"inLanguage\":\"en-US\",\"@id\":\"https:\\\/\\\/elizabethmaymp.ca\\\/fr\\\/#\\\/schema\\\/logo\\\/image\\\/\",\"url\":\"https:\\\/\\\/elizabethmaymp.ca\\\/wp-content\\\/uploads\\\/elizabethmay-button.png\",\"contentUrl\":\"https:\\\/\\\/elizabethmaymp.ca\\\/wp-content\\\/uploads\\\/elizabethmay-button.png\",\"width\":1501,\"height\":1501,\"caption\":\"Elizabeth May MP\"},\"image\":{\"@id\":\"https:\\\/\\\/elizabethmaymp.ca\\\/fr\\\/#\\\/schema\\\/logo\\\/image\\\/\"},\"sameAs\":[\"https:\\\/\\\/www.facebook.com\\\/ElizabethMayMP\",\"https:\\\/\\\/x.com\\\/elizabethmay\"]},{\"@type\":\"Person\",\"@id\":\"https:\\\/\\\/elizabethmaymp.ca\\\/#\\\/schema\\\/person\\\/8ad70c936dfbb0f3a3af6907c5fdd64c\",\"name\":\"Elizabeth May\",\"image\":{\"@type\":\"ImageObject\",\"inLanguage\":\"en-US\",\"@id\":\"https:\\\/\\\/secure.gravatar.com\\\/avatar\\\/7f32b0419a16ab6a875eb96521d826f03c3f2e604de2976ea8bf5afa253f814a?s=96&d=mm&r=g\",\"url\":\"https:\\\/\\\/secure.gravatar.com\\\/avatar\\\/7f32b0419a16ab6a875eb96521d826f03c3f2e604de2976ea8bf5afa253f814a?s=96&d=mm&r=g\",\"contentUrl\":\"https:\\\/\\\/secure.gravatar.com\\\/avatar\\\/7f32b0419a16ab6a875eb96521d826f03c3f2e604de2976ea8bf5afa253f814a?s=96&d=mm&r=g\",\"caption\":\"Elizabeth May\"},\"url\":\"https:\\\/\\\/elizabethmaymp.ca\\\/fr\\\/author\\\/outreach-coordinator\\\/\"}]}<\/script>\n<!-- \/ Yoast SEO plugin. -->","yoast_head_json":{"title":"Bilan de la semaine 03\/06-10 | Elizabeth May","robots":{"index":"index","follow":"follow","max-snippet":"max-snippet:-1","max-image-preview":"max-image-preview:large","max-video-preview":"max-video-preview:-1"},"canonical":"https:\/\/elizabethmaymp.ca\/fr\/week-in-review-03-06-10\/","og_locale":"en_US","og_type":"article","og_title":"Bilan de la semaine 03\/06-10 | Elizabeth May","og_description":"Mardi dernier, Mike et Elizabeth ont tenu une conf\u00e9rence de presse pour pr\u00e9senter leurs priorit\u00e9s en pr\u00e9vision de la visite du pr\u00e9sident Biden au courant du mois. Ils&hellip;","og_url":"https:\/\/elizabethmaymp.ca\/fr\/week-in-review-03-06-10\/","og_site_name":"Elizabeth May","article_publisher":"https:\/\/www.facebook.com\/ElizabethMayMP","article_published_time":"2023-03-11T01:47:26+00:00","article_modified_time":"2023-03-13T15:00:32+00:00","og_image":[{"width":940,"height":788,"url":"https:\/\/elizabethmaymp.ca\/wp-content\/uploads\/Week-in-Review-Facebook-2.png","type":"image\/png"}],"author":"Elizabeth May","twitter_card":"summary_large_image","twitter_creator":"@elizabethmay","twitter_site":"@elizabethmay","twitter_misc":{"Written by":"Elizabeth May","Est. reading time":"3 minutes"},"schema":{"@context":"https:\/\/schema.org","@graph":[{"@type":"Article","@id":"https:\/\/elizabethmaymp.ca\/week-in-review-03-06-10\/#article","isPartOf":{"@id":"https:\/\/elizabethmaymp.ca\/week-in-review-03-06-10\/"},"author":{"name":"Elizabeth May","@id":"https:\/\/elizabethmaymp.ca\/#\/schema\/person\/8ad70c936dfbb0f3a3af6907c5fdd64c"},"headline":"Bilan de la semaine 03\/06-10","datePublished":"2023-03-11T01:47:26+00:00","dateModified":"2023-03-13T15:00:32+00:00","mainEntityOfPage":{"@id":"https:\/\/elizabethmaymp.ca\/week-in-review-03-06-10\/"},"wordCount":543,"publisher":{"@id":"https:\/\/elizabethmaymp.ca\/#organization"},"articleSection":["Publications","Week in Review"],"inLanguage":"en-US"},{"@type":"WebPage","@id":"https:\/\/elizabethmaymp.ca\/fr\/week-in-review-03-06-10\/","url":"https:\/\/elizabethmaymp.ca\/fr\/week-in-review-03-06-10\/","name":"Bilan de la semaine 03\/06-10 | Elizabeth May","isPartOf":{"@id":"https:\/\/elizabethmaymp.ca\/fr\/#website"},"datePublished":"2023-03-11T01:47:26+00:00","dateModified":"2023-03-13T15:00:32+00:00","breadcrumb":{"@id":"https:\/\/elizabethmaymp.ca\/fr\/week-in-review-03-06-10\/#breadcrumb"},"inLanguage":"en-US","potentialAction":[{"@type":"ReadAction","target":[["https:\/\/elizabethmaymp.ca\/fr\/week-in-review-03-06-10\/"]]}]},{"@type":"BreadcrumbList","@id":"https:\/\/elizabethmaymp.ca\/fr\/week-in-review-03-06-10\/#breadcrumb","itemListElement":[{"@type":"ListItem","position":1,"name":"Home","item":"https:\/\/elizabethmaymp.ca\/fr\/"},{"@type":"ListItem","position":2,"name":"Week in Review 03\/06-10"}]},{"@type":"WebSite","@id":"https:\/\/elizabethmaymp.ca\/fr\/#website","url":"https:\/\/elizabethmaymp.ca\/fr\/","name":"Elizabeth May","description":"MP for Saanich and Gulf Islands","publisher":{"@id":"https:\/\/elizabethmaymp.ca\/fr\/#organization"},"potentialAction":[{"@type":"SearchAction","target":{"@type":"EntryPoint","urlTemplate":"https:\/\/elizabethmaymp.ca\/fr\/?s={search_term_string}"},"query-input":{"@type":"PropertyValueSpecification","valueRequired":true,"valueName":"search_term_string"}}],"inLanguage":"en-US"},{"@type":"Organization","@id":"https:\/\/elizabethmaymp.ca\/fr\/#organization","name":"Elizabeth May MP","url":"https:\/\/elizabethmaymp.ca\/fr\/","logo":{"@type":"ImageObject","inLanguage":"en-US","@id":"https:\/\/elizabethmaymp.ca\/fr\/#\/schema\/logo\/image\/","url":"https:\/\/elizabethmaymp.ca\/wp-content\/uploads\/elizabethmay-button.png","contentUrl":"https:\/\/elizabethmaymp.ca\/wp-content\/uploads\/elizabethmay-button.png","width":1501,"height":1501,"caption":"Elizabeth May MP"},"image":{"@id":"https:\/\/elizabethmaymp.ca\/fr\/#\/schema\/logo\/image\/"},"sameAs":["https:\/\/www.facebook.com\/ElizabethMayMP","https:\/\/x.com\/elizabethmay"]},{"@type":"Person","@id":"https:\/\/elizabethmaymp.ca\/#\/schema\/person\/8ad70c936dfbb0f3a3af6907c5fdd64c","name":"Elizabeth May","image":{"@type":"ImageObject","inLanguage":"en-US","@id":"https:\/\/secure.gravatar.com\/avatar\/7f32b0419a16ab6a875eb96521d826f03c3f2e604de2976ea8bf5afa253f814a?s=96&d=mm&r=g","url":"https:\/\/secure.gravatar.com\/avatar\/7f32b0419a16ab6a875eb96521d826f03c3f2e604de2976ea8bf5afa253f814a?s=96&d=mm&r=g","contentUrl":"https:\/\/secure.gravatar.com\/avatar\/7f32b0419a16ab6a875eb96521d826f03c3f2e604de2976ea8bf5afa253f814a?s=96&d=mm&r=g","caption":"Elizabeth May"},"url":"https:\/\/elizabethmaymp.ca\/fr\/author\/outreach-coordinator\/"}]}},"_links":{"self":[{"href":"https:\/\/elizabethmaymp.ca\/fr\/wp-json\/wp\/v2\/posts\/27013","targetHints":{"allow":["GET"]}}],"collection":[{"href":"https:\/\/elizabethmaymp.ca\/fr\/wp-json\/wp\/v2\/posts"}],"about":[{"href":"https:\/\/elizabethmaymp.ca\/fr\/wp-json\/wp\/v2\/types\/post"}],"author":[{"embeddable":true,"href":"https:\/\/elizabethmaymp.ca\/fr\/wp-json\/wp\/v2\/users\/1381"}],"replies":[{"embeddable":true,"href":"https:\/\/elizabethmaymp.ca\/fr\/wp-json\/wp\/v2\/comments?post=27013"}],"version-history":[{"count":1,"href":"https:\/\/elizabethmaymp.ca\/fr\/wp-json\/wp\/v2\/posts\/27013\/revisions"}],"predecessor-version":[{"id":27014,"href":"https:\/\/elizabethmaymp.ca\/fr\/wp-json\/wp\/v2\/posts\/27013\/revisions\/27014"}],"wp:attachment":[{"href":"https:\/\/elizabethmaymp.ca\/fr\/wp-json\/wp\/v2\/media?parent=27013"}],"wp:term":[{"taxonomy":"category","embeddable":true,"href":"https:\/\/elizabethmaymp.ca\/fr\/wp-json\/wp\/v2\/categories?post=27013"},{"taxonomy":"post_tag","embeddable":true,"href":"https:\/\/elizabethmaymp.ca\/fr\/wp-json\/wp\/v2\/tags?post=27013"}],"curies":[{"name":"wp","href":"https:\/\/api.w.org\/{rel}","templated":true}]}}