{"id":30143,"date":"2025-09-23T13:33:40","date_gmt":"2025-09-23T20:33:40","guid":{"rendered":"https:\/\/elizabethmaymp.ca\/?p=30143"},"modified":"2025-09-25T09:59:48","modified_gmt":"2025-09-25T16:59:48","slug":"release-marisol-guerra-and-marta-munoz","status":"publish","type":"post","link":"https:\/\/elizabethmaymp.ca\/fr\/release-marisol-guerra-and-marta-munoz\/","title":{"rendered":"Repr\u00e9sentantes autochtones Xinka demandent au Canada de respecter leur autod\u00e9termination face \u00e0 une mine canadienne au Guatemala"},"content":{"rendered":"<p><strong>(Ottawa)<\/strong> Aujourd&#8217;hui, deux d\u00e9l\u00e9gu\u00e9es du Parlement Xinka du Guatemala ont tenu <a href=\"https:\/\/www.cpac.ca\/headline-politics\/episode\/guatemalan-indigenous-leaders-urge-closure-of-bc-owned-mine?id=c796f649-3a7d-4978-8035-9f8b633861c4\">une conf\u00e9rence de presse<\/a> sur la Colline du Parlement pour demander au gouvernement canadien et \u00e0 la soci\u00e9t\u00e9 mini\u00e8re Pan American Silver, bas\u00e9e \u00e0 Vancouver, de respecter la d\u00e9cision du peuple Xinka d\u2019exiger la fermeture d\u00e9finitive de la mine Escobal, conform\u00e9ment \u00e0 son droit \u00e0 l&#8217;autod\u00e9termination en vertu de la <em>D\u00e9claration des Nations Unies sur les droits des peuples autochtones<\/em> (D\u00e9claration des Nations Unies).<\/p>\n<p>Le 8 mai, le peuple Xinka a annonc\u00e9 <a href=\"https:\/\/miningwatch.ca\/news\/2025\/5\/8\/xinka-people-say-no-escobal-mine\">son refus cat\u00e9gorique<\/a> de consentir \u00e0 la r\u00e9ouverture de la mine, \u00e0 l&#8217;issue d&#8217;un processus de consultation judiciaire qui a dur\u00e9 sept ans. Pourtant, Pan American Silver, la soci\u00e9t\u00e9 mini\u00e8re bas\u00e9e \u00e0 Vancouver qui poss\u00e8de la mine Escobal, continue d&#8217;ignorer la d\u00e9cision du peuple Xinka de refuser de donner son consentement \u00e0 la mine et pr\u00e9sente de mani\u00e8re trompeuse le processus de consultation comme un dialogue entre la soci\u00e9t\u00e9, les autorit\u00e9s guat\u00e9malt\u00e8ques et le peuple Xinka en vue d\u2019une \u00e9ventuelle r\u00e9ouverture de la mine.<\/p>\n<p>\u00ab Il ne s&#8217;agit pas et il n\u2019a jamais \u00e9t\u00e9 question d&#8217;un processus de n\u00e9gociation \u00bb, a d\u00e9clar\u00e9 Marisol Guerra, pr\u00e9sidente de la Commission des femmes Xinkas. \u00ab Le peuple Xinka a particip\u00e9 de bonne foi \u00e0 la consultation. Nous avons d\u00e9cid\u00e9 que nous n&#8217;avions pas besoin de la mine ; nous avons besoin d&#8217;eau propre et abondante, de terres, de sant\u00e9 et de paix sur notre territoire traditionnel. \u00bb<\/p>\n<p>Face au m\u00e9pris flagrant de l&#8217;entreprise pour la d\u00e9cision des Xinkas, les dirigeantes Xinkas sont retourn\u00e9es au Canada pour la <a href=\"https:\/\/earthworks.org\/blog\/a-message-to-canada-pan-american-silver-and-its-escobal-mine-not-welcome-in-xinka-territory\/\">deuxi\u00e8me fois cette ann\u00e9e<\/a> afin de tirer la sonnette d&#8217;alarme sur la mauvaise foi de l&#8217;entreprise et de rencontrer des parlementaires, des dirigeants autochtones et des organisations de la soci\u00e9t\u00e9 civile \u00e0 Halifax, Fredericton, Toronto, Peterborough et Ottawa.<\/p>\n<p>\u00ab Nous appelons les autorit\u00e9s canadiennes \u00e0 exprimer publiquement leur soutien \u00e0 notre droit \u00e0 l&#8217;autod\u00e9termination et \u00e0 notre d\u00e9cision de refuser notre consentement \u00e0 la mine Escobal \u00bb, a d\u00e9clar\u00e9 Marta Mu\u00f1oz, d\u00e9l\u00e9gu\u00e9e au processus de consultation. \u00ab Le Canada doit \u00e9galement mettre en \u0153uvre les lignes directrices Voix \u00e0 risque en faveur de notre s\u00e9curit\u00e9 et de notre s\u00fbret\u00e9 en tant que d\u00e9fenseuses de la terre, du territoire et de l&#8217;environnement. Aujourd&#8217;hui plus que jamais, nous craignons des repr\u00e9sailles en raison de notre d\u00e9cision de prot\u00e9ger nos terres et notre eau. \u00bb<\/p>\n<p>\u00ab L&#8217;aboutissement de ce processus de consultation historique intervient \u00e0 un moment o\u00f9 les droits des peuples autochtones au Canada et dans le monde sont de plus en plus menac\u00e9s par une nouvelle vague d&#8217;acc\u00e9l\u00e9ration et de d\u00e9r\u00e9glementation dans l&#8217;industrie mini\u00e8re \u00bb, explique Viviana Herrera, coordinatrice pour l&#8217;Am\u00e9rique latine chez MiningWatch Canada. \u00ab Pourtant, poursuivre des projets miniers contre la volont\u00e9 des nations autochtones est la recette id\u00e9ale pour un conflit \u00e0 long terme, ce qui est exactement ce que nous observons au Canada avec les campements de r\u00e9sistance qui se poursuivent dans la r\u00e9gion dite du \u00ab Ring of Fire \u00bb et les manifestations importantes contre la <em>Loi visant b\u00e2tir<\/em> le Canada au f\u00e9d\u00e9ral, et la <em>Loi de 2025 pour prot\u00e9ger l\u2019Ontario en lib\u00e9rant son \u00e9conomie<\/em> au niveau provincial.\u00bb<\/p>\n<p>La consultation ordonn\u00e9e par le tribunal s&#8217;est heurt\u00e9e \u00e0 de nombreux obstacles, notamment la cooptation du syst\u00e8me judiciaire du pays, ainsi que le harc\u00e8lement, les menaces et les attaques persistantes contre les dirigeants et les membres de la communaut\u00e9 Xinka. Il convient de noter que le dernier pr\u00e9sident du Parlement Xinka et sa famille ont fui le pays \u00e0 la fin de l&#8217;ann\u00e9e derni\u00e8re, tout comme d&#8217;autres personnes qui ont quitt\u00e9 le pays par crainte pour leur vie.<\/p>\n<p>\u00ab Le gouvernement canadien a un devoir international de prot\u00e9ger les droits des autochtones et la responsabilit\u00e9 de demander des comptes aux entreprises canadiennes lorsqu&#8217;elles enfreignent ces droits. Le gouvernement doit adopter une position ferme en faveur de l&#8217;autod\u00e9termination des autochtones en affirmant que Pan American Silver doit respecter le refus clair du consentement du peuple Xinka et fermer d\u00e9finitivement ses activit\u00e9s \u00e0 la mine Escobal \u00bb, a d\u00e9clar\u00e9 Aidan Gilchrist-Blackwood du R\u00e9seau canadien sur la responsabilit\u00e9 des entreprises.<\/p>\n<p>\u00ab La d\u00e9cision du peuple Xinka est claire : la mine Escobal, propri\u00e9t\u00e9 de la soci\u00e9t\u00e9 canadienne Pan American Silver, doit \u00eatre ferm\u00e9e. Je suis en solidarit\u00e9 avec leurs efforts. Nous n&#8217;accepterons jamais qu&#8217;une entreprise canadienne continue de violer les droits humains du peuple Xinka et de faire courir un grave risque environnemental aux \u00e9cosyst\u00e8mes situ\u00e9s \u00e0 proximit\u00e9 de la mine \u00bb, a d\u00e9clar\u00e9 Elizabeth May, cheffe du Parti vert.<\/p>\n<p>Pour information :<\/p>\n<ul>\n<li>Miriam Shaftoe, MiningWatch Canada, <a href=\"mailto:miriam@miningwatch.ca\">miriam@miningwatch.ca <\/a><\/li>\n<li>Aidan Gilchrist-Blackwood, coordonnateur du R\u00e9seau canadien sur la responsabilit\u00e9 des entreprises (CNCA), a<a href=\"mailto:gilchristblackwood@cnca-rcrce.ca\">gilchristblackwood@cnca-rcrce.ca<\/a>, +1-438-872-0401<\/li>\n<\/ul>\n<p><\/p>","protected":false},"excerpt":{"rendered":"<p>(Ottawa) Aujourd&#8217;hui, deux d\u00e9l\u00e9gu\u00e9es du Parlement Xinka du Guatemala ont tenu une conf\u00e9rence de presse sur la Colline du Parlement pour demander au gouvernement canadien et \u00e0 la&hellip;<\/p>\n","protected":false},"author":1387,"featured_media":0,"comment_status":"closed","ping_status":"closed","sticky":false,"template":"","format":"standard","meta":{"_acf_changed":false,"_price":"","_stock":"","_tribe_ticket_header":"","_tribe_default_ticket_provider":"","_tribe_ticket_capacity":"","_ticket_start_date":"","_ticket_end_date":"","_tribe_ticket_show_description":"","_tribe_ticket_show_not_going":false,"_tribe_ticket_use_global_stock":"","_tribe_ticket_global_stock_level":"","_global_stock_mode":"","_global_stock_cap":"","_tribe_rsvp_for_event":"","_tribe_ticket_going_count":"","_tribe_ticket_not_going_count":"","_tribe_tickets_list":"[]","_tribe_ticket_has_attendee_info_fields":false,"footnotes":""},"categories":[27,90,11],"tags":[],"class_list":["post-30143","post","type-post","status-publish","format-standard","hentry","category-news","category-press-releases","category-publications"],"acf":[],"yoast_head":"<!-- This site is optimized with the Yoast SEO plugin v27.5 - https:\/\/yoast.com\/product\/yoast-seo-wordpress\/ -->\n<title>Repr\u00e9sentantes autochtones Xinka demandent au Canada de respecter leur autod\u00e9termination face \u00e0 une mine canadienne au Guatemala | Elizabeth May<\/title>\n<meta name=\"robots\" content=\"index, follow, max-snippet:-1, max-image-preview:large, max-video-preview:-1\" \/>\n<link rel=\"canonical\" href=\"https:\/\/elizabethmaymp.ca\/fr\/release-marisol-guerra-and-marta-munoz\/\" \/>\n<meta property=\"og:locale\" content=\"en_US\" \/>\n<meta property=\"og:type\" content=\"article\" \/>\n<meta property=\"og:title\" content=\"Repr\u00e9sentantes autochtones Xinka demandent au Canada de respecter leur autod\u00e9termination face \u00e0 une mine canadienne au Guatemala | Elizabeth May\" \/>\n<meta property=\"og:description\" content=\"(Ottawa) Aujourd&#8217;hui, deux d\u00e9l\u00e9gu\u00e9es du Parlement Xinka du Guatemala ont tenu une conf\u00e9rence de presse sur la Colline du Parlement pour demander au gouvernement canadien et \u00e0 la&hellip;\" \/>\n<meta property=\"og:url\" content=\"https:\/\/elizabethmaymp.ca\/fr\/release-marisol-guerra-and-marta-munoz\/\" \/>\n<meta property=\"og:site_name\" content=\"Elizabeth May\" \/>\n<meta property=\"article:publisher\" content=\"https:\/\/www.facebook.com\/ElizabethMayMP\" \/>\n<meta property=\"article:published_time\" content=\"2025-09-23T20:33:40+00:00\" \/>\n<meta property=\"article:modified_time\" content=\"2025-09-25T16:59:48+00:00\" \/>\n<meta property=\"og:image\" content=\"https:\/\/elizabethmaymp.ca\/wp-content\/uploads\/cropped-elizabethmay-button.png\" \/>\n\t<meta property=\"og:image:width\" content=\"512\" \/>\n\t<meta property=\"og:image:height\" content=\"512\" \/>\n\t<meta property=\"og:image:type\" content=\"image\/png\" \/>\n<meta name=\"author\" content=\"holycow\" \/>\n<meta name=\"twitter:card\" content=\"summary_large_image\" \/>\n<meta name=\"twitter:creator\" content=\"@elizabethmay\" \/>\n<meta name=\"twitter:site\" content=\"@elizabethmay\" \/>\n<meta name=\"twitter:label1\" content=\"Written by\" \/>\n\t<meta name=\"twitter:data1\" content=\"holycow\" \/>\n\t<meta name=\"twitter:label2\" content=\"Est. reading time\" \/>\n\t<meta name=\"twitter:data2\" content=\"4 minutes\" \/>\n<script type=\"application\/ld+json\" class=\"yoast-schema-graph\">{\"@context\":\"https:\\\/\\\/schema.org\",\"@graph\":[{\"@type\":\"Article\",\"@id\":\"https:\\\/\\\/elizabethmaymp.ca\\\/release-marisol-guerra-and-marta-munoz\\\/#article\",\"isPartOf\":{\"@id\":\"https:\\\/\\\/elizabethmaymp.ca\\\/release-marisol-guerra-and-marta-munoz\\\/\"},\"author\":{\"name\":\"holycow\",\"@id\":\"https:\\\/\\\/elizabethmaymp.ca\\\/#\\\/schema\\\/person\\\/4c706dc827170fd4c53726fe0eff84f7\"},\"headline\":\"Repr\u00e9sentantes autochtones Xinka demandent au Canada de respecter leur autod\u00e9termination face \u00e0 une mine canadienne au Guatemala\",\"datePublished\":\"2025-09-23T20:33:40+00:00\",\"dateModified\":\"2025-09-25T16:59:48+00:00\",\"mainEntityOfPage\":{\"@id\":\"https:\\\/\\\/elizabethmaymp.ca\\\/release-marisol-guerra-and-marta-munoz\\\/\"},\"wordCount\":1538,\"publisher\":{\"@id\":\"https:\\\/\\\/elizabethmaymp.ca\\\/#organization\"},\"articleSection\":[\"Nouvelles\",\"Communiqu\u00e9s\",\"Publications\"],\"inLanguage\":\"en-US\"},{\"@type\":\"WebPage\",\"@id\":\"https:\\\/\\\/elizabethmaymp.ca\\\/fr\\\/release-marisol-guerra-and-marta-munoz\\\/\",\"url\":\"https:\\\/\\\/elizabethmaymp.ca\\\/fr\\\/release-marisol-guerra-and-marta-munoz\\\/\",\"name\":\"Repr\u00e9sentantes autochtones Xinka demandent au Canada de respecter leur autod\u00e9termination face \u00e0 une mine canadienne au Guatemala | Elizabeth May\",\"isPartOf\":{\"@id\":\"https:\\\/\\\/elizabethmaymp.ca\\\/fr\\\/#website\"},\"datePublished\":\"2025-09-23T20:33:40+00:00\",\"dateModified\":\"2025-09-25T16:59:48+00:00\",\"breadcrumb\":{\"@id\":\"https:\\\/\\\/elizabethmaymp.ca\\\/fr\\\/release-marisol-guerra-and-marta-munoz\\\/#breadcrumb\"},\"inLanguage\":\"en-US\",\"potentialAction\":[{\"@type\":\"ReadAction\",\"target\":[[\"https:\\\/\\\/elizabethmaymp.ca\\\/fr\\\/release-marisol-guerra-and-marta-munoz\\\/\"]]}]},{\"@type\":\"BreadcrumbList\",\"@id\":\"https:\\\/\\\/elizabethmaymp.ca\\\/fr\\\/release-marisol-guerra-and-marta-munoz\\\/#breadcrumb\",\"itemListElement\":[{\"@type\":\"ListItem\",\"position\":1,\"name\":\"Home\",\"item\":\"https:\\\/\\\/elizabethmaymp.ca\\\/fr\\\/\"},{\"@type\":\"ListItem\",\"position\":2,\"name\":\"Xinka Indigenous Leaders Call on Canada to Respect their Self-Determination over Canadian-Owned Mine in Guatemala\"}]},{\"@type\":\"WebSite\",\"@id\":\"https:\\\/\\\/elizabethmaymp.ca\\\/fr\\\/#website\",\"url\":\"https:\\\/\\\/elizabethmaymp.ca\\\/fr\\\/\",\"name\":\"Elizabeth May\",\"description\":\"MP for Saanich and Gulf Islands\",\"publisher\":{\"@id\":\"https:\\\/\\\/elizabethmaymp.ca\\\/fr\\\/#organization\"},\"potentialAction\":[{\"@type\":\"SearchAction\",\"target\":{\"@type\":\"EntryPoint\",\"urlTemplate\":\"https:\\\/\\\/elizabethmaymp.ca\\\/fr\\\/?s={search_term_string}\"},\"query-input\":{\"@type\":\"PropertyValueSpecification\",\"valueRequired\":true,\"valueName\":\"search_term_string\"}}],\"inLanguage\":\"en-US\"},{\"@type\":\"Organization\",\"@id\":\"https:\\\/\\\/elizabethmaymp.ca\\\/fr\\\/#organization\",\"name\":\"Elizabeth May MP\",\"url\":\"https:\\\/\\\/elizabethmaymp.ca\\\/fr\\\/\",\"logo\":{\"@type\":\"ImageObject\",\"inLanguage\":\"en-US\",\"@id\":\"https:\\\/\\\/elizabethmaymp.ca\\\/fr\\\/#\\\/schema\\\/logo\\\/image\\\/\",\"url\":\"https:\\\/\\\/elizabethmaymp.ca\\\/wp-content\\\/uploads\\\/elizabethmay-button.png\",\"contentUrl\":\"https:\\\/\\\/elizabethmaymp.ca\\\/wp-content\\\/uploads\\\/elizabethmay-button.png\",\"width\":1501,\"height\":1501,\"caption\":\"Elizabeth May MP\"},\"image\":{\"@id\":\"https:\\\/\\\/elizabethmaymp.ca\\\/fr\\\/#\\\/schema\\\/logo\\\/image\\\/\"},\"sameAs\":[\"https:\\\/\\\/www.facebook.com\\\/ElizabethMayMP\",\"https:\\\/\\\/x.com\\\/elizabethmay\"]},{\"@type\":\"Person\",\"@id\":\"https:\\\/\\\/elizabethmaymp.ca\\\/#\\\/schema\\\/person\\\/4c706dc827170fd4c53726fe0eff84f7\",\"name\":\"holycow\",\"image\":{\"@type\":\"ImageObject\",\"inLanguage\":\"en-US\",\"@id\":\"https:\\\/\\\/secure.gravatar.com\\\/avatar\\\/90432ced9a71834c7ae02c5b7d426eac9ee9e5805355c48042db40367fe41e4f?s=96&d=mm&r=g\",\"url\":\"https:\\\/\\\/secure.gravatar.com\\\/avatar\\\/90432ced9a71834c7ae02c5b7d426eac9ee9e5805355c48042db40367fe41e4f?s=96&d=mm&r=g\",\"contentUrl\":\"https:\\\/\\\/secure.gravatar.com\\\/avatar\\\/90432ced9a71834c7ae02c5b7d426eac9ee9e5805355c48042db40367fe41e4f?s=96&d=mm&r=g\",\"caption\":\"holycow\"},\"url\":\"https:\\\/\\\/elizabethmaymp.ca\\\/fr\\\/author\\\/holycow\\\/\"}]}<\/script>\n<!-- \/ Yoast SEO plugin. -->","yoast_head_json":{"title":"Repr\u00e9sentantes autochtones Xinka demandent au Canada de respecter leur autod\u00e9termination face \u00e0 une mine canadienne au Guatemala | Elizabeth May","robots":{"index":"index","follow":"follow","max-snippet":"max-snippet:-1","max-image-preview":"max-image-preview:large","max-video-preview":"max-video-preview:-1"},"canonical":"https:\/\/elizabethmaymp.ca\/fr\/release-marisol-guerra-and-marta-munoz\/","og_locale":"en_US","og_type":"article","og_title":"Repr\u00e9sentantes autochtones Xinka demandent au Canada de respecter leur autod\u00e9termination face \u00e0 une mine canadienne au Guatemala | Elizabeth May","og_description":"(Ottawa) Aujourd&#8217;hui, deux d\u00e9l\u00e9gu\u00e9es du Parlement Xinka du Guatemala ont tenu une conf\u00e9rence de presse sur la Colline du Parlement pour demander au gouvernement canadien et \u00e0 la&hellip;","og_url":"https:\/\/elizabethmaymp.ca\/fr\/release-marisol-guerra-and-marta-munoz\/","og_site_name":"Elizabeth May","article_publisher":"https:\/\/www.facebook.com\/ElizabethMayMP","article_published_time":"2025-09-23T20:33:40+00:00","article_modified_time":"2025-09-25T16:59:48+00:00","og_image":[{"width":512,"height":512,"url":"https:\/\/elizabethmaymp.ca\/wp-content\/uploads\/cropped-elizabethmay-button.png","type":"image\/png"}],"author":"holycow","twitter_card":"summary_large_image","twitter_creator":"@elizabethmay","twitter_site":"@elizabethmay","twitter_misc":{"Written by":"holycow","Est. reading time":"4 minutes"},"schema":{"@context":"https:\/\/schema.org","@graph":[{"@type":"Article","@id":"https:\/\/elizabethmaymp.ca\/release-marisol-guerra-and-marta-munoz\/#article","isPartOf":{"@id":"https:\/\/elizabethmaymp.ca\/release-marisol-guerra-and-marta-munoz\/"},"author":{"name":"holycow","@id":"https:\/\/elizabethmaymp.ca\/#\/schema\/person\/4c706dc827170fd4c53726fe0eff84f7"},"headline":"Repr\u00e9sentantes autochtones Xinka demandent au Canada de respecter leur autod\u00e9termination face \u00e0 une mine canadienne au Guatemala","datePublished":"2025-09-23T20:33:40+00:00","dateModified":"2025-09-25T16:59:48+00:00","mainEntityOfPage":{"@id":"https:\/\/elizabethmaymp.ca\/release-marisol-guerra-and-marta-munoz\/"},"wordCount":1538,"publisher":{"@id":"https:\/\/elizabethmaymp.ca\/#organization"},"articleSection":["Nouvelles","Communiqu\u00e9s","Publications"],"inLanguage":"en-US"},{"@type":"WebPage","@id":"https:\/\/elizabethmaymp.ca\/fr\/release-marisol-guerra-and-marta-munoz\/","url":"https:\/\/elizabethmaymp.ca\/fr\/release-marisol-guerra-and-marta-munoz\/","name":"Repr\u00e9sentantes autochtones Xinka demandent au Canada de respecter leur autod\u00e9termination face \u00e0 une mine canadienne au Guatemala | Elizabeth May","isPartOf":{"@id":"https:\/\/elizabethmaymp.ca\/fr\/#website"},"datePublished":"2025-09-23T20:33:40+00:00","dateModified":"2025-09-25T16:59:48+00:00","breadcrumb":{"@id":"https:\/\/elizabethmaymp.ca\/fr\/release-marisol-guerra-and-marta-munoz\/#breadcrumb"},"inLanguage":"en-US","potentialAction":[{"@type":"ReadAction","target":[["https:\/\/elizabethmaymp.ca\/fr\/release-marisol-guerra-and-marta-munoz\/"]]}]},{"@type":"BreadcrumbList","@id":"https:\/\/elizabethmaymp.ca\/fr\/release-marisol-guerra-and-marta-munoz\/#breadcrumb","itemListElement":[{"@type":"ListItem","position":1,"name":"Home","item":"https:\/\/elizabethmaymp.ca\/fr\/"},{"@type":"ListItem","position":2,"name":"Xinka Indigenous Leaders Call on Canada to Respect their Self-Determination over Canadian-Owned Mine in Guatemala"}]},{"@type":"WebSite","@id":"https:\/\/elizabethmaymp.ca\/fr\/#website","url":"https:\/\/elizabethmaymp.ca\/fr\/","name":"Elizabeth May","description":"MP for Saanich and Gulf Islands","publisher":{"@id":"https:\/\/elizabethmaymp.ca\/fr\/#organization"},"potentialAction":[{"@type":"SearchAction","target":{"@type":"EntryPoint","urlTemplate":"https:\/\/elizabethmaymp.ca\/fr\/?s={search_term_string}"},"query-input":{"@type":"PropertyValueSpecification","valueRequired":true,"valueName":"search_term_string"}}],"inLanguage":"en-US"},{"@type":"Organization","@id":"https:\/\/elizabethmaymp.ca\/fr\/#organization","name":"Elizabeth May MP","url":"https:\/\/elizabethmaymp.ca\/fr\/","logo":{"@type":"ImageObject","inLanguage":"en-US","@id":"https:\/\/elizabethmaymp.ca\/fr\/#\/schema\/logo\/image\/","url":"https:\/\/elizabethmaymp.ca\/wp-content\/uploads\/elizabethmay-button.png","contentUrl":"https:\/\/elizabethmaymp.ca\/wp-content\/uploads\/elizabethmay-button.png","width":1501,"height":1501,"caption":"Elizabeth May MP"},"image":{"@id":"https:\/\/elizabethmaymp.ca\/fr\/#\/schema\/logo\/image\/"},"sameAs":["https:\/\/www.facebook.com\/ElizabethMayMP","https:\/\/x.com\/elizabethmay"]},{"@type":"Person","@id":"https:\/\/elizabethmaymp.ca\/#\/schema\/person\/4c706dc827170fd4c53726fe0eff84f7","name":"holycow","image":{"@type":"ImageObject","inLanguage":"en-US","@id":"https:\/\/secure.gravatar.com\/avatar\/90432ced9a71834c7ae02c5b7d426eac9ee9e5805355c48042db40367fe41e4f?s=96&d=mm&r=g","url":"https:\/\/secure.gravatar.com\/avatar\/90432ced9a71834c7ae02c5b7d426eac9ee9e5805355c48042db40367fe41e4f?s=96&d=mm&r=g","contentUrl":"https:\/\/secure.gravatar.com\/avatar\/90432ced9a71834c7ae02c5b7d426eac9ee9e5805355c48042db40367fe41e4f?s=96&d=mm&r=g","caption":"holycow"},"url":"https:\/\/elizabethmaymp.ca\/fr\/author\/holycow\/"}]}},"_links":{"self":[{"href":"https:\/\/elizabethmaymp.ca\/fr\/wp-json\/wp\/v2\/posts\/30143","targetHints":{"allow":["GET"]}}],"collection":[{"href":"https:\/\/elizabethmaymp.ca\/fr\/wp-json\/wp\/v2\/posts"}],"about":[{"href":"https:\/\/elizabethmaymp.ca\/fr\/wp-json\/wp\/v2\/types\/post"}],"author":[{"embeddable":true,"href":"https:\/\/elizabethmaymp.ca\/fr\/wp-json\/wp\/v2\/users\/1387"}],"replies":[{"embeddable":true,"href":"https:\/\/elizabethmaymp.ca\/fr\/wp-json\/wp\/v2\/comments?post=30143"}],"version-history":[{"count":6,"href":"https:\/\/elizabethmaymp.ca\/fr\/wp-json\/wp\/v2\/posts\/30143\/revisions"}],"predecessor-version":[{"id":30149,"href":"https:\/\/elizabethmaymp.ca\/fr\/wp-json\/wp\/v2\/posts\/30143\/revisions\/30149"}],"wp:attachment":[{"href":"https:\/\/elizabethmaymp.ca\/fr\/wp-json\/wp\/v2\/media?parent=30143"}],"wp:term":[{"taxonomy":"category","embeddable":true,"href":"https:\/\/elizabethmaymp.ca\/fr\/wp-json\/wp\/v2\/categories?post=30143"},{"taxonomy":"post_tag","embeddable":true,"href":"https:\/\/elizabethmaymp.ca\/fr\/wp-json\/wp\/v2\/tags?post=30143"}],"curies":[{"name":"wp","href":"https:\/\/api.w.org\/{rel}","templated":true}]}}