{"id":3890,"date":"2012-03-13T14:35:35","date_gmt":"2012-03-13T18:35:35","guid":{"rendered":"http:\/\/elizabethmaymp.ca?p=3890"},"modified":"2012-03-14T14:42:58","modified_gmt":"2012-03-14T18:42:58","slug":"protecting-air-service-act-bill-c-33-b","status":"publish","type":"post","link":"https:\/\/elizabethmaymp.ca\/fr\/protecting-air-service-act-bill-c-33-b\/","title":{"rendered":"Mesure l\u00e9gislative sur les services a\u00e9riens (loi C-33) (B)"},"content":{"rendered":"<p><strong>Elizabeth May :<\/strong> Monsieur le pr\u00e9sident, j&#8217;ai quelques questions \u00e0 poser, mais je pr\u00e9f\u00e9rerais examiner le projet de loi C-33 et d\u00e9terminer comment nous en sommes arriv\u00e9s l\u00e0.<\/p>\n<p>La secr\u00e9taire parlementaire a parl\u00e9 des \u00e9lecteurs. J&#8217;ai aussi des \u00e9lecteurs, dont un grand nombre qui travaillent chez Air Canada. Je sais qu&#8217;ils sont travailleurs. Je sais qu&#8217;ils ont accept\u00e9 bien des concessions pour aider leur employeur, deux milliards de dollars en concessions salariales au cours des dix derni\u00e8res ann\u00e9es.<\/p>\n<p>Je leur suis reconnaissante \u00e0 tous, car il se trouve que je voyage avec Air Canada pour me d\u00e9placer entre mon lieu de r\u00e9sidence, en Colombie-Britannique, et Ottawa. J&#8217;admets \u00e0 la Chambre que j&#8217;ai une peur bleue de prendre l&#8217;avion. Pour moi, c&#8217;est comme pour la plupart des gens aller chez le dentiste. Je ne me sens relativement \u00e0 l&#8217;aise qu&#8217;avec Air Canada. Je suis rassur\u00e9e par son bilan de s\u00e9curit\u00e9, le travail des m\u00e9caniciens et le travail des pilotes. J&#8217;aimerais saluer leur travail et exprimer ma d\u00e9ception \u00e0 la ministre du Travail du fait que nous ne leur permettons pas de se pr\u00e9valoir de leur droit de n\u00e9gociation collective d&#8217;une mani\u00e8re juste.<\/p>\n<p>Le projet de loi a beau ne pas \u00eatre volumineux, il est percutant. En pr\u00e9sentant de telles mesures l\u00e9gislatives, je pense qu&#8217;on cherche \u00e0 miner le droit \u00e0 la n\u00e9gociation collective au Canada. Je suis s\u00fbr que les fonctionnaires suivent le d\u00e9bat qui se d\u00e9roule en ce moment. Le gouvernement a de plus en plus tendance \u00e0 miner les droits des travailleurs au Canada, comme l&#8217;a illustr\u00e9 le projet de loi de retour au travail visant la Soci\u00e9t\u00e9 canadienne des postes.<\/p>\n<p>\u00c0 propos des dispositions m\u00eames du projet de loi, je ne pense jamais avoir vu des articles comme les articles 4 et 19. Les projets de loi de retour au travail portent habituellement sur une situation d&#8217;arr\u00eat de travail. En l&#8217;occurrence, il semble qu&#8217;on ait pr\u00e9sent\u00e9 un projet de loi en pr\u00e9vision d&#8217;un \u00e9ventuel arr\u00eat de travail. L&#8217;article 4 porte sur les services a\u00e9riens. L&#8217;article 19, sur les pilotes. Dans ces deux articles du projet de loi qu&#8217;on nous demande d&#8217;adopter ce soir, on tient pour acquis que si la loi entre en vigueur avant une gr\u00e8ve ou un lock-out, il y aura un gel. Le droit de lock-out et le droit de gr\u00e8ve seraient suspendus.<\/p>\n<p>Cela me semble inhabituel comparativement aux projets de loi de retour au travail dont la Chambre a \u00e9t\u00e9 saisie durant la 41e l\u00e9gislature; c&#8217;est inhabituel dans les relations de travail en g\u00e9n\u00e9ral. L&#8217;interdiction anticip\u00e9e de toute gr\u00e8ve \u00e9ventuelle mine les relations de travail. Lorsque la direction d&#8217;une entreprise sait qu&#8217;un projet de loi de retour au travail a \u00e9t\u00e9 pr\u00e9sent\u00e9, elle a tendance \u00e0 ne pas participer aussi activement qu&#8217;elle le devrait \u00e0 la n\u00e9gociation collective et \u00e0 faire des compromis.<\/p>\n<p>J&#8217;accepte ce qu&#8217;a dit la ministre du Travail comme quoi, au terme d&#8217;un processus de conciliation pr\u00e9sid\u00e9 par un juge tr\u00e8s respect\u00e9, les travailleurs ont rejet\u00e9 l&#8217;entente propos\u00e9e. C&#8217;est leur droit. Ne pourrions-nous donc pas nous pr\u00e9valoir de ces m\u00eames m\u00e9canismes pour poursuivre les n\u00e9gociations et donner aux travailleurs la chance d&#8217;exercer leur droit \u00e0 la n\u00e9gociation collective libre et juste, de rejeter ou d&#8217;accepter les modalit\u00e9s d&#8217;une entente qui touche \u00e0 tous les aspects de leur vie professionnelle?<\/p>\n<p>L&#8217;article 11, la disposition sur le choix de l&#8217;offre finale, m&#8217;inqui\u00e8te aussi beaucoup. Je me demande comment on en est arriv\u00e9 \u00e0 quelque chose de si totalement arbitraire. Le d\u00e9put\u00e9 de Cap Breton\u2014Canso a d\u00e9j\u00e0 cit\u00e9 les motifs de la d\u00e9cision du juge, o\u00f9 celui-ci exprime son opinion \u00e0 propos des d\u00e9cisions arbitrales prises par le pass\u00e9 concernant Postes Canada et que la Chambre a d\u00fb adopter malgr\u00e9 elle en juin dernier. Et voil\u00e0 qu&#8217;on nous propose la m\u00eame chose \u00e0 nouveau.<\/p>\n<p>M\u00eame en cette heure tardive, ne pourrions-nous pas apporter un amendement \u00e0 cette mesure l\u00e9gislative afin de veiller \u00e0 la d\u00e9fense des droits normaux en mati\u00e8re de n\u00e9gociation collective en ce qui concerne le choix d&#8217;un arbitre?<\/p>\n<p>Le secr\u00e9taire parlementaire a mentionn\u00e9 qu&#8217;il a d\u00e9j\u00e0 travaill\u00e9 pour une \u00e9quipe de hockey dans sa vie ant\u00e9rieure. Personnellement, j&#8217;ai pratiqu\u00e9 le droit du travail \u00e0 Halifax dans un merveilleux cabinet qui s&#8217;appelait alors Kitz, Matheson, Green &amp; Maclsaac. C&#8217;\u00e9tait le seul grand cabinet d&#8217;avocats \u00e9tabli au centre-ville qui faisait du droit du travail du c\u00f4t\u00e9 syndical. Nous avons n\u00e9goci\u00e9 de nombreuses conventions et fait beaucoup d&#8217;arbitrage. Le choix de l&#8217;arbitre \u00e9tait toujours la premi\u00e8re \u00e9tape. Le syndicat et la direction de l&#8217;entreprise pr\u00e9sentaient tous deux une liste de noms. Il y avait ensuite un processus de s\u00e9lection. En g\u00e9n\u00e9ral, des compromis \u00e9taient faits de part et d&#8217;autre pour choisir le bon arbitre.<\/p>\n<p>Dans le cas pr\u00e9sent, on passe tr\u00e8s rapidement aux approches les plus strictes et les plus draconiennes en mati\u00e8re d&#8217;arbitrage. L&#8217;arbitre fait le choix de l&#8217;offre finale et sa d\u00e9cision est ex\u00e9cutoire. En outre, ni le syndicat ni la direction n&#8217;auront leur mot \u00e0 dire dans le choix de l&#8217;arbitre.<\/p>\n<p>J&#8217;aimerais demander \u00e0 la ministre du Travail si elle peut r\u00e9pondre \u00e0 la question suivante. M\u00eame \u00e0 un moment aussi avanc\u00e9 du processus devant le comit\u00e9 pl\u00e9nier, la ministre serait-elle pr\u00eate \u00e0 envisager un amendement qui permettrait au syndicat et \u00e0 la direction de pr\u00e9senter chacun une liste d&#8217;arbitres avant que le choix ne soit fait?<\/p>\n<p>Je ne suis pas certaine que la ministre a entendu ma question. Accepterait-elle un amendement qui permettrait \u00e0 la direction et au syndicat de pr\u00e9senter une liste de noms d&#8217;arbitres acceptables pour remplacer l&#8217;actuel article 11?<\/p>\n<p><strong>L&#8217;hon. Lisa Raitt :<\/strong> Monsieur le pr\u00e9sident, je peux dire que, dans la proc\u00e9dure que nous avons suivie dans le cas de Postes Canada et du Syndicat des travailleurs et travailleuses des postes, nous avons effectivement consult\u00e9 les deux parties quand est venu le temps de nommer un arbitre. Nous leur avons demand\u00e9 leur avis non pas une, mais bien deux fois, et je ne vois pas pourquoi nous ne proc\u00e9derions pas de la m\u00eame fa\u00e7on dans le cas pr\u00e9sent. Cependant, il n&#8217;est pas n\u00e9cessaire d&#8217;apporter d&#8217;amendement au projet de loi pour exercer ce pouvoir discr\u00e9tionnaire.<\/p>\n<p><\/p>","protected":false},"excerpt":{"rendered":"<p>Elizabeth May : Monsieur le pr\u00e9sident, j&#8217;ai quelques questions \u00e0 poser, mais je pr\u00e9f\u00e9rerais examiner le projet de loi C-33 et d\u00e9terminer comment nous en sommes arriv\u00e9s l\u00e0.&hellip;<\/p>\n","protected":false},"author":3,"featured_media":0,"comment_status":"open","ping_status":"open","sticky":false,"template":"","format":"standard","meta":{"_acf_changed":false,"_price":"","_stock":"","_tribe_ticket_header":"","_tribe_default_ticket_provider":"","_tribe_ticket_capacity":"","_ticket_start_date":"","_ticket_end_date":"","_tribe_ticket_show_description":"","_tribe_ticket_show_not_going":false,"_tribe_ticket_use_global_stock":"","_tribe_ticket_global_stock_level":"","_global_stock_mode":"","_global_stock_cap":"","_tribe_rsvp_for_event":"","_tribe_ticket_going_count":"","_tribe_ticket_not_going_count":"","_tribe_tickets_list":"[]","_tribe_ticket_has_attendee_info_fields":false,"footnotes":""},"categories":[20],"tags":[37,43,38,28,36],"class_list":["post-3890","post","type-post","status-publish","format-standard","hentry","category-debate","tag-air-canada","tag-canada-post","tag-collective-bargaining","tag-parliamentary-process","tag-transport"],"acf":[],"yoast_head":"<!-- This site is optimized with the Yoast SEO plugin v27.5 - https:\/\/yoast.com\/product\/yoast-seo-wordpress\/ -->\n<title>Mesure l\u00e9gislative sur les services a\u00e9riens (loi C-33) (B) | Elizabeth May<\/title>\n<meta name=\"robots\" content=\"index, follow, max-snippet:-1, max-image-preview:large, max-video-preview:-1\" \/>\n<link rel=\"canonical\" href=\"https:\/\/elizabethmaymp.ca\/fr\/protecting-air-service-act-bill-c-33-b\/\" \/>\n<meta property=\"og:locale\" content=\"en_US\" \/>\n<meta property=\"og:type\" content=\"article\" \/>\n<meta property=\"og:title\" content=\"Mesure l\u00e9gislative sur les services a\u00e9riens (loi C-33) (B) | Elizabeth May\" \/>\n<meta property=\"og:description\" content=\"Elizabeth May : Monsieur le pr\u00e9sident, j&#8217;ai quelques questions \u00e0 poser, mais je pr\u00e9f\u00e9rerais examiner le projet de loi C-33 et d\u00e9terminer comment nous en sommes arriv\u00e9s l\u00e0.&hellip;\" \/>\n<meta property=\"og:url\" content=\"https:\/\/elizabethmaymp.ca\/fr\/protecting-air-service-act-bill-c-33-b\/\" \/>\n<meta property=\"og:site_name\" content=\"Elizabeth May\" \/>\n<meta property=\"article:publisher\" content=\"https:\/\/www.facebook.com\/ElizabethMayMP\" \/>\n<meta property=\"article:published_time\" content=\"2012-03-13T18:35:35+00:00\" \/>\n<meta property=\"article:modified_time\" content=\"2012-03-14T18:42:58+00:00\" \/>\n<meta property=\"og:image\" content=\"https:\/\/elizabethmaymp.ca\/wp-content\/uploads\/cropped-elizabethmay-button.png\" \/>\n\t<meta property=\"og:image:width\" content=\"512\" \/>\n\t<meta property=\"og:image:height\" content=\"512\" \/>\n\t<meta property=\"og:image:type\" content=\"image\/png\" \/>\n<meta name=\"author\" content=\"Craig Cantin\" \/>\n<meta name=\"twitter:card\" content=\"summary_large_image\" \/>\n<meta name=\"twitter:creator\" content=\"@elizabethmay\" \/>\n<meta name=\"twitter:site\" content=\"@elizabethmay\" \/>\n<meta name=\"twitter:label1\" content=\"Written by\" \/>\n\t<meta name=\"twitter:data1\" content=\"Craig Cantin\" \/>\n\t<meta name=\"twitter:label2\" content=\"Est. reading time\" \/>\n\t<meta name=\"twitter:data2\" content=\"10 minutes\" \/>\n<script type=\"application\/ld+json\" class=\"yoast-schema-graph\">{\"@context\":\"https:\\\/\\\/schema.org\",\"@graph\":[{\"@type\":\"Article\",\"@id\":\"https:\\\/\\\/elizabethmaymp.ca\\\/fr\\\/protecting-air-service-act-bill-c-33-b\\\/#article\",\"isPartOf\":{\"@id\":\"https:\\\/\\\/elizabethmaymp.ca\\\/fr\\\/protecting-air-service-act-bill-c-33-b\\\/\"},\"author\":{\"name\":\"Craig Cantin\",\"@id\":\"https:\\\/\\\/elizabethmaymp.ca\\\/#\\\/schema\\\/person\\\/d3f03a762a6bc9b615b1cc303ebf0c1f\"},\"headline\":\"Mesure l\u00e9gislative sur les services a\u00e9riens (loi C-33) (B)\",\"datePublished\":\"2012-03-13T18:35:35+00:00\",\"dateModified\":\"2012-03-14T18:42:58+00:00\",\"mainEntityOfPage\":{\"@id\":\"https:\\\/\\\/elizabethmaymp.ca\\\/fr\\\/protecting-air-service-act-bill-c-33-b\\\/\"},\"wordCount\":2126,\"commentCount\":0,\"publisher\":{\"@id\":\"https:\\\/\\\/elizabethmaymp.ca\\\/#organization\"},\"keywords\":[\"Air Canada\",\"Postes Canada\",\"La n\u00e9gociation collective\",\"Processus parlementaire\",\"Transports\"],\"articleSection\":[\"D\u00e9bat\"],\"inLanguage\":\"en-US\"},{\"@type\":\"WebPage\",\"@id\":\"https:\\\/\\\/elizabethmaymp.ca\\\/fr\\\/protecting-air-service-act-bill-c-33-b\\\/\",\"url\":\"https:\\\/\\\/elizabethmaymp.ca\\\/fr\\\/protecting-air-service-act-bill-c-33-b\\\/\",\"name\":\"Protecting Air Service Act (Bill C-33) (B)Mesure l\u00e9gislative sur les services a\u00e9riens (loi C-33) (B) | Elizabeth May\",\"isPartOf\":{\"@id\":\"https:\\\/\\\/elizabethmaymp.ca\\\/fr\\\/#website\"},\"datePublished\":\"2012-03-13T18:35:35+00:00\",\"dateModified\":\"2012-03-14T18:42:58+00:00\",\"breadcrumb\":{\"@id\":\"https:\\\/\\\/elizabethmaymp.ca\\\/fr\\\/protecting-air-service-act-bill-c-33-b\\\/#breadcrumb\"},\"inLanguage\":\"en-US\",\"potentialAction\":[{\"@type\":\"ReadAction\",\"target\":[[\"https:\\\/\\\/elizabethmaymp.ca\\\/fr\\\/protecting-air-service-act-bill-c-33-b\\\/\"]]}]},{\"@type\":\"BreadcrumbList\",\"@id\":\"https:\\\/\\\/elizabethmaymp.ca\\\/fr\\\/protecting-air-service-act-bill-c-33-b\\\/#breadcrumb\",\"itemListElement\":[{\"@type\":\"ListItem\",\"position\":1,\"name\":\"Home\",\"item\":\"https:\\\/\\\/elizabethmaymp.ca\\\/fr\\\/\"},{\"@type\":\"ListItem\",\"position\":2,\"name\":\"Protecting Air Service Act (Bill C-33) (B)\"}]},{\"@type\":\"WebSite\",\"@id\":\"https:\\\/\\\/elizabethmaymp.ca\\\/fr\\\/#website\",\"url\":\"https:\\\/\\\/elizabethmaymp.ca\\\/fr\\\/\",\"name\":\"Elizabeth May\",\"description\":\"MP for Saanich and Gulf Islands\",\"publisher\":{\"@id\":\"https:\\\/\\\/elizabethmaymp.ca\\\/fr\\\/#organization\"},\"potentialAction\":[{\"@type\":\"SearchAction\",\"target\":{\"@type\":\"EntryPoint\",\"urlTemplate\":\"https:\\\/\\\/elizabethmaymp.ca\\\/fr\\\/?s={search_term_string}\"},\"query-input\":{\"@type\":\"PropertyValueSpecification\",\"valueRequired\":true,\"valueName\":\"search_term_string\"}}],\"inLanguage\":\"en-US\"},{\"@type\":\"Organization\",\"@id\":\"https:\\\/\\\/elizabethmaymp.ca\\\/fr\\\/#organization\",\"name\":\"Elizabeth May MP\",\"url\":\"https:\\\/\\\/elizabethmaymp.ca\\\/fr\\\/\",\"logo\":{\"@type\":\"ImageObject\",\"inLanguage\":\"en-US\",\"@id\":\"https:\\\/\\\/elizabethmaymp.ca\\\/fr\\\/#\\\/schema\\\/logo\\\/image\\\/\",\"url\":\"https:\\\/\\\/elizabethmaymp.ca\\\/wp-content\\\/uploads\\\/elizabethmay-button.png\",\"contentUrl\":\"https:\\\/\\\/elizabethmaymp.ca\\\/wp-content\\\/uploads\\\/elizabethmay-button.png\",\"width\":1501,\"height\":1501,\"caption\":\"Elizabeth May MP\"},\"image\":{\"@id\":\"https:\\\/\\\/elizabethmaymp.ca\\\/fr\\\/#\\\/schema\\\/logo\\\/image\\\/\"},\"sameAs\":[\"https:\\\/\\\/www.facebook.com\\\/ElizabethMayMP\",\"https:\\\/\\\/x.com\\\/elizabethmay\"]},{\"@type\":\"Person\",\"@id\":\"https:\\\/\\\/elizabethmaymp.ca\\\/#\\\/schema\\\/person\\\/d3f03a762a6bc9b615b1cc303ebf0c1f\",\"name\":\"Craig Cantin\",\"image\":{\"@type\":\"ImageObject\",\"inLanguage\":\"en-US\",\"@id\":\"https:\\\/\\\/secure.gravatar.com\\\/avatar\\\/4c95358098caf4f50815f5fc942d6d14142d8b46ece2b18c21ac1fb7d38545a4?s=96&d=mm&r=g\",\"url\":\"https:\\\/\\\/secure.gravatar.com\\\/avatar\\\/4c95358098caf4f50815f5fc942d6d14142d8b46ece2b18c21ac1fb7d38545a4?s=96&d=mm&r=g\",\"contentUrl\":\"https:\\\/\\\/secure.gravatar.com\\\/avatar\\\/4c95358098caf4f50815f5fc942d6d14142d8b46ece2b18c21ac1fb7d38545a4?s=96&d=mm&r=g\",\"caption\":\"Craig Cantin\"},\"url\":\"https:\\\/\\\/elizabethmaymp.ca\\\/fr\\\/author\\\/craig-c\\\/\"}]}<\/script>\n<!-- \/ Yoast SEO plugin. -->","yoast_head_json":{"title":"Mesure l\u00e9gislative sur les services a\u00e9riens (loi C-33) (B) | Elizabeth May","robots":{"index":"index","follow":"follow","max-snippet":"max-snippet:-1","max-image-preview":"max-image-preview:large","max-video-preview":"max-video-preview:-1"},"canonical":"https:\/\/elizabethmaymp.ca\/fr\/protecting-air-service-act-bill-c-33-b\/","og_locale":"en_US","og_type":"article","og_title":"Mesure l\u00e9gislative sur les services a\u00e9riens (loi C-33) (B) | Elizabeth May","og_description":"Elizabeth May : Monsieur le pr\u00e9sident, j&#8217;ai quelques questions \u00e0 poser, mais je pr\u00e9f\u00e9rerais examiner le projet de loi C-33 et d\u00e9terminer comment nous en sommes arriv\u00e9s l\u00e0.&hellip;","og_url":"https:\/\/elizabethmaymp.ca\/fr\/protecting-air-service-act-bill-c-33-b\/","og_site_name":"Elizabeth May","article_publisher":"https:\/\/www.facebook.com\/ElizabethMayMP","article_published_time":"2012-03-13T18:35:35+00:00","article_modified_time":"2012-03-14T18:42:58+00:00","og_image":[{"width":512,"height":512,"url":"https:\/\/elizabethmaymp.ca\/wp-content\/uploads\/cropped-elizabethmay-button.png","type":"image\/png"}],"author":"Craig Cantin","twitter_card":"summary_large_image","twitter_creator":"@elizabethmay","twitter_site":"@elizabethmay","twitter_misc":{"Written by":"Craig Cantin","Est. reading time":"10 minutes"},"schema":{"@context":"https:\/\/schema.org","@graph":[{"@type":"Article","@id":"https:\/\/elizabethmaymp.ca\/fr\/protecting-air-service-act-bill-c-33-b\/#article","isPartOf":{"@id":"https:\/\/elizabethmaymp.ca\/fr\/protecting-air-service-act-bill-c-33-b\/"},"author":{"name":"Craig Cantin","@id":"https:\/\/elizabethmaymp.ca\/#\/schema\/person\/d3f03a762a6bc9b615b1cc303ebf0c1f"},"headline":"Mesure l\u00e9gislative sur les services a\u00e9riens (loi C-33) (B)","datePublished":"2012-03-13T18:35:35+00:00","dateModified":"2012-03-14T18:42:58+00:00","mainEntityOfPage":{"@id":"https:\/\/elizabethmaymp.ca\/fr\/protecting-air-service-act-bill-c-33-b\/"},"wordCount":2126,"commentCount":0,"publisher":{"@id":"https:\/\/elizabethmaymp.ca\/#organization"},"keywords":["Air Canada","Postes Canada","La n\u00e9gociation collective","Processus parlementaire","Transports"],"articleSection":["D\u00e9bat"],"inLanguage":"en-US"},{"@type":"WebPage","@id":"https:\/\/elizabethmaymp.ca\/fr\/protecting-air-service-act-bill-c-33-b\/","url":"https:\/\/elizabethmaymp.ca\/fr\/protecting-air-service-act-bill-c-33-b\/","name":"Protecting Air Service Act (Bill C-33) (B)Mesure l\u00e9gislative sur les services a\u00e9riens (loi C-33) (B) | Elizabeth May","isPartOf":{"@id":"https:\/\/elizabethmaymp.ca\/fr\/#website"},"datePublished":"2012-03-13T18:35:35+00:00","dateModified":"2012-03-14T18:42:58+00:00","breadcrumb":{"@id":"https:\/\/elizabethmaymp.ca\/fr\/protecting-air-service-act-bill-c-33-b\/#breadcrumb"},"inLanguage":"en-US","potentialAction":[{"@type":"ReadAction","target":[["https:\/\/elizabethmaymp.ca\/fr\/protecting-air-service-act-bill-c-33-b\/"]]}]},{"@type":"BreadcrumbList","@id":"https:\/\/elizabethmaymp.ca\/fr\/protecting-air-service-act-bill-c-33-b\/#breadcrumb","itemListElement":[{"@type":"ListItem","position":1,"name":"Home","item":"https:\/\/elizabethmaymp.ca\/fr\/"},{"@type":"ListItem","position":2,"name":"Protecting Air Service Act (Bill C-33) (B)"}]},{"@type":"WebSite","@id":"https:\/\/elizabethmaymp.ca\/fr\/#website","url":"https:\/\/elizabethmaymp.ca\/fr\/","name":"Elizabeth May","description":"MP for Saanich and Gulf Islands","publisher":{"@id":"https:\/\/elizabethmaymp.ca\/fr\/#organization"},"potentialAction":[{"@type":"SearchAction","target":{"@type":"EntryPoint","urlTemplate":"https:\/\/elizabethmaymp.ca\/fr\/?s={search_term_string}"},"query-input":{"@type":"PropertyValueSpecification","valueRequired":true,"valueName":"search_term_string"}}],"inLanguage":"en-US"},{"@type":"Organization","@id":"https:\/\/elizabethmaymp.ca\/fr\/#organization","name":"Elizabeth May MP","url":"https:\/\/elizabethmaymp.ca\/fr\/","logo":{"@type":"ImageObject","inLanguage":"en-US","@id":"https:\/\/elizabethmaymp.ca\/fr\/#\/schema\/logo\/image\/","url":"https:\/\/elizabethmaymp.ca\/wp-content\/uploads\/elizabethmay-button.png","contentUrl":"https:\/\/elizabethmaymp.ca\/wp-content\/uploads\/elizabethmay-button.png","width":1501,"height":1501,"caption":"Elizabeth May MP"},"image":{"@id":"https:\/\/elizabethmaymp.ca\/fr\/#\/schema\/logo\/image\/"},"sameAs":["https:\/\/www.facebook.com\/ElizabethMayMP","https:\/\/x.com\/elizabethmay"]},{"@type":"Person","@id":"https:\/\/elizabethmaymp.ca\/#\/schema\/person\/d3f03a762a6bc9b615b1cc303ebf0c1f","name":"Craig Cantin","image":{"@type":"ImageObject","inLanguage":"en-US","@id":"https:\/\/secure.gravatar.com\/avatar\/4c95358098caf4f50815f5fc942d6d14142d8b46ece2b18c21ac1fb7d38545a4?s=96&d=mm&r=g","url":"https:\/\/secure.gravatar.com\/avatar\/4c95358098caf4f50815f5fc942d6d14142d8b46ece2b18c21ac1fb7d38545a4?s=96&d=mm&r=g","contentUrl":"https:\/\/secure.gravatar.com\/avatar\/4c95358098caf4f50815f5fc942d6d14142d8b46ece2b18c21ac1fb7d38545a4?s=96&d=mm&r=g","caption":"Craig Cantin"},"url":"https:\/\/elizabethmaymp.ca\/fr\/author\/craig-c\/"}]}},"_links":{"self":[{"href":"https:\/\/elizabethmaymp.ca\/fr\/wp-json\/wp\/v2\/posts\/3890","targetHints":{"allow":["GET"]}}],"collection":[{"href":"https:\/\/elizabethmaymp.ca\/fr\/wp-json\/wp\/v2\/posts"}],"about":[{"href":"https:\/\/elizabethmaymp.ca\/fr\/wp-json\/wp\/v2\/types\/post"}],"author":[{"embeddable":true,"href":"https:\/\/elizabethmaymp.ca\/fr\/wp-json\/wp\/v2\/users\/3"}],"replies":[{"embeddable":true,"href":"https:\/\/elizabethmaymp.ca\/fr\/wp-json\/wp\/v2\/comments?post=3890"}],"version-history":[{"count":3,"href":"https:\/\/elizabethmaymp.ca\/fr\/wp-json\/wp\/v2\/posts\/3890\/revisions"}],"predecessor-version":[{"id":3895,"href":"https:\/\/elizabethmaymp.ca\/fr\/wp-json\/wp\/v2\/posts\/3890\/revisions\/3895"}],"wp:attachment":[{"href":"https:\/\/elizabethmaymp.ca\/fr\/wp-json\/wp\/v2\/media?parent=3890"}],"wp:term":[{"taxonomy":"category","embeddable":true,"href":"https:\/\/elizabethmaymp.ca\/fr\/wp-json\/wp\/v2\/categories?post=3890"},{"taxonomy":"post_tag","embeddable":true,"href":"https:\/\/elizabethmaymp.ca\/fr\/wp-json\/wp\/v2\/tags?post=3890"}],"curies":[{"name":"wp","href":"https:\/\/api.w.org\/{rel}","templated":true}]}}