{"id":5684,"date":"2012-06-18T14:22:17","date_gmt":"2012-06-18T18:22:17","guid":{"rendered":"http:\/\/elizabethmaymp.ca?p=5684"},"modified":"2012-06-18T15:28:54","modified_gmt":"2012-06-18T19:28:54","slug":"may-challenges-conservative-mps-to-an-omnibus-quiz","status":"publish","type":"post","link":"https:\/\/elizabethmaymp.ca\/fr\/may-challenges-conservative-mps-to-an-omnibus-quiz\/","title":{"rendered":"May lance un d\u00e9fi aux d\u00e9put\u00e9s conservateurs sur le projet de loi omnibus"},"content":{"rendered":"<p>Apr\u00e8s le refus du premier ministre d\u2019autoriser les d\u00e9put\u00e9s conservateurs \u00e0 voter pour l\u2019un ou l\u2019autre des 700\u00a0amendements au projet de loi C\u201138 \u00e0 l\u2019\u00e9tape du rapport lors du marathon de votes tenu la semaine derni\u00e8re, Elizabeth\u00a0May, d\u00e9put\u00e9e de Saanich\u2014Gulf\u00a0Islands et chef du Parti vert du Canada, lance un d\u00e9fi aux d\u00e9put\u00e9s conservateurs par le biais d&#8217;un jeu-questionnaire.<\/p>\n<p>C\u2019est ainsi que\u00a0<strong>mardi matin, de 10 h \u00e0 12h, la salle 263-S de l\u2019\u00e9difice du Centre<\/strong>\u00a0sera transform\u00e9e en salle d\u2019examen. Les d\u00e9put\u00e9s conservateurs qui souhaitent d\u00e9montrer leur familiarit\u00e9 avec le contenu du projet de loi sont invit\u00e9s \u00e0 r\u00e9pondre \u00e0 un bref questionnaire \u00e9crit sur le projet de loi C\u201138. Un exemplaire du projet de loi sera \u00e0 la disposition des d\u00e9put\u00e9s \u00e0 titre de r\u00e9f\u00e9rence. Tout d\u00e9put\u00e9 qui obtient la note de passage verra un arbre plant\u00e9 en son nom dans le lieu de son choix.<\/p>\n<p>\u00ab\u00a0C\u2019est un examen \u00e0 livre ouvert, un questionnaire \u00e0 choix multiples. Je ne m\u2019attends pas \u00e0 ce que les d\u00e9put\u00e9s aient appris le projet de loi par c\u0153ur, mais s\u2019ils n&#8217;ont pas pris le temps de se familiariser avec la loi, ils trouveront difficile d\u2019obtenir une bonne note. \u00c0 toutes les \u00e9tapes du d\u00e9bat sur le projet de loi C\u201138, j\u2019ai constat\u00e9 avec beaucoup d\u2019inqui\u00e9tude qu\u2019une vaste majorit\u00e9 des d\u00e9put\u00e9s du caucus de M.\u00a0Harper, y compris plusieurs ministres, connaissait mal la nature d\u00e9vastatrice de la loi qu\u2019ils veulent faire adopter\u00a0\u00bb, a dit May. \u00ab\u00a0Avant de voter une derni\u00e8re fois sur le projet de loi C\u201138 demain soir, j\u2019aimerais \u00eatre rassur\u00e9e et savoir qu\u2019au moins quelques d\u00e9put\u00e9s conservateurs ont pris la peine de lire le projet de loi.\u00a0\u00bb<\/p>\n<p>Les questions, r\u00e9ponses et r\u00e9sultats du jeu-questionnaire seront publi\u00e9s avant la tenue du vote.<\/p>","protected":false},"excerpt":{"rendered":"<p>Apr\u00e8s le refus du premier ministre d\u2019autoriser les d\u00e9put\u00e9s conservateurs \u00e0 voter pour l\u2019un ou l\u2019autre des 700\u00a0amendements au projet de loi C\u201138 \u00e0 l\u2019\u00e9tape du rapport lors&hellip;<\/p>\n","protected":false},"author":3,"featured_media":0,"comment_status":"open","ping_status":"open","sticky":false,"template":"","format":"standard","meta":{"_acf_changed":false,"_price":"","_stock":"","_tribe_ticket_header":"","_tribe_default_ticket_provider":"","_tribe_ticket_capacity":"","_ticket_start_date":"","_ticket_end_date":"","_tribe_ticket_show_description":"","_tribe_ticket_show_not_going":false,"_tribe_ticket_use_global_stock":"","_tribe_ticket_global_stock_level":"","_global_stock_mode":"","_global_stock_cap":"","_tribe_rsvp_for_event":"","_tribe_ticket_going_count":"","_tribe_ticket_not_going_count":"","_tribe_tickets_list":"[]","_tribe_ticket_has_attendee_info_fields":false,"footnotes":""},"categories":[90],"tags":[1165,472,32,178,116],"class_list":["post-5684","post","type-post","status-publish","format-standard","hentry","category-press-releases","tag-bill-c-38","tag-budget","tag-environment","tag-federal-budget","tag-finance"],"acf":[],"yoast_head":"<!-- This site is optimized with the Yoast SEO plugin v27.4 - https:\/\/yoast.com\/product\/yoast-seo-wordpress\/ -->\n<title>May lance un d\u00e9fi aux d\u00e9put\u00e9s conservateurs sur le projet de loi omnibus | Elizabeth May<\/title>\n<meta name=\"robots\" content=\"index, follow, max-snippet:-1, max-image-preview:large, max-video-preview:-1\" \/>\n<link rel=\"canonical\" href=\"https:\/\/elizabethmaymp.ca\/fr\/may-challenges-conservative-mps-to-an-omnibus-quiz\/\" \/>\n<meta property=\"og:locale\" content=\"en_US\" \/>\n<meta property=\"og:type\" content=\"article\" \/>\n<meta property=\"og:title\" content=\"May lance un d\u00e9fi aux d\u00e9put\u00e9s conservateurs sur le projet de loi omnibus | Elizabeth May\" \/>\n<meta property=\"og:description\" content=\"Apr\u00e8s le refus du premier ministre d\u2019autoriser les d\u00e9put\u00e9s conservateurs \u00e0 voter pour l\u2019un ou l\u2019autre des 700\u00a0amendements au projet de loi C\u201138 \u00e0 l\u2019\u00e9tape du rapport lors&hellip;\" \/>\n<meta property=\"og:url\" content=\"https:\/\/elizabethmaymp.ca\/fr\/may-challenges-conservative-mps-to-an-omnibus-quiz\/\" \/>\n<meta property=\"og:site_name\" content=\"Elizabeth May\" \/>\n<meta property=\"article:publisher\" content=\"https:\/\/www.facebook.com\/ElizabethMayMP\" \/>\n<meta property=\"article:published_time\" content=\"2012-06-18T18:22:17+00:00\" \/>\n<meta property=\"article:modified_time\" content=\"2012-06-18T19:28:54+00:00\" \/>\n<meta property=\"og:image\" content=\"https:\/\/elizabethmaymp.ca\/wp-content\/uploads\/cropped-elizabethmay-button.png\" \/>\n\t<meta property=\"og:image:width\" content=\"512\" \/>\n\t<meta property=\"og:image:height\" content=\"512\" \/>\n\t<meta property=\"og:image:type\" content=\"image\/png\" \/>\n<meta name=\"author\" content=\"Craig Cantin\" \/>\n<meta name=\"twitter:card\" content=\"summary_large_image\" \/>\n<meta name=\"twitter:creator\" content=\"@elizabethmay\" \/>\n<meta name=\"twitter:site\" content=\"@elizabethmay\" \/>\n<meta name=\"twitter:label1\" content=\"Written by\" \/>\n\t<meta name=\"twitter:data1\" content=\"Craig Cantin\" \/>\n\t<meta name=\"twitter:label2\" content=\"Est. reading time\" \/>\n\t<meta name=\"twitter:data2\" content=\"3 minutes\" \/>\n<script type=\"application\/ld+json\" class=\"yoast-schema-graph\">{\"@context\":\"https:\\\/\\\/schema.org\",\"@graph\":[{\"@type\":\"Article\",\"@id\":\"https:\\\/\\\/elizabethmaymp.ca\\\/fr\\\/may-challenges-conservative-mps-to-an-omnibus-quiz\\\/#article\",\"isPartOf\":{\"@id\":\"https:\\\/\\\/elizabethmaymp.ca\\\/fr\\\/may-challenges-conservative-mps-to-an-omnibus-quiz\\\/\"},\"author\":{\"name\":\"Craig Cantin\",\"@id\":\"https:\\\/\\\/elizabethmaymp.ca\\\/#\\\/schema\\\/person\\\/d3f03a762a6bc9b615b1cc303ebf0c1f\"},\"headline\":\"May lance un d\u00e9fi aux d\u00e9put\u00e9s conservateurs sur le projet de loi omnibus\",\"datePublished\":\"2012-06-18T18:22:17+00:00\",\"dateModified\":\"2012-06-18T19:28:54+00:00\",\"mainEntityOfPage\":{\"@id\":\"https:\\\/\\\/elizabethmaymp.ca\\\/fr\\\/may-challenges-conservative-mps-to-an-omnibus-quiz\\\/\"},\"wordCount\":603,\"commentCount\":0,\"publisher\":{\"@id\":\"https:\\\/\\\/elizabethmaymp.ca\\\/#organization\"},\"keywords\":[\"Bill C-38\",\"Le budget\",\"L'environnement\",\"Le budget f\u00e9d\u00e9ral\",\"Les finances\"],\"articleSection\":[\"Communiqu\u00e9s\"],\"inLanguage\":\"en-US\"},{\"@type\":\"WebPage\",\"@id\":\"https:\\\/\\\/elizabethmaymp.ca\\\/fr\\\/may-challenges-conservative-mps-to-an-omnibus-quiz\\\/\",\"url\":\"https:\\\/\\\/elizabethmaymp.ca\\\/fr\\\/may-challenges-conservative-mps-to-an-omnibus-quiz\\\/\",\"name\":\"May Challenges Conservative MPs to an Omnibus QuizMay lance un d\u00e9fi aux d\u00e9put\u00e9s conservateurs sur le projet de loi omnibus | Elizabeth May\",\"isPartOf\":{\"@id\":\"https:\\\/\\\/elizabethmaymp.ca\\\/fr\\\/#website\"},\"datePublished\":\"2012-06-18T18:22:17+00:00\",\"dateModified\":\"2012-06-18T19:28:54+00:00\",\"breadcrumb\":{\"@id\":\"https:\\\/\\\/elizabethmaymp.ca\\\/fr\\\/may-challenges-conservative-mps-to-an-omnibus-quiz\\\/#breadcrumb\"},\"inLanguage\":\"en-US\",\"potentialAction\":[{\"@type\":\"ReadAction\",\"target\":[[\"https:\\\/\\\/elizabethmaymp.ca\\\/fr\\\/may-challenges-conservative-mps-to-an-omnibus-quiz\\\/\"]]}]},{\"@type\":\"BreadcrumbList\",\"@id\":\"https:\\\/\\\/elizabethmaymp.ca\\\/fr\\\/may-challenges-conservative-mps-to-an-omnibus-quiz\\\/#breadcrumb\",\"itemListElement\":[{\"@type\":\"ListItem\",\"position\":1,\"name\":\"Home\",\"item\":\"https:\\\/\\\/elizabethmaymp.ca\\\/fr\\\/\"},{\"@type\":\"ListItem\",\"position\":2,\"name\":\"May lance un d\u00e9fi aux d\u00e9put\u00e9s conservateurs sur le projet de loi omnibus\"}]},{\"@type\":\"WebSite\",\"@id\":\"https:\\\/\\\/elizabethmaymp.ca\\\/fr\\\/#website\",\"url\":\"https:\\\/\\\/elizabethmaymp.ca\\\/fr\\\/\",\"name\":\"Elizabeth May\",\"description\":\"MP for Saanich and Gulf Islands\",\"publisher\":{\"@id\":\"https:\\\/\\\/elizabethmaymp.ca\\\/fr\\\/#organization\"},\"potentialAction\":[{\"@type\":\"SearchAction\",\"target\":{\"@type\":\"EntryPoint\",\"urlTemplate\":\"https:\\\/\\\/elizabethmaymp.ca\\\/fr\\\/?s={search_term_string}\"},\"query-input\":{\"@type\":\"PropertyValueSpecification\",\"valueRequired\":true,\"valueName\":\"search_term_string\"}}],\"inLanguage\":\"en-US\"},{\"@type\":\"Organization\",\"@id\":\"https:\\\/\\\/elizabethmaymp.ca\\\/fr\\\/#organization\",\"name\":\"Elizabeth May MP\",\"url\":\"https:\\\/\\\/elizabethmaymp.ca\\\/fr\\\/\",\"logo\":{\"@type\":\"ImageObject\",\"inLanguage\":\"en-US\",\"@id\":\"https:\\\/\\\/elizabethmaymp.ca\\\/fr\\\/#\\\/schema\\\/logo\\\/image\\\/\",\"url\":\"https:\\\/\\\/elizabethmaymp.ca\\\/wp-content\\\/uploads\\\/elizabethmay-button.png\",\"contentUrl\":\"https:\\\/\\\/elizabethmaymp.ca\\\/wp-content\\\/uploads\\\/elizabethmay-button.png\",\"width\":1501,\"height\":1501,\"caption\":\"Elizabeth May MP\"},\"image\":{\"@id\":\"https:\\\/\\\/elizabethmaymp.ca\\\/fr\\\/#\\\/schema\\\/logo\\\/image\\\/\"},\"sameAs\":[\"https:\\\/\\\/www.facebook.com\\\/ElizabethMayMP\",\"https:\\\/\\\/x.com\\\/elizabethmay\"]},{\"@type\":\"Person\",\"@id\":\"https:\\\/\\\/elizabethmaymp.ca\\\/#\\\/schema\\\/person\\\/d3f03a762a6bc9b615b1cc303ebf0c1f\",\"name\":\"Craig Cantin\",\"image\":{\"@type\":\"ImageObject\",\"inLanguage\":\"en-US\",\"@id\":\"https:\\\/\\\/secure.gravatar.com\\\/avatar\\\/4c95358098caf4f50815f5fc942d6d14142d8b46ece2b18c21ac1fb7d38545a4?s=96&d=mm&r=g\",\"url\":\"https:\\\/\\\/secure.gravatar.com\\\/avatar\\\/4c95358098caf4f50815f5fc942d6d14142d8b46ece2b18c21ac1fb7d38545a4?s=96&d=mm&r=g\",\"contentUrl\":\"https:\\\/\\\/secure.gravatar.com\\\/avatar\\\/4c95358098caf4f50815f5fc942d6d14142d8b46ece2b18c21ac1fb7d38545a4?s=96&d=mm&r=g\",\"caption\":\"Craig Cantin\"},\"url\":\"https:\\\/\\\/elizabethmaymp.ca\\\/fr\\\/author\\\/craig-c\\\/\"}]}<\/script>\n<!-- \/ Yoast SEO plugin. -->","yoast_head_json":{"title":"May lance un d\u00e9fi aux d\u00e9put\u00e9s conservateurs sur le projet de loi omnibus | Elizabeth May","robots":{"index":"index","follow":"follow","max-snippet":"max-snippet:-1","max-image-preview":"max-image-preview:large","max-video-preview":"max-video-preview:-1"},"canonical":"https:\/\/elizabethmaymp.ca\/fr\/may-challenges-conservative-mps-to-an-omnibus-quiz\/","og_locale":"en_US","og_type":"article","og_title":"May lance un d\u00e9fi aux d\u00e9put\u00e9s conservateurs sur le projet de loi omnibus | Elizabeth May","og_description":"Apr\u00e8s le refus du premier ministre d\u2019autoriser les d\u00e9put\u00e9s conservateurs \u00e0 voter pour l\u2019un ou l\u2019autre des 700\u00a0amendements au projet de loi C\u201138 \u00e0 l\u2019\u00e9tape du rapport lors&hellip;","og_url":"https:\/\/elizabethmaymp.ca\/fr\/may-challenges-conservative-mps-to-an-omnibus-quiz\/","og_site_name":"Elizabeth May","article_publisher":"https:\/\/www.facebook.com\/ElizabethMayMP","article_published_time":"2012-06-18T18:22:17+00:00","article_modified_time":"2012-06-18T19:28:54+00:00","og_image":[{"width":512,"height":512,"url":"https:\/\/elizabethmaymp.ca\/wp-content\/uploads\/cropped-elizabethmay-button.png","type":"image\/png"}],"author":"Craig Cantin","twitter_card":"summary_large_image","twitter_creator":"@elizabethmay","twitter_site":"@elizabethmay","twitter_misc":{"Written by":"Craig Cantin","Est. reading time":"3 minutes"},"schema":{"@context":"https:\/\/schema.org","@graph":[{"@type":"Article","@id":"https:\/\/elizabethmaymp.ca\/fr\/may-challenges-conservative-mps-to-an-omnibus-quiz\/#article","isPartOf":{"@id":"https:\/\/elizabethmaymp.ca\/fr\/may-challenges-conservative-mps-to-an-omnibus-quiz\/"},"author":{"name":"Craig Cantin","@id":"https:\/\/elizabethmaymp.ca\/#\/schema\/person\/d3f03a762a6bc9b615b1cc303ebf0c1f"},"headline":"May lance un d\u00e9fi aux d\u00e9put\u00e9s conservateurs sur le projet de loi omnibus","datePublished":"2012-06-18T18:22:17+00:00","dateModified":"2012-06-18T19:28:54+00:00","mainEntityOfPage":{"@id":"https:\/\/elizabethmaymp.ca\/fr\/may-challenges-conservative-mps-to-an-omnibus-quiz\/"},"wordCount":603,"commentCount":0,"publisher":{"@id":"https:\/\/elizabethmaymp.ca\/#organization"},"keywords":["Bill C-38","Le budget","L'environnement","Le budget f\u00e9d\u00e9ral","Les finances"],"articleSection":["Communiqu\u00e9s"],"inLanguage":"en-US"},{"@type":"WebPage","@id":"https:\/\/elizabethmaymp.ca\/fr\/may-challenges-conservative-mps-to-an-omnibus-quiz\/","url":"https:\/\/elizabethmaymp.ca\/fr\/may-challenges-conservative-mps-to-an-omnibus-quiz\/","name":"May Challenges Conservative MPs to an Omnibus QuizMay lance un d\u00e9fi aux d\u00e9put\u00e9s conservateurs sur le projet de loi omnibus | Elizabeth May","isPartOf":{"@id":"https:\/\/elizabethmaymp.ca\/fr\/#website"},"datePublished":"2012-06-18T18:22:17+00:00","dateModified":"2012-06-18T19:28:54+00:00","breadcrumb":{"@id":"https:\/\/elizabethmaymp.ca\/fr\/may-challenges-conservative-mps-to-an-omnibus-quiz\/#breadcrumb"},"inLanguage":"en-US","potentialAction":[{"@type":"ReadAction","target":[["https:\/\/elizabethmaymp.ca\/fr\/may-challenges-conservative-mps-to-an-omnibus-quiz\/"]]}]},{"@type":"BreadcrumbList","@id":"https:\/\/elizabethmaymp.ca\/fr\/may-challenges-conservative-mps-to-an-omnibus-quiz\/#breadcrumb","itemListElement":[{"@type":"ListItem","position":1,"name":"Home","item":"https:\/\/elizabethmaymp.ca\/fr\/"},{"@type":"ListItem","position":2,"name":"May lance un d\u00e9fi aux d\u00e9put\u00e9s conservateurs sur le projet de loi omnibus"}]},{"@type":"WebSite","@id":"https:\/\/elizabethmaymp.ca\/fr\/#website","url":"https:\/\/elizabethmaymp.ca\/fr\/","name":"Elizabeth May","description":"MP for Saanich and Gulf Islands","publisher":{"@id":"https:\/\/elizabethmaymp.ca\/fr\/#organization"},"potentialAction":[{"@type":"SearchAction","target":{"@type":"EntryPoint","urlTemplate":"https:\/\/elizabethmaymp.ca\/fr\/?s={search_term_string}"},"query-input":{"@type":"PropertyValueSpecification","valueRequired":true,"valueName":"search_term_string"}}],"inLanguage":"en-US"},{"@type":"Organization","@id":"https:\/\/elizabethmaymp.ca\/fr\/#organization","name":"Elizabeth May MP","url":"https:\/\/elizabethmaymp.ca\/fr\/","logo":{"@type":"ImageObject","inLanguage":"en-US","@id":"https:\/\/elizabethmaymp.ca\/fr\/#\/schema\/logo\/image\/","url":"https:\/\/elizabethmaymp.ca\/wp-content\/uploads\/elizabethmay-button.png","contentUrl":"https:\/\/elizabethmaymp.ca\/wp-content\/uploads\/elizabethmay-button.png","width":1501,"height":1501,"caption":"Elizabeth May MP"},"image":{"@id":"https:\/\/elizabethmaymp.ca\/fr\/#\/schema\/logo\/image\/"},"sameAs":["https:\/\/www.facebook.com\/ElizabethMayMP","https:\/\/x.com\/elizabethmay"]},{"@type":"Person","@id":"https:\/\/elizabethmaymp.ca\/#\/schema\/person\/d3f03a762a6bc9b615b1cc303ebf0c1f","name":"Craig Cantin","image":{"@type":"ImageObject","inLanguage":"en-US","@id":"https:\/\/secure.gravatar.com\/avatar\/4c95358098caf4f50815f5fc942d6d14142d8b46ece2b18c21ac1fb7d38545a4?s=96&d=mm&r=g","url":"https:\/\/secure.gravatar.com\/avatar\/4c95358098caf4f50815f5fc942d6d14142d8b46ece2b18c21ac1fb7d38545a4?s=96&d=mm&r=g","contentUrl":"https:\/\/secure.gravatar.com\/avatar\/4c95358098caf4f50815f5fc942d6d14142d8b46ece2b18c21ac1fb7d38545a4?s=96&d=mm&r=g","caption":"Craig Cantin"},"url":"https:\/\/elizabethmaymp.ca\/fr\/author\/craig-c\/"}]}},"_links":{"self":[{"href":"https:\/\/elizabethmaymp.ca\/fr\/wp-json\/wp\/v2\/posts\/5684","targetHints":{"allow":["GET"]}}],"collection":[{"href":"https:\/\/elizabethmaymp.ca\/fr\/wp-json\/wp\/v2\/posts"}],"about":[{"href":"https:\/\/elizabethmaymp.ca\/fr\/wp-json\/wp\/v2\/types\/post"}],"author":[{"embeddable":true,"href":"https:\/\/elizabethmaymp.ca\/fr\/wp-json\/wp\/v2\/users\/3"}],"replies":[{"embeddable":true,"href":"https:\/\/elizabethmaymp.ca\/fr\/wp-json\/wp\/v2\/comments?post=5684"}],"version-history":[{"count":2,"href":"https:\/\/elizabethmaymp.ca\/fr\/wp-json\/wp\/v2\/posts\/5684\/revisions"}],"predecessor-version":[{"id":5686,"href":"https:\/\/elizabethmaymp.ca\/fr\/wp-json\/wp\/v2\/posts\/5684\/revisions\/5686"}],"wp:attachment":[{"href":"https:\/\/elizabethmaymp.ca\/fr\/wp-json\/wp\/v2\/media?parent=5684"}],"wp:term":[{"taxonomy":"category","embeddable":true,"href":"https:\/\/elizabethmaymp.ca\/fr\/wp-json\/wp\/v2\/categories?post=5684"},{"taxonomy":"post_tag","embeddable":true,"href":"https:\/\/elizabethmaymp.ca\/fr\/wp-json\/wp\/v2\/tags?post=5684"}],"curies":[{"name":"wp","href":"https:\/\/api.w.org\/{rel}","templated":true}]}}