{"id":6247,"date":"2012-08-21T08:08:28","date_gmt":"2012-08-21T12:08:28","guid":{"rendered":"http:\/\/elizabethmaymp.ca?p=6247"},"modified":"2021-03-05T11:42:41","modified_gmt":"2021-03-05T16:42:41","slug":"joint-statement-on-trans-pacific-partnership-agreement","status":"publish","type":"post","link":"https:\/\/elizabethmaymp.ca\/fr\/joint-statement-on-trans-pacific-partnership-agreement\/","title":{"rendered":"Joint Statement on Trans-Pacific Partnership Agreement"},"content":{"rendered":"<p>Au moment o\u00f9 les partis politiques parlementaires verts de trois nations en pourparlers pour l\u2019Accord de partenariat transpacifique, nous avons choisi de publier une d\u00e9claration commune pour exprimer notre inqui\u00e9tude quant \u00e0 la nature fondamentalement antid\u00e9mocratique et obscure de cet accord. Le chapitre portant sur les investissements, qui a fait l&#8217;objet d&#8217;une fuite, inqui\u00e8te particuli\u00e8rement les verts, puisqu\u2019il rappelle \u00e0 quel point cet accord pourrait menacer la capacit\u00e9 des gouvernements \u00e0 performer de mani\u00e8re efficace. En effet, l\u2019Accord de partenariat transpacifique va bien au-del\u00e0 du simple accord commercial et comprend des dispositions qui pourraient emp\u00eacher la population d&#8217;acc\u00e9der \u00e0 des m\u00e9dicaments s\u00e9curitaires et abordables, affaiblir les r\u00e8glements qui r\u00e9gissent le contenu des m\u00e9dias, freiner l\u2019innovation dans le domaine de la haute technologie et restreindre la capacit\u00e9 des gouvernements futurs \u00e0 l\u00e9gif\u00e9rer pour le bien de la sant\u00e9 publique et de l\u2019environnement.<\/p>\n<p>Nous croyons que le processus doit \u00eatre transparent. Cet accord a \u00e9t\u00e9 n\u00e9goci\u00e9 \u00e0 huis clos et entour\u00e9 d\u2019un secret qui n\u2019est pas acceptable dans une soci\u00e9t\u00e9 d\u00e9mocratique.<\/p>\n<p><strong><em>Libres d\u2019\u00e9dicter nos propres lois<\/em><\/strong><\/p>\n<p>Traditionnellement, les gouvernements d\u2019Australie, du Canada et de la Nouvelle-Z\u00e9lande ont toujours eu le droit d\u2019\u00e9dicter leurs propres lois pour le bien de la sant\u00e9 publique, des consommateurs, des travailleurs et de l\u2019environnement.<\/p>\n<p>Les d\u00e9tails coul\u00e9s \u00e0 la presse au sujet de l\u2019Accord r\u00e9v\u00e8lent que les investisseurs et les entreprises pourraient intenter des poursuites contre le Canada ou la Nouvelle-Z\u00e9lande devant un tribunal priv\u00e9 international si jamais leur parlement ou une administration locale d\u00e9cidait d\u2019adopter une loi qui risquait de r\u00e9duire leurs profits ou de leur causer un pr\u00e9judice. Cela comprend notamment les dispositions l\u00e9gislatives suivantes\u00a0:<\/p>\n<ul>\n<li>une loi qui exige d\u2019apposer des mises en garde imag\u00e9es et tr\u00e8s visibles sur les paquets de cigarettes et d\u2019autres produits du tabac ou de recourir \u00e0 des paquets neutres (comme le font le Canada et l\u2019Australie, bient\u00f4t imit\u00e9s par la Nouvelle-Z\u00e9lande);<\/li>\n<li>des lois qui exigent l\u2019\u00e9tiquetage des produits alimentaires g\u00e9n\u00e9tiquement modifi\u00e9s (Nouvelle-Z\u00e9lande);<\/li>\n<li>le maintien de la r\u00e9glementation dans le secteur agricole, comme le syst\u00e8me de gestion de l\u2019offre pour les produits laitiers, dans le but de pr\u00e9server le moyen de subsistance des exploitants agricoles.<\/li>\n<\/ul>\n<p>Le gouvernement australien a indiqu\u00e9 qu\u2019il ne donnerait pas son appui aux dispositions de l\u2019Accord destin\u00e9es \u00e0 prot\u00e9ger les multinationales des cons\u00e9quences des d\u00e9cisions politiques, mais les dirigeants de la Nouvelle-Z\u00e9lande et du Canada refusent de leur embo\u00eeter le pas (m\u00eame apr\u00e8s que des poursuites eurent \u00e9t\u00e9 intent\u00e9es contre le Canada aux termes de l\u2019AL\u00c9NA).<\/p>\n<p><strong><em>La fin de l\u2019Internet libre<\/em><\/strong><\/p>\n<p>Nous croyons que l\u2019Accord est un pr\u00e9texte pour implanter des mesures insidieuses de mani\u00e8re \u00e0 contraindre les nations signataires \u00e0 accepter des lois exhaustives et s\u00e9v\u00e8res en lien avec l\u2019utilisation d\u2019Internet, qui ne seraient pas acceptables \u00e0 l\u2019\u00e9chelle nationale, y compris le durcissement des sanctions p\u00e9nales en cas de violation du droit d&#8217;auteur \u00e0 des fins non commerciales et pour lesquelles il n&#8217;y a pas de gain financier, l&#8217;approche \u00ab\u00a0d\u2019avis et retrait\u00a0\u00bb en cas de violation pr\u00e9sum\u00e9e du droit d\u2019auteur et la possibilit\u00e9 pour les fournisseurs Internet d\u2019\u00eatre contraints \u00e0 communiquer des renseignements personnels aux autorit\u00e9s sans aucune mesure pour la protection des renseignements personnels. Le Parlement europ\u00e9en a vot\u00e9 \u00e0 478 contre 39 pour rejeter l\u2019Accord commercial relatif \u00e0 la contrefa\u00e7on, qui portait sur cr\u00e9ation de normes similaires. \u00c0 pr\u00e9sent, l\u2019Accord de partenariat transpacifique tente de forcer l\u2019adoption de ce type de r\u00e9glementation.<\/p>\n<p><strong><em>DPI accrus pour les gros joueurs<\/em><\/strong><\/p>\n<p>Le chapitre de l\u2019Accord portant sur les droits de la propri\u00e9t\u00e9 intellectuelle (DPI) fut \u00e9vent\u00e9 en f\u00e9vrier\u00a02011. Nous pensons qu\u2019\u00e0 d\u00e9faut d\u2019adopter une version plus mod\u00e9r\u00e9e et plus \u00e9quilibr\u00e9e, les consommateurs, \u00e9coles et librairies de Nouvelle-Z\u00e9lande du Canada et d\u2019Australie devront d\u00e9bourser davantage pour leurs livres et DVD, parce que les d\u00e9tenteurs du droit d\u2019auteur sur ces \u0153uvres pourraient opposer un veto sur les importations parall\u00e8les. La vision novatrice des petites et moyennes entreprises d\u2019informatique et de technologie serait entrav\u00e9e par des lois contraignantes en mati\u00e8re de brevets. Enfin, les grandes soci\u00e9t\u00e9s pharmaceutiques pourraient manipuler les lois de mani\u00e8re \u00e0 interdire l\u2019achat de m\u00e9dicaments fiables et abordables aux organismes d\u2019achat de m\u00e9dicaments comme ceux de l\u2019Australie et de la Nouvelle-Z\u00e9lande.<\/p>\n<p><strong><em>\u00c0 huis clos<\/em><\/strong><\/p>\n<p>Presque la totalit\u00e9 de ce que nous avons d\u00e9couvert au sujet du contenu de l\u2019Accord de partenariat transpacifique provient de documents coul\u00e9s que les n\u00e9gociateurs auraient bien voulu cacher au grand public. Cependant, aucun accord important ne devrait \u00eatre finalis\u00e9 sans l\u2019avis \u00e9clair\u00e9 des gens ordinaires qu\u2019il affectera.<\/p>\n<p>Tandis que les repr\u00e9sentants d\u2019AT&amp;T, de Verizon et de Cisco, des grandes soci\u00e9t\u00e9s pharmaceutiques et de la Motion Picture Association of America ont acc\u00e8s au texte, les d\u00e9put\u00e9s d\u00e9mocratiquement \u00e9lus, les organismes de d\u00e9fense des soins de sant\u00e9 et de l\u2019environnement ainsi que des citoyennes et des citoyens ordinaires se font \u00e9carter du jeu.<\/p>\n<p>Les gouvernements, y compris celui des \u00c9tats-Unis, ont d\u00e9j\u00e0 \u00e9t\u00e9 plus ouverts avec le grand public, notamment en publiant l\u2019\u00e9bauche du texte de l\u2019Accord. En effet, les neuf chapitres de la Zone de libre-\u00e9change des Am\u00e9riques furent divulgu\u00e9s au grand public en 2001. \u00c0 l\u2019\u00e9poque, ce geste \u00e9tait per\u00e7u comme une \u00ab\u00a0\u00e9tape importante\u00a0\u00bb, destin\u00e9e \u00e0 rendre le processus de n\u00e9gociation sur les \u00e9changes commerciaux \u00ab\u00a0plus transparent et plus accessible\u00a0\u00bb. Si cela \u00e9tait la norme pour la reddition de comptes envers le grand public en 2001, il est d\u00e9cevant de constater que ces normes n\u2019ont plus cours en 2012.<\/p>\n<p>Nous, les partis verts, d\u00e9clarons d&#8217;une seule voix que nous appuierons uniquement un accord commercial faisant la promotion du d\u00e9veloppement durable et la cr\u00e9ation de nouveaux emplois, parall\u00e8lement \u00e0 la protection de l\u2019environnement et des droits de la personne (y compris la libert\u00e9 d\u2019association et le droit \u00e0 la n\u00e9gociation collective). Nous appelons nos gouvernements \u00e9lus \u00e0 \u00e9liminer le secret entourant l\u2019Accord et \u00e0 ouvrir ces n\u00e9gociations en offrant au public la possibilit\u00e9 de formuler des propositions et des commentaires.<\/p>","protected":false},"excerpt":{"rendered":"<p>Au moment o\u00f9 les partis politiques parlementaires verts de trois nations en pourparlers pour l\u2019Accord de partenariat transpacifique, nous avons choisi de publier une d\u00e9claration commune pour exprimer&hellip;<\/p>\n","protected":false},"author":3,"featured_media":0,"comment_status":"closed","ping_status":"closed","sticky":false,"template":"","format":"standard","meta":{"_acf_changed":false,"_price":"","_stock":"","_tribe_ticket_header":"","_tribe_default_ticket_provider":"","_tribe_ticket_capacity":"","_ticket_start_date":"","_ticket_end_date":"","_tribe_ticket_show_description":"","_tribe_ticket_show_not_going":false,"_tribe_ticket_use_global_stock":"","_tribe_ticket_global_stock_level":"","_global_stock_mode":"","_global_stock_cap":"","_tribe_rsvp_for_event":"","_tribe_ticket_going_count":"","_tribe_ticket_not_going_count":"","_tribe_tickets_list":"[]","_tribe_ticket_has_attendee_info_fields":false,"footnotes":""},"categories":[156,15,90,11],"tags":[148,391,252,1337,2539,387,610,311,858,52,680,794,1086,1266,140,761,294],"class_list":["post-6247","post","type-post","status-publish","format-standard","hentry","category-letters","category-parliament","category-press-releases","category-publications","tag-agriculture","tag-australia","tag-australian-greens","tag-dairy-farming","tag-democracy","tag-european-union","tag-food-labelling","tag-free-trade","tag-genetically-modified-foods","tag-green-party","tag-intellectual-property-rights","tag-internet","tag-new-zealand","tag-new-zealand-green-party","tag-trade","tag-trans-pacific-partnership","tag-united-states"],"acf":[],"yoast_head":"<!-- This site is optimized with the Yoast SEO plugin v27.5 - https:\/\/yoast.com\/product\/yoast-seo-wordpress\/ -->\n<title>Joint Statement on Trans-Pacific Partnership Agreement | Elizabeth May<\/title>\n<meta name=\"robots\" content=\"index, follow, max-snippet:-1, max-image-preview:large, max-video-preview:-1\" \/>\n<link rel=\"canonical\" href=\"https:\/\/elizabethmaymp.ca\/fr\/joint-statement-on-trans-pacific-partnership-agreement\/\" \/>\n<meta property=\"og:locale\" content=\"en_US\" \/>\n<meta property=\"og:type\" content=\"article\" \/>\n<meta property=\"og:title\" content=\"Joint Statement on Trans-Pacific Partnership Agreement | Elizabeth May\" \/>\n<meta property=\"og:description\" content=\"Au moment o\u00f9 les partis politiques parlementaires verts de trois nations en pourparlers pour l\u2019Accord de partenariat transpacifique, nous avons choisi de publier une d\u00e9claration commune pour exprimer&hellip;\" \/>\n<meta property=\"og:url\" content=\"https:\/\/elizabethmaymp.ca\/fr\/joint-statement-on-trans-pacific-partnership-agreement\/\" \/>\n<meta property=\"og:site_name\" content=\"Elizabeth May\" \/>\n<meta property=\"article:publisher\" content=\"https:\/\/www.facebook.com\/ElizabethMayMP\" \/>\n<meta property=\"article:published_time\" content=\"2012-08-21T12:08:28+00:00\" \/>\n<meta property=\"article:modified_time\" content=\"2021-03-05T16:42:41+00:00\" \/>\n<meta property=\"og:image\" content=\"https:\/\/elizabethmaymp.ca\/wp-content\/uploads\/cropped-elizabethmay-button.png\" \/>\n\t<meta property=\"og:image:width\" content=\"512\" \/>\n\t<meta property=\"og:image:height\" content=\"512\" \/>\n\t<meta property=\"og:image:type\" content=\"image\/png\" \/>\n<meta name=\"author\" content=\"Craig Cantin\" \/>\n<meta name=\"twitter:card\" content=\"summary_large_image\" \/>\n<meta name=\"twitter:creator\" content=\"@elizabethmay\" \/>\n<meta name=\"twitter:site\" content=\"@elizabethmay\" \/>\n<meta name=\"twitter:label1\" content=\"Written by\" \/>\n\t<meta name=\"twitter:data1\" content=\"Craig Cantin\" \/>\n\t<meta name=\"twitter:label2\" content=\"Est. reading time\" \/>\n\t<meta name=\"twitter:data2\" content=\"9 minutes\" \/>\n<script type=\"application\/ld+json\" class=\"yoast-schema-graph\">{\"@context\":\"https:\\\/\\\/schema.org\",\"@graph\":[{\"@type\":\"Article\",\"@id\":\"https:\\\/\\\/elizabethmaymp.ca\\\/joint-statement-on-trans-pacific-partnership-agreement\\\/#article\",\"isPartOf\":{\"@id\":\"https:\\\/\\\/elizabethmaymp.ca\\\/joint-statement-on-trans-pacific-partnership-agreement\\\/\"},\"author\":{\"name\":\"Craig Cantin\",\"@id\":\"https:\\\/\\\/elizabethmaymp.ca\\\/#\\\/schema\\\/person\\\/d3f03a762a6bc9b615b1cc303ebf0c1f\"},\"headline\":\"Joint Statement on Trans-Pacific Partnership Agreement\",\"datePublished\":\"2012-08-21T12:08:28+00:00\",\"dateModified\":\"2021-03-05T16:42:41+00:00\",\"mainEntityOfPage\":{\"@id\":\"https:\\\/\\\/elizabethmaymp.ca\\\/joint-statement-on-trans-pacific-partnership-agreement\\\/\"},\"wordCount\":1895,\"publisher\":{\"@id\":\"https:\\\/\\\/elizabethmaymp.ca\\\/#organization\"},\"keywords\":[\"Agriculture\",\"Australia\",\"Verts australiens\",\"La production laiti\u00e8re\",\"D\u00e9mocratie\",\"European Union\",\"Food Labelling\",\"Libre-\u00e9change\",\"Genetically Modified Foods\",\"la Parti vert\",\"Intellectual Property Rights\",\"Internet\",\"New Zealand\",\"New Zealand Green Party\",\"Commerce\",\"Trans-Pacific Partnership\",\"\u00c9tats-Unis\"],\"articleSection\":[\"Lettres\",\"Parlement\",\"Communiqu\u00e9s\",\"Publications\"],\"inLanguage\":\"en-US\"},{\"@type\":\"WebPage\",\"@id\":\"https:\\\/\\\/elizabethmaymp.ca\\\/fr\\\/joint-statement-on-trans-pacific-partnership-agreement\\\/\",\"url\":\"https:\\\/\\\/elizabethmaymp.ca\\\/fr\\\/joint-statement-on-trans-pacific-partnership-agreement\\\/\",\"name\":\"Joint Statement on Trans-Pacific Partnership Agreement | Elizabeth May\",\"isPartOf\":{\"@id\":\"https:\\\/\\\/elizabethmaymp.ca\\\/fr\\\/#website\"},\"datePublished\":\"2012-08-21T12:08:28+00:00\",\"dateModified\":\"2021-03-05T16:42:41+00:00\",\"breadcrumb\":{\"@id\":\"https:\\\/\\\/elizabethmaymp.ca\\\/fr\\\/joint-statement-on-trans-pacific-partnership-agreement\\\/#breadcrumb\"},\"inLanguage\":\"en-US\",\"potentialAction\":[{\"@type\":\"ReadAction\",\"target\":[[\"https:\\\/\\\/elizabethmaymp.ca\\\/fr\\\/joint-statement-on-trans-pacific-partnership-agreement\\\/\"]]}]},{\"@type\":\"BreadcrumbList\",\"@id\":\"https:\\\/\\\/elizabethmaymp.ca\\\/fr\\\/joint-statement-on-trans-pacific-partnership-agreement\\\/#breadcrumb\",\"itemListElement\":[{\"@type\":\"ListItem\",\"position\":1,\"name\":\"Home\",\"item\":\"https:\\\/\\\/elizabethmaymp.ca\\\/fr\\\/\"},{\"@type\":\"ListItem\",\"position\":2,\"name\":\"Joint Statement on Trans-Pacific Partnership Agreement\"}]},{\"@type\":\"WebSite\",\"@id\":\"https:\\\/\\\/elizabethmaymp.ca\\\/fr\\\/#website\",\"url\":\"https:\\\/\\\/elizabethmaymp.ca\\\/fr\\\/\",\"name\":\"Elizabeth May\",\"description\":\"MP for Saanich and Gulf Islands\",\"publisher\":{\"@id\":\"https:\\\/\\\/elizabethmaymp.ca\\\/fr\\\/#organization\"},\"potentialAction\":[{\"@type\":\"SearchAction\",\"target\":{\"@type\":\"EntryPoint\",\"urlTemplate\":\"https:\\\/\\\/elizabethmaymp.ca\\\/fr\\\/?s={search_term_string}\"},\"query-input\":{\"@type\":\"PropertyValueSpecification\",\"valueRequired\":true,\"valueName\":\"search_term_string\"}}],\"inLanguage\":\"en-US\"},{\"@type\":\"Organization\",\"@id\":\"https:\\\/\\\/elizabethmaymp.ca\\\/fr\\\/#organization\",\"name\":\"Elizabeth May MP\",\"url\":\"https:\\\/\\\/elizabethmaymp.ca\\\/fr\\\/\",\"logo\":{\"@type\":\"ImageObject\",\"inLanguage\":\"en-US\",\"@id\":\"https:\\\/\\\/elizabethmaymp.ca\\\/fr\\\/#\\\/schema\\\/logo\\\/image\\\/\",\"url\":\"https:\\\/\\\/elizabethmaymp.ca\\\/wp-content\\\/uploads\\\/elizabethmay-button.png\",\"contentUrl\":\"https:\\\/\\\/elizabethmaymp.ca\\\/wp-content\\\/uploads\\\/elizabethmay-button.png\",\"width\":1501,\"height\":1501,\"caption\":\"Elizabeth May MP\"},\"image\":{\"@id\":\"https:\\\/\\\/elizabethmaymp.ca\\\/fr\\\/#\\\/schema\\\/logo\\\/image\\\/\"},\"sameAs\":[\"https:\\\/\\\/www.facebook.com\\\/ElizabethMayMP\",\"https:\\\/\\\/x.com\\\/elizabethmay\"]},{\"@type\":\"Person\",\"@id\":\"https:\\\/\\\/elizabethmaymp.ca\\\/#\\\/schema\\\/person\\\/d3f03a762a6bc9b615b1cc303ebf0c1f\",\"name\":\"Craig Cantin\",\"image\":{\"@type\":\"ImageObject\",\"inLanguage\":\"en-US\",\"@id\":\"https:\\\/\\\/secure.gravatar.com\\\/avatar\\\/4c95358098caf4f50815f5fc942d6d14142d8b46ece2b18c21ac1fb7d38545a4?s=96&d=mm&r=g\",\"url\":\"https:\\\/\\\/secure.gravatar.com\\\/avatar\\\/4c95358098caf4f50815f5fc942d6d14142d8b46ece2b18c21ac1fb7d38545a4?s=96&d=mm&r=g\",\"contentUrl\":\"https:\\\/\\\/secure.gravatar.com\\\/avatar\\\/4c95358098caf4f50815f5fc942d6d14142d8b46ece2b18c21ac1fb7d38545a4?s=96&d=mm&r=g\",\"caption\":\"Craig Cantin\"},\"url\":\"https:\\\/\\\/elizabethmaymp.ca\\\/fr\\\/author\\\/craig-c\\\/\"}]}<\/script>\n<!-- \/ Yoast SEO plugin. -->","yoast_head_json":{"title":"Joint Statement on Trans-Pacific Partnership Agreement | Elizabeth May","robots":{"index":"index","follow":"follow","max-snippet":"max-snippet:-1","max-image-preview":"max-image-preview:large","max-video-preview":"max-video-preview:-1"},"canonical":"https:\/\/elizabethmaymp.ca\/fr\/joint-statement-on-trans-pacific-partnership-agreement\/","og_locale":"en_US","og_type":"article","og_title":"Joint Statement on Trans-Pacific Partnership Agreement | Elizabeth May","og_description":"Au moment o\u00f9 les partis politiques parlementaires verts de trois nations en pourparlers pour l\u2019Accord de partenariat transpacifique, nous avons choisi de publier une d\u00e9claration commune pour exprimer&hellip;","og_url":"https:\/\/elizabethmaymp.ca\/fr\/joint-statement-on-trans-pacific-partnership-agreement\/","og_site_name":"Elizabeth May","article_publisher":"https:\/\/www.facebook.com\/ElizabethMayMP","article_published_time":"2012-08-21T12:08:28+00:00","article_modified_time":"2021-03-05T16:42:41+00:00","og_image":[{"width":512,"height":512,"url":"https:\/\/elizabethmaymp.ca\/wp-content\/uploads\/cropped-elizabethmay-button.png","type":"image\/png"}],"author":"Craig Cantin","twitter_card":"summary_large_image","twitter_creator":"@elizabethmay","twitter_site":"@elizabethmay","twitter_misc":{"Written by":"Craig Cantin","Est. reading time":"9 minutes"},"schema":{"@context":"https:\/\/schema.org","@graph":[{"@type":"Article","@id":"https:\/\/elizabethmaymp.ca\/joint-statement-on-trans-pacific-partnership-agreement\/#article","isPartOf":{"@id":"https:\/\/elizabethmaymp.ca\/joint-statement-on-trans-pacific-partnership-agreement\/"},"author":{"name":"Craig Cantin","@id":"https:\/\/elizabethmaymp.ca\/#\/schema\/person\/d3f03a762a6bc9b615b1cc303ebf0c1f"},"headline":"Joint Statement on Trans-Pacific Partnership Agreement","datePublished":"2012-08-21T12:08:28+00:00","dateModified":"2021-03-05T16:42:41+00:00","mainEntityOfPage":{"@id":"https:\/\/elizabethmaymp.ca\/joint-statement-on-trans-pacific-partnership-agreement\/"},"wordCount":1895,"publisher":{"@id":"https:\/\/elizabethmaymp.ca\/#organization"},"keywords":["Agriculture","Australia","Verts australiens","La production laiti\u00e8re","D\u00e9mocratie","European Union","Food Labelling","Libre-\u00e9change","Genetically Modified Foods","la Parti vert","Intellectual Property Rights","Internet","New Zealand","New Zealand Green Party","Commerce","Trans-Pacific Partnership","\u00c9tats-Unis"],"articleSection":["Lettres","Parlement","Communiqu\u00e9s","Publications"],"inLanguage":"en-US"},{"@type":"WebPage","@id":"https:\/\/elizabethmaymp.ca\/fr\/joint-statement-on-trans-pacific-partnership-agreement\/","url":"https:\/\/elizabethmaymp.ca\/fr\/joint-statement-on-trans-pacific-partnership-agreement\/","name":"Joint Statement on Trans-Pacific Partnership Agreement | Elizabeth May","isPartOf":{"@id":"https:\/\/elizabethmaymp.ca\/fr\/#website"},"datePublished":"2012-08-21T12:08:28+00:00","dateModified":"2021-03-05T16:42:41+00:00","breadcrumb":{"@id":"https:\/\/elizabethmaymp.ca\/fr\/joint-statement-on-trans-pacific-partnership-agreement\/#breadcrumb"},"inLanguage":"en-US","potentialAction":[{"@type":"ReadAction","target":[["https:\/\/elizabethmaymp.ca\/fr\/joint-statement-on-trans-pacific-partnership-agreement\/"]]}]},{"@type":"BreadcrumbList","@id":"https:\/\/elizabethmaymp.ca\/fr\/joint-statement-on-trans-pacific-partnership-agreement\/#breadcrumb","itemListElement":[{"@type":"ListItem","position":1,"name":"Home","item":"https:\/\/elizabethmaymp.ca\/fr\/"},{"@type":"ListItem","position":2,"name":"Joint Statement on Trans-Pacific Partnership Agreement"}]},{"@type":"WebSite","@id":"https:\/\/elizabethmaymp.ca\/fr\/#website","url":"https:\/\/elizabethmaymp.ca\/fr\/","name":"Elizabeth May","description":"MP for Saanich and Gulf Islands","publisher":{"@id":"https:\/\/elizabethmaymp.ca\/fr\/#organization"},"potentialAction":[{"@type":"SearchAction","target":{"@type":"EntryPoint","urlTemplate":"https:\/\/elizabethmaymp.ca\/fr\/?s={search_term_string}"},"query-input":{"@type":"PropertyValueSpecification","valueRequired":true,"valueName":"search_term_string"}}],"inLanguage":"en-US"},{"@type":"Organization","@id":"https:\/\/elizabethmaymp.ca\/fr\/#organization","name":"Elizabeth May MP","url":"https:\/\/elizabethmaymp.ca\/fr\/","logo":{"@type":"ImageObject","inLanguage":"en-US","@id":"https:\/\/elizabethmaymp.ca\/fr\/#\/schema\/logo\/image\/","url":"https:\/\/elizabethmaymp.ca\/wp-content\/uploads\/elizabethmay-button.png","contentUrl":"https:\/\/elizabethmaymp.ca\/wp-content\/uploads\/elizabethmay-button.png","width":1501,"height":1501,"caption":"Elizabeth May MP"},"image":{"@id":"https:\/\/elizabethmaymp.ca\/fr\/#\/schema\/logo\/image\/"},"sameAs":["https:\/\/www.facebook.com\/ElizabethMayMP","https:\/\/x.com\/elizabethmay"]},{"@type":"Person","@id":"https:\/\/elizabethmaymp.ca\/#\/schema\/person\/d3f03a762a6bc9b615b1cc303ebf0c1f","name":"Craig Cantin","image":{"@type":"ImageObject","inLanguage":"en-US","@id":"https:\/\/secure.gravatar.com\/avatar\/4c95358098caf4f50815f5fc942d6d14142d8b46ece2b18c21ac1fb7d38545a4?s=96&d=mm&r=g","url":"https:\/\/secure.gravatar.com\/avatar\/4c95358098caf4f50815f5fc942d6d14142d8b46ece2b18c21ac1fb7d38545a4?s=96&d=mm&r=g","contentUrl":"https:\/\/secure.gravatar.com\/avatar\/4c95358098caf4f50815f5fc942d6d14142d8b46ece2b18c21ac1fb7d38545a4?s=96&d=mm&r=g","caption":"Craig Cantin"},"url":"https:\/\/elizabethmaymp.ca\/fr\/author\/craig-c\/"}]}},"_links":{"self":[{"href":"https:\/\/elizabethmaymp.ca\/fr\/wp-json\/wp\/v2\/posts\/6247","targetHints":{"allow":["GET"]}}],"collection":[{"href":"https:\/\/elizabethmaymp.ca\/fr\/wp-json\/wp\/v2\/posts"}],"about":[{"href":"https:\/\/elizabethmaymp.ca\/fr\/wp-json\/wp\/v2\/types\/post"}],"author":[{"embeddable":true,"href":"https:\/\/elizabethmaymp.ca\/fr\/wp-json\/wp\/v2\/users\/3"}],"replies":[{"embeddable":true,"href":"https:\/\/elizabethmaymp.ca\/fr\/wp-json\/wp\/v2\/comments?post=6247"}],"version-history":[{"count":4,"href":"https:\/\/elizabethmaymp.ca\/fr\/wp-json\/wp\/v2\/posts\/6247\/revisions"}],"predecessor-version":[{"id":25020,"href":"https:\/\/elizabethmaymp.ca\/fr\/wp-json\/wp\/v2\/posts\/6247\/revisions\/25020"}],"wp:attachment":[{"href":"https:\/\/elizabethmaymp.ca\/fr\/wp-json\/wp\/v2\/media?parent=6247"}],"wp:term":[{"taxonomy":"category","embeddable":true,"href":"https:\/\/elizabethmaymp.ca\/fr\/wp-json\/wp\/v2\/categories?post=6247"},{"taxonomy":"post_tag","embeddable":true,"href":"https:\/\/elizabethmaymp.ca\/fr\/wp-json\/wp\/v2\/tags?post=6247"}],"curies":[{"name":"wp","href":"https:\/\/api.w.org\/{rel}","templated":true}]}}