{"id":7074,"date":"2012-10-16T11:22:35","date_gmt":"2012-10-16T15:22:35","guid":{"rendered":"http:\/\/elizabethmaymp.ca?p=7074"},"modified":"2021-03-09T14:13:49","modified_gmt":"2021-03-09T19:13:49","slug":"internatio%e2%80%8bnal-day-for-the-eradicatio%e2%80%8bn-of-poverty","status":"publish","type":"post","link":"https:\/\/elizabethmaymp.ca\/fr\/internatio%e2%80%8bnal-day-for-the-eradicatio%e2%80%8bn-of-poverty\/","title":{"rendered":"Journ\u00e9e internl. pour l\u2019\u00e9liminat\u200bion de la pauvret\u00e9"},"content":{"rendered":"<p>Le Parti vert du Canada souligne la Journ\u00e9e internationale pour l&#8217;\u00e9limination de la pauvret\u00e9 tenue chaque 17 octobre tel qu\u2019\u00e9tabli par l\u2019Organisation des Nations Unies. \u00ab Le th\u00e8me de la Journ\u00e9e en 2012 est \u201cMettre fin \u00e0 la violence de la mis\u00e8re\u201d. Cela nous rappelle que la pauvret\u00e9 tue plus d\u2019enfants et d\u2019adultes que n\u2019importe quelle guerre. Le Parti vert est le seul parti \u00e0 vouloir \u00e9liminer la pauvret\u00e9 gr\u00e2ce \u00e0 un Revenu de subsistance garanti \u00bb, a d\u00e9clar\u00e9 la chef du Parti vert du Canada et d\u00e9put\u00e9e de Saanich-Gulf Islands, Mme Elizabeth May.<\/p>\n<p>\u00ab Le 17 octobre est l\u2019occasion d\u2019entendre les pr\u00e9occupations des personnes vivant dans la pauvret\u00e9. Ce sont elles qui sont sur la ligne de front du combat contre la pauvret\u00e9. \u00c9liminer la pauvret\u00e9 est un objectif collectif, et \u00e0 ce titre, le leadership politique est absolument n\u00e9cessaire. Un gouvernement du Parti vert mettrait l\u2019\u00e9limination de la pauvret\u00e9 au c\u0153ur de son action \u00bb, a ajout\u00e9 Rebecca Harrison, membre du cabinet fant\u00f4me du parti en mati\u00e8re d\u2019\u00e9limination de la pauvret\u00e9.<\/p>\n<p>Par sa r\u00e9solution 47\/196 adopt\u00e9e le 22 d\u00e9cembre 1992, l&#8217;Assembl\u00e9e g\u00e9n\u00e9rale de l\u2019ONU a d\u00e9clar\u00e9 le 17 octobre Journ\u00e9e internationale pour l&#8217;\u00e9limination de la pauvret\u00e9 et invit\u00e9 tous les \u00c9tats \u00e0 consacrer cette journ\u00e9e \u00e0 la pr\u00e9sentation et \u00e0 la promotion, en fonction de leur contexte national, d&#8217;activit\u00e9s concr\u00e8tes visant \u00e0 \u00e9liminer la pauvret\u00e9 et la mis\u00e8re.<\/p>","protected":false},"excerpt":{"rendered":"<p>Le Parti vert du Canada souligne la Journ\u00e9e internationale pour l&#8217;\u00e9limination de la pauvret\u00e9 tenue chaque 17 octobre tel qu\u2019\u00e9tabli par l\u2019Organisation des Nations Unies. \u00ab Le th\u00e8me&hellip;<\/p>\n","protected":false},"author":3,"featured_media":0,"comment_status":"closed","ping_status":"closed","sticky":false,"template":"","format":"standard","meta":{"_acf_changed":false,"_price":"","_stock":"","_tribe_ticket_header":"","_tribe_default_ticket_provider":"","_tribe_ticket_capacity":"","_ticket_start_date":"","_ticket_end_date":"","_tribe_ticket_show_description":"","_tribe_ticket_show_not_going":false,"_tribe_ticket_use_global_stock":"","_tribe_ticket_global_stock_level":"","_global_stock_mode":"","_global_stock_cap":"","_tribe_rsvp_for_event":"","_tribe_ticket_going_count":"","_tribe_ticket_not_going_count":"","_tribe_tickets_list":"[]","_tribe_ticket_has_attendee_info_fields":false,"footnotes":""},"categories":[90,11],"tags":[2665,2567,40,2664,58,355,124],"class_list":["post-7074","post","type-post","status-publish","format-standard","hentry","category-press-releases","category-publications","tag-gli","tag-guaranteed-livable-income","tag-poverty","tag-ubi","tag-united-nations","tag-universal-basic-income","tag-youth"],"acf":[],"yoast_head":"<!-- This site is optimized with the Yoast SEO plugin v27.4 - https:\/\/yoast.com\/product\/yoast-seo-wordpress\/ -->\n<title>Journ\u00e9e internl. pour l\u2019\u00e9liminat\u200bion de la pauvret\u00e9 | Elizabeth May<\/title>\n<meta name=\"robots\" content=\"index, follow, max-snippet:-1, max-image-preview:large, max-video-preview:-1\" \/>\n<link rel=\"canonical\" href=\"https:\/\/elizabethmaymp.ca\/fr\/internatio\u200bnal-day-for-the-eradicatio\u200bn-of-poverty\/\" \/>\n<meta property=\"og:locale\" content=\"en_US\" \/>\n<meta property=\"og:type\" content=\"article\" \/>\n<meta property=\"og:title\" content=\"Journ\u00e9e internl. pour l\u2019\u00e9liminat\u200bion de la pauvret\u00e9 | Elizabeth May\" \/>\n<meta property=\"og:description\" content=\"Le Parti vert du Canada souligne la Journ\u00e9e internationale pour l&#8217;\u00e9limination de la pauvret\u00e9 tenue chaque 17 octobre tel qu\u2019\u00e9tabli par l\u2019Organisation des Nations Unies. \u00ab Le th\u00e8me&hellip;\" \/>\n<meta property=\"og:url\" content=\"https:\/\/elizabethmaymp.ca\/fr\/internatio\u200bnal-day-for-the-eradicatio\u200bn-of-poverty\/\" \/>\n<meta property=\"og:site_name\" content=\"Elizabeth May\" \/>\n<meta property=\"article:publisher\" content=\"https:\/\/www.facebook.com\/ElizabethMayMP\" \/>\n<meta property=\"article:published_time\" content=\"2012-10-16T15:22:35+00:00\" \/>\n<meta property=\"article:modified_time\" content=\"2021-03-09T19:13:49+00:00\" \/>\n<meta property=\"og:image\" content=\"https:\/\/elizabethmaymp.ca\/wp-content\/uploads\/cropped-elizabethmay-button.png\" \/>\n\t<meta property=\"og:image:width\" content=\"512\" \/>\n\t<meta property=\"og:image:height\" content=\"512\" \/>\n\t<meta property=\"og:image:type\" content=\"image\/png\" \/>\n<meta name=\"author\" content=\"Craig Cantin\" \/>\n<meta name=\"twitter:card\" content=\"summary_large_image\" \/>\n<meta name=\"twitter:creator\" content=\"@elizabethmay\" \/>\n<meta name=\"twitter:site\" content=\"@elizabethmay\" \/>\n<meta name=\"twitter:label1\" content=\"Written by\" \/>\n\t<meta name=\"twitter:data1\" content=\"Craig Cantin\" \/>\n\t<meta name=\"twitter:label2\" content=\"Est. reading time\" \/>\n\t<meta name=\"twitter:data2\" content=\"2 minutes\" \/>\n<script type=\"application\/ld+json\" class=\"yoast-schema-graph\">{\"@context\":\"https:\\\/\\\/schema.org\",\"@graph\":[{\"@type\":\"Article\",\"@id\":\"https:\\\/\\\/elizabethmaymp.ca\\\/internatio%e2%80%8bnal-day-for-the-eradicatio%e2%80%8bn-of-poverty\\\/#article\",\"isPartOf\":{\"@id\":\"https:\\\/\\\/elizabethmaymp.ca\\\/internatio%e2%80%8bnal-day-for-the-eradicatio%e2%80%8bn-of-poverty\\\/\"},\"author\":{\"name\":\"Craig Cantin\",\"@id\":\"https:\\\/\\\/elizabethmaymp.ca\\\/#\\\/schema\\\/person\\\/d3f03a762a6bc9b615b1cc303ebf0c1f\"},\"headline\":\"Journ\u00e9e internl. pour l\u2019\u00e9liminat\u200bion de la pauvret\u00e9\",\"datePublished\":\"2012-10-16T15:22:35+00:00\",\"dateModified\":\"2021-03-09T19:13:49+00:00\",\"mainEntityOfPage\":{\"@id\":\"https:\\\/\\\/elizabethmaymp.ca\\\/internatio%e2%80%8bnal-day-for-the-eradicatio%e2%80%8bn-of-poverty\\\/\"},\"wordCount\":458,\"publisher\":{\"@id\":\"https:\\\/\\\/elizabethmaymp.ca\\\/#organization\"},\"keywords\":[\"GLI\",\"Guaranteed Livable Income\",\"Pauvret\u00e9\",\"UBI\",\"Nations Unies\",\"Le programme universel de revenu garanti\",\"Les jeunes\"],\"articleSection\":[\"Communiqu\u00e9s\",\"Publications\"],\"inLanguage\":\"en-US\"},{\"@type\":\"WebPage\",\"@id\":\"https:\\\/\\\/elizabethmaymp.ca\\\/fr\\\/internatio%e2%80%8bnal-day-for-the-eradicatio%e2%80%8bn-of-poverty\\\/\",\"url\":\"https:\\\/\\\/elizabethmaymp.ca\\\/fr\\\/internatio%e2%80%8bnal-day-for-the-eradicatio%e2%80%8bn-of-poverty\\\/\",\"name\":\"Internatio\u200bnal Day for the Eradicatio\u200bn of PovertyJourn\u00e9e internl. pour l\u2019\u00e9liminat\u200bion de la pauvret\u00e9 | Elizabeth May\",\"isPartOf\":{\"@id\":\"https:\\\/\\\/elizabethmaymp.ca\\\/fr\\\/#website\"},\"datePublished\":\"2012-10-16T15:22:35+00:00\",\"dateModified\":\"2021-03-09T19:13:49+00:00\",\"breadcrumb\":{\"@id\":\"https:\\\/\\\/elizabethmaymp.ca\\\/fr\\\/internatio%e2%80%8bnal-day-for-the-eradicatio%e2%80%8bn-of-poverty\\\/#breadcrumb\"},\"inLanguage\":\"en-US\",\"potentialAction\":[{\"@type\":\"ReadAction\",\"target\":[[\"https:\\\/\\\/elizabethmaymp.ca\\\/fr\\\/internatio%e2%80%8bnal-day-for-the-eradicatio%e2%80%8bn-of-poverty\\\/\"]]}]},{\"@type\":\"BreadcrumbList\",\"@id\":\"https:\\\/\\\/elizabethmaymp.ca\\\/fr\\\/internatio%e2%80%8bnal-day-for-the-eradicatio%e2%80%8bn-of-poverty\\\/#breadcrumb\",\"itemListElement\":[{\"@type\":\"ListItem\",\"position\":1,\"name\":\"Home\",\"item\":\"https:\\\/\\\/elizabethmaymp.ca\\\/fr\\\/\"},{\"@type\":\"ListItem\",\"position\":2,\"name\":\"Journ\u00e9e internl. pour l\u2019\u00e9liminat\u200bion de la pauvret\u00e9\"}]},{\"@type\":\"WebSite\",\"@id\":\"https:\\\/\\\/elizabethmaymp.ca\\\/fr\\\/#website\",\"url\":\"https:\\\/\\\/elizabethmaymp.ca\\\/fr\\\/\",\"name\":\"Elizabeth May\",\"description\":\"MP for Saanich and Gulf Islands\",\"publisher\":{\"@id\":\"https:\\\/\\\/elizabethmaymp.ca\\\/fr\\\/#organization\"},\"potentialAction\":[{\"@type\":\"SearchAction\",\"target\":{\"@type\":\"EntryPoint\",\"urlTemplate\":\"https:\\\/\\\/elizabethmaymp.ca\\\/fr\\\/?s={search_term_string}\"},\"query-input\":{\"@type\":\"PropertyValueSpecification\",\"valueRequired\":true,\"valueName\":\"search_term_string\"}}],\"inLanguage\":\"en-US\"},{\"@type\":\"Organization\",\"@id\":\"https:\\\/\\\/elizabethmaymp.ca\\\/fr\\\/#organization\",\"name\":\"Elizabeth May MP\",\"url\":\"https:\\\/\\\/elizabethmaymp.ca\\\/fr\\\/\",\"logo\":{\"@type\":\"ImageObject\",\"inLanguage\":\"en-US\",\"@id\":\"https:\\\/\\\/elizabethmaymp.ca\\\/fr\\\/#\\\/schema\\\/logo\\\/image\\\/\",\"url\":\"https:\\\/\\\/elizabethmaymp.ca\\\/wp-content\\\/uploads\\\/elizabethmay-button.png\",\"contentUrl\":\"https:\\\/\\\/elizabethmaymp.ca\\\/wp-content\\\/uploads\\\/elizabethmay-button.png\",\"width\":1501,\"height\":1501,\"caption\":\"Elizabeth May MP\"},\"image\":{\"@id\":\"https:\\\/\\\/elizabethmaymp.ca\\\/fr\\\/#\\\/schema\\\/logo\\\/image\\\/\"},\"sameAs\":[\"https:\\\/\\\/www.facebook.com\\\/ElizabethMayMP\",\"https:\\\/\\\/x.com\\\/elizabethmay\"]},{\"@type\":\"Person\",\"@id\":\"https:\\\/\\\/elizabethmaymp.ca\\\/#\\\/schema\\\/person\\\/d3f03a762a6bc9b615b1cc303ebf0c1f\",\"name\":\"Craig Cantin\",\"image\":{\"@type\":\"ImageObject\",\"inLanguage\":\"en-US\",\"@id\":\"https:\\\/\\\/secure.gravatar.com\\\/avatar\\\/4c95358098caf4f50815f5fc942d6d14142d8b46ece2b18c21ac1fb7d38545a4?s=96&d=mm&r=g\",\"url\":\"https:\\\/\\\/secure.gravatar.com\\\/avatar\\\/4c95358098caf4f50815f5fc942d6d14142d8b46ece2b18c21ac1fb7d38545a4?s=96&d=mm&r=g\",\"contentUrl\":\"https:\\\/\\\/secure.gravatar.com\\\/avatar\\\/4c95358098caf4f50815f5fc942d6d14142d8b46ece2b18c21ac1fb7d38545a4?s=96&d=mm&r=g\",\"caption\":\"Craig Cantin\"},\"url\":\"https:\\\/\\\/elizabethmaymp.ca\\\/fr\\\/author\\\/craig-c\\\/\"}]}<\/script>\n<!-- \/ Yoast SEO plugin. -->","yoast_head_json":{"title":"Journ\u00e9e internl. pour l\u2019\u00e9liminat\u200bion de la pauvret\u00e9 | Elizabeth May","robots":{"index":"index","follow":"follow","max-snippet":"max-snippet:-1","max-image-preview":"max-image-preview:large","max-video-preview":"max-video-preview:-1"},"canonical":"https:\/\/elizabethmaymp.ca\/fr\/internatio\u200bnal-day-for-the-eradicatio\u200bn-of-poverty\/","og_locale":"en_US","og_type":"article","og_title":"Journ\u00e9e internl. pour l\u2019\u00e9liminat\u200bion de la pauvret\u00e9 | Elizabeth May","og_description":"Le Parti vert du Canada souligne la Journ\u00e9e internationale pour l&#8217;\u00e9limination de la pauvret\u00e9 tenue chaque 17 octobre tel qu\u2019\u00e9tabli par l\u2019Organisation des Nations Unies. \u00ab Le th\u00e8me&hellip;","og_url":"https:\/\/elizabethmaymp.ca\/fr\/internatio\u200bnal-day-for-the-eradicatio\u200bn-of-poverty\/","og_site_name":"Elizabeth May","article_publisher":"https:\/\/www.facebook.com\/ElizabethMayMP","article_published_time":"2012-10-16T15:22:35+00:00","article_modified_time":"2021-03-09T19:13:49+00:00","og_image":[{"width":512,"height":512,"url":"https:\/\/elizabethmaymp.ca\/wp-content\/uploads\/cropped-elizabethmay-button.png","type":"image\/png"}],"author":"Craig Cantin","twitter_card":"summary_large_image","twitter_creator":"@elizabethmay","twitter_site":"@elizabethmay","twitter_misc":{"Written by":"Craig Cantin","Est. reading time":"2 minutes"},"schema":{"@context":"https:\/\/schema.org","@graph":[{"@type":"Article","@id":"https:\/\/elizabethmaymp.ca\/internatio%e2%80%8bnal-day-for-the-eradicatio%e2%80%8bn-of-poverty\/#article","isPartOf":{"@id":"https:\/\/elizabethmaymp.ca\/internatio%e2%80%8bnal-day-for-the-eradicatio%e2%80%8bn-of-poverty\/"},"author":{"name":"Craig Cantin","@id":"https:\/\/elizabethmaymp.ca\/#\/schema\/person\/d3f03a762a6bc9b615b1cc303ebf0c1f"},"headline":"Journ\u00e9e internl. pour l\u2019\u00e9liminat\u200bion de la pauvret\u00e9","datePublished":"2012-10-16T15:22:35+00:00","dateModified":"2021-03-09T19:13:49+00:00","mainEntityOfPage":{"@id":"https:\/\/elizabethmaymp.ca\/internatio%e2%80%8bnal-day-for-the-eradicatio%e2%80%8bn-of-poverty\/"},"wordCount":458,"publisher":{"@id":"https:\/\/elizabethmaymp.ca\/#organization"},"keywords":["GLI","Guaranteed Livable Income","Pauvret\u00e9","UBI","Nations Unies","Le programme universel de revenu garanti","Les jeunes"],"articleSection":["Communiqu\u00e9s","Publications"],"inLanguage":"en-US"},{"@type":"WebPage","@id":"https:\/\/elizabethmaymp.ca\/fr\/internatio%e2%80%8bnal-day-for-the-eradicatio%e2%80%8bn-of-poverty\/","url":"https:\/\/elizabethmaymp.ca\/fr\/internatio%e2%80%8bnal-day-for-the-eradicatio%e2%80%8bn-of-poverty\/","name":"Internatio\u200bnal Day for the Eradicatio\u200bn of PovertyJourn\u00e9e internl. pour l\u2019\u00e9liminat\u200bion de la pauvret\u00e9 | Elizabeth May","isPartOf":{"@id":"https:\/\/elizabethmaymp.ca\/fr\/#website"},"datePublished":"2012-10-16T15:22:35+00:00","dateModified":"2021-03-09T19:13:49+00:00","breadcrumb":{"@id":"https:\/\/elizabethmaymp.ca\/fr\/internatio%e2%80%8bnal-day-for-the-eradicatio%e2%80%8bn-of-poverty\/#breadcrumb"},"inLanguage":"en-US","potentialAction":[{"@type":"ReadAction","target":[["https:\/\/elizabethmaymp.ca\/fr\/internatio%e2%80%8bnal-day-for-the-eradicatio%e2%80%8bn-of-poverty\/"]]}]},{"@type":"BreadcrumbList","@id":"https:\/\/elizabethmaymp.ca\/fr\/internatio%e2%80%8bnal-day-for-the-eradicatio%e2%80%8bn-of-poverty\/#breadcrumb","itemListElement":[{"@type":"ListItem","position":1,"name":"Home","item":"https:\/\/elizabethmaymp.ca\/fr\/"},{"@type":"ListItem","position":2,"name":"Journ\u00e9e internl. pour l\u2019\u00e9liminat\u200bion de la pauvret\u00e9"}]},{"@type":"WebSite","@id":"https:\/\/elizabethmaymp.ca\/fr\/#website","url":"https:\/\/elizabethmaymp.ca\/fr\/","name":"Elizabeth May","description":"MP for Saanich and Gulf Islands","publisher":{"@id":"https:\/\/elizabethmaymp.ca\/fr\/#organization"},"potentialAction":[{"@type":"SearchAction","target":{"@type":"EntryPoint","urlTemplate":"https:\/\/elizabethmaymp.ca\/fr\/?s={search_term_string}"},"query-input":{"@type":"PropertyValueSpecification","valueRequired":true,"valueName":"search_term_string"}}],"inLanguage":"en-US"},{"@type":"Organization","@id":"https:\/\/elizabethmaymp.ca\/fr\/#organization","name":"Elizabeth May MP","url":"https:\/\/elizabethmaymp.ca\/fr\/","logo":{"@type":"ImageObject","inLanguage":"en-US","@id":"https:\/\/elizabethmaymp.ca\/fr\/#\/schema\/logo\/image\/","url":"https:\/\/elizabethmaymp.ca\/wp-content\/uploads\/elizabethmay-button.png","contentUrl":"https:\/\/elizabethmaymp.ca\/wp-content\/uploads\/elizabethmay-button.png","width":1501,"height":1501,"caption":"Elizabeth May MP"},"image":{"@id":"https:\/\/elizabethmaymp.ca\/fr\/#\/schema\/logo\/image\/"},"sameAs":["https:\/\/www.facebook.com\/ElizabethMayMP","https:\/\/x.com\/elizabethmay"]},{"@type":"Person","@id":"https:\/\/elizabethmaymp.ca\/#\/schema\/person\/d3f03a762a6bc9b615b1cc303ebf0c1f","name":"Craig Cantin","image":{"@type":"ImageObject","inLanguage":"en-US","@id":"https:\/\/secure.gravatar.com\/avatar\/4c95358098caf4f50815f5fc942d6d14142d8b46ece2b18c21ac1fb7d38545a4?s=96&d=mm&r=g","url":"https:\/\/secure.gravatar.com\/avatar\/4c95358098caf4f50815f5fc942d6d14142d8b46ece2b18c21ac1fb7d38545a4?s=96&d=mm&r=g","contentUrl":"https:\/\/secure.gravatar.com\/avatar\/4c95358098caf4f50815f5fc942d6d14142d8b46ece2b18c21ac1fb7d38545a4?s=96&d=mm&r=g","caption":"Craig Cantin"},"url":"https:\/\/elizabethmaymp.ca\/fr\/author\/craig-c\/"}]}},"_links":{"self":[{"href":"https:\/\/elizabethmaymp.ca\/fr\/wp-json\/wp\/v2\/posts\/7074","targetHints":{"allow":["GET"]}}],"collection":[{"href":"https:\/\/elizabethmaymp.ca\/fr\/wp-json\/wp\/v2\/posts"}],"about":[{"href":"https:\/\/elizabethmaymp.ca\/fr\/wp-json\/wp\/v2\/types\/post"}],"author":[{"embeddable":true,"href":"https:\/\/elizabethmaymp.ca\/fr\/wp-json\/wp\/v2\/users\/3"}],"replies":[{"embeddable":true,"href":"https:\/\/elizabethmaymp.ca\/fr\/wp-json\/wp\/v2\/comments?post=7074"}],"version-history":[{"count":2,"href":"https:\/\/elizabethmaymp.ca\/fr\/wp-json\/wp\/v2\/posts\/7074\/revisions"}],"predecessor-version":[{"id":25091,"href":"https:\/\/elizabethmaymp.ca\/fr\/wp-json\/wp\/v2\/posts\/7074\/revisions\/25091"}],"wp:attachment":[{"href":"https:\/\/elizabethmaymp.ca\/fr\/wp-json\/wp\/v2\/media?parent=7074"}],"wp:term":[{"taxonomy":"category","embeddable":true,"href":"https:\/\/elizabethmaymp.ca\/fr\/wp-json\/wp\/v2\/categories?post=7074"},{"taxonomy":"post_tag","embeddable":true,"href":"https:\/\/elizabethmaymp.ca\/fr\/wp-json\/wp\/v2\/tags?post=7074"}],"curies":[{"name":"wp","href":"https:\/\/api.w.org\/{rel}","templated":true}]}}