{"id":8090,"date":"2013-01-02T11:39:05","date_gmt":"2013-01-02T16:39:05","guid":{"rendered":"http:\/\/elizabethmaymp.ca?p=8090"},"modified":"2015-11-24T16:29:55","modified_gmt":"2015-11-24T21:29:55","slug":"elizabeth-may-mp-for-saanich-gulf-islands-holds-town-halls-3","status":"publish","type":"post","link":"https:\/\/elizabethmaymp.ca\/fr\/elizabeth-may-mp-for-saanich-gulf-islands-holds-town-halls-3\/","title":{"rendered":"Elizabeth May, d\u00e9put\u00e9e de Saanich-Gulf Islands, rencontre ses commettants"},"content":{"rendered":"<p>Elizabeth May, d\u00e9put\u00e9e de Saanich\u2014Gulf Islands et chef du Parti vert du Canada, tiendra une s\u00e9rie de rencontres de discussions ouvertes d&#8217;un bout \u00e0 l&#8217;autre de la circonscription au mois de janvier. Des rencontres auront lieu dans les collectivit\u00e9s suivantes : Galiano Island, Saanich, Saanichton, Salt Spring Island, Saturna Island, Sidney, Mayne Island et Pender Island.<\/p>\n<p>Mme May est impatiente de rencontrer ses commettants et de conna\u00eetre leurs pr\u00e9occupations et leurs priorit\u00e9s pour l&#8217;ann\u00e9e qui d\u00e9bute. De plus, Mme May offrira aux gens de sa circonscription un compte-rendu de ses travaux et de ses interventions \u00e0 la Chambre des communes en leur nom. Ces rencontres permettront aux citoyennes et aux citoyens de Saanich-Gulf Islands de rencontrer Mme May et de lui poser des questions.<\/p>\n<p>Pour obtenir de plus amples renseignements sur les rencontres de discussions ouvertes, visitez le site Web de Mme May au <a href=\"http:\/\/elizabethmaymp.ca\/fr\/september-town-halls\">http:\/\/elizabethmaymp.ca\/fr\/january-town-halls<\/a> ou communiquez avec son bureau de circonscription de Sidney au <span class=\"baec5a81-e4d6-4674-97f3-e9220f0136c1\" style=\"white-space: nowrap;\">250-657-2000<\/span>.<\/p>\n<table width=\"100%\" border=\"0\" cellspacing=\"0\" cellpadding=\"5\">\n<tbody>\n<tr>\n<td width=\"50%\"><strong>Salt Spring Island &#8211; Rencontrez votre d\u00e9put\u00e9<\/strong><br \/>\nLundi, 14 janvier, 11 h \u00e0 17 h<br \/>\nServices communautaires de Salt Spring<br \/>\n268 chemin Fulford-Ganges<\/td>\n<td width=\"50%\"><strong>Salt Spring Island<br \/>\n<\/strong>Lundi, 14 janvier, 19 h \u00e0 21 h<br \/>\n\u00c9cole secondaire Gulf Island<br \/>\n112 chemin Rainbow, Ganges<\/td>\n<\/tr>\n<tr>\n<td><strong>Sidney<\/strong><br \/>\nMardi, 15 janvier, 19 h \u00e0 21 h<br \/>\n\u00c9glise anglicane St. Andrew&#8217;s<br \/>\n9691 &#8211; 4th St.<\/td>\n<td><strong>Mayne Island \u2013 Rencontrez votre d\u00e9put\u00e9<\/strong><br \/>\nMercredi, 16 janvier, 12 h \u00e0 16 h<br \/>\nSalle communautaire de Mayne Island<br \/>\n493 chemin Felix Jack<\/td>\n<\/tr>\n<tr>\n<td><strong>Mayne Island<br \/>\n<\/strong>Mercredi, 16 janvier, 17 h 30 \u00e0 19 h<br \/>\nSalle communautaire de Mayne Island<br \/>\n493 chemin Felix Jack<\/td>\n<td><strong>Central Saanich<br \/>\n<\/strong>Jeudi, 17 janvier, 19 h \u00e0 21 h<br \/>\nSaanich Fairground<br \/>\n1528 chemin Stelly\u2019s Crossroad<\/td>\n<\/tr>\n<tr>\n<td><strong>Saturna Island \u2013 Rencontrez votre d\u00e9put\u00e9<\/strong><br \/>\nVendredi, 18 janvier, 11 h \u00e0 15 h<br \/>\nSaturna Store Caf\u00e9<br \/>\n109 chemin East Point<\/td>\n<td><strong>Saturna Island<br \/>\n<\/strong>Vendredi, 18 janvier, 19 h \u00e0 21 h<br \/>\nSalle communautaire de Saturna<br \/>\n109 chemin East Point<\/td>\n<\/tr>\n<tr>\n<td><strong>Pender Island \u2013 Rencontrez votre d\u00e9put\u00e9<br \/>\n<\/strong>Lundi, 21 janvier, 10 h \u00e0 16 h<br \/>\nSalle communautaire de Pender<br \/>\n4418 chemin Bedwell<\/td>\n<td><strong>Pender Island<br \/>\n<\/strong>Lundi, 21 janvier, 17 h 30 \u00e0 19 h 30<br \/>\nSalle communautaire de Pender<br \/>\n4418 chemin Bedwell<\/td>\n<\/tr>\n<tr>\n<td><strong>Saanich<br \/>\n<\/strong>Mercredi, 23 janvier, 19 h \u00e0 21 h<br \/>\nUVic, Strong Bldg, Salle C103<\/td>\n<td><strong>Galiano Island<br \/>\n<\/strong>Jeudi, 24 janvier, 18 h \u00e0 19 h<br \/>\nSalle communautaire de Galiano<br \/>\n141 chemin Sturdies Bay<\/td>\n<\/tr>\n<tr>\n<td><strong>Galiano Island \u2013 Rencontrez votre d\u00e9put\u00e9<\/strong><br \/>\nVendredi, 25 janvier, 9 h \u00e0 11 h<br \/>\nGaliano Community Development Office<br \/>\n6-33 chemin Manzanita<\/td>\n<td><\/td>\n<\/tr>\n<\/tbody>\n<\/table>\n<p><strong>Renseignements :<br \/>\n<\/strong>Debra Eindiguer<br \/>\nBureau d&#8217;Elizabeth May, d\u00e9put\u00e9e<br \/>\nC : <span class=\"baec5a81-e4d6-4674-97f3-e9220f0136c1\" style=\"white-space: nowrap;\">613-240-8921<\/span><br \/>\nCourriel : <a href=\"mailto:Elizabeth.May@parl.gc.ca\">Elizabeth.May@parl.gc.ca<\/a><\/p>","protected":false},"excerpt":{"rendered":"<p>Elizabeth May, d\u00e9put\u00e9e de Saanich\u2014Gulf Islands et chef du Parti vert du Canada, tiendra une s\u00e9rie de rencontres de discussions ouvertes d&#8217;un bout \u00e0 l&#8217;autre de la circonscription&hellip;<\/p>\n","protected":false},"author":3,"featured_media":0,"comment_status":"open","ping_status":"open","sticky":false,"template":"","format":"standard","meta":{"_acf_changed":false,"_price":"","_stock":"","_tribe_ticket_header":"","_tribe_default_ticket_provider":"","_tribe_ticket_capacity":"","_ticket_start_date":"","_ticket_end_date":"","_tribe_ticket_show_description":"","_tribe_ticket_show_not_going":false,"_tribe_ticket_use_global_stock":"","_tribe_ticket_global_stock_level":"","_global_stock_mode":"","_global_stock_cap":"","_tribe_rsvp_for_event":"","_tribe_ticket_going_count":"","_tribe_ticket_not_going_count":"","_tribe_tickets_list":"[]","_tribe_ticket_has_attendee_info_fields":false,"footnotes":""},"categories":[90],"tags":[94,410],"class_list":["post-8090","post","type-post","status-publish","format-standard","hentry","category-press-releases","tag-saanich-gulf-islands","tag-town-halls"],"acf":[],"yoast_head":"<!-- This site is optimized with the Yoast SEO plugin v27.5 - https:\/\/yoast.com\/product\/yoast-seo-wordpress\/ -->\n<title>Elizabeth May, d\u00e9put\u00e9e de Saanich-Gulf Islands, rencontre ses commettants | Elizabeth May<\/title>\n<meta name=\"robots\" content=\"index, follow, max-snippet:-1, max-image-preview:large, max-video-preview:-1\" \/>\n<link rel=\"canonical\" href=\"https:\/\/elizabethmaymp.ca\/fr\/elizabeth-may-mp-for-saanich-gulf-islands-holds-town-halls-3\/\" \/>\n<meta property=\"og:locale\" content=\"en_US\" \/>\n<meta property=\"og:type\" content=\"article\" \/>\n<meta property=\"og:title\" content=\"Elizabeth May, d\u00e9put\u00e9e de Saanich-Gulf Islands, rencontre ses commettants | Elizabeth May\" \/>\n<meta property=\"og:description\" content=\"Elizabeth May, d\u00e9put\u00e9e de Saanich\u2014Gulf Islands et chef du Parti vert du Canada, tiendra une s\u00e9rie de rencontres de discussions ouvertes d&#8217;un bout \u00e0 l&#8217;autre de la circonscription&hellip;\" \/>\n<meta property=\"og:url\" content=\"https:\/\/elizabethmaymp.ca\/fr\/elizabeth-may-mp-for-saanich-gulf-islands-holds-town-halls-3\/\" \/>\n<meta property=\"og:site_name\" content=\"Elizabeth May\" \/>\n<meta property=\"article:publisher\" content=\"https:\/\/www.facebook.com\/ElizabethMayMP\" \/>\n<meta property=\"article:published_time\" content=\"2013-01-02T16:39:05+00:00\" \/>\n<meta property=\"article:modified_time\" content=\"2015-11-24T21:29:55+00:00\" \/>\n<meta property=\"og:image\" content=\"https:\/\/elizabethmaymp.ca\/wp-content\/uploads\/cropped-elizabethmay-button.png\" \/>\n\t<meta property=\"og:image:width\" content=\"512\" \/>\n\t<meta property=\"og:image:height\" content=\"512\" \/>\n\t<meta property=\"og:image:type\" content=\"image\/png\" \/>\n<meta name=\"author\" content=\"Craig Cantin\" \/>\n<meta name=\"twitter:card\" content=\"summary_large_image\" \/>\n<meta name=\"twitter:creator\" content=\"@elizabethmay\" \/>\n<meta name=\"twitter:site\" content=\"@elizabethmay\" \/>\n<meta name=\"twitter:label1\" content=\"Written by\" \/>\n\t<meta name=\"twitter:data1\" content=\"Craig Cantin\" \/>\n\t<meta name=\"twitter:label2\" content=\"Est. reading time\" \/>\n\t<meta name=\"twitter:data2\" content=\"4 minutes\" \/>\n<script type=\"application\/ld+json\" class=\"yoast-schema-graph\">{\"@context\":\"https:\\\/\\\/schema.org\",\"@graph\":[{\"@type\":\"Article\",\"@id\":\"https:\\\/\\\/elizabethmaymp.ca\\\/elizabeth-may-mp-for-saanich-gulf-islands-holds-town-halls-3\\\/#article\",\"isPartOf\":{\"@id\":\"https:\\\/\\\/elizabethmaymp.ca\\\/elizabeth-may-mp-for-saanich-gulf-islands-holds-town-halls-3\\\/\"},\"author\":{\"name\":\"Craig Cantin\",\"@id\":\"https:\\\/\\\/elizabethmaymp.ca\\\/#\\\/schema\\\/person\\\/d3f03a762a6bc9b615b1cc303ebf0c1f\"},\"headline\":\"Elizabeth May, d\u00e9put\u00e9e de Saanich-Gulf Islands, rencontre ses commettants\",\"datePublished\":\"2013-01-02T16:39:05+00:00\",\"dateModified\":\"2015-11-24T21:29:55+00:00\",\"mainEntityOfPage\":{\"@id\":\"https:\\\/\\\/elizabethmaymp.ca\\\/elizabeth-may-mp-for-saanich-gulf-islands-holds-town-halls-3\\\/\"},\"wordCount\":760,\"commentCount\":9,\"publisher\":{\"@id\":\"https:\\\/\\\/elizabethmaymp.ca\\\/#organization\"},\"keywords\":[\"Saanich-Gulf Islands\",\"Town Halls\"],\"articleSection\":[\"Communiqu\u00e9s\"],\"inLanguage\":\"en-US\"},{\"@type\":\"WebPage\",\"@id\":\"https:\\\/\\\/elizabethmaymp.ca\\\/fr\\\/elizabeth-may-mp-for-saanich-gulf-islands-holds-town-halls-3\\\/\",\"url\":\"https:\\\/\\\/elizabethmaymp.ca\\\/fr\\\/elizabeth-may-mp-for-saanich-gulf-islands-holds-town-halls-3\\\/\",\"name\":\"Elizabeth May, MP for Saanich-Gulf Islands Holds Town HallsElizabeth May, d\u00e9put\u00e9e de Saanich-Gulf Islands, rencontre ses commettants | Elizabeth May\",\"isPartOf\":{\"@id\":\"https:\\\/\\\/elizabethmaymp.ca\\\/fr\\\/#website\"},\"datePublished\":\"2013-01-02T16:39:05+00:00\",\"dateModified\":\"2015-11-24T21:29:55+00:00\",\"breadcrumb\":{\"@id\":\"https:\\\/\\\/elizabethmaymp.ca\\\/fr\\\/elizabeth-may-mp-for-saanich-gulf-islands-holds-town-halls-3\\\/#breadcrumb\"},\"inLanguage\":\"en-US\",\"potentialAction\":[{\"@type\":\"ReadAction\",\"target\":[[\"https:\\\/\\\/elizabethmaymp.ca\\\/fr\\\/elizabeth-may-mp-for-saanich-gulf-islands-holds-town-halls-3\\\/\"]]}]},{\"@type\":\"BreadcrumbList\",\"@id\":\"https:\\\/\\\/elizabethmaymp.ca\\\/fr\\\/elizabeth-may-mp-for-saanich-gulf-islands-holds-town-halls-3\\\/#breadcrumb\",\"itemListElement\":[{\"@type\":\"ListItem\",\"position\":1,\"name\":\"Home\",\"item\":\"https:\\\/\\\/elizabethmaymp.ca\\\/fr\\\/\"},{\"@type\":\"ListItem\",\"position\":2,\"name\":\"Elizabeth May, MP for Saanich-Gulf Islands Holds Town Halls\"}]},{\"@type\":\"WebSite\",\"@id\":\"https:\\\/\\\/elizabethmaymp.ca\\\/fr\\\/#website\",\"url\":\"https:\\\/\\\/elizabethmaymp.ca\\\/fr\\\/\",\"name\":\"Elizabeth May\",\"description\":\"MP for Saanich and Gulf Islands\",\"publisher\":{\"@id\":\"https:\\\/\\\/elizabethmaymp.ca\\\/fr\\\/#organization\"},\"potentialAction\":[{\"@type\":\"SearchAction\",\"target\":{\"@type\":\"EntryPoint\",\"urlTemplate\":\"https:\\\/\\\/elizabethmaymp.ca\\\/fr\\\/?s={search_term_string}\"},\"query-input\":{\"@type\":\"PropertyValueSpecification\",\"valueRequired\":true,\"valueName\":\"search_term_string\"}}],\"inLanguage\":\"en-US\"},{\"@type\":\"Organization\",\"@id\":\"https:\\\/\\\/elizabethmaymp.ca\\\/fr\\\/#organization\",\"name\":\"Elizabeth May MP\",\"url\":\"https:\\\/\\\/elizabethmaymp.ca\\\/fr\\\/\",\"logo\":{\"@type\":\"ImageObject\",\"inLanguage\":\"en-US\",\"@id\":\"https:\\\/\\\/elizabethmaymp.ca\\\/fr\\\/#\\\/schema\\\/logo\\\/image\\\/\",\"url\":\"https:\\\/\\\/elizabethmaymp.ca\\\/wp-content\\\/uploads\\\/elizabethmay-button.png\",\"contentUrl\":\"https:\\\/\\\/elizabethmaymp.ca\\\/wp-content\\\/uploads\\\/elizabethmay-button.png\",\"width\":1501,\"height\":1501,\"caption\":\"Elizabeth May MP\"},\"image\":{\"@id\":\"https:\\\/\\\/elizabethmaymp.ca\\\/fr\\\/#\\\/schema\\\/logo\\\/image\\\/\"},\"sameAs\":[\"https:\\\/\\\/www.facebook.com\\\/ElizabethMayMP\",\"https:\\\/\\\/x.com\\\/elizabethmay\"]},{\"@type\":\"Person\",\"@id\":\"https:\\\/\\\/elizabethmaymp.ca\\\/#\\\/schema\\\/person\\\/d3f03a762a6bc9b615b1cc303ebf0c1f\",\"name\":\"Craig Cantin\",\"image\":{\"@type\":\"ImageObject\",\"inLanguage\":\"en-US\",\"@id\":\"https:\\\/\\\/secure.gravatar.com\\\/avatar\\\/4c95358098caf4f50815f5fc942d6d14142d8b46ece2b18c21ac1fb7d38545a4?s=96&d=mm&r=g\",\"url\":\"https:\\\/\\\/secure.gravatar.com\\\/avatar\\\/4c95358098caf4f50815f5fc942d6d14142d8b46ece2b18c21ac1fb7d38545a4?s=96&d=mm&r=g\",\"contentUrl\":\"https:\\\/\\\/secure.gravatar.com\\\/avatar\\\/4c95358098caf4f50815f5fc942d6d14142d8b46ece2b18c21ac1fb7d38545a4?s=96&d=mm&r=g\",\"caption\":\"Craig Cantin\"},\"url\":\"https:\\\/\\\/elizabethmaymp.ca\\\/fr\\\/author\\\/craig-c\\\/\"}]}<\/script>\n<!-- \/ Yoast SEO plugin. -->","yoast_head_json":{"title":"Elizabeth May, d\u00e9put\u00e9e de Saanich-Gulf Islands, rencontre ses commettants | Elizabeth May","robots":{"index":"index","follow":"follow","max-snippet":"max-snippet:-1","max-image-preview":"max-image-preview:large","max-video-preview":"max-video-preview:-1"},"canonical":"https:\/\/elizabethmaymp.ca\/fr\/elizabeth-may-mp-for-saanich-gulf-islands-holds-town-halls-3\/","og_locale":"en_US","og_type":"article","og_title":"Elizabeth May, d\u00e9put\u00e9e de Saanich-Gulf Islands, rencontre ses commettants | Elizabeth May","og_description":"Elizabeth May, d\u00e9put\u00e9e de Saanich\u2014Gulf Islands et chef du Parti vert du Canada, tiendra une s\u00e9rie de rencontres de discussions ouvertes d&#8217;un bout \u00e0 l&#8217;autre de la circonscription&hellip;","og_url":"https:\/\/elizabethmaymp.ca\/fr\/elizabeth-may-mp-for-saanich-gulf-islands-holds-town-halls-3\/","og_site_name":"Elizabeth May","article_publisher":"https:\/\/www.facebook.com\/ElizabethMayMP","article_published_time":"2013-01-02T16:39:05+00:00","article_modified_time":"2015-11-24T21:29:55+00:00","og_image":[{"width":512,"height":512,"url":"https:\/\/elizabethmaymp.ca\/wp-content\/uploads\/cropped-elizabethmay-button.png","type":"image\/png"}],"author":"Craig Cantin","twitter_card":"summary_large_image","twitter_creator":"@elizabethmay","twitter_site":"@elizabethmay","twitter_misc":{"Written by":"Craig Cantin","Est. reading time":"4 minutes"},"schema":{"@context":"https:\/\/schema.org","@graph":[{"@type":"Article","@id":"https:\/\/elizabethmaymp.ca\/elizabeth-may-mp-for-saanich-gulf-islands-holds-town-halls-3\/#article","isPartOf":{"@id":"https:\/\/elizabethmaymp.ca\/elizabeth-may-mp-for-saanich-gulf-islands-holds-town-halls-3\/"},"author":{"name":"Craig Cantin","@id":"https:\/\/elizabethmaymp.ca\/#\/schema\/person\/d3f03a762a6bc9b615b1cc303ebf0c1f"},"headline":"Elizabeth May, d\u00e9put\u00e9e de Saanich-Gulf Islands, rencontre ses commettants","datePublished":"2013-01-02T16:39:05+00:00","dateModified":"2015-11-24T21:29:55+00:00","mainEntityOfPage":{"@id":"https:\/\/elizabethmaymp.ca\/elizabeth-may-mp-for-saanich-gulf-islands-holds-town-halls-3\/"},"wordCount":760,"commentCount":9,"publisher":{"@id":"https:\/\/elizabethmaymp.ca\/#organization"},"keywords":["Saanich-Gulf Islands","Town Halls"],"articleSection":["Communiqu\u00e9s"],"inLanguage":"en-US"},{"@type":"WebPage","@id":"https:\/\/elizabethmaymp.ca\/fr\/elizabeth-may-mp-for-saanich-gulf-islands-holds-town-halls-3\/","url":"https:\/\/elizabethmaymp.ca\/fr\/elizabeth-may-mp-for-saanich-gulf-islands-holds-town-halls-3\/","name":"Elizabeth May, MP for Saanich-Gulf Islands Holds Town HallsElizabeth May, d\u00e9put\u00e9e de Saanich-Gulf Islands, rencontre ses commettants | Elizabeth May","isPartOf":{"@id":"https:\/\/elizabethmaymp.ca\/fr\/#website"},"datePublished":"2013-01-02T16:39:05+00:00","dateModified":"2015-11-24T21:29:55+00:00","breadcrumb":{"@id":"https:\/\/elizabethmaymp.ca\/fr\/elizabeth-may-mp-for-saanich-gulf-islands-holds-town-halls-3\/#breadcrumb"},"inLanguage":"en-US","potentialAction":[{"@type":"ReadAction","target":[["https:\/\/elizabethmaymp.ca\/fr\/elizabeth-may-mp-for-saanich-gulf-islands-holds-town-halls-3\/"]]}]},{"@type":"BreadcrumbList","@id":"https:\/\/elizabethmaymp.ca\/fr\/elizabeth-may-mp-for-saanich-gulf-islands-holds-town-halls-3\/#breadcrumb","itemListElement":[{"@type":"ListItem","position":1,"name":"Home","item":"https:\/\/elizabethmaymp.ca\/fr\/"},{"@type":"ListItem","position":2,"name":"Elizabeth May, MP for Saanich-Gulf Islands Holds Town Halls"}]},{"@type":"WebSite","@id":"https:\/\/elizabethmaymp.ca\/fr\/#website","url":"https:\/\/elizabethmaymp.ca\/fr\/","name":"Elizabeth May","description":"MP for Saanich and Gulf Islands","publisher":{"@id":"https:\/\/elizabethmaymp.ca\/fr\/#organization"},"potentialAction":[{"@type":"SearchAction","target":{"@type":"EntryPoint","urlTemplate":"https:\/\/elizabethmaymp.ca\/fr\/?s={search_term_string}"},"query-input":{"@type":"PropertyValueSpecification","valueRequired":true,"valueName":"search_term_string"}}],"inLanguage":"en-US"},{"@type":"Organization","@id":"https:\/\/elizabethmaymp.ca\/fr\/#organization","name":"Elizabeth May MP","url":"https:\/\/elizabethmaymp.ca\/fr\/","logo":{"@type":"ImageObject","inLanguage":"en-US","@id":"https:\/\/elizabethmaymp.ca\/fr\/#\/schema\/logo\/image\/","url":"https:\/\/elizabethmaymp.ca\/wp-content\/uploads\/elizabethmay-button.png","contentUrl":"https:\/\/elizabethmaymp.ca\/wp-content\/uploads\/elizabethmay-button.png","width":1501,"height":1501,"caption":"Elizabeth May MP"},"image":{"@id":"https:\/\/elizabethmaymp.ca\/fr\/#\/schema\/logo\/image\/"},"sameAs":["https:\/\/www.facebook.com\/ElizabethMayMP","https:\/\/x.com\/elizabethmay"]},{"@type":"Person","@id":"https:\/\/elizabethmaymp.ca\/#\/schema\/person\/d3f03a762a6bc9b615b1cc303ebf0c1f","name":"Craig Cantin","image":{"@type":"ImageObject","inLanguage":"en-US","@id":"https:\/\/secure.gravatar.com\/avatar\/4c95358098caf4f50815f5fc942d6d14142d8b46ece2b18c21ac1fb7d38545a4?s=96&d=mm&r=g","url":"https:\/\/secure.gravatar.com\/avatar\/4c95358098caf4f50815f5fc942d6d14142d8b46ece2b18c21ac1fb7d38545a4?s=96&d=mm&r=g","contentUrl":"https:\/\/secure.gravatar.com\/avatar\/4c95358098caf4f50815f5fc942d6d14142d8b46ece2b18c21ac1fb7d38545a4?s=96&d=mm&r=g","caption":"Craig Cantin"},"url":"https:\/\/elizabethmaymp.ca\/fr\/author\/craig-c\/"}]}},"_links":{"self":[{"href":"https:\/\/elizabethmaymp.ca\/fr\/wp-json\/wp\/v2\/posts\/8090","targetHints":{"allow":["GET"]}}],"collection":[{"href":"https:\/\/elizabethmaymp.ca\/fr\/wp-json\/wp\/v2\/posts"}],"about":[{"href":"https:\/\/elizabethmaymp.ca\/fr\/wp-json\/wp\/v2\/types\/post"}],"author":[{"embeddable":true,"href":"https:\/\/elizabethmaymp.ca\/fr\/wp-json\/wp\/v2\/users\/3"}],"replies":[{"embeddable":true,"href":"https:\/\/elizabethmaymp.ca\/fr\/wp-json\/wp\/v2\/comments?post=8090"}],"version-history":[{"count":9,"href":"https:\/\/elizabethmaymp.ca\/fr\/wp-json\/wp\/v2\/posts\/8090\/revisions"}],"predecessor-version":[{"id":16078,"href":"https:\/\/elizabethmaymp.ca\/fr\/wp-json\/wp\/v2\/posts\/8090\/revisions\/16078"}],"wp:attachment":[{"href":"https:\/\/elizabethmaymp.ca\/fr\/wp-json\/wp\/v2\/media?parent=8090"}],"wp:term":[{"taxonomy":"category","embeddable":true,"href":"https:\/\/elizabethmaymp.ca\/fr\/wp-json\/wp\/v2\/categories?post=8090"},{"taxonomy":"post_tag","embeddable":true,"href":"https:\/\/elizabethmaymp.ca\/fr\/wp-json\/wp\/v2\/tags?post=8090"}],"curies":[{"name":"wp","href":"https:\/\/api.w.org\/{rel}","templated":true}]}}