{"id":8365,"date":"2013-02-01T12:28:36","date_gmt":"2013-02-01T17:28:36","guid":{"rendered":"http:\/\/elizabethmaymp.ca?p=8365"},"modified":"2013-02-01T12:28:36","modified_gmt":"2013-02-01T17:28:36","slug":"green-party-celebrates-world-wetlands-day","status":"publish","type":"post","link":"https:\/\/elizabethmaymp.ca\/fr\/green-party-celebrates-world-wetlands-day\/","title":{"rendered":"Le Parti vert souligne la Journ\u00e9e mondiale des zones humides"},"content":{"rendered":"<p>Le Parti vert du Canada est heureux de souligner la\u00a0<a href=\"http:\/\/prospects.greenparty.ca\/sites\/all\/modules\/civicrm\/extern\/url.php?u=449&amp;qid=210569\" target=\"_blank\">Journ\u00e9e mondiale des zones humides<\/a>\u00a0qui comm\u00e9more la signature le 2\u00a0f\u00e9vrier\u00a01971 d\u2019un trait\u00e9 international unique au monde, la Convention relative aux zones humides d&#8217;importance internationale, dans la ville iranienne de Ramsar. \u00c9galement appel\u00e9e<em>Convention de Ramsar<\/em>, il s\u2019agit du seul trait\u00e9 international portant sur un \u00e9cosyst\u00e8me particulier, qui comprend notamment les lacs, rivi\u00e8res, marais et prairies humides.<\/p>\n<p>\u00ab\u00a0Parmi les 160\u00a0signataires de la Convention de Ramsar, le Canada est celui qui poss\u00e8de la plus vaste concentration de zones humides, soit environ 25\u00a0% de la superficie mondiale\u00a0\u00bb, a d\u00e9clar\u00e9 la chef du Parti vert du Canada et d\u00e9put\u00e9e de Saanich-Gulf\u00a0Islands Elizabeth\u00a0May.<\/p>\n<p>\u00ab\u00a0\u00c9tant donn\u00e9 que ces syst\u00e8mes naturels contribuent \u00e0 purifier l\u2019eau et \u00e0 pr\u00e9venir les inondations, servent d&#8217;habitat naturel et surtout, permettent de stocker le carbone, nous nous devons de les prot\u00e9ger, pour nous-m\u00eames et pour toute la plan\u00e8te. Malheureusement, les Conservateurs de Harper font exactement le contraire.\u00a0\u00bb<\/p>\n<p>May rappelle plusieurs changements r\u00e9cents apport\u00e9s aux lois canadiennes, qui ne manqueront pas d\u2019avoir des r\u00e9percussions n\u00e9fastes sur zones humides\u00a0: l\u2019affaiblissement de la\u00a0<em>Loi sur les p\u00eaches<\/em>\u00a0de sorte que d\u00e9sormais, seuls certains poissons sont prot\u00e9g\u00e9s plut\u00f4t que l\u2019ensemble de leur habitat, la destruction de la<em>Loi sur l\u2019\u00e9valuation environnementale<\/em>\u00a0et le remplacement de la\u00a0<em>Loi sur la protection des eaux navigables<\/em>\u00a0par la\u00a0<em>Loi sur la protection de la navigation<\/em>, qui accordera dor\u00e9navant une protection contre le d\u00e9veloppement \u00e0 seulement 65\u00a0rivi\u00e8res et 97\u00a0lacs pour l\u2019ensemble du Canada.<\/p>\n<p>Pendant ce temps, Stephen\u00a0Harper maintient le cap sur ses pharaoniques projets d\u2019\u00e9largissement de l\u2019exploitation des sables bitumineux et acc\u00e9l\u00e8re la destruction des tourbi\u00e8res du nord de l\u2019Alberta. Contrairement \u00e0 ce qu\u2019affirment les Conservateurs et l\u2019industrie du p\u00e9trole, les plus \u00e9minents scientifiques ont confirm\u00e9 que ces terres pill\u00e9es ne pourraient jamais \u00eatre restaur\u00e9es.<\/p>","protected":false},"excerpt":{"rendered":"<p>Le Parti vert du Canada est heureux de souligner la\u00a0Journ\u00e9e mondiale des zones humides\u00a0qui comm\u00e9more la signature le 2\u00a0f\u00e9vrier\u00a01971 d\u2019un trait\u00e9 international unique au monde, la Convention relative&hellip;<\/p>\n","protected":false},"author":3,"featured_media":0,"comment_status":"open","ping_status":"open","sticky":false,"template":"","format":"standard","meta":{"_acf_changed":false,"_price":"","_stock":"","_tribe_ticket_header":"","_tribe_default_ticket_provider":"","_tribe_ticket_capacity":"","_ticket_start_date":"","_ticket_end_date":"","_tribe_ticket_show_description":"","_tribe_ticket_show_not_going":false,"_tribe_ticket_use_global_stock":"","_tribe_ticket_global_stock_level":"","_global_stock_mode":"","_global_stock_cap":"","_tribe_rsvp_for_event":"","_tribe_ticket_going_count":"","_tribe_ticket_not_going_count":"","_tribe_tickets_list":"[]","_tribe_ticket_has_attendee_info_fields":false,"footnotes":""},"categories":[90],"tags":[879,1780,1426,507],"class_list":["post-8365","post","type-post","status-publish","format-standard","hentry","category-press-releases","tag-navigable-waters-protection-act","tag-ramsar-convention","tag-water","tag-wetlands"],"acf":[],"yoast_head":"<!-- This site is optimized with the Yoast SEO plugin v27.5 - https:\/\/yoast.com\/product\/yoast-seo-wordpress\/ -->\n<title>Le Parti vert souligne la Journ\u00e9e mondiale des zones humides | Elizabeth May<\/title>\n<meta name=\"robots\" content=\"index, follow, max-snippet:-1, max-image-preview:large, max-video-preview:-1\" \/>\n<link rel=\"canonical\" href=\"https:\/\/elizabethmaymp.ca\/fr\/green-party-celebrates-world-wetlands-day\/\" \/>\n<meta property=\"og:locale\" content=\"en_US\" \/>\n<meta property=\"og:type\" content=\"article\" \/>\n<meta property=\"og:title\" content=\"Le Parti vert souligne la Journ\u00e9e mondiale des zones humides | Elizabeth May\" \/>\n<meta property=\"og:description\" content=\"Le Parti vert du Canada est heureux de souligner la\u00a0Journ\u00e9e mondiale des zones humides\u00a0qui comm\u00e9more la signature le 2\u00a0f\u00e9vrier\u00a01971 d\u2019un trait\u00e9 international unique au monde, la Convention relative&hellip;\" \/>\n<meta property=\"og:url\" content=\"https:\/\/elizabethmaymp.ca\/fr\/green-party-celebrates-world-wetlands-day\/\" \/>\n<meta property=\"og:site_name\" content=\"Elizabeth May\" \/>\n<meta property=\"article:publisher\" content=\"https:\/\/www.facebook.com\/ElizabethMayMP\" \/>\n<meta property=\"article:published_time\" content=\"2013-02-01T17:28:36+00:00\" \/>\n<meta property=\"og:image\" content=\"https:\/\/elizabethmaymp.ca\/wp-content\/uploads\/cropped-elizabethmay-button.png\" \/>\n\t<meta property=\"og:image:width\" content=\"512\" \/>\n\t<meta property=\"og:image:height\" content=\"512\" \/>\n\t<meta property=\"og:image:type\" content=\"image\/png\" \/>\n<meta name=\"author\" content=\"Craig Cantin\" \/>\n<meta name=\"twitter:card\" content=\"summary_large_image\" \/>\n<meta name=\"twitter:creator\" content=\"@elizabethmay\" \/>\n<meta name=\"twitter:site\" content=\"@elizabethmay\" \/>\n<meta name=\"twitter:label1\" content=\"Written by\" \/>\n\t<meta name=\"twitter:data1\" content=\"Craig Cantin\" \/>\n\t<meta name=\"twitter:label2\" content=\"Est. reading time\" \/>\n\t<meta name=\"twitter:data2\" content=\"3 minutes\" \/>\n<script type=\"application\/ld+json\" class=\"yoast-schema-graph\">{\"@context\":\"https:\\\/\\\/schema.org\",\"@graph\":[{\"@type\":\"Article\",\"@id\":\"https:\\\/\\\/elizabethmaymp.ca\\\/fr\\\/green-party-celebrates-world-wetlands-day\\\/#article\",\"isPartOf\":{\"@id\":\"https:\\\/\\\/elizabethmaymp.ca\\\/fr\\\/green-party-celebrates-world-wetlands-day\\\/\"},\"author\":{\"name\":\"Craig Cantin\",\"@id\":\"https:\\\/\\\/elizabethmaymp.ca\\\/#\\\/schema\\\/person\\\/d3f03a762a6bc9b615b1cc303ebf0c1f\"},\"headline\":\"Le Parti vert souligne la Journ\u00e9e mondiale des zones humides\",\"datePublished\":\"2013-02-01T17:28:36+00:00\",\"mainEntityOfPage\":{\"@id\":\"https:\\\/\\\/elizabethmaymp.ca\\\/fr\\\/green-party-celebrates-world-wetlands-day\\\/\"},\"wordCount\":602,\"commentCount\":2,\"publisher\":{\"@id\":\"https:\\\/\\\/elizabethmaymp.ca\\\/#organization\"},\"keywords\":[\"Navigable Waters Protection Act\",\"Ramsar Convention\",\"water\",\"Wetlands\"],\"articleSection\":[\"Communiqu\u00e9s\"],\"inLanguage\":\"en-US\"},{\"@type\":\"WebPage\",\"@id\":\"https:\\\/\\\/elizabethmaymp.ca\\\/fr\\\/green-party-celebrates-world-wetlands-day\\\/\",\"url\":\"https:\\\/\\\/elizabethmaymp.ca\\\/fr\\\/green-party-celebrates-world-wetlands-day\\\/\",\"name\":\"Green Party Celebrates World Wetlands DayLe Parti vert souligne la Journ\u00e9e mondiale des zones humides | Elizabeth May\",\"isPartOf\":{\"@id\":\"https:\\\/\\\/elizabethmaymp.ca\\\/fr\\\/#website\"},\"datePublished\":\"2013-02-01T17:28:36+00:00\",\"breadcrumb\":{\"@id\":\"https:\\\/\\\/elizabethmaymp.ca\\\/fr\\\/green-party-celebrates-world-wetlands-day\\\/#breadcrumb\"},\"inLanguage\":\"en-US\",\"potentialAction\":[{\"@type\":\"ReadAction\",\"target\":[[\"https:\\\/\\\/elizabethmaymp.ca\\\/fr\\\/green-party-celebrates-world-wetlands-day\\\/\"]]}]},{\"@type\":\"BreadcrumbList\",\"@id\":\"https:\\\/\\\/elizabethmaymp.ca\\\/fr\\\/green-party-celebrates-world-wetlands-day\\\/#breadcrumb\",\"itemListElement\":[{\"@type\":\"ListItem\",\"position\":1,\"name\":\"Home\",\"item\":\"https:\\\/\\\/elizabethmaymp.ca\\\/fr\\\/\"},{\"@type\":\"ListItem\",\"position\":2,\"name\":\"Le Parti vert souligne la Journ\u00e9e mondiale des zones humides\"}]},{\"@type\":\"WebSite\",\"@id\":\"https:\\\/\\\/elizabethmaymp.ca\\\/fr\\\/#website\",\"url\":\"https:\\\/\\\/elizabethmaymp.ca\\\/fr\\\/\",\"name\":\"Elizabeth May\",\"description\":\"MP for Saanich and Gulf Islands\",\"publisher\":{\"@id\":\"https:\\\/\\\/elizabethmaymp.ca\\\/fr\\\/#organization\"},\"potentialAction\":[{\"@type\":\"SearchAction\",\"target\":{\"@type\":\"EntryPoint\",\"urlTemplate\":\"https:\\\/\\\/elizabethmaymp.ca\\\/fr\\\/?s={search_term_string}\"},\"query-input\":{\"@type\":\"PropertyValueSpecification\",\"valueRequired\":true,\"valueName\":\"search_term_string\"}}],\"inLanguage\":\"en-US\"},{\"@type\":\"Organization\",\"@id\":\"https:\\\/\\\/elizabethmaymp.ca\\\/fr\\\/#organization\",\"name\":\"Elizabeth May MP\",\"url\":\"https:\\\/\\\/elizabethmaymp.ca\\\/fr\\\/\",\"logo\":{\"@type\":\"ImageObject\",\"inLanguage\":\"en-US\",\"@id\":\"https:\\\/\\\/elizabethmaymp.ca\\\/fr\\\/#\\\/schema\\\/logo\\\/image\\\/\",\"url\":\"https:\\\/\\\/elizabethmaymp.ca\\\/wp-content\\\/uploads\\\/elizabethmay-button.png\",\"contentUrl\":\"https:\\\/\\\/elizabethmaymp.ca\\\/wp-content\\\/uploads\\\/elizabethmay-button.png\",\"width\":1501,\"height\":1501,\"caption\":\"Elizabeth May MP\"},\"image\":{\"@id\":\"https:\\\/\\\/elizabethmaymp.ca\\\/fr\\\/#\\\/schema\\\/logo\\\/image\\\/\"},\"sameAs\":[\"https:\\\/\\\/www.facebook.com\\\/ElizabethMayMP\",\"https:\\\/\\\/x.com\\\/elizabethmay\"]},{\"@type\":\"Person\",\"@id\":\"https:\\\/\\\/elizabethmaymp.ca\\\/#\\\/schema\\\/person\\\/d3f03a762a6bc9b615b1cc303ebf0c1f\",\"name\":\"Craig Cantin\",\"image\":{\"@type\":\"ImageObject\",\"inLanguage\":\"en-US\",\"@id\":\"https:\\\/\\\/secure.gravatar.com\\\/avatar\\\/4c95358098caf4f50815f5fc942d6d14142d8b46ece2b18c21ac1fb7d38545a4?s=96&d=mm&r=g\",\"url\":\"https:\\\/\\\/secure.gravatar.com\\\/avatar\\\/4c95358098caf4f50815f5fc942d6d14142d8b46ece2b18c21ac1fb7d38545a4?s=96&d=mm&r=g\",\"contentUrl\":\"https:\\\/\\\/secure.gravatar.com\\\/avatar\\\/4c95358098caf4f50815f5fc942d6d14142d8b46ece2b18c21ac1fb7d38545a4?s=96&d=mm&r=g\",\"caption\":\"Craig Cantin\"},\"url\":\"https:\\\/\\\/elizabethmaymp.ca\\\/fr\\\/author\\\/craig-c\\\/\"}]}<\/script>\n<!-- \/ Yoast SEO plugin. -->","yoast_head_json":{"title":"Le Parti vert souligne la Journ\u00e9e mondiale des zones humides | Elizabeth May","robots":{"index":"index","follow":"follow","max-snippet":"max-snippet:-1","max-image-preview":"max-image-preview:large","max-video-preview":"max-video-preview:-1"},"canonical":"https:\/\/elizabethmaymp.ca\/fr\/green-party-celebrates-world-wetlands-day\/","og_locale":"en_US","og_type":"article","og_title":"Le Parti vert souligne la Journ\u00e9e mondiale des zones humides | Elizabeth May","og_description":"Le Parti vert du Canada est heureux de souligner la\u00a0Journ\u00e9e mondiale des zones humides\u00a0qui comm\u00e9more la signature le 2\u00a0f\u00e9vrier\u00a01971 d\u2019un trait\u00e9 international unique au monde, la Convention relative&hellip;","og_url":"https:\/\/elizabethmaymp.ca\/fr\/green-party-celebrates-world-wetlands-day\/","og_site_name":"Elizabeth May","article_publisher":"https:\/\/www.facebook.com\/ElizabethMayMP","article_published_time":"2013-02-01T17:28:36+00:00","og_image":[{"width":512,"height":512,"url":"https:\/\/elizabethmaymp.ca\/wp-content\/uploads\/cropped-elizabethmay-button.png","type":"image\/png"}],"author":"Craig Cantin","twitter_card":"summary_large_image","twitter_creator":"@elizabethmay","twitter_site":"@elizabethmay","twitter_misc":{"Written by":"Craig Cantin","Est. reading time":"3 minutes"},"schema":{"@context":"https:\/\/schema.org","@graph":[{"@type":"Article","@id":"https:\/\/elizabethmaymp.ca\/fr\/green-party-celebrates-world-wetlands-day\/#article","isPartOf":{"@id":"https:\/\/elizabethmaymp.ca\/fr\/green-party-celebrates-world-wetlands-day\/"},"author":{"name":"Craig Cantin","@id":"https:\/\/elizabethmaymp.ca\/#\/schema\/person\/d3f03a762a6bc9b615b1cc303ebf0c1f"},"headline":"Le Parti vert souligne la Journ\u00e9e mondiale des zones humides","datePublished":"2013-02-01T17:28:36+00:00","mainEntityOfPage":{"@id":"https:\/\/elizabethmaymp.ca\/fr\/green-party-celebrates-world-wetlands-day\/"},"wordCount":602,"commentCount":2,"publisher":{"@id":"https:\/\/elizabethmaymp.ca\/#organization"},"keywords":["Navigable Waters Protection Act","Ramsar Convention","water","Wetlands"],"articleSection":["Communiqu\u00e9s"],"inLanguage":"en-US"},{"@type":"WebPage","@id":"https:\/\/elizabethmaymp.ca\/fr\/green-party-celebrates-world-wetlands-day\/","url":"https:\/\/elizabethmaymp.ca\/fr\/green-party-celebrates-world-wetlands-day\/","name":"Green Party Celebrates World Wetlands DayLe Parti vert souligne la Journ\u00e9e mondiale des zones humides | Elizabeth May","isPartOf":{"@id":"https:\/\/elizabethmaymp.ca\/fr\/#website"},"datePublished":"2013-02-01T17:28:36+00:00","breadcrumb":{"@id":"https:\/\/elizabethmaymp.ca\/fr\/green-party-celebrates-world-wetlands-day\/#breadcrumb"},"inLanguage":"en-US","potentialAction":[{"@type":"ReadAction","target":[["https:\/\/elizabethmaymp.ca\/fr\/green-party-celebrates-world-wetlands-day\/"]]}]},{"@type":"BreadcrumbList","@id":"https:\/\/elizabethmaymp.ca\/fr\/green-party-celebrates-world-wetlands-day\/#breadcrumb","itemListElement":[{"@type":"ListItem","position":1,"name":"Home","item":"https:\/\/elizabethmaymp.ca\/fr\/"},{"@type":"ListItem","position":2,"name":"Le Parti vert souligne la Journ\u00e9e mondiale des zones humides"}]},{"@type":"WebSite","@id":"https:\/\/elizabethmaymp.ca\/fr\/#website","url":"https:\/\/elizabethmaymp.ca\/fr\/","name":"Elizabeth May","description":"MP for Saanich and Gulf Islands","publisher":{"@id":"https:\/\/elizabethmaymp.ca\/fr\/#organization"},"potentialAction":[{"@type":"SearchAction","target":{"@type":"EntryPoint","urlTemplate":"https:\/\/elizabethmaymp.ca\/fr\/?s={search_term_string}"},"query-input":{"@type":"PropertyValueSpecification","valueRequired":true,"valueName":"search_term_string"}}],"inLanguage":"en-US"},{"@type":"Organization","@id":"https:\/\/elizabethmaymp.ca\/fr\/#organization","name":"Elizabeth May MP","url":"https:\/\/elizabethmaymp.ca\/fr\/","logo":{"@type":"ImageObject","inLanguage":"en-US","@id":"https:\/\/elizabethmaymp.ca\/fr\/#\/schema\/logo\/image\/","url":"https:\/\/elizabethmaymp.ca\/wp-content\/uploads\/elizabethmay-button.png","contentUrl":"https:\/\/elizabethmaymp.ca\/wp-content\/uploads\/elizabethmay-button.png","width":1501,"height":1501,"caption":"Elizabeth May MP"},"image":{"@id":"https:\/\/elizabethmaymp.ca\/fr\/#\/schema\/logo\/image\/"},"sameAs":["https:\/\/www.facebook.com\/ElizabethMayMP","https:\/\/x.com\/elizabethmay"]},{"@type":"Person","@id":"https:\/\/elizabethmaymp.ca\/#\/schema\/person\/d3f03a762a6bc9b615b1cc303ebf0c1f","name":"Craig Cantin","image":{"@type":"ImageObject","inLanguage":"en-US","@id":"https:\/\/secure.gravatar.com\/avatar\/4c95358098caf4f50815f5fc942d6d14142d8b46ece2b18c21ac1fb7d38545a4?s=96&d=mm&r=g","url":"https:\/\/secure.gravatar.com\/avatar\/4c95358098caf4f50815f5fc942d6d14142d8b46ece2b18c21ac1fb7d38545a4?s=96&d=mm&r=g","contentUrl":"https:\/\/secure.gravatar.com\/avatar\/4c95358098caf4f50815f5fc942d6d14142d8b46ece2b18c21ac1fb7d38545a4?s=96&d=mm&r=g","caption":"Craig Cantin"},"url":"https:\/\/elizabethmaymp.ca\/fr\/author\/craig-c\/"}]}},"_links":{"self":[{"href":"https:\/\/elizabethmaymp.ca\/fr\/wp-json\/wp\/v2\/posts\/8365","targetHints":{"allow":["GET"]}}],"collection":[{"href":"https:\/\/elizabethmaymp.ca\/fr\/wp-json\/wp\/v2\/posts"}],"about":[{"href":"https:\/\/elizabethmaymp.ca\/fr\/wp-json\/wp\/v2\/types\/post"}],"author":[{"embeddable":true,"href":"https:\/\/elizabethmaymp.ca\/fr\/wp-json\/wp\/v2\/users\/3"}],"replies":[{"embeddable":true,"href":"https:\/\/elizabethmaymp.ca\/fr\/wp-json\/wp\/v2\/comments?post=8365"}],"version-history":[{"count":1,"href":"https:\/\/elizabethmaymp.ca\/fr\/wp-json\/wp\/v2\/posts\/8365\/revisions"}],"predecessor-version":[{"id":8366,"href":"https:\/\/elizabethmaymp.ca\/fr\/wp-json\/wp\/v2\/posts\/8365\/revisions\/8366"}],"wp:attachment":[{"href":"https:\/\/elizabethmaymp.ca\/fr\/wp-json\/wp\/v2\/media?parent=8365"}],"wp:term":[{"taxonomy":"category","embeddable":true,"href":"https:\/\/elizabethmaymp.ca\/fr\/wp-json\/wp\/v2\/categories?post=8365"},{"taxonomy":"post_tag","embeddable":true,"href":"https:\/\/elizabethmaymp.ca\/fr\/wp-json\/wp\/v2\/tags?post=8365"}],"curies":[{"name":"wp","href":"https:\/\/api.w.org\/{rel}","templated":true}]}}