{"id":8895,"date":"2013-03-13T21:11:30","date_gmt":"2013-03-14T01:11:30","guid":{"rendered":"http:\/\/elizabethmaymp.ca?p=8895"},"modified":"2013-03-13T21:24:24","modified_gmt":"2013-03-14T01:24:24","slug":"teachers-institute-on-canadian-parliamentary-democracy-2","status":"publish","type":"post","link":"https:\/\/elizabethmaymp.ca\/fr\/teachers-institute-on-canadian-parliamentary-democracy-2\/","title":{"rendered":"Forum des enseignantes et des enseignants sur la d\u00e9mocratie parlementaire canadienne"},"content":{"rendered":"<p>Le Forum des enseignantes et des enseignants sur la d\u00e9mocratie parlementaire canadienne est un stage de perfectionnement professionnel intensif qui r\u00e9unit, \u00e0 Ottawa, 70 enseignants exceptionnels venus de toutes les r\u00e9gions du Canada, et qui permet \u00e0 ces derniers de se familiariser avec les rouages du Parlement.<br \/>\n[2qjzKZcf1tI]<br \/>\nAu cours de rencontres avec des sp\u00e9cialistes de la politique, de la proc\u00e9dure et de la p\u00e9dagogie, les participants font une \u00e9tude critique de sujets importants, tels que le sens civique et la d\u00e9mocratie parlementaire.<\/p>\n<p>Tout au long du programme, les participants collaborent \u00e0 l&#8217;\u00e9laboration de strat\u00e9gies p\u00e9dagogiques relatives \u00e0 l&#8217;enseignement de notions portant sur le Parlement, la d\u00e9mocratie, la gouvernance et le civisme.<\/p>\n<p>Les participants re\u00e7oivent une reconnaissance officielle pour leur excellence en enseignement.<\/p>\n<p>Pour plus d&#8217;information, pour poser votre candidature, ou pour obtenir des ressources p\u00e9dagogiques gratuites, veuillez visiter les sites web suivants:<\/p>\n<p><a href=\"http:\/\/www.parl.gc.ca\/profs\" target=\"_blank\">http:\/\/www.parl.gc.ca\/profs<\/a><br \/>\n<a href=\"http:\/\/www.parl.gc.ca\/education\" target=\"_blank\">http:\/\/www.parl.gc.ca\/education<\/a><\/p>","protected":false},"excerpt":{"rendered":"<p>Le Forum des enseignantes et des enseignants sur la d\u00e9mocratie parlementaire canadienne est un stage de perfectionnement professionnel intensif qui r\u00e9unit, \u00e0 Ottawa, 70 enseignants exceptionnels venus de&hellip;<\/p>\n","protected":false},"author":3,"featured_media":0,"comment_status":"open","ping_status":"open","sticky":false,"template":"","format":"standard","meta":{"_acf_changed":false,"_price":"","_stock":"","_tribe_ticket_header":"","_tribe_default_ticket_provider":"","_tribe_ticket_capacity":"","_ticket_start_date":"","_ticket_end_date":"","_tribe_ticket_show_description":"","_tribe_ticket_show_not_going":false,"_tribe_ticket_use_global_stock":"","_tribe_ticket_global_stock_level":"","_global_stock_mode":"","_global_stock_cap":"","_tribe_rsvp_for_event":"","_tribe_ticket_going_count":"","_tribe_ticket_not_going_count":"","_tribe_tickets_list":"[]","_tribe_ticket_has_attendee_info_fields":false,"footnotes":""},"categories":[1],"tags":[504,2532],"class_list":["post-8895","post","type-post","status-publish","format-standard","hentry","category-uncategorized","tag-education","tag-parliament"],"acf":[],"yoast_head":"<!-- This site is optimized with the Yoast SEO plugin v27.4 - https:\/\/yoast.com\/product\/yoast-seo-wordpress\/ -->\n<title>Forum des enseignantes et des enseignants sur la d\u00e9mocratie parlementaire canadienne | Elizabeth May<\/title>\n<meta name=\"robots\" content=\"index, follow, max-snippet:-1, max-image-preview:large, max-video-preview:-1\" \/>\n<link rel=\"canonical\" href=\"https:\/\/elizabethmaymp.ca\/fr\/teachers-institute-on-canadian-parliamentary-democracy-2\/\" \/>\n<meta property=\"og:locale\" content=\"en_US\" \/>\n<meta property=\"og:type\" content=\"article\" \/>\n<meta property=\"og:title\" content=\"Forum des enseignantes et des enseignants sur la d\u00e9mocratie parlementaire canadienne | Elizabeth May\" \/>\n<meta property=\"og:description\" content=\"Le Forum des enseignantes et des enseignants sur la d\u00e9mocratie parlementaire canadienne est un stage de perfectionnement professionnel intensif qui r\u00e9unit, \u00e0 Ottawa, 70 enseignants exceptionnels venus de&hellip;\" \/>\n<meta property=\"og:url\" content=\"https:\/\/elizabethmaymp.ca\/fr\/teachers-institute-on-canadian-parliamentary-democracy-2\/\" \/>\n<meta property=\"og:site_name\" content=\"Elizabeth May\" \/>\n<meta property=\"article:publisher\" content=\"https:\/\/www.facebook.com\/ElizabethMayMP\" \/>\n<meta property=\"article:published_time\" content=\"2013-03-14T01:11:30+00:00\" \/>\n<meta property=\"article:modified_time\" content=\"2013-03-14T01:24:24+00:00\" \/>\n<meta property=\"og:image\" content=\"https:\/\/elizabethmaymp.ca\/wp-content\/uploads\/cropped-elizabethmay-button.png\" \/>\n\t<meta property=\"og:image:width\" content=\"512\" \/>\n\t<meta property=\"og:image:height\" content=\"512\" \/>\n\t<meta property=\"og:image:type\" content=\"image\/png\" \/>\n<meta name=\"author\" content=\"Craig Cantin\" \/>\n<meta name=\"twitter:card\" content=\"summary_large_image\" \/>\n<meta name=\"twitter:creator\" content=\"@elizabethmay\" \/>\n<meta name=\"twitter:site\" content=\"@elizabethmay\" \/>\n<meta name=\"twitter:label1\" content=\"Written by\" \/>\n\t<meta name=\"twitter:data1\" content=\"Craig Cantin\" \/>\n\t<meta name=\"twitter:label2\" content=\"Est. reading time\" \/>\n\t<meta name=\"twitter:data2\" content=\"1 minute\" \/>\n<script type=\"application\/ld+json\" class=\"yoast-schema-graph\">{\"@context\":\"https:\\\/\\\/schema.org\",\"@graph\":[{\"@type\":\"Article\",\"@id\":\"https:\\\/\\\/elizabethmaymp.ca\\\/fr\\\/teachers-institute-on-canadian-parliamentary-democracy-2\\\/#article\",\"isPartOf\":{\"@id\":\"https:\\\/\\\/elizabethmaymp.ca\\\/fr\\\/teachers-institute-on-canadian-parliamentary-democracy-2\\\/\"},\"author\":{\"name\":\"Craig Cantin\",\"@id\":\"https:\\\/\\\/elizabethmaymp.ca\\\/#\\\/schema\\\/person\\\/d3f03a762a6bc9b615b1cc303ebf0c1f\"},\"headline\":\"Forum des enseignantes et des enseignants sur la d\u00e9mocratie parlementaire canadienne\",\"datePublished\":\"2013-03-14T01:11:30+00:00\",\"dateModified\":\"2013-03-14T01:24:24+00:00\",\"mainEntityOfPage\":{\"@id\":\"https:\\\/\\\/elizabethmaymp.ca\\\/fr\\\/teachers-institute-on-canadian-parliamentary-democracy-2\\\/\"},\"wordCount\":303,\"commentCount\":0,\"publisher\":{\"@id\":\"https:\\\/\\\/elizabethmaymp.ca\\\/#organization\"},\"keywords\":[\"Education\",\"Parlement\"],\"inLanguage\":\"en-US\"},{\"@type\":\"WebPage\",\"@id\":\"https:\\\/\\\/elizabethmaymp.ca\\\/fr\\\/teachers-institute-on-canadian-parliamentary-democracy-2\\\/\",\"url\":\"https:\\\/\\\/elizabethmaymp.ca\\\/fr\\\/teachers-institute-on-canadian-parliamentary-democracy-2\\\/\",\"name\":\"Teachers Institute on Canadian Parliamentary DemocracyForum des enseignantes et des enseignants sur la d\u00e9mocratie parlementaire canadienne | Elizabeth May\",\"isPartOf\":{\"@id\":\"https:\\\/\\\/elizabethmaymp.ca\\\/fr\\\/#website\"},\"datePublished\":\"2013-03-14T01:11:30+00:00\",\"dateModified\":\"2013-03-14T01:24:24+00:00\",\"breadcrumb\":{\"@id\":\"https:\\\/\\\/elizabethmaymp.ca\\\/fr\\\/teachers-institute-on-canadian-parliamentary-democracy-2\\\/#breadcrumb\"},\"inLanguage\":\"en-US\",\"potentialAction\":[{\"@type\":\"ReadAction\",\"target\":[[\"https:\\\/\\\/elizabethmaymp.ca\\\/fr\\\/teachers-institute-on-canadian-parliamentary-democracy-2\\\/\"]]}]},{\"@type\":\"BreadcrumbList\",\"@id\":\"https:\\\/\\\/elizabethmaymp.ca\\\/fr\\\/teachers-institute-on-canadian-parliamentary-democracy-2\\\/#breadcrumb\",\"itemListElement\":[{\"@type\":\"ListItem\",\"position\":1,\"name\":\"Home\",\"item\":\"https:\\\/\\\/elizabethmaymp.ca\\\/fr\\\/\"},{\"@type\":\"ListItem\",\"position\":2,\"name\":\"Forum des enseignantes et des enseignants sur la d\u00e9mocratie parlementaire canadienne\"}]},{\"@type\":\"WebSite\",\"@id\":\"https:\\\/\\\/elizabethmaymp.ca\\\/fr\\\/#website\",\"url\":\"https:\\\/\\\/elizabethmaymp.ca\\\/fr\\\/\",\"name\":\"Elizabeth May\",\"description\":\"MP for Saanich and Gulf Islands\",\"publisher\":{\"@id\":\"https:\\\/\\\/elizabethmaymp.ca\\\/fr\\\/#organization\"},\"potentialAction\":[{\"@type\":\"SearchAction\",\"target\":{\"@type\":\"EntryPoint\",\"urlTemplate\":\"https:\\\/\\\/elizabethmaymp.ca\\\/fr\\\/?s={search_term_string}\"},\"query-input\":{\"@type\":\"PropertyValueSpecification\",\"valueRequired\":true,\"valueName\":\"search_term_string\"}}],\"inLanguage\":\"en-US\"},{\"@type\":\"Organization\",\"@id\":\"https:\\\/\\\/elizabethmaymp.ca\\\/fr\\\/#organization\",\"name\":\"Elizabeth May MP\",\"url\":\"https:\\\/\\\/elizabethmaymp.ca\\\/fr\\\/\",\"logo\":{\"@type\":\"ImageObject\",\"inLanguage\":\"en-US\",\"@id\":\"https:\\\/\\\/elizabethmaymp.ca\\\/fr\\\/#\\\/schema\\\/logo\\\/image\\\/\",\"url\":\"https:\\\/\\\/elizabethmaymp.ca\\\/wp-content\\\/uploads\\\/elizabethmay-button.png\",\"contentUrl\":\"https:\\\/\\\/elizabethmaymp.ca\\\/wp-content\\\/uploads\\\/elizabethmay-button.png\",\"width\":1501,\"height\":1501,\"caption\":\"Elizabeth May MP\"},\"image\":{\"@id\":\"https:\\\/\\\/elizabethmaymp.ca\\\/fr\\\/#\\\/schema\\\/logo\\\/image\\\/\"},\"sameAs\":[\"https:\\\/\\\/www.facebook.com\\\/ElizabethMayMP\",\"https:\\\/\\\/x.com\\\/elizabethmay\"]},{\"@type\":\"Person\",\"@id\":\"https:\\\/\\\/elizabethmaymp.ca\\\/#\\\/schema\\\/person\\\/d3f03a762a6bc9b615b1cc303ebf0c1f\",\"name\":\"Craig Cantin\",\"image\":{\"@type\":\"ImageObject\",\"inLanguage\":\"en-US\",\"@id\":\"https:\\\/\\\/secure.gravatar.com\\\/avatar\\\/4c95358098caf4f50815f5fc942d6d14142d8b46ece2b18c21ac1fb7d38545a4?s=96&d=mm&r=g\",\"url\":\"https:\\\/\\\/secure.gravatar.com\\\/avatar\\\/4c95358098caf4f50815f5fc942d6d14142d8b46ece2b18c21ac1fb7d38545a4?s=96&d=mm&r=g\",\"contentUrl\":\"https:\\\/\\\/secure.gravatar.com\\\/avatar\\\/4c95358098caf4f50815f5fc942d6d14142d8b46ece2b18c21ac1fb7d38545a4?s=96&d=mm&r=g\",\"caption\":\"Craig Cantin\"},\"url\":\"https:\\\/\\\/elizabethmaymp.ca\\\/fr\\\/author\\\/craig-c\\\/\"}]}<\/script>\n<!-- \/ Yoast SEO plugin. -->","yoast_head_json":{"title":"Forum des enseignantes et des enseignants sur la d\u00e9mocratie parlementaire canadienne | Elizabeth May","robots":{"index":"index","follow":"follow","max-snippet":"max-snippet:-1","max-image-preview":"max-image-preview:large","max-video-preview":"max-video-preview:-1"},"canonical":"https:\/\/elizabethmaymp.ca\/fr\/teachers-institute-on-canadian-parliamentary-democracy-2\/","og_locale":"en_US","og_type":"article","og_title":"Forum des enseignantes et des enseignants sur la d\u00e9mocratie parlementaire canadienne | Elizabeth May","og_description":"Le Forum des enseignantes et des enseignants sur la d\u00e9mocratie parlementaire canadienne est un stage de perfectionnement professionnel intensif qui r\u00e9unit, \u00e0 Ottawa, 70 enseignants exceptionnels venus de&hellip;","og_url":"https:\/\/elizabethmaymp.ca\/fr\/teachers-institute-on-canadian-parliamentary-democracy-2\/","og_site_name":"Elizabeth May","article_publisher":"https:\/\/www.facebook.com\/ElizabethMayMP","article_published_time":"2013-03-14T01:11:30+00:00","article_modified_time":"2013-03-14T01:24:24+00:00","og_image":[{"width":512,"height":512,"url":"https:\/\/elizabethmaymp.ca\/wp-content\/uploads\/cropped-elizabethmay-button.png","type":"image\/png"}],"author":"Craig Cantin","twitter_card":"summary_large_image","twitter_creator":"@elizabethmay","twitter_site":"@elizabethmay","twitter_misc":{"Written by":"Craig Cantin","Est. reading time":"1 minute"},"schema":{"@context":"https:\/\/schema.org","@graph":[{"@type":"Article","@id":"https:\/\/elizabethmaymp.ca\/fr\/teachers-institute-on-canadian-parliamentary-democracy-2\/#article","isPartOf":{"@id":"https:\/\/elizabethmaymp.ca\/fr\/teachers-institute-on-canadian-parliamentary-democracy-2\/"},"author":{"name":"Craig Cantin","@id":"https:\/\/elizabethmaymp.ca\/#\/schema\/person\/d3f03a762a6bc9b615b1cc303ebf0c1f"},"headline":"Forum des enseignantes et des enseignants sur la d\u00e9mocratie parlementaire canadienne","datePublished":"2013-03-14T01:11:30+00:00","dateModified":"2013-03-14T01:24:24+00:00","mainEntityOfPage":{"@id":"https:\/\/elizabethmaymp.ca\/fr\/teachers-institute-on-canadian-parliamentary-democracy-2\/"},"wordCount":303,"commentCount":0,"publisher":{"@id":"https:\/\/elizabethmaymp.ca\/#organization"},"keywords":["Education","Parlement"],"inLanguage":"en-US"},{"@type":"WebPage","@id":"https:\/\/elizabethmaymp.ca\/fr\/teachers-institute-on-canadian-parliamentary-democracy-2\/","url":"https:\/\/elizabethmaymp.ca\/fr\/teachers-institute-on-canadian-parliamentary-democracy-2\/","name":"Teachers Institute on Canadian Parliamentary DemocracyForum des enseignantes et des enseignants sur la d\u00e9mocratie parlementaire canadienne | Elizabeth May","isPartOf":{"@id":"https:\/\/elizabethmaymp.ca\/fr\/#website"},"datePublished":"2013-03-14T01:11:30+00:00","dateModified":"2013-03-14T01:24:24+00:00","breadcrumb":{"@id":"https:\/\/elizabethmaymp.ca\/fr\/teachers-institute-on-canadian-parliamentary-democracy-2\/#breadcrumb"},"inLanguage":"en-US","potentialAction":[{"@type":"ReadAction","target":[["https:\/\/elizabethmaymp.ca\/fr\/teachers-institute-on-canadian-parliamentary-democracy-2\/"]]}]},{"@type":"BreadcrumbList","@id":"https:\/\/elizabethmaymp.ca\/fr\/teachers-institute-on-canadian-parliamentary-democracy-2\/#breadcrumb","itemListElement":[{"@type":"ListItem","position":1,"name":"Home","item":"https:\/\/elizabethmaymp.ca\/fr\/"},{"@type":"ListItem","position":2,"name":"Forum des enseignantes et des enseignants sur la d\u00e9mocratie parlementaire canadienne"}]},{"@type":"WebSite","@id":"https:\/\/elizabethmaymp.ca\/fr\/#website","url":"https:\/\/elizabethmaymp.ca\/fr\/","name":"Elizabeth May","description":"MP for Saanich and Gulf Islands","publisher":{"@id":"https:\/\/elizabethmaymp.ca\/fr\/#organization"},"potentialAction":[{"@type":"SearchAction","target":{"@type":"EntryPoint","urlTemplate":"https:\/\/elizabethmaymp.ca\/fr\/?s={search_term_string}"},"query-input":{"@type":"PropertyValueSpecification","valueRequired":true,"valueName":"search_term_string"}}],"inLanguage":"en-US"},{"@type":"Organization","@id":"https:\/\/elizabethmaymp.ca\/fr\/#organization","name":"Elizabeth May MP","url":"https:\/\/elizabethmaymp.ca\/fr\/","logo":{"@type":"ImageObject","inLanguage":"en-US","@id":"https:\/\/elizabethmaymp.ca\/fr\/#\/schema\/logo\/image\/","url":"https:\/\/elizabethmaymp.ca\/wp-content\/uploads\/elizabethmay-button.png","contentUrl":"https:\/\/elizabethmaymp.ca\/wp-content\/uploads\/elizabethmay-button.png","width":1501,"height":1501,"caption":"Elizabeth May MP"},"image":{"@id":"https:\/\/elizabethmaymp.ca\/fr\/#\/schema\/logo\/image\/"},"sameAs":["https:\/\/www.facebook.com\/ElizabethMayMP","https:\/\/x.com\/elizabethmay"]},{"@type":"Person","@id":"https:\/\/elizabethmaymp.ca\/#\/schema\/person\/d3f03a762a6bc9b615b1cc303ebf0c1f","name":"Craig Cantin","image":{"@type":"ImageObject","inLanguage":"en-US","@id":"https:\/\/secure.gravatar.com\/avatar\/4c95358098caf4f50815f5fc942d6d14142d8b46ece2b18c21ac1fb7d38545a4?s=96&d=mm&r=g","url":"https:\/\/secure.gravatar.com\/avatar\/4c95358098caf4f50815f5fc942d6d14142d8b46ece2b18c21ac1fb7d38545a4?s=96&d=mm&r=g","contentUrl":"https:\/\/secure.gravatar.com\/avatar\/4c95358098caf4f50815f5fc942d6d14142d8b46ece2b18c21ac1fb7d38545a4?s=96&d=mm&r=g","caption":"Craig Cantin"},"url":"https:\/\/elizabethmaymp.ca\/fr\/author\/craig-c\/"}]}},"_links":{"self":[{"href":"https:\/\/elizabethmaymp.ca\/fr\/wp-json\/wp\/v2\/posts\/8895","targetHints":{"allow":["GET"]}}],"collection":[{"href":"https:\/\/elizabethmaymp.ca\/fr\/wp-json\/wp\/v2\/posts"}],"about":[{"href":"https:\/\/elizabethmaymp.ca\/fr\/wp-json\/wp\/v2\/types\/post"}],"author":[{"embeddable":true,"href":"https:\/\/elizabethmaymp.ca\/fr\/wp-json\/wp\/v2\/users\/3"}],"replies":[{"embeddable":true,"href":"https:\/\/elizabethmaymp.ca\/fr\/wp-json\/wp\/v2\/comments?post=8895"}],"version-history":[{"count":4,"href":"https:\/\/elizabethmaymp.ca\/fr\/wp-json\/wp\/v2\/posts\/8895\/revisions"}],"predecessor-version":[{"id":8899,"href":"https:\/\/elizabethmaymp.ca\/fr\/wp-json\/wp\/v2\/posts\/8895\/revisions\/8899"}],"wp:attachment":[{"href":"https:\/\/elizabethmaymp.ca\/fr\/wp-json\/wp\/v2\/media?parent=8895"}],"wp:term":[{"taxonomy":"category","embeddable":true,"href":"https:\/\/elizabethmaymp.ca\/fr\/wp-json\/wp\/v2\/categories?post=8895"},{"taxonomy":"post_tag","embeddable":true,"href":"https:\/\/elizabethmaymp.ca\/fr\/wp-json\/wp\/v2\/tags?post=8895"}],"curies":[{"name":"wp","href":"https:\/\/api.w.org\/{rel}","templated":true}]}}