{"id":8975,"date":"2013-03-18T11:19:30","date_gmt":"2013-03-18T15:19:30","guid":{"rendered":"http:\/\/elizabethmaymp.ca?p=8975"},"modified":"2013-03-22T12:51:44","modified_gmt":"2013-03-22T16:51:44","slug":"an-act-to-amend-the-criminal-code-bill-c-55","status":"publish","type":"post","link":"https:\/\/elizabethmaymp.ca\/fr\/an-act-to-amend-the-criminal-code-bill-c-55\/","title":{"rendered":"Justice et droits de la personne (loi C-55)"},"content":{"rendered":"<p><strong>Elizabeth May :<\/strong> Monsieur le Pr\u00e9sident, j&#8217;aimerais tout d&#8217;abord remercier le d\u00e9put\u00e9 de Thunder Bay\u2014Superior-Nord d&#8217;appuyer ces motions.<\/p>\n<p>Comme le savent les d\u00e9put\u00e9s, cette mesure l\u00e9gislative fait suite \u00e0 l&#8217;abandon du projet de loi C-30, qui portait le nom \u00e9vocateur de Loi sur la protection des enfants contre les cyberpr\u00e9dateurs. Je suis tout \u00e0 fait consciente qu&#8217;il est urgent d&#8217;agir.<\/p>\n<p>[y3sn_RFOJ44]<\/p>\n<p>Le projet de loi C-55 d\u00e9coule directement de la d\u00e9cision rendue par la Cour supr\u00eame dans l&#8217;affaire R. c. Tse, selon laquelle les dispositions qui r\u00e9gissent actuellement le pouvoir d&#8217;\u00e9coute \u00e9lectronique en cas d&#8217;urgence ne sont pas conformes \u00e0 la Charte. La Cour a suspendu l&#8217;effet de son jugement pour 12 mois, afin que la Chambre puisse modifier les articles correspondants du Code criminel et les rendre conformes \u00e0 la Charte. Le compte \u00e0 rebours a commenc\u00e9 quand la Cour a rendu sa d\u00e9cision, le 13 avril 2012. Il ne nous reste que peu de temps pour r\u00e9gler ces probl\u00e8mes.<\/p>\n<p>Avant de parler des amendements que je propose, j&#8217;aimerais tout d&#8217;abord souligner que j&#8217;appuie le projet de loi C-55. Dans l&#8217;ensemble, cette mesure est bien con\u00e7ue. Elle fera en sorte que le pouvoir extraordinaire qui permet \u00e0 l&#8217;\u00c9tat de proc\u00e9der, sans mandat, \u00e0 des \u00e9coutes \u00e9lectroniques en cas d&#8217;urgence \u2014un geste qui constitue une atteinte flagrante \u00e0 la vie priv\u00e9e des citoyens \u2014 soit assorti de l&#8217;obligation de n&#8217;exercer ce pouvoir que dans des circonstances urgentes, qui r\u00e9pondent \u00e0 certains crit\u00e8res. Selon l&#8217;arr\u00eat de la Cour supr\u00eame dans l&#8217;affaire R. c. Tse, pour que ce pouvoir soit conforme \u00e0 la Charte, il faut mettre en place des m\u00e9canismes de surveillance appropri\u00e9s.<\/p>\n<p>Mes amendements visent pr\u00e9cis\u00e9ment \u00e0 \u00e9viter que le projet de loi C-55 soit invalid\u00e9 par un autre tribunal parce que nous n&#8217;aurons pas r\u00e9ussi \u00e0 mettre en place les dispositions de surveillance ad\u00e9quates et parce que nous n&#8217;aurons pas r\u00e9ussi \u00e0 atteindre le juste \u00e9quilibre que la Cour supr\u00eame a recommand\u00e9.<\/p>\n<p>Je prends un instant pour parler de la fa\u00e7on dont ont \u00e9volu\u00e9 les d\u00e9cisions de la Cour supr\u00eame dans ce domaine au cours des derni\u00e8res ann\u00e9es. Notre principal fondement est relativement r\u00e9cent. Le pr\u00e9c\u00e9dent cr\u00e9\u00e9 par la Cour supr\u00eame du Canada dans le domaine, date de 1990. En effet, dans l&#8217;affaire R c. Duarte, le juge La Forest affirme:<\/p>\n<p style=\"padding-left: 30px;\"><em>[&#8230;] le principe g\u00e9n\u00e9ral que la surveillance \u00e9lectronique d&#8217;un particulier par un organe de l&#8217;\u00c9tat constitue une fouille, une perquisition ou une saisie abusive au sens de l&#8217;article 8 de la Charte.<\/em><\/p>\n<p>Il faut suivre l&#8217;\u00e9volution des d\u00e9cisions des tribunaux pour comprendre la justification des articles 183 et 184 du Code criminel, qui habilitent l&#8217;\u00c9tat \u00e0 mettre sur \u00e9coute \u00e9lectronique des communications priv\u00e9es, sans mandat et sans aucune forme de contr\u00f4le judiciaire.<\/p>\n<p>Un nouveau pr\u00e9c\u00e9dent cr\u00e9\u00e9 par la Cour supr\u00eame du Canada dans l&#8217;affaire R c. Tse justifie maintenant cette pratique. En effet, dans une d\u00e9cision majoritaire, cette instance a conclu qu&#8217;effectivement, en situation d&#8217;urgence, comme dans le cas d&#8217;un enl\u00e8vement ou d&#8217;un autre acte criminel o\u00f9 une vie est en danger, lorsque le temps ne permet vraisemblablement pas de demander un mandat \u00e0 un juge, cette pratique sera d\u00e9sormais acceptable au regard de la Charte.<\/p>\n<p>Ce qui n&#8217;est pas acceptable au regard de la Charte, c&#8217;est quand ce pouvoir n&#8217;est pas ad\u00e9quatement contr\u00f4l\u00e9. Je crois qu&#8217;il faut insister sur ce point fondamental. L&#8217;\u00e9coute constitue une intrusion dans la vie priv\u00e9e de Canadiens et, dans toutes autres circonstances, elle serait consid\u00e9r\u00e9e comme une violation de la Charte. La Chambre doit articuler tr\u00e8s prudemment cette rare exception o\u00f9 elle autorisera l&#8217;\u00c9tat \u00e0 s&#8217;ing\u00e9rer dans les communications personnelles.<\/p>\n<p>\u00c7a m&#8217;inqui\u00e8te parfois d&#8217;entendre des gens dire: \u00ab Pourquoi devrions-nous \u00eatre pr\u00e9occup\u00e9s de la mise sur \u00e9coute des criminels? Seules les personnes ayant quelque chose \u00e0 cacher en seraient pr\u00e9occup\u00e9es. \u00bb<\/p>\n<p>Au Canada, nous devons toujours nous rappeler pourquoi nous tenons \u00e0 la Charte des droits et libert\u00e9s et pourquoi, avant son av\u00e8nement, les d\u00e9mocraties occidentales, l&#8217;empire britannique, la common law ainsi que les pratiques et les principes, comme celui de la primaut\u00e9 du droit, respect\u00e9s depuis des si\u00e8cles, ont \u00e9tabli que l&#8217;\u00c9tat n&#8217;a pas d&#8217;affaire \u00e0 envahir le domicile des gens. On parle litt\u00e9ralement d&#8217;enfoncer des portes, de p\u00e9n\u00e9trer dans les maisons et d&#8217;envahir la vie priv\u00e9e des gens, et \u00e0 notre \u00e9poque, l&#8217;\u00e9coute \u00e9lectronique fait partie de ces m\u00e9thodes invasives.<\/p>\n<p>Nous devons, presque constamment, nous rappeler pourquoi les libert\u00e9s civiles sont importantes, car non seulement avec le projet de loi qui nous occupe, mais aussi avec d&#8217;autres qui ont \u00e9t\u00e9 adopt\u00e9s \u00e0 la Chambre, nous constatons que le respect des libert\u00e9s civiles s&#8217;effrite, et qu&#8217;on tente de justifier cela en disant que ce ne sont que les criminels qui devraient s&#8217;en inqui\u00e9ter, et que ce ne sont pas tant les criminels, mais plut\u00f4t les victimes, que nous devrions consid\u00e9rer. Une personne qui voit ses libert\u00e9s civiles bafou\u00e9es injustement par l&#8217;\u00c9tat n&#8217;est pas moins une victime qu&#8217;une autre personne qui se fait agresser dans la rue. Nous devons faire attention aux libert\u00e9s civiles. Voil\u00e0 pourquoi je propose ces amendements.<\/p>\n<p>Dans l&#8217;affaire R. c. Tse, la cour a \u00e9tabli tr\u00e8s clairement que le Code criminel ne pr\u00e9voit aucune mesure de reddition de comptes ad\u00e9quate. Puisque la cour n&#8217;a pas du tout pr\u00e9cis\u00e9 la forme que devraient prendre ces mesures, c&#8217;est ce que le projet de loi C-55 propose de faire. Toutefois, ces mesures r\u00e9sisteront-elles \u00e0 une contestation devant la Cour supr\u00eame en vertu de la Charte? J&#8217;exhorte les autres d\u00e9put\u00e9s \u00e0 voter en faveur de ma proposition, qui vise \u00e0 am\u00e9liorer les mesures de reddition de comptes de mani\u00e8re \u00e0 ce qu&#8217;il soit beaucoup plus difficile pour un tribunal d&#8217;invalider le projet de loi.<\/p>\n<p>En vertu des amendements que je propose, les communications intercept\u00e9es exigeraient un rapport du procureur g\u00e9n\u00e9ral, qui inclurait toutes les preuves d&#8217;\u00e9coute \u00e9lectronique qui n&#8217;ont pas donn\u00e9 lieu \u00e0 des accusations et qui forcerait le policier \u00e0 indiquer les motifs raisonnables qui l&#8217;ont incit\u00e9 \u00e0 faire une demande d&#8217;\u00e9coute \u00e9lectronique sans mandat. Nous consignerions et rapporterions le plus de renseignements possible afin de nous assurer que le processus de surveillance pr\u00e9vu dans le projet de loi C-55 r\u00e9sisterait aux \u00e9ventuelles contestations fond\u00e9es sur la Charte.<\/p>\n<p>Mes amendements sont fond\u00e9s essentiellement sur les recommandations de trois groupes qui ont comparu devant le Comit\u00e9 permanent de la justice et des droits de la personne: l&#8217;Association du Barreau canadien, l&#8217;Association des libert\u00e9s civiles de la Colombie-Britannique et l&#8217;Association des avocats criminalistes. Ces trois organismes ont recommand\u00e9 les amendements que je propose aujourd&#8217;hui, ainsi que leur formulation.<\/p>\n<p>Ces amendements visent \u00e0 rendre obligatoire la publication du nombre de personnes dont les communications ont \u00e9t\u00e9 intercept\u00e9es, mais qui n&#8217;ont pas par la suite fait l&#8217;objet d&#8217;accusations. Ils visent \u00e9galement \u00e0 enregistrer et \u00e0 consigner la raison pour laquelle le policier a fait une demande d&#8217;interception et permettraient de garantir que, si des autorisations judiciaires sont obtenues \u00e0 l&#8217;avenir pour les m\u00eames motifs que l&#8217;interception en vertu de l&#8217;article 184.4 du Code criminel, les preuves recueillies de cette fa\u00e7on pourraient \u00eatre jug\u00e9es inadmissibles.<\/p>\n<p>L&#8217;autre \u00e9l\u00e9ment que je veux mentionner bri\u00e8vement ne faisait pas partie de la chose jug\u00e9e de l&#8217;arr\u00eat R c. Tse, mais \u00e9tait certainement un obiter dictum important. Je parle de l&#8217;inqui\u00e9tude de la cour quant \u00e0 la d\u00e9finition trop large du terme \u00ab agents de la paix \u00bb. J&#8217;aimerais citer la d\u00e9cision unanime de la cour sur cette question. Au paragraphe 57 de l&#8217;arr\u00eat R c. Tse, la cour pr\u00e9cise ce qui suit:<\/p>\n<p style=\"padding-left: 30px;\"><em>Nous \u00e9mettons nous aussi des r\u00e9serves sur la multitude de personnes qui, par le jeu de la d\u00e9finition large du terme \u00ab agent de la paix \u00bb, sont habilit\u00e9es \u00e0 employer les mesures extraordinaires pr\u00e9vues \u00e0 l\u2019art. 184.4. Il se peut que cette disposition soit vuln\u00e9rable sur le plan constitutionnel pour cette raison.<\/em><\/p>\n<p>Je ne veux pas dire que le ministre de la Justice n&#8217;a pas tenu compte de cet obiter dicta. Le projet de loi C-55 r\u00e9vis\u00e9 n&#8217;utilise plus l&#8217;expression \u00ab agent de la paix \u00bb. \u00c0 l&#8217;article 2 du projet de loi C-55 r\u00e9vis\u00e9, cette expression a \u00e9t\u00e9 remplac\u00e9e par le terme \u00ab policier \u00bb, car \u00ab agent de la paix \u00bb avait une port\u00e9e excessive et pouvait d\u00e9signer n&#8217;importe qui, comme les maires, les pr\u00e9fets et ainsi de suite. Toutefois, la d\u00e9finition contient un \u00e9l\u00e9ment dont la port\u00e9e est excessive, et je cite:<\/p>\n<p style=\"padding-left: 30px;\"><em>\u00ab policier \u00bb S\u2019entend d\u2019un officier ou d\u2019un agent de police ou de toute autre personne charg\u00e9e du maintien de la paix publique.<\/em><\/p>\n<p>Je demeure inqui\u00e8te malgr\u00e9 le t\u00e9moignage tr\u00e8s int\u00e9ressant que nous avons entendu. Je remercie d&#8217;ailleurs le porte-parole de l&#8217;opposition en mati\u00e8re de justice d&#8217;avoir approfondi la question aupr\u00e8s du ministre de la Justice. Je suis moins optimiste quant au fait de laisser l&#8217;expression \u00ab ou de toute autre personne \u00bb. Par cons\u00e9quent, l&#8217;un des amendements que je propose consiste \u00e0 supprimer \u00ab ou de toute autre personne \u00bb de fa\u00e7on \u00e0 pr\u00e9ciser davantage le projet de loi et \u00e0 veiller \u00e0 ce qu&#8217;il ne soit pas vuln\u00e9rable sur le plan constitutionnel.<\/p>\n<p>En conclusion, les amendements que je propose visent \u00e0 garantir que le projet de loi C-55 r\u00e9sistera \u00e0 toute contestation fond\u00e9e sur la Charte et je recommande aux d\u00e9put\u00e9s de les adopter.<\/p>","protected":false},"excerpt":{"rendered":"<p>Elizabeth May : Monsieur le Pr\u00e9sident, j&#8217;aimerais tout d&#8217;abord remercier le d\u00e9put\u00e9 de Thunder Bay\u2014Superior-Nord d&#8217;appuyer ces motions. Comme le savent les d\u00e9put\u00e9s, cette mesure l\u00e9gislative fait suite&hellip;<\/p>\n","protected":false},"author":3,"featured_media":0,"comment_status":"open","ping_status":"open","sticky":false,"template":"","format":"standard","meta":{"_acf_changed":false,"_price":"","_stock":"","_tribe_ticket_header":"","_tribe_default_ticket_provider":"","_tribe_ticket_capacity":"","_ticket_start_date":"","_ticket_end_date":"","_tribe_ticket_show_description":"","_tribe_ticket_show_not_going":false,"_tribe_ticket_use_global_stock":"","_tribe_ticket_global_stock_level":"","_global_stock_mode":"","_global_stock_cap":"","_tribe_rsvp_for_event":"","_tribe_ticket_going_count":"","_tribe_ticket_not_going_count":"","_tribe_tickets_list":"[]","_tribe_ticket_has_attendee_info_fields":false,"footnotes":""},"categories":[16],"tags":[1491,1843,65,794,13,1909,124],"class_list":["post-8975","post","type-post","status-publish","format-standard","hentry","category-speeches","tag-bill-c-30","tag-bill-c-55","tag-charter-of-rights-and-freedoms","tag-internet","tag-justice","tag-wiretap","tag-youth"],"acf":[],"yoast_head":"<!-- This site is optimized with the Yoast SEO plugin v27.4 - https:\/\/yoast.com\/product\/yoast-seo-wordpress\/ -->\n<title>Justice et droits de la personne (loi C-55) | Elizabeth May<\/title>\n<meta name=\"robots\" content=\"index, follow, max-snippet:-1, max-image-preview:large, max-video-preview:-1\" \/>\n<link rel=\"canonical\" href=\"https:\/\/elizabethmaymp.ca\/fr\/an-act-to-amend-the-criminal-code-bill-c-55\/\" \/>\n<meta property=\"og:locale\" content=\"en_US\" \/>\n<meta property=\"og:type\" content=\"article\" \/>\n<meta property=\"og:title\" content=\"Justice et droits de la personne (loi C-55) | Elizabeth May\" \/>\n<meta property=\"og:description\" content=\"Elizabeth May : Monsieur le Pr\u00e9sident, j&#8217;aimerais tout d&#8217;abord remercier le d\u00e9put\u00e9 de Thunder Bay\u2014Superior-Nord d&#8217;appuyer ces motions. Comme le savent les d\u00e9put\u00e9s, cette mesure l\u00e9gislative fait suite&hellip;\" \/>\n<meta property=\"og:url\" content=\"https:\/\/elizabethmaymp.ca\/fr\/an-act-to-amend-the-criminal-code-bill-c-55\/\" \/>\n<meta property=\"og:site_name\" content=\"Elizabeth May\" \/>\n<meta property=\"article:publisher\" content=\"https:\/\/www.facebook.com\/ElizabethMayMP\" \/>\n<meta property=\"article:published_time\" content=\"2013-03-18T15:19:30+00:00\" \/>\n<meta property=\"article:modified_time\" content=\"2013-03-22T16:51:44+00:00\" \/>\n<meta property=\"og:image\" content=\"https:\/\/elizabethmaymp.ca\/wp-content\/uploads\/cropped-elizabethmay-button.png\" \/>\n\t<meta property=\"og:image:width\" content=\"512\" \/>\n\t<meta property=\"og:image:height\" content=\"512\" \/>\n\t<meta property=\"og:image:type\" content=\"image\/png\" \/>\n<meta name=\"author\" content=\"Craig Cantin\" \/>\n<meta name=\"twitter:card\" content=\"summary_large_image\" \/>\n<meta name=\"twitter:creator\" content=\"@elizabethmay\" \/>\n<meta name=\"twitter:site\" content=\"@elizabethmay\" \/>\n<meta name=\"twitter:label1\" content=\"Written by\" \/>\n\t<meta name=\"twitter:data1\" content=\"Craig Cantin\" \/>\n\t<meta name=\"twitter:label2\" content=\"Est. reading time\" \/>\n\t<meta name=\"twitter:data2\" content=\"15 minutes\" \/>\n<script type=\"application\/ld+json\" class=\"yoast-schema-graph\">{\"@context\":\"https:\\\/\\\/schema.org\",\"@graph\":[{\"@type\":\"Article\",\"@id\":\"https:\\\/\\\/elizabethmaymp.ca\\\/an-act-to-amend-the-criminal-code-bill-c-55\\\/#article\",\"isPartOf\":{\"@id\":\"https:\\\/\\\/elizabethmaymp.ca\\\/an-act-to-amend-the-criminal-code-bill-c-55\\\/\"},\"author\":{\"name\":\"Craig Cantin\",\"@id\":\"https:\\\/\\\/elizabethmaymp.ca\\\/#\\\/schema\\\/person\\\/d3f03a762a6bc9b615b1cc303ebf0c1f\"},\"headline\":\"Justice et droits de la personne (loi C-55)\",\"datePublished\":\"2013-03-18T15:19:30+00:00\",\"dateModified\":\"2013-03-22T16:51:44+00:00\",\"mainEntityOfPage\":{\"@id\":\"https:\\\/\\\/elizabethmaymp.ca\\\/an-act-to-amend-the-criminal-code-bill-c-55\\\/\"},\"wordCount\":3156,\"commentCount\":1,\"publisher\":{\"@id\":\"https:\\\/\\\/elizabethmaymp.ca\\\/#organization\"},\"keywords\":[\"Bill C-30\",\"Bill C-55\",\"La Charte des droits et libert\u00e9s\",\"Internet\",\"Justice\",\"Wiretap\",\"Les jeunes\"],\"articleSection\":[\"Discours\"],\"inLanguage\":\"en-US\"},{\"@type\":\"WebPage\",\"@id\":\"https:\\\/\\\/elizabethmaymp.ca\\\/fr\\\/an-act-to-amend-the-criminal-code-bill-c-55\\\/\",\"url\":\"https:\\\/\\\/elizabethmaymp.ca\\\/fr\\\/an-act-to-amend-the-criminal-code-bill-c-55\\\/\",\"name\":\"An Act to amend the Criminal Code (Bill C-55)Justice et droits de la personne (loi C-55) | Elizabeth May\",\"isPartOf\":{\"@id\":\"https:\\\/\\\/elizabethmaymp.ca\\\/fr\\\/#website\"},\"datePublished\":\"2013-03-18T15:19:30+00:00\",\"dateModified\":\"2013-03-22T16:51:44+00:00\",\"breadcrumb\":{\"@id\":\"https:\\\/\\\/elizabethmaymp.ca\\\/fr\\\/an-act-to-amend-the-criminal-code-bill-c-55\\\/#breadcrumb\"},\"inLanguage\":\"en-US\",\"potentialAction\":[{\"@type\":\"ReadAction\",\"target\":[[\"https:\\\/\\\/elizabethmaymp.ca\\\/fr\\\/an-act-to-amend-the-criminal-code-bill-c-55\\\/\"]]}]},{\"@type\":\"BreadcrumbList\",\"@id\":\"https:\\\/\\\/elizabethmaymp.ca\\\/fr\\\/an-act-to-amend-the-criminal-code-bill-c-55\\\/#breadcrumb\",\"itemListElement\":[{\"@type\":\"ListItem\",\"position\":1,\"name\":\"Home\",\"item\":\"https:\\\/\\\/elizabethmaymp.ca\\\/fr\\\/\"},{\"@type\":\"ListItem\",\"position\":2,\"name\":\"An Act to amend the Criminal Code (Bill C-55)\"}]},{\"@type\":\"WebSite\",\"@id\":\"https:\\\/\\\/elizabethmaymp.ca\\\/fr\\\/#website\",\"url\":\"https:\\\/\\\/elizabethmaymp.ca\\\/fr\\\/\",\"name\":\"Elizabeth May\",\"description\":\"MP for Saanich and Gulf Islands\",\"publisher\":{\"@id\":\"https:\\\/\\\/elizabethmaymp.ca\\\/fr\\\/#organization\"},\"potentialAction\":[{\"@type\":\"SearchAction\",\"target\":{\"@type\":\"EntryPoint\",\"urlTemplate\":\"https:\\\/\\\/elizabethmaymp.ca\\\/fr\\\/?s={search_term_string}\"},\"query-input\":{\"@type\":\"PropertyValueSpecification\",\"valueRequired\":true,\"valueName\":\"search_term_string\"}}],\"inLanguage\":\"en-US\"},{\"@type\":\"Organization\",\"@id\":\"https:\\\/\\\/elizabethmaymp.ca\\\/fr\\\/#organization\",\"name\":\"Elizabeth May MP\",\"url\":\"https:\\\/\\\/elizabethmaymp.ca\\\/fr\\\/\",\"logo\":{\"@type\":\"ImageObject\",\"inLanguage\":\"en-US\",\"@id\":\"https:\\\/\\\/elizabethmaymp.ca\\\/fr\\\/#\\\/schema\\\/logo\\\/image\\\/\",\"url\":\"https:\\\/\\\/elizabethmaymp.ca\\\/wp-content\\\/uploads\\\/elizabethmay-button.png\",\"contentUrl\":\"https:\\\/\\\/elizabethmaymp.ca\\\/wp-content\\\/uploads\\\/elizabethmay-button.png\",\"width\":1501,\"height\":1501,\"caption\":\"Elizabeth May MP\"},\"image\":{\"@id\":\"https:\\\/\\\/elizabethmaymp.ca\\\/fr\\\/#\\\/schema\\\/logo\\\/image\\\/\"},\"sameAs\":[\"https:\\\/\\\/www.facebook.com\\\/ElizabethMayMP\",\"https:\\\/\\\/x.com\\\/elizabethmay\"]},{\"@type\":\"Person\",\"@id\":\"https:\\\/\\\/elizabethmaymp.ca\\\/#\\\/schema\\\/person\\\/d3f03a762a6bc9b615b1cc303ebf0c1f\",\"name\":\"Craig Cantin\",\"image\":{\"@type\":\"ImageObject\",\"inLanguage\":\"en-US\",\"@id\":\"https:\\\/\\\/secure.gravatar.com\\\/avatar\\\/4c95358098caf4f50815f5fc942d6d14142d8b46ece2b18c21ac1fb7d38545a4?s=96&d=mm&r=g\",\"url\":\"https:\\\/\\\/secure.gravatar.com\\\/avatar\\\/4c95358098caf4f50815f5fc942d6d14142d8b46ece2b18c21ac1fb7d38545a4?s=96&d=mm&r=g\",\"contentUrl\":\"https:\\\/\\\/secure.gravatar.com\\\/avatar\\\/4c95358098caf4f50815f5fc942d6d14142d8b46ece2b18c21ac1fb7d38545a4?s=96&d=mm&r=g\",\"caption\":\"Craig Cantin\"},\"url\":\"https:\\\/\\\/elizabethmaymp.ca\\\/fr\\\/author\\\/craig-c\\\/\"}]}<\/script>\n<!-- \/ Yoast SEO plugin. -->","yoast_head_json":{"title":"Justice et droits de la personne (loi C-55) | Elizabeth May","robots":{"index":"index","follow":"follow","max-snippet":"max-snippet:-1","max-image-preview":"max-image-preview:large","max-video-preview":"max-video-preview:-1"},"canonical":"https:\/\/elizabethmaymp.ca\/fr\/an-act-to-amend-the-criminal-code-bill-c-55\/","og_locale":"en_US","og_type":"article","og_title":"Justice et droits de la personne (loi C-55) | Elizabeth May","og_description":"Elizabeth May : Monsieur le Pr\u00e9sident, j&#8217;aimerais tout d&#8217;abord remercier le d\u00e9put\u00e9 de Thunder Bay\u2014Superior-Nord d&#8217;appuyer ces motions. Comme le savent les d\u00e9put\u00e9s, cette mesure l\u00e9gislative fait suite&hellip;","og_url":"https:\/\/elizabethmaymp.ca\/fr\/an-act-to-amend-the-criminal-code-bill-c-55\/","og_site_name":"Elizabeth May","article_publisher":"https:\/\/www.facebook.com\/ElizabethMayMP","article_published_time":"2013-03-18T15:19:30+00:00","article_modified_time":"2013-03-22T16:51:44+00:00","og_image":[{"width":512,"height":512,"url":"https:\/\/elizabethmaymp.ca\/wp-content\/uploads\/cropped-elizabethmay-button.png","type":"image\/png"}],"author":"Craig Cantin","twitter_card":"summary_large_image","twitter_creator":"@elizabethmay","twitter_site":"@elizabethmay","twitter_misc":{"Written by":"Craig Cantin","Est. reading time":"15 minutes"},"schema":{"@context":"https:\/\/schema.org","@graph":[{"@type":"Article","@id":"https:\/\/elizabethmaymp.ca\/an-act-to-amend-the-criminal-code-bill-c-55\/#article","isPartOf":{"@id":"https:\/\/elizabethmaymp.ca\/an-act-to-amend-the-criminal-code-bill-c-55\/"},"author":{"name":"Craig Cantin","@id":"https:\/\/elizabethmaymp.ca\/#\/schema\/person\/d3f03a762a6bc9b615b1cc303ebf0c1f"},"headline":"Justice et droits de la personne (loi C-55)","datePublished":"2013-03-18T15:19:30+00:00","dateModified":"2013-03-22T16:51:44+00:00","mainEntityOfPage":{"@id":"https:\/\/elizabethmaymp.ca\/an-act-to-amend-the-criminal-code-bill-c-55\/"},"wordCount":3156,"commentCount":1,"publisher":{"@id":"https:\/\/elizabethmaymp.ca\/#organization"},"keywords":["Bill C-30","Bill C-55","La Charte des droits et libert\u00e9s","Internet","Justice","Wiretap","Les jeunes"],"articleSection":["Discours"],"inLanguage":"en-US"},{"@type":"WebPage","@id":"https:\/\/elizabethmaymp.ca\/fr\/an-act-to-amend-the-criminal-code-bill-c-55\/","url":"https:\/\/elizabethmaymp.ca\/fr\/an-act-to-amend-the-criminal-code-bill-c-55\/","name":"An Act to amend the Criminal Code (Bill C-55)Justice et droits de la personne (loi C-55) | Elizabeth May","isPartOf":{"@id":"https:\/\/elizabethmaymp.ca\/fr\/#website"},"datePublished":"2013-03-18T15:19:30+00:00","dateModified":"2013-03-22T16:51:44+00:00","breadcrumb":{"@id":"https:\/\/elizabethmaymp.ca\/fr\/an-act-to-amend-the-criminal-code-bill-c-55\/#breadcrumb"},"inLanguage":"en-US","potentialAction":[{"@type":"ReadAction","target":[["https:\/\/elizabethmaymp.ca\/fr\/an-act-to-amend-the-criminal-code-bill-c-55\/"]]}]},{"@type":"BreadcrumbList","@id":"https:\/\/elizabethmaymp.ca\/fr\/an-act-to-amend-the-criminal-code-bill-c-55\/#breadcrumb","itemListElement":[{"@type":"ListItem","position":1,"name":"Home","item":"https:\/\/elizabethmaymp.ca\/fr\/"},{"@type":"ListItem","position":2,"name":"An Act to amend the Criminal Code (Bill C-55)"}]},{"@type":"WebSite","@id":"https:\/\/elizabethmaymp.ca\/fr\/#website","url":"https:\/\/elizabethmaymp.ca\/fr\/","name":"Elizabeth May","description":"MP for Saanich and Gulf Islands","publisher":{"@id":"https:\/\/elizabethmaymp.ca\/fr\/#organization"},"potentialAction":[{"@type":"SearchAction","target":{"@type":"EntryPoint","urlTemplate":"https:\/\/elizabethmaymp.ca\/fr\/?s={search_term_string}"},"query-input":{"@type":"PropertyValueSpecification","valueRequired":true,"valueName":"search_term_string"}}],"inLanguage":"en-US"},{"@type":"Organization","@id":"https:\/\/elizabethmaymp.ca\/fr\/#organization","name":"Elizabeth May MP","url":"https:\/\/elizabethmaymp.ca\/fr\/","logo":{"@type":"ImageObject","inLanguage":"en-US","@id":"https:\/\/elizabethmaymp.ca\/fr\/#\/schema\/logo\/image\/","url":"https:\/\/elizabethmaymp.ca\/wp-content\/uploads\/elizabethmay-button.png","contentUrl":"https:\/\/elizabethmaymp.ca\/wp-content\/uploads\/elizabethmay-button.png","width":1501,"height":1501,"caption":"Elizabeth May MP"},"image":{"@id":"https:\/\/elizabethmaymp.ca\/fr\/#\/schema\/logo\/image\/"},"sameAs":["https:\/\/www.facebook.com\/ElizabethMayMP","https:\/\/x.com\/elizabethmay"]},{"@type":"Person","@id":"https:\/\/elizabethmaymp.ca\/#\/schema\/person\/d3f03a762a6bc9b615b1cc303ebf0c1f","name":"Craig Cantin","image":{"@type":"ImageObject","inLanguage":"en-US","@id":"https:\/\/secure.gravatar.com\/avatar\/4c95358098caf4f50815f5fc942d6d14142d8b46ece2b18c21ac1fb7d38545a4?s=96&d=mm&r=g","url":"https:\/\/secure.gravatar.com\/avatar\/4c95358098caf4f50815f5fc942d6d14142d8b46ece2b18c21ac1fb7d38545a4?s=96&d=mm&r=g","contentUrl":"https:\/\/secure.gravatar.com\/avatar\/4c95358098caf4f50815f5fc942d6d14142d8b46ece2b18c21ac1fb7d38545a4?s=96&d=mm&r=g","caption":"Craig Cantin"},"url":"https:\/\/elizabethmaymp.ca\/fr\/author\/craig-c\/"}]}},"_links":{"self":[{"href":"https:\/\/elizabethmaymp.ca\/fr\/wp-json\/wp\/v2\/posts\/8975","targetHints":{"allow":["GET"]}}],"collection":[{"href":"https:\/\/elizabethmaymp.ca\/fr\/wp-json\/wp\/v2\/posts"}],"about":[{"href":"https:\/\/elizabethmaymp.ca\/fr\/wp-json\/wp\/v2\/types\/post"}],"author":[{"embeddable":true,"href":"https:\/\/elizabethmaymp.ca\/fr\/wp-json\/wp\/v2\/users\/3"}],"replies":[{"embeddable":true,"href":"https:\/\/elizabethmaymp.ca\/fr\/wp-json\/wp\/v2\/comments?post=8975"}],"version-history":[{"count":4,"href":"https:\/\/elizabethmaymp.ca\/fr\/wp-json\/wp\/v2\/posts\/8975\/revisions"}],"predecessor-version":[{"id":8985,"href":"https:\/\/elizabethmaymp.ca\/fr\/wp-json\/wp\/v2\/posts\/8975\/revisions\/8985"}],"wp:attachment":[{"href":"https:\/\/elizabethmaymp.ca\/fr\/wp-json\/wp\/v2\/media?parent=8975"}],"wp:term":[{"taxonomy":"category","embeddable":true,"href":"https:\/\/elizabethmaymp.ca\/fr\/wp-json\/wp\/v2\/categories?post=8975"},{"taxonomy":"post_tag","embeddable":true,"href":"https:\/\/elizabethmaymp.ca\/fr\/wp-json\/wp\/v2\/tags?post=8975"}],"curies":[{"name":"wp","href":"https:\/\/api.w.org\/{rel}","templated":true}]}}